{"id":4369,"date":"2025-02-13T12:12:57","date_gmt":"2025-02-13T15:12:57","guid":{"rendered":"https:\/\/salmosbiblicos.com.br\/?p=4369"},"modified":"2025-02-13T12:12:57","modified_gmt":"2025-02-13T15:12:57","slug":"que-sua-jornada-de-fe-seja-iluminada","status":"publish","type":"post","link":"http:\/\/salmosbiblicos.com.br\/index.php\/2025\/02\/13\/que-sua-jornada-de-fe-seja-iluminada\/","title":{"rendered":"Que Sua Jornada de F\u00e9 Seja Iluminada"},"content":{"rendered":"\n<p>A vida \u00e9 uma peregrina\u00e7\u00e3o constante. Desde os primeiros passos at\u00e9 os momentos mais desafiadores, o ser humano caminha em busca de sentido, compreens\u00e3o e verdade. O Jesus, com sua sensibilidade pastoral e seu olhar voltado para o divino, sempre recorda que essa jornada de f\u00e9 precisa ser sustentada por dois pilares essenciais: o conhecimento e a Palavra de Deus.<\/p>\n\n\n\n<h4 class=\"wp-block-heading\"><strong>Conhecer para Crer<\/strong><\/h4>\n\n\n\n<p>Muitas vezes, o cora\u00e7\u00e3o deseja ardentemente uma f\u00e9 s\u00f3lida, mas encontra dificuldades para sustent\u00e1-la diante das incertezas da vida. \u00c9 nesse contexto que o conhecimento se torna uma l\u00e2mpada para os p\u00e9s e uma luz para o caminho (Sl 119,105). Conhecer a Deus \u00e9 um ato de amor. O crist\u00e3o que se dedica a estudar as Escrituras, a hist\u00f3ria da Igreja, a vida dos santos e os ensinamentos de Cristo, encontra um solo firme para caminhar.<\/p>\n\n\n\n<p>Jesus sempre enfatiza que a f\u00e9 n\u00e3o \u00e9 um salto no escuro, mas um olhar profundo para a luz. N\u00e3o basta crer por tradi\u00e7\u00e3o ou por costume, \u00e9 preciso mergulhar na Palavra para que a f\u00e9 se torne viva, madura e inabal\u00e1vel. O pr\u00f3prio Jesus disse: \u201cConhecereis a verdade, e a verdade vos libertar\u00e1\u201d (Jo 8,32). Conhecer a Deus \u00e9 libertar-se das amarras da ignor\u00e2ncia espiritual e permitir que o cora\u00e7\u00e3o se expanda na dire\u00e7\u00e3o do infinito.<\/p>\n\n\n\n<h4 class=\"wp-block-heading\"><strong>A Palavra Como Guia e Sustento<\/strong><\/h4>\n\n\n\n<p>Se o conhecimento ilumina a jornada, a Palavra de Deus \u00e9 a b\u00fassola que aponta o caminho. No mundo moderno, onde tantas vozes tentam distrair e confundir, \u00e9 essencial que o crist\u00e3o tenha um referencial seguro. A B\u00edblia n\u00e3o \u00e9 apenas um livro antigo, mas uma carta de amor que Deus escreveu para cada um de Seus filhos.<\/p>\n\n\n\n<p>Quantas vezes a alma encontra-se aflita, perdida, sem saber qual dire\u00e7\u00e3o tomar? Nesses momentos, \u00e9 a Palavra que acalma, que direciona, que renova a esperan\u00e7a. O pr\u00f3prio Cristo, ao ser tentado no deserto, n\u00e3o argumentou com palavras humanas, mas com a Escritura: \u201cNem s\u00f3 de p\u00e3o vive o homem, mas de toda palavra que sai da boca de Deus\u201d (Mt 4,4).<\/p>\n\n\n\n<p>Jesus lembra que a Palavra de Deus n\u00e3o \u00e9 apenas para ser lida, mas para ser vivida. O Evangelho precisa se tornar carne na exist\u00eancia de cada crist\u00e3o, moldando pensamentos, decis\u00f5es e atitudes. Mais do que conhecer os vers\u00edculos, \u00e9 preciso permitir que eles transformem o cora\u00e7\u00e3o.<\/p>\n\n\n\n<h4 class=\"wp-block-heading\"><strong>Uma Jornada de Crescimento e Amor<\/strong><\/h4>\n\n\n\n<p>Ningu\u00e9m nasce sabendo amar plenamente. A f\u00e9 \u00e9 um aprendizado di\u00e1rio, um caminhar progressivo rumo ao cora\u00e7\u00e3o de Deus. Quem busca conhecimento e mergulha na Palavra n\u00e3o apenas fortalece a pr\u00f3pria f\u00e9, mas se torna um canal de b\u00ean\u00e7\u00e3o para os outros. A f\u00e9 que se sustenta apenas na emo\u00e7\u00e3o \u00e9 fr\u00e1gil; mas a f\u00e9 que se alicer\u00e7a no conhecimento e na Palavra torna-se inabal\u00e1vel.<\/p>\n\n\n\n<p>Jesus ensina que n\u00e3o h\u00e1 separa\u00e7\u00e3o entre f\u00e9 e raz\u00e3o. Deus nos deu a capacidade de pensar para que possamos am\u00e1-Lo n\u00e3o apenas com o cora\u00e7\u00e3o, mas com toda nossa intelig\u00eancia. Santa Teresa de \u00c1vila dizia que &#8220;Deus anda entre as panelas&#8221;, ou seja, a espiritualidade verdadeira n\u00e3o est\u00e1 desconectada da vida cotidiana, mas se faz presente em cada detalhe.<\/p>\n\n\n\n<p>A caminhada da f\u00e9 n\u00e3o \u00e9 um destino fixo, mas uma constru\u00e7\u00e3o di\u00e1ria. Cada dia \u00e9 uma nova oportunidade de aprender, crescer e se aproximar de Deus. Que sua jornada seja iluminada pelo conhecimento e pela Palavra, para que sua f\u00e9 n\u00e3o seja apenas um sentimento passageiro, mas um compromisso s\u00f3lido com o Criador.<\/p>\n\n\n\n<p>O convite est\u00e1 feito: mergulhe no estudo, aproxime-se das Escrituras e deixe-se guiar pela luz que vem do alto. Afinal, aquele que busca a Deus com sinceridade nunca caminha na escurid\u00e3o.<\/p>\n\n\n\n<p>Que o Senhor aben\u00e7oe sua jornada e que a sua f\u00e9, alimentada pelo conhecimento e pela Palavra, seja sempre um farol a iluminar os caminhos da vida. \ud83d\ude4f\ud83d\udcd6\u2728<\/p>\n","protected":false},"excerpt":{"rendered":"<p>A vida \u00e9 uma peregrina\u00e7\u00e3o constante. Desde os primeiros passos at\u00e9 os momentos mais desafiadores, o ser humano caminha em busca de sentido, compreens\u00e3o e verdade. O Jesus, com sua sensibilidade pastoral e seu olhar voltado para o divino, sempre recorda que essa jornada de f\u00e9 precisa ser sustentada por dois pilares essenciais: o conhecimento [&hellip;]<\/p>\n","protected":false},"author":2,"featured_media":4358,"comment_status":"open","ping_status":"open","sticky":false,"template":"","format":"standard","meta":{"footnotes":""},"categories":[2],"tags":[],"class_list":["post-4369","post","type-post","status-publish","format-standard","has-post-thumbnail","hentry","category-pensamentos"],"yoast_head":"<!-- This site is optimized with the Yoast SEO plugin v27.2 - https:\/\/yoast.com\/product\/yoast-seo-wordpress\/ -->\n<title>Que Sua Jornada de F\u00e9 Seja Iluminada - Salmos B\u00edblicos<\/title>\n<meta name=\"description\" content=\"Que o Senhor aben\u00e7oe sua jornada e que a sua f\u00e9, alimentada pelo conhecimento e pela Palavra, seja sempre um farol a iluminar os caminhos da vida.\" \/>\n<meta name=\"robots\" content=\"index, follow, max-snippet:-1, max-image-preview:large, max-video-preview:-1\" \/>\n<link rel=\"canonical\" href=\"http:\/\/salmosbiblicos.com.br\/index.php\/2025\/02\/13\/que-sua-jornada-de-fe-seja-iluminada\/\" \/>\n<meta property=\"og:locale\" content=\"pt_BR\" \/>\n<meta property=\"og:type\" content=\"article\" \/>\n<meta property=\"og:title\" content=\"Que Sua Jornada de F\u00e9 Seja Iluminada - Salmos B\u00edblicos\" \/>\n<meta property=\"og:description\" content=\"Que o Senhor aben\u00e7oe sua jornada e que a sua f\u00e9, alimentada pelo conhecimento e pela Palavra, seja sempre um farol a iluminar os caminhos da vida.\" \/>\n<meta property=\"og:url\" content=\"http:\/\/salmosbiblicos.com.br\/index.php\/2025\/02\/13\/que-sua-jornada-de-fe-seja-iluminada\/\" \/>\n<meta property=\"og:site_name\" content=\"Salmos B\u00edblicos\" \/>\n<meta property=\"article:published_time\" content=\"2025-02-13T15:12:57+00:00\" \/>\n<meta name=\"author\" content=\"Irmao\" \/>\n<meta name=\"twitter:card\" content=\"summary_large_image\" \/>\n<meta name=\"twitter:label1\" content=\"Escrito por\" \/>\n\t<meta name=\"twitter:data1\" content=\"Irmao\" \/>\n\t<meta name=\"twitter:label2\" content=\"Est. tempo de leitura\" \/>\n\t<meta name=\"twitter:data2\" content=\"4 minutos\" \/>\n<script type=\"application\/ld+json\" class=\"yoast-schema-graph\">{\"@context\":\"https:\/\/schema.org\",\"@graph\":[{\"@type\":\"Article\",\"@id\":\"http:\/\/salmosbiblicos.com.br\/index.php\/2025\/02\/13\/que-sua-jornada-de-fe-seja-iluminada\/#article\",\"isPartOf\":{\"@id\":\"http:\/\/salmosbiblicos.com.br\/index.php\/2025\/02\/13\/que-sua-jornada-de-fe-seja-iluminada\/\"},\"author\":{\"name\":\"Irmao\",\"@id\":\"https:\/\/salmosbiblicos.com.br\/#\/schema\/person\/760735259ba35f1e44e89c71c72d79da\"},\"headline\":\"Que Sua Jornada de F\u00e9 Seja Iluminada\",\"datePublished\":\"2025-02-13T15:12:57+00:00\",\"mainEntityOfPage\":{\"@id\":\"http:\/\/salmosbiblicos.com.br\/index.php\/2025\/02\/13\/que-sua-jornada-de-fe-seja-iluminada\/\"},\"wordCount\":677,\"commentCount\":0,\"image\":{\"@id\":\"http:\/\/salmosbiblicos.com.br\/index.php\/2025\/02\/13\/que-sua-jornada-de-fe-seja-iluminada\/#primaryimage\"},\"thumbnailUrl\":\"\",\"articleSection\":[\"Pensamentos\"],\"inLanguage\":\"pt-BR\",\"potentialAction\":[{\"@type\":\"CommentAction\",\"name\":\"Comment\",\"target\":[\"http:\/\/salmosbiblicos.com.br\/index.php\/2025\/02\/13\/que-sua-jornada-de-fe-seja-iluminada\/#respond\"]}]},{\"@type\":\"WebPage\",\"@id\":\"http:\/\/salmosbiblicos.com.br\/index.php\/2025\/02\/13\/que-sua-jornada-de-fe-seja-iluminada\/\",\"url\":\"http:\/\/salmosbiblicos.com.br\/index.php\/2025\/02\/13\/que-sua-jornada-de-fe-seja-iluminada\/\",\"name\":\"Que Sua Jornada de F\u00e9 Seja Iluminada - Salmos B\u00edblicos\",\"isPartOf\":{\"@id\":\"https:\/\/salmosbiblicos.com.br\/#website\"},\"primaryImageOfPage\":{\"@id\":\"http:\/\/salmosbiblicos.com.br\/index.php\/2025\/02\/13\/que-sua-jornada-de-fe-seja-iluminada\/#primaryimage\"},\"image\":{\"@id\":\"http:\/\/salmosbiblicos.com.br\/index.php\/2025\/02\/13\/que-sua-jornada-de-fe-seja-iluminada\/#primaryimage\"},\"thumbnailUrl\":\"\",\"datePublished\":\"2025-02-13T15:12:57+00:00\",\"author\":{\"@id\":\"https:\/\/salmosbiblicos.com.br\/#\/schema\/person\/760735259ba35f1e44e89c71c72d79da\"},\"description\":\"Que o Senhor aben\u00e7oe sua jornada e que a sua f\u00e9, alimentada pelo conhecimento e pela Palavra, seja sempre um farol a iluminar os caminhos da vida.\",\"breadcrumb\":{\"@id\":\"http:\/\/salmosbiblicos.com.br\/index.php\/2025\/02\/13\/que-sua-jornada-de-fe-seja-iluminada\/#breadcrumb\"},\"inLanguage\":\"pt-BR\",\"potentialAction\":[{\"@type\":\"ReadAction\",\"target\":[\"http:\/\/salmosbiblicos.com.br\/index.php\/2025\/02\/13\/que-sua-jornada-de-fe-seja-iluminada\/\"]}]},{\"@type\":\"ImageObject\",\"inLanguage\":\"pt-BR\",\"@id\":\"http:\/\/salmosbiblicos.com.br\/index.php\/2025\/02\/13\/que-sua-jornada-de-fe-seja-iluminada\/#primaryimage\",\"url\":\"\",\"contentUrl\":\"\"},{\"@type\":\"BreadcrumbList\",\"@id\":\"http:\/\/salmosbiblicos.com.br\/index.php\/2025\/02\/13\/que-sua-jornada-de-fe-seja-iluminada\/#breadcrumb\",\"itemListElement\":[{\"@type\":\"ListItem\",\"position\":1,\"name\":\"Home\",\"item\":\"https:\/\/salmosbiblicos.com.br\/\"},{\"@type\":\"ListItem\",\"position\":2,\"name\":\"Que Sua Jornada de F\u00e9 Seja Iluminada\"}]},{\"@type\":\"WebSite\",\"@id\":\"https:\/\/salmosbiblicos.com.br\/#website\",\"url\":\"https:\/\/salmosbiblicos.com.br\/\",\"name\":\"Salmos B\u00edblicos\",\"description\":\"Uma e-Livraria com e-Books novos para voc\u00ea refletir.\",\"potentialAction\":[{\"@type\":\"SearchAction\",\"target\":{\"@type\":\"EntryPoint\",\"urlTemplate\":\"https:\/\/salmosbiblicos.com.br\/?s={search_term_string}\"},\"query-input\":{\"@type\":\"PropertyValueSpecification\",\"valueRequired\":true,\"valueName\":\"search_term_string\"}}],\"inLanguage\":\"pt-BR\"},{\"@type\":\"Person\",\"@id\":\"https:\/\/salmosbiblicos.com.br\/#\/schema\/person\/760735259ba35f1e44e89c71c72d79da\",\"name\":\"Irmao\",\"image\":{\"@type\":\"ImageObject\",\"inLanguage\":\"pt-BR\",\"@id\":\"https:\/\/secure.gravatar.com\/avatar\/?s=96&d=mm&r=g\",\"url\":\"https:\/\/secure.gravatar.com\/avatar\/?s=96&d=mm&r=g\",\"contentUrl\":\"https:\/\/secure.gravatar.com\/avatar\/?s=96&d=mm&r=g\",\"caption\":\"Irmao\"},\"url\":\"http:\/\/salmosbiblicos.com.br\/index.php\/author\/irmao\/\"}]}<\/script>\n<!-- \/ Yoast SEO plugin. -->","yoast_head_json":{"title":"Que Sua Jornada de F\u00e9 Seja Iluminada - Salmos B\u00edblicos","description":"Que o Senhor aben\u00e7oe sua jornada e que a sua f\u00e9, alimentada pelo conhecimento e pela Palavra, seja sempre um farol a iluminar os caminhos da vida.","robots":{"index":"index","follow":"follow","max-snippet":"max-snippet:-1","max-image-preview":"max-image-preview:large","max-video-preview":"max-video-preview:-1"},"canonical":"http:\/\/salmosbiblicos.com.br\/index.php\/2025\/02\/13\/que-sua-jornada-de-fe-seja-iluminada\/","og_locale":"pt_BR","og_type":"article","og_title":"Que Sua Jornada de F\u00e9 Seja Iluminada - Salmos B\u00edblicos","og_description":"Que o Senhor aben\u00e7oe sua jornada e que a sua f\u00e9, alimentada pelo conhecimento e pela Palavra, seja sempre um farol a iluminar os caminhos da vida.","og_url":"http:\/\/salmosbiblicos.com.br\/index.php\/2025\/02\/13\/que-sua-jornada-de-fe-seja-iluminada\/","og_site_name":"Salmos B\u00edblicos","article_published_time":"2025-02-13T15:12:57+00:00","author":"Irmao","twitter_card":"summary_large_image","twitter_misc":{"Escrito por":"Irmao","Est. tempo de leitura":"4 minutos"},"schema":{"@context":"https:\/\/schema.org","@graph":[{"@type":"Article","@id":"http:\/\/salmosbiblicos.com.br\/index.php\/2025\/02\/13\/que-sua-jornada-de-fe-seja-iluminada\/#article","isPartOf":{"@id":"http:\/\/salmosbiblicos.com.br\/index.php\/2025\/02\/13\/que-sua-jornada-de-fe-seja-iluminada\/"},"author":{"name":"Irmao","@id":"https:\/\/salmosbiblicos.com.br\/#\/schema\/person\/760735259ba35f1e44e89c71c72d79da"},"headline":"Que Sua Jornada de F\u00e9 Seja Iluminada","datePublished":"2025-02-13T15:12:57+00:00","mainEntityOfPage":{"@id":"http:\/\/salmosbiblicos.com.br\/index.php\/2025\/02\/13\/que-sua-jornada-de-fe-seja-iluminada\/"},"wordCount":677,"commentCount":0,"image":{"@id":"http:\/\/salmosbiblicos.com.br\/index.php\/2025\/02\/13\/que-sua-jornada-de-fe-seja-iluminada\/#primaryimage"},"thumbnailUrl":"","articleSection":["Pensamentos"],"inLanguage":"pt-BR","potentialAction":[{"@type":"CommentAction","name":"Comment","target":["http:\/\/salmosbiblicos.com.br\/index.php\/2025\/02\/13\/que-sua-jornada-de-fe-seja-iluminada\/#respond"]}]},{"@type":"WebPage","@id":"http:\/\/salmosbiblicos.com.br\/index.php\/2025\/02\/13\/que-sua-jornada-de-fe-seja-iluminada\/","url":"http:\/\/salmosbiblicos.com.br\/index.php\/2025\/02\/13\/que-sua-jornada-de-fe-seja-iluminada\/","name":"Que Sua Jornada de F\u00e9 Seja Iluminada - Salmos B\u00edblicos","isPartOf":{"@id":"https:\/\/salmosbiblicos.com.br\/#website"},"primaryImageOfPage":{"@id":"http:\/\/salmosbiblicos.com.br\/index.php\/2025\/02\/13\/que-sua-jornada-de-fe-seja-iluminada\/#primaryimage"},"image":{"@id":"http:\/\/salmosbiblicos.com.br\/index.php\/2025\/02\/13\/que-sua-jornada-de-fe-seja-iluminada\/#primaryimage"},"thumbnailUrl":"","datePublished":"2025-02-13T15:12:57+00:00","author":{"@id":"https:\/\/salmosbiblicos.com.br\/#\/schema\/person\/760735259ba35f1e44e89c71c72d79da"},"description":"Que o Senhor aben\u00e7oe sua jornada e que a sua f\u00e9, alimentada pelo conhecimento e pela Palavra, seja sempre um farol a iluminar os caminhos da vida.","breadcrumb":{"@id":"http:\/\/salmosbiblicos.com.br\/index.php\/2025\/02\/13\/que-sua-jornada-de-fe-seja-iluminada\/#breadcrumb"},"inLanguage":"pt-BR","potentialAction":[{"@type":"ReadAction","target":["http:\/\/salmosbiblicos.com.br\/index.php\/2025\/02\/13\/que-sua-jornada-de-fe-seja-iluminada\/"]}]},{"@type":"ImageObject","inLanguage":"pt-BR","@id":"http:\/\/salmosbiblicos.com.br\/index.php\/2025\/02\/13\/que-sua-jornada-de-fe-seja-iluminada\/#primaryimage","url":"","contentUrl":""},{"@type":"BreadcrumbList","@id":"http:\/\/salmosbiblicos.com.br\/index.php\/2025\/02\/13\/que-sua-jornada-de-fe-seja-iluminada\/#breadcrumb","itemListElement":[{"@type":"ListItem","position":1,"name":"Home","item":"https:\/\/salmosbiblicos.com.br\/"},{"@type":"ListItem","position":2,"name":"Que Sua Jornada de F\u00e9 Seja Iluminada"}]},{"@type":"WebSite","@id":"https:\/\/salmosbiblicos.com.br\/#website","url":"https:\/\/salmosbiblicos.com.br\/","name":"Salmos B\u00edblicos","description":"Uma e-Livraria com e-Books novos para voc\u00ea refletir.","potentialAction":[{"@type":"SearchAction","target":{"@type":"EntryPoint","urlTemplate":"https:\/\/salmosbiblicos.com.br\/?s={search_term_string}"},"query-input":{"@type":"PropertyValueSpecification","valueRequired":true,"valueName":"search_term_string"}}],"inLanguage":"pt-BR"},{"@type":"Person","@id":"https:\/\/salmosbiblicos.com.br\/#\/schema\/person\/760735259ba35f1e44e89c71c72d79da","name":"Irmao","image":{"@type":"ImageObject","inLanguage":"pt-BR","@id":"https:\/\/secure.gravatar.com\/avatar\/?s=96&d=mm&r=g","url":"https:\/\/secure.gravatar.com\/avatar\/?s=96&d=mm&r=g","contentUrl":"https:\/\/secure.gravatar.com\/avatar\/?s=96&d=mm&r=g","caption":"Irmao"},"url":"http:\/\/salmosbiblicos.com.br\/index.php\/author\/irmao\/"}]}},"_links":{"self":[{"href":"http:\/\/salmosbiblicos.com.br\/index.php\/wp-json\/wp\/v2\/posts\/4369","targetHints":{"allow":["GET"]}}],"collection":[{"href":"http:\/\/salmosbiblicos.com.br\/index.php\/wp-json\/wp\/v2\/posts"}],"about":[{"href":"http:\/\/salmosbiblicos.com.br\/index.php\/wp-json\/wp\/v2\/types\/post"}],"author":[{"embeddable":true,"href":"http:\/\/salmosbiblicos.com.br\/index.php\/wp-json\/wp\/v2\/users\/2"}],"replies":[{"embeddable":true,"href":"http:\/\/salmosbiblicos.com.br\/index.php\/wp-json\/wp\/v2\/comments?post=4369"}],"version-history":[{"count":0,"href":"http:\/\/salmosbiblicos.com.br\/index.php\/wp-json\/wp\/v2\/posts\/4369\/revisions"}],"wp:featuredmedia":[{"embeddable":true,"href":"http:\/\/salmosbiblicos.com.br\/index.php\/wp-json\/"}],"wp:attachment":[{"href":"http:\/\/salmosbiblicos.com.br\/index.php\/wp-json\/wp\/v2\/media?parent=4369"}],"wp:term":[{"taxonomy":"category","embeddable":true,"href":"http:\/\/salmosbiblicos.com.br\/index.php\/wp-json\/wp\/v2\/categories?post=4369"},{"taxonomy":"post_tag","embeddable":true,"href":"http:\/\/salmosbiblicos.com.br\/index.php\/wp-json\/wp\/v2\/tags?post=4369"}],"curies":[{"name":"wp","href":"https:\/\/api.w.org\/{rel}","templated":true}]}}