{"id":4373,"date":"2025-02-13T12:23:19","date_gmt":"2025-02-13T15:23:19","guid":{"rendered":"https:\/\/salmosbiblicos.com.br\/?p=4373"},"modified":"2025-02-13T12:23:19","modified_gmt":"2025-02-13T15:23:19","slug":"fe-a-luz-que-nao-se-apaga","status":"publish","type":"post","link":"http:\/\/salmosbiblicos.com.br\/index.php\/2025\/02\/13\/fe-a-luz-que-nao-se-apaga\/","title":{"rendered":"F\u00e9: A Luz Que N\u00e3o Se Apaga"},"content":{"rendered":"\n<p>Nos ventos fortes da incerteza,<br>Quando a alma teme e quer parar,<br>A f\u00e9 ressurge como chama acesa,<br>Um raio de sol a iluminar.<\/p>\n\n\n\n<p>Ela n\u00e3o v\u00ea, mas sabe o caminho,<br>N\u00e3o toca, mas sente a dire\u00e7\u00e3o.<br>\u00c9 como o abra\u00e7o de um Deus t\u00e3o divino,<br>Que envolve e acalma o cora\u00e7\u00e3o.<\/p>\n\n\n\n<p>Nos dias de luta, ela \u00e9 fortaleza,<br>Nos dias de dor, \u00e9 consolo e paz.<br>Quando o mundo \u00e9 sombra e frieza,<br>\u00c9 luz que brilha e jamais se desfaz.<\/p>\n\n\n\n<p>N\u00e3o se abala com a tempestade,<br>Nem se desfaz na tribula\u00e7\u00e3o.<br>A f\u00e9 \u00e9 ponte para a eternidade,<br>\u00c9 \u00e2ncora firme em meio ao turbilh\u00e3o.<\/p>\n\n\n\n<p>Se a estrada for escura e estreita,<br>Se o medo insistir em ficar,<br>Lembre-se: a f\u00e9 \u00e9 sempre perfeita,<br>Pois Deus caminha a te guiar.<\/p>\n\n\n\n<p>Ent\u00e3o, n\u00e3o temas, apenas confia,<br>Deus nunca falha, Ele \u00e9 fiel.<br>A f\u00e9 \u00e9 a voz que te desafia<br>A ver o mundo com olhos do c\u00e9u.<\/p>\n","protected":false},"excerpt":{"rendered":"<p>Nos ventos fortes da incerteza,Quando a alma teme e quer parar,A f\u00e9 ressurge como chama acesa,Um raio de sol a iluminar. Ela n\u00e3o v\u00ea, mas sabe o caminho,N\u00e3o toca, mas sente a dire\u00e7\u00e3o.\u00c9 como o abra\u00e7o de um Deus t\u00e3o divino,Que envolve e acalma o cora\u00e7\u00e3o. Nos dias de luta, ela \u00e9 fortaleza,Nos dias de [&hellip;]<\/p>\n","protected":false},"author":2,"featured_media":0,"comment_status":"closed","ping_status":"open","sticky":false,"template":"","format":"standard","meta":{"footnotes":""},"categories":[3],"tags":[],"class_list":["post-4373","post","type-post","status-publish","format-standard","hentry","category-poesias"],"yoast_head":"<!-- This site is optimized with the Yoast SEO plugin v27.2 - https:\/\/yoast.com\/product\/yoast-seo-wordpress\/ -->\n<title>F\u00e9: A Luz Que N\u00e3o Se Apaga - Salmos B\u00edblicos<\/title>\n<meta name=\"description\" content=\"Poesia linda sobre a nossa f\u00e9. Nossa vida, nossa forma de viver.\" \/>\n<meta name=\"robots\" content=\"index, follow, max-snippet:-1, max-image-preview:large, max-video-preview:-1\" \/>\n<link rel=\"canonical\" href=\"http:\/\/salmosbiblicos.com.br\/index.php\/2025\/02\/13\/fe-a-luz-que-nao-se-apaga\/\" \/>\n<meta property=\"og:locale\" content=\"pt_BR\" \/>\n<meta property=\"og:type\" content=\"article\" \/>\n<meta property=\"og:title\" content=\"F\u00e9: A Luz Que N\u00e3o Se Apaga - Salmos B\u00edblicos\" \/>\n<meta property=\"og:description\" content=\"Poesia linda sobre a nossa f\u00e9. Nossa vida, nossa forma de viver.\" \/>\n<meta property=\"og:url\" content=\"http:\/\/salmosbiblicos.com.br\/index.php\/2025\/02\/13\/fe-a-luz-que-nao-se-apaga\/\" \/>\n<meta property=\"og:site_name\" content=\"Salmos B\u00edblicos\" \/>\n<meta property=\"article:published_time\" content=\"2025-02-13T15:23:19+00:00\" \/>\n<meta name=\"author\" content=\"Irmao\" \/>\n<meta name=\"twitter:card\" content=\"summary_large_image\" \/>\n<meta name=\"twitter:label1\" content=\"Escrito por\" \/>\n\t<meta name=\"twitter:data1\" content=\"Irmao\" \/>\n\t<meta name=\"twitter:label2\" content=\"Est. tempo de leitura\" \/>\n\t<meta name=\"twitter:data2\" content=\"1 minuto\" \/>\n<script type=\"application\/ld+json\" class=\"yoast-schema-graph\">{\"@context\":\"https:\/\/schema.org\",\"@graph\":[{\"@type\":\"Article\",\"@id\":\"http:\/\/salmosbiblicos.com.br\/index.php\/2025\/02\/13\/fe-a-luz-que-nao-se-apaga\/#article\",\"isPartOf\":{\"@id\":\"http:\/\/salmosbiblicos.com.br\/index.php\/2025\/02\/13\/fe-a-luz-que-nao-se-apaga\/\"},\"author\":{\"name\":\"Irmao\",\"@id\":\"https:\/\/salmosbiblicos.com.br\/#\/schema\/person\/760735259ba35f1e44e89c71c72d79da\"},\"headline\":\"F\u00e9: A Luz Que N\u00e3o Se Apaga\",\"datePublished\":\"2025-02-13T15:23:19+00:00\",\"mainEntityOfPage\":{\"@id\":\"http:\/\/salmosbiblicos.com.br\/index.php\/2025\/02\/13\/fe-a-luz-que-nao-se-apaga\/\"},\"wordCount\":168,\"articleSection\":[\"Poesias\"],\"inLanguage\":\"pt-BR\"},{\"@type\":\"WebPage\",\"@id\":\"http:\/\/salmosbiblicos.com.br\/index.php\/2025\/02\/13\/fe-a-luz-que-nao-se-apaga\/\",\"url\":\"http:\/\/salmosbiblicos.com.br\/index.php\/2025\/02\/13\/fe-a-luz-que-nao-se-apaga\/\",\"name\":\"F\u00e9: A Luz Que N\u00e3o Se Apaga - Salmos B\u00edblicos\",\"isPartOf\":{\"@id\":\"https:\/\/salmosbiblicos.com.br\/#website\"},\"datePublished\":\"2025-02-13T15:23:19+00:00\",\"author\":{\"@id\":\"https:\/\/salmosbiblicos.com.br\/#\/schema\/person\/760735259ba35f1e44e89c71c72d79da\"},\"description\":\"Poesia linda sobre a nossa f\u00e9. Nossa vida, nossa forma de viver.\",\"breadcrumb\":{\"@id\":\"http:\/\/salmosbiblicos.com.br\/index.php\/2025\/02\/13\/fe-a-luz-que-nao-se-apaga\/#breadcrumb\"},\"inLanguage\":\"pt-BR\",\"potentialAction\":[{\"@type\":\"ReadAction\",\"target\":[\"http:\/\/salmosbiblicos.com.br\/index.php\/2025\/02\/13\/fe-a-luz-que-nao-se-apaga\/\"]}]},{\"@type\":\"BreadcrumbList\",\"@id\":\"http:\/\/salmosbiblicos.com.br\/index.php\/2025\/02\/13\/fe-a-luz-que-nao-se-apaga\/#breadcrumb\",\"itemListElement\":[{\"@type\":\"ListItem\",\"position\":1,\"name\":\"Home\",\"item\":\"https:\/\/salmosbiblicos.com.br\/\"},{\"@type\":\"ListItem\",\"position\":2,\"name\":\"F\u00e9: A Luz Que N\u00e3o Se Apaga\"}]},{\"@type\":\"WebSite\",\"@id\":\"https:\/\/salmosbiblicos.com.br\/#website\",\"url\":\"https:\/\/salmosbiblicos.com.br\/\",\"name\":\"Salmos B\u00edblicos\",\"description\":\"Uma e-Livraria com e-Books novos para voc\u00ea refletir.\",\"potentialAction\":[{\"@type\":\"SearchAction\",\"target\":{\"@type\":\"EntryPoint\",\"urlTemplate\":\"https:\/\/salmosbiblicos.com.br\/?s={search_term_string}\"},\"query-input\":{\"@type\":\"PropertyValueSpecification\",\"valueRequired\":true,\"valueName\":\"search_term_string\"}}],\"inLanguage\":\"pt-BR\"},{\"@type\":\"Person\",\"@id\":\"https:\/\/salmosbiblicos.com.br\/#\/schema\/person\/760735259ba35f1e44e89c71c72d79da\",\"name\":\"Irmao\",\"image\":{\"@type\":\"ImageObject\",\"inLanguage\":\"pt-BR\",\"@id\":\"https:\/\/secure.gravatar.com\/avatar\/?s=96&d=mm&r=g\",\"url\":\"https:\/\/secure.gravatar.com\/avatar\/?s=96&d=mm&r=g\",\"contentUrl\":\"https:\/\/secure.gravatar.com\/avatar\/?s=96&d=mm&r=g\",\"caption\":\"Irmao\"},\"url\":\"http:\/\/salmosbiblicos.com.br\/index.php\/author\/irmao\/\"}]}<\/script>\n<!-- \/ Yoast SEO plugin. -->","yoast_head_json":{"title":"F\u00e9: A Luz Que N\u00e3o Se Apaga - Salmos B\u00edblicos","description":"Poesia linda sobre a nossa f\u00e9. Nossa vida, nossa forma de viver.","robots":{"index":"index","follow":"follow","max-snippet":"max-snippet:-1","max-image-preview":"max-image-preview:large","max-video-preview":"max-video-preview:-1"},"canonical":"http:\/\/salmosbiblicos.com.br\/index.php\/2025\/02\/13\/fe-a-luz-que-nao-se-apaga\/","og_locale":"pt_BR","og_type":"article","og_title":"F\u00e9: A Luz Que N\u00e3o Se Apaga - Salmos B\u00edblicos","og_description":"Poesia linda sobre a nossa f\u00e9. Nossa vida, nossa forma de viver.","og_url":"http:\/\/salmosbiblicos.com.br\/index.php\/2025\/02\/13\/fe-a-luz-que-nao-se-apaga\/","og_site_name":"Salmos B\u00edblicos","article_published_time":"2025-02-13T15:23:19+00:00","author":"Irmao","twitter_card":"summary_large_image","twitter_misc":{"Escrito por":"Irmao","Est. tempo de leitura":"1 minuto"},"schema":{"@context":"https:\/\/schema.org","@graph":[{"@type":"Article","@id":"http:\/\/salmosbiblicos.com.br\/index.php\/2025\/02\/13\/fe-a-luz-que-nao-se-apaga\/#article","isPartOf":{"@id":"http:\/\/salmosbiblicos.com.br\/index.php\/2025\/02\/13\/fe-a-luz-que-nao-se-apaga\/"},"author":{"name":"Irmao","@id":"https:\/\/salmosbiblicos.com.br\/#\/schema\/person\/760735259ba35f1e44e89c71c72d79da"},"headline":"F\u00e9: A Luz Que N\u00e3o Se Apaga","datePublished":"2025-02-13T15:23:19+00:00","mainEntityOfPage":{"@id":"http:\/\/salmosbiblicos.com.br\/index.php\/2025\/02\/13\/fe-a-luz-que-nao-se-apaga\/"},"wordCount":168,"articleSection":["Poesias"],"inLanguage":"pt-BR"},{"@type":"WebPage","@id":"http:\/\/salmosbiblicos.com.br\/index.php\/2025\/02\/13\/fe-a-luz-que-nao-se-apaga\/","url":"http:\/\/salmosbiblicos.com.br\/index.php\/2025\/02\/13\/fe-a-luz-que-nao-se-apaga\/","name":"F\u00e9: A Luz Que N\u00e3o Se Apaga - Salmos B\u00edblicos","isPartOf":{"@id":"https:\/\/salmosbiblicos.com.br\/#website"},"datePublished":"2025-02-13T15:23:19+00:00","author":{"@id":"https:\/\/salmosbiblicos.com.br\/#\/schema\/person\/760735259ba35f1e44e89c71c72d79da"},"description":"Poesia linda sobre a nossa f\u00e9. Nossa vida, nossa forma de viver.","breadcrumb":{"@id":"http:\/\/salmosbiblicos.com.br\/index.php\/2025\/02\/13\/fe-a-luz-que-nao-se-apaga\/#breadcrumb"},"inLanguage":"pt-BR","potentialAction":[{"@type":"ReadAction","target":["http:\/\/salmosbiblicos.com.br\/index.php\/2025\/02\/13\/fe-a-luz-que-nao-se-apaga\/"]}]},{"@type":"BreadcrumbList","@id":"http:\/\/salmosbiblicos.com.br\/index.php\/2025\/02\/13\/fe-a-luz-que-nao-se-apaga\/#breadcrumb","itemListElement":[{"@type":"ListItem","position":1,"name":"Home","item":"https:\/\/salmosbiblicos.com.br\/"},{"@type":"ListItem","position":2,"name":"F\u00e9: A Luz Que N\u00e3o Se Apaga"}]},{"@type":"WebSite","@id":"https:\/\/salmosbiblicos.com.br\/#website","url":"https:\/\/salmosbiblicos.com.br\/","name":"Salmos B\u00edblicos","description":"Uma e-Livraria com e-Books novos para voc\u00ea refletir.","potentialAction":[{"@type":"SearchAction","target":{"@type":"EntryPoint","urlTemplate":"https:\/\/salmosbiblicos.com.br\/?s={search_term_string}"},"query-input":{"@type":"PropertyValueSpecification","valueRequired":true,"valueName":"search_term_string"}}],"inLanguage":"pt-BR"},{"@type":"Person","@id":"https:\/\/salmosbiblicos.com.br\/#\/schema\/person\/760735259ba35f1e44e89c71c72d79da","name":"Irmao","image":{"@type":"ImageObject","inLanguage":"pt-BR","@id":"https:\/\/secure.gravatar.com\/avatar\/?s=96&d=mm&r=g","url":"https:\/\/secure.gravatar.com\/avatar\/?s=96&d=mm&r=g","contentUrl":"https:\/\/secure.gravatar.com\/avatar\/?s=96&d=mm&r=g","caption":"Irmao"},"url":"http:\/\/salmosbiblicos.com.br\/index.php\/author\/irmao\/"}]}},"_links":{"self":[{"href":"http:\/\/salmosbiblicos.com.br\/index.php\/wp-json\/wp\/v2\/posts\/4373","targetHints":{"allow":["GET"]}}],"collection":[{"href":"http:\/\/salmosbiblicos.com.br\/index.php\/wp-json\/wp\/v2\/posts"}],"about":[{"href":"http:\/\/salmosbiblicos.com.br\/index.php\/wp-json\/wp\/v2\/types\/post"}],"author":[{"embeddable":true,"href":"http:\/\/salmosbiblicos.com.br\/index.php\/wp-json\/wp\/v2\/users\/2"}],"replies":[{"embeddable":true,"href":"http:\/\/salmosbiblicos.com.br\/index.php\/wp-json\/wp\/v2\/comments?post=4373"}],"version-history":[{"count":0,"href":"http:\/\/salmosbiblicos.com.br\/index.php\/wp-json\/wp\/v2\/posts\/4373\/revisions"}],"wp:attachment":[{"href":"http:\/\/salmosbiblicos.com.br\/index.php\/wp-json\/wp\/v2\/media?parent=4373"}],"wp:term":[{"taxonomy":"category","embeddable":true,"href":"http:\/\/salmosbiblicos.com.br\/index.php\/wp-json\/wp\/v2\/categories?post=4373"},{"taxonomy":"post_tag","embeddable":true,"href":"http:\/\/salmosbiblicos.com.br\/index.php\/wp-json\/wp\/v2\/tags?post=4373"}],"curies":[{"name":"wp","href":"https:\/\/api.w.org\/{rel}","templated":true}]}}