{"id":4481,"date":"2025-04-30T02:29:45","date_gmt":"2025-04-30T05:29:45","guid":{"rendered":"https:\/\/salmosbiblicos.com.br\/?p=4481"},"modified":"2025-04-30T02:29:45","modified_gmt":"2025-04-30T05:29:45","slug":"reflexoes-e-renovacao-vivendo-o-significado-da-sexta-feira-santa","status":"publish","type":"post","link":"http:\/\/salmosbiblicos.com.br\/index.php\/2025\/04\/30\/reflexoes-e-renovacao-vivendo-o-significado-da-sexta-feira-santa\/","title":{"rendered":"Reflex\u00f5es e renova\u00e7\u00e3o: vivendo o significado da Sexta-feira Santa"},"content":{"rendered":"<p>No calend\u00e1rio religioso Cat\u00f3lico, uma das datas mais significativas \u00e9 a Sexta-feira Santa. Este dia marca a crucifica\u00e7\u00e3o de Jesus Cristo e \u00e9 celebrado anualmente durante a Semana Santa, que culmina na P\u00e1scoa.<\/p>\n<p>A origem da Sexta-feira Santa remonta ao relato b\u00edblico da Paix\u00e3o de Cristo, onde Jesus foi tra\u00eddo, julgado, condenado \u00e0 crucifica\u00e7\u00e3o e finalmente morreu na cruz. \u00c9 um momento de profunda reflex\u00e3o e medita\u00e7\u00e3o sobre o sacrif\u00edcio supremo de Cristo para a reden\u00e7\u00e3o da humanidade.<\/p>\n<p>O simbolismo da Sexta-feira Santa vai al\u00e9m da morte de Jesus na cruz. \u00c9 um lembrete do amor incondicional de Deus por n\u00f3s, expresso atrav\u00e9s do sacrif\u00edcio de seu \u00fanico filho. \u00c9 tamb\u00e9m um convite para refletirmos sobre nossas pr\u00f3prias vidas, nossas escolhas e a forma como vivemos nossa f\u00e9 no dia a dia.<\/p>\n<p>Neste momento em que vivemos, cercados por tantos desafios e incertezas, a Sexta-feira Santa nos convida a olhar para a cruz de Cristo e encontrar nele a esperan\u00e7a e a for\u00e7a para seguir em frente. Diante das dificuldades que enfrentamos, podemos nos inspirar no exemplo de Jesus, que enfrentou a morte com coragem e confian\u00e7a no plano de Deus.<\/p>\n<p>Como reflex\u00e3o para este momento, sugiro que reservemos um tempo para meditar sobre o significado da Sexta-feira Santa em nossas vidas. Que possamos nos conectar com o sacrif\u00edcio de Cristo e renovar nossa f\u00e9 e nossa confian\u00e7a em Deus. Que possamos tamb\u00e9m refletir sobre o que podemos fazer para seguir os ensinamentos de Jesus e viver de acordo com sua mensagem de amor, perd\u00e3o e compaix\u00e3o.<\/p>\n<p>Que a Sexta-feira Santa seja para cada um de n\u00f3s um momento de renova\u00e7\u00e3o espiritual, de perd\u00e3o e de reconcilia\u00e7\u00e3o. Que possamos nos abrir para a gra\u00e7a de Deus e permitir que o sacrif\u00edcio de Cristo nos transforme e nos guie em nosso caminho de f\u00e9.<\/p>\n<p>Que possamos viver a Sexta-feira Santa com o cora\u00e7\u00e3o aberto e a mente atenta, prontos para receber as b\u00ean\u00e7\u00e3os e a sabedoria que esta data t\u00e3o especial nos oferece. Que possamos nos lembrar do amor de Deus manifestado em Cristo e encontrar nele a luz que ilumina nosso caminho.<\/p>\n<p>Que a Sexta-feira Santa seja para todos n\u00f3s um momento de profunda espiritualidade e renova\u00e7\u00e3o, e que possamos viver cada dia de nossas vidas com a mesma coragem, f\u00e9 e amor que Jesus demonstrou na cruz. Am\u00e9m.<\/p>\n","protected":false},"excerpt":{"rendered":"<p>No calend\u00e1rio religioso Cat\u00f3lico, uma das datas mais significativas \u00e9 a Sexta-feira Santa. Este dia marca a crucifica\u00e7\u00e3o de Jesus Cristo e \u00e9 celebrado anualmente durante a Semana Santa, que culmina na P\u00e1scoa. A origem da Sexta-feira Santa remonta ao relato b\u00edblico da Paix\u00e3o de Cristo, onde Jesus foi tra\u00eddo, julgado, condenado \u00e0 crucifica\u00e7\u00e3o e [&hellip;]<\/p>\n","protected":false},"author":2,"featured_media":0,"comment_status":"closed","ping_status":"open","sticky":false,"template":"","format":"standard","meta":{"footnotes":""},"categories":[9],"tags":[],"class_list":["post-4481","post","type-post","status-publish","format-standard","hentry","category-data-religiosa"],"yoast_head":"<!-- This site is optimized with the Yoast SEO plugin v27.2 - https:\/\/yoast.com\/product\/yoast-seo-wordpress\/ -->\n<title>Reflex\u00f5es e renova\u00e7\u00e3o: vivendo o significado da Sexta-feira Santa - Salmos B\u00edblicos<\/title>\n<meta name=\"robots\" content=\"index, follow, max-snippet:-1, max-image-preview:large, max-video-preview:-1\" \/>\n<link rel=\"canonical\" href=\"https:\/\/salmosbiblicos.com.br\/index.php\/2025\/04\/30\/reflexoes-e-renovacao-vivendo-o-significado-da-sexta-feira-santa\/\" \/>\n<meta property=\"og:locale\" content=\"pt_BR\" \/>\n<meta property=\"og:type\" content=\"article\" \/>\n<meta property=\"og:title\" content=\"Reflex\u00f5es e renova\u00e7\u00e3o: vivendo o significado da Sexta-feira Santa - Salmos B\u00edblicos\" \/>\n<meta property=\"og:description\" content=\"No calend\u00e1rio religioso Cat\u00f3lico, uma das datas mais significativas \u00e9 a Sexta-feira Santa. Este dia marca a crucifica\u00e7\u00e3o de Jesus Cristo e \u00e9 celebrado anualmente durante a Semana Santa, que culmina na P\u00e1scoa. A origem da Sexta-feira Santa remonta ao relato b\u00edblico da Paix\u00e3o de Cristo, onde Jesus foi tra\u00eddo, julgado, condenado \u00e0 crucifica\u00e7\u00e3o e [&hellip;]\" \/>\n<meta property=\"og:url\" content=\"https:\/\/salmosbiblicos.com.br\/index.php\/2025\/04\/30\/reflexoes-e-renovacao-vivendo-o-significado-da-sexta-feira-santa\/\" \/>\n<meta property=\"og:site_name\" content=\"Salmos B\u00edblicos\" \/>\n<meta property=\"article:published_time\" content=\"2025-04-30T05:29:45+00:00\" \/>\n<meta name=\"author\" content=\"Irmao\" \/>\n<meta name=\"twitter:card\" content=\"summary_large_image\" \/>\n<meta name=\"twitter:label1\" content=\"Escrito por\" \/>\n\t<meta name=\"twitter:data1\" content=\"Irmao\" \/>\n\t<meta name=\"twitter:label2\" content=\"Est. tempo de leitura\" \/>\n\t<meta name=\"twitter:data2\" content=\"2 minutos\" \/>\n<script type=\"application\/ld+json\" class=\"yoast-schema-graph\">{\"@context\":\"https:\/\/schema.org\",\"@graph\":[{\"@type\":\"Article\",\"@id\":\"https:\/\/salmosbiblicos.com.br\/index.php\/2025\/04\/30\/reflexoes-e-renovacao-vivendo-o-significado-da-sexta-feira-santa\/#article\",\"isPartOf\":{\"@id\":\"https:\/\/salmosbiblicos.com.br\/index.php\/2025\/04\/30\/reflexoes-e-renovacao-vivendo-o-significado-da-sexta-feira-santa\/\"},\"author\":{\"name\":\"Irmao\",\"@id\":\"https:\/\/salmosbiblicos.com.br\/#\/schema\/person\/760735259ba35f1e44e89c71c72d79da\"},\"headline\":\"Reflex\u00f5es e renova\u00e7\u00e3o: vivendo o significado da Sexta-feira Santa\",\"datePublished\":\"2025-04-30T05:29:45+00:00\",\"mainEntityOfPage\":{\"@id\":\"https:\/\/salmosbiblicos.com.br\/index.php\/2025\/04\/30\/reflexoes-e-renovacao-vivendo-o-significado-da-sexta-feira-santa\/\"},\"wordCount\":434,\"articleSection\":[\"Data Religiosa\"],\"inLanguage\":\"pt-BR\"},{\"@type\":\"WebPage\",\"@id\":\"https:\/\/salmosbiblicos.com.br\/index.php\/2025\/04\/30\/reflexoes-e-renovacao-vivendo-o-significado-da-sexta-feira-santa\/\",\"url\":\"https:\/\/salmosbiblicos.com.br\/index.php\/2025\/04\/30\/reflexoes-e-renovacao-vivendo-o-significado-da-sexta-feira-santa\/\",\"name\":\"Reflex\u00f5es e renova\u00e7\u00e3o: vivendo o significado da Sexta-feira Santa - Salmos B\u00edblicos\",\"isPartOf\":{\"@id\":\"https:\/\/salmosbiblicos.com.br\/#website\"},\"datePublished\":\"2025-04-30T05:29:45+00:00\",\"author\":{\"@id\":\"https:\/\/salmosbiblicos.com.br\/#\/schema\/person\/760735259ba35f1e44e89c71c72d79da\"},\"breadcrumb\":{\"@id\":\"https:\/\/salmosbiblicos.com.br\/index.php\/2025\/04\/30\/reflexoes-e-renovacao-vivendo-o-significado-da-sexta-feira-santa\/#breadcrumb\"},\"inLanguage\":\"pt-BR\",\"potentialAction\":[{\"@type\":\"ReadAction\",\"target\":[\"https:\/\/salmosbiblicos.com.br\/index.php\/2025\/04\/30\/reflexoes-e-renovacao-vivendo-o-significado-da-sexta-feira-santa\/\"]}]},{\"@type\":\"BreadcrumbList\",\"@id\":\"https:\/\/salmosbiblicos.com.br\/index.php\/2025\/04\/30\/reflexoes-e-renovacao-vivendo-o-significado-da-sexta-feira-santa\/#breadcrumb\",\"itemListElement\":[{\"@type\":\"ListItem\",\"position\":1,\"name\":\"Home\",\"item\":\"https:\/\/salmosbiblicos.com.br\/\"},{\"@type\":\"ListItem\",\"position\":2,\"name\":\"Reflex\u00f5es e renova\u00e7\u00e3o: vivendo o significado da Sexta-feira Santa\"}]},{\"@type\":\"WebSite\",\"@id\":\"https:\/\/salmosbiblicos.com.br\/#website\",\"url\":\"https:\/\/salmosbiblicos.com.br\/\",\"name\":\"Salmos B\u00edblicos\",\"description\":\"Uma e-Livraria com e-Books novos para voc\u00ea refletir.\",\"potentialAction\":[{\"@type\":\"SearchAction\",\"target\":{\"@type\":\"EntryPoint\",\"urlTemplate\":\"https:\/\/salmosbiblicos.com.br\/?s={search_term_string}\"},\"query-input\":{\"@type\":\"PropertyValueSpecification\",\"valueRequired\":true,\"valueName\":\"search_term_string\"}}],\"inLanguage\":\"pt-BR\"},{\"@type\":\"Person\",\"@id\":\"https:\/\/salmosbiblicos.com.br\/#\/schema\/person\/760735259ba35f1e44e89c71c72d79da\",\"name\":\"Irmao\",\"image\":{\"@type\":\"ImageObject\",\"inLanguage\":\"pt-BR\",\"@id\":\"https:\/\/secure.gravatar.com\/avatar\/?s=96&d=mm&r=g\",\"url\":\"https:\/\/secure.gravatar.com\/avatar\/?s=96&d=mm&r=g\",\"contentUrl\":\"https:\/\/secure.gravatar.com\/avatar\/?s=96&d=mm&r=g\",\"caption\":\"Irmao\"},\"url\":\"http:\/\/salmosbiblicos.com.br\/index.php\/author\/irmao\/\"}]}<\/script>\n<!-- \/ Yoast SEO plugin. -->","yoast_head_json":{"title":"Reflex\u00f5es e renova\u00e7\u00e3o: vivendo o significado da Sexta-feira Santa - Salmos B\u00edblicos","robots":{"index":"index","follow":"follow","max-snippet":"max-snippet:-1","max-image-preview":"max-image-preview:large","max-video-preview":"max-video-preview:-1"},"canonical":"https:\/\/salmosbiblicos.com.br\/index.php\/2025\/04\/30\/reflexoes-e-renovacao-vivendo-o-significado-da-sexta-feira-santa\/","og_locale":"pt_BR","og_type":"article","og_title":"Reflex\u00f5es e renova\u00e7\u00e3o: vivendo o significado da Sexta-feira Santa - Salmos B\u00edblicos","og_description":"No calend\u00e1rio religioso Cat\u00f3lico, uma das datas mais significativas \u00e9 a Sexta-feira Santa. Este dia marca a crucifica\u00e7\u00e3o de Jesus Cristo e \u00e9 celebrado anualmente durante a Semana Santa, que culmina na P\u00e1scoa. A origem da Sexta-feira Santa remonta ao relato b\u00edblico da Paix\u00e3o de Cristo, onde Jesus foi tra\u00eddo, julgado, condenado \u00e0 crucifica\u00e7\u00e3o e [&hellip;]","og_url":"https:\/\/salmosbiblicos.com.br\/index.php\/2025\/04\/30\/reflexoes-e-renovacao-vivendo-o-significado-da-sexta-feira-santa\/","og_site_name":"Salmos B\u00edblicos","article_published_time":"2025-04-30T05:29:45+00:00","author":"Irmao","twitter_card":"summary_large_image","twitter_misc":{"Escrito por":"Irmao","Est. tempo de leitura":"2 minutos"},"schema":{"@context":"https:\/\/schema.org","@graph":[{"@type":"Article","@id":"https:\/\/salmosbiblicos.com.br\/index.php\/2025\/04\/30\/reflexoes-e-renovacao-vivendo-o-significado-da-sexta-feira-santa\/#article","isPartOf":{"@id":"https:\/\/salmosbiblicos.com.br\/index.php\/2025\/04\/30\/reflexoes-e-renovacao-vivendo-o-significado-da-sexta-feira-santa\/"},"author":{"name":"Irmao","@id":"https:\/\/salmosbiblicos.com.br\/#\/schema\/person\/760735259ba35f1e44e89c71c72d79da"},"headline":"Reflex\u00f5es e renova\u00e7\u00e3o: vivendo o significado da Sexta-feira Santa","datePublished":"2025-04-30T05:29:45+00:00","mainEntityOfPage":{"@id":"https:\/\/salmosbiblicos.com.br\/index.php\/2025\/04\/30\/reflexoes-e-renovacao-vivendo-o-significado-da-sexta-feira-santa\/"},"wordCount":434,"articleSection":["Data Religiosa"],"inLanguage":"pt-BR"},{"@type":"WebPage","@id":"https:\/\/salmosbiblicos.com.br\/index.php\/2025\/04\/30\/reflexoes-e-renovacao-vivendo-o-significado-da-sexta-feira-santa\/","url":"https:\/\/salmosbiblicos.com.br\/index.php\/2025\/04\/30\/reflexoes-e-renovacao-vivendo-o-significado-da-sexta-feira-santa\/","name":"Reflex\u00f5es e renova\u00e7\u00e3o: vivendo o significado da Sexta-feira Santa - Salmos B\u00edblicos","isPartOf":{"@id":"https:\/\/salmosbiblicos.com.br\/#website"},"datePublished":"2025-04-30T05:29:45+00:00","author":{"@id":"https:\/\/salmosbiblicos.com.br\/#\/schema\/person\/760735259ba35f1e44e89c71c72d79da"},"breadcrumb":{"@id":"https:\/\/salmosbiblicos.com.br\/index.php\/2025\/04\/30\/reflexoes-e-renovacao-vivendo-o-significado-da-sexta-feira-santa\/#breadcrumb"},"inLanguage":"pt-BR","potentialAction":[{"@type":"ReadAction","target":["https:\/\/salmosbiblicos.com.br\/index.php\/2025\/04\/30\/reflexoes-e-renovacao-vivendo-o-significado-da-sexta-feira-santa\/"]}]},{"@type":"BreadcrumbList","@id":"https:\/\/salmosbiblicos.com.br\/index.php\/2025\/04\/30\/reflexoes-e-renovacao-vivendo-o-significado-da-sexta-feira-santa\/#breadcrumb","itemListElement":[{"@type":"ListItem","position":1,"name":"Home","item":"https:\/\/salmosbiblicos.com.br\/"},{"@type":"ListItem","position":2,"name":"Reflex\u00f5es e renova\u00e7\u00e3o: vivendo o significado da Sexta-feira Santa"}]},{"@type":"WebSite","@id":"https:\/\/salmosbiblicos.com.br\/#website","url":"https:\/\/salmosbiblicos.com.br\/","name":"Salmos B\u00edblicos","description":"Uma e-Livraria com e-Books novos para voc\u00ea refletir.","potentialAction":[{"@type":"SearchAction","target":{"@type":"EntryPoint","urlTemplate":"https:\/\/salmosbiblicos.com.br\/?s={search_term_string}"},"query-input":{"@type":"PropertyValueSpecification","valueRequired":true,"valueName":"search_term_string"}}],"inLanguage":"pt-BR"},{"@type":"Person","@id":"https:\/\/salmosbiblicos.com.br\/#\/schema\/person\/760735259ba35f1e44e89c71c72d79da","name":"Irmao","image":{"@type":"ImageObject","inLanguage":"pt-BR","@id":"https:\/\/secure.gravatar.com\/avatar\/?s=96&d=mm&r=g","url":"https:\/\/secure.gravatar.com\/avatar\/?s=96&d=mm&r=g","contentUrl":"https:\/\/secure.gravatar.com\/avatar\/?s=96&d=mm&r=g","caption":"Irmao"},"url":"http:\/\/salmosbiblicos.com.br\/index.php\/author\/irmao\/"}]}},"_links":{"self":[{"href":"http:\/\/salmosbiblicos.com.br\/index.php\/wp-json\/wp\/v2\/posts\/4481","targetHints":{"allow":["GET"]}}],"collection":[{"href":"http:\/\/salmosbiblicos.com.br\/index.php\/wp-json\/wp\/v2\/posts"}],"about":[{"href":"http:\/\/salmosbiblicos.com.br\/index.php\/wp-json\/wp\/v2\/types\/post"}],"author":[{"embeddable":true,"href":"http:\/\/salmosbiblicos.com.br\/index.php\/wp-json\/wp\/v2\/users\/2"}],"replies":[{"embeddable":true,"href":"http:\/\/salmosbiblicos.com.br\/index.php\/wp-json\/wp\/v2\/comments?post=4481"}],"version-history":[{"count":0,"href":"http:\/\/salmosbiblicos.com.br\/index.php\/wp-json\/wp\/v2\/posts\/4481\/revisions"}],"wp:attachment":[{"href":"http:\/\/salmosbiblicos.com.br\/index.php\/wp-json\/wp\/v2\/media?parent=4481"}],"wp:term":[{"taxonomy":"category","embeddable":true,"href":"http:\/\/salmosbiblicos.com.br\/index.php\/wp-json\/wp\/v2\/categories?post=4481"},{"taxonomy":"post_tag","embeddable":true,"href":"http:\/\/salmosbiblicos.com.br\/index.php\/wp-json\/wp\/v2\/tags?post=4481"}],"curies":[{"name":"wp","href":"https:\/\/api.w.org\/{rel}","templated":true}]}}