{"id":4483,"date":"2025-04-30T02:29:54","date_gmt":"2025-04-30T05:29:54","guid":{"rendered":"https:\/\/salmosbiblicos.com.br\/?p=4483"},"modified":"2025-04-30T02:29:54","modified_gmt":"2025-04-30T05:29:54","slug":"a-ressurreicao-de-cristo-a-celebracao-da-vida-e-da-esperanca-na-pascoa","status":"publish","type":"post","link":"http:\/\/salmosbiblicos.com.br\/index.php\/2025\/04\/30\/a-ressurreicao-de-cristo-a-celebracao-da-vida-e-da-esperanca-na-pascoa\/","title":{"rendered":"A Ressurrei\u00e7\u00e3o de Cristo: A Celebra\u00e7\u00e3o da Vida e da Esperan\u00e7a na P\u00e1scoa"},"content":{"rendered":"<p>Uma das datas mais significativas do calend\u00e1rio religioso cat\u00f3lico \u00e9 a P\u00e1scoa. A P\u00e1scoa \u00e9 a celebra\u00e7\u00e3o da ressurrei\u00e7\u00e3o de Jesus Cristo, que representa a vit\u00f3ria da vida sobre a morte e o poder do amor de Deus sobre o pecado. \u00c9 uma festa que renova a esperan\u00e7a dos crist\u00e3os em todo o mundo.<\/p>\n<p>A origem da P\u00e1scoa remonta ao Antigo Testamento, quando os judeus celebravam a liberta\u00e7\u00e3o do povo hebreu da escravid\u00e3o no Egito. Para os crist\u00e3os, a P\u00e1scoa adquire um novo significado com a ressurrei\u00e7\u00e3o de Jesus, que ocorreu tr\u00eas dias ap\u00f3s a sua crucifica\u00e7\u00e3o. A P\u00e1scoa \u00e9 celebrada no primeiro domingo ap\u00f3s a lua cheia que ocorre no equin\u00f3cio da primavera, simbolizando a renova\u00e7\u00e3o da natureza e a ressurrei\u00e7\u00e3o de Cristo.<\/p>\n<p>O simbolismo da P\u00e1scoa est\u00e1 presente em diversos elementos, como o ovo, que representa o renascimento e a vida nova em Cristo; o cordeiro, que remete ao sacrif\u00edcio de Jesus como o Cordeiro de Deus que tira o pecado do mundo; e o p\u00e3o e o vinho, que simbolizam o corpo e o sangue de Cristo oferecidos na Eucaristia.<\/p>\n<p>A P\u00e1scoa nos convida a refletir sobre o significado da ressurrei\u00e7\u00e3o de Cristo em nossas vidas. Assim como Jesus venceu a morte, n\u00f3s tamb\u00e9m podemos superar os desafios e as dificuldades com f\u00e9 e esperan\u00e7a. A P\u00e1scoa nos lembra que, mesmo nos momentos mais sombrios, a luz de Cristo brilha para nos guiar.<\/p>\n<p>Neste per\u00edodo de P\u00e1scoa, convido voc\u00ea a refletir sobre a import\u00e2ncia da ressurrei\u00e7\u00e3o de Cristo em sua vida. Que essa celebra\u00e7\u00e3o seja um momento de renova\u00e7\u00e3o da f\u00e9 e da esperan\u00e7a, e que possamos seguir o exemplo de amor e perd\u00e3o de Jesus em nosso dia a dia. Que a P\u00e1scoa nos inspire a viver de acordo com os ensinamentos de Cristo, espalhando o amor e a compaix\u00e3o por onde passarmos.<\/p>\n<p>Que a luz da ressurrei\u00e7\u00e3o de Cristo ilumine o seu caminho e que a alegria da P\u00e1scoa encha o seu cora\u00e7\u00e3o de paz e gratid\u00e3o. Que a esperan\u00e7a e a f\u00e9 em Cristo sejam a for\u00e7a que nos impulsiona a seguir em frente, mesmo diante das adversidades. Que a P\u00e1scoa seja para voc\u00ea um momento de renova\u00e7\u00e3o espiritual e de encontro com o amor de Deus. Am\u00e9m.<\/p>\n","protected":false},"excerpt":{"rendered":"<p>Uma das datas mais significativas do calend\u00e1rio religioso cat\u00f3lico \u00e9 a P\u00e1scoa. A P\u00e1scoa \u00e9 a celebra\u00e7\u00e3o da ressurrei\u00e7\u00e3o de Jesus Cristo, que representa a vit\u00f3ria da vida sobre a morte e o poder do amor de Deus sobre o pecado. \u00c9 uma festa que renova a esperan\u00e7a dos crist\u00e3os em todo o mundo. A [&hellip;]<\/p>\n","protected":false},"author":2,"featured_media":0,"comment_status":"closed","ping_status":"open","sticky":false,"template":"","format":"standard","meta":{"footnotes":""},"categories":[9],"tags":[],"class_list":["post-4483","post","type-post","status-publish","format-standard","hentry","category-data-religiosa"],"yoast_head":"<!-- This site is optimized with the Yoast SEO plugin v27.2 - https:\/\/yoast.com\/product\/yoast-seo-wordpress\/ -->\n<title>A Ressurrei\u00e7\u00e3o de Cristo: A Celebra\u00e7\u00e3o da Vida e da Esperan\u00e7a na P\u00e1scoa - Salmos B\u00edblicos<\/title>\n<meta name=\"robots\" content=\"index, follow, max-snippet:-1, max-image-preview:large, max-video-preview:-1\" \/>\n<link rel=\"canonical\" href=\"http:\/\/salmosbiblicos.com.br\/index.php\/2025\/04\/30\/a-ressurreicao-de-cristo-a-celebracao-da-vida-e-da-esperanca-na-pascoa\/\" \/>\n<meta property=\"og:locale\" content=\"pt_BR\" \/>\n<meta property=\"og:type\" content=\"article\" \/>\n<meta property=\"og:title\" content=\"A Ressurrei\u00e7\u00e3o de Cristo: A Celebra\u00e7\u00e3o da Vida e da Esperan\u00e7a na P\u00e1scoa - Salmos B\u00edblicos\" \/>\n<meta property=\"og:description\" content=\"Uma das datas mais significativas do calend\u00e1rio religioso cat\u00f3lico \u00e9 a P\u00e1scoa. A P\u00e1scoa \u00e9 a celebra\u00e7\u00e3o da ressurrei\u00e7\u00e3o de Jesus Cristo, que representa a vit\u00f3ria da vida sobre a morte e o poder do amor de Deus sobre o pecado. \u00c9 uma festa que renova a esperan\u00e7a dos crist\u00e3os em todo o mundo. A [&hellip;]\" \/>\n<meta property=\"og:url\" content=\"http:\/\/salmosbiblicos.com.br\/index.php\/2025\/04\/30\/a-ressurreicao-de-cristo-a-celebracao-da-vida-e-da-esperanca-na-pascoa\/\" \/>\n<meta property=\"og:site_name\" content=\"Salmos B\u00edblicos\" \/>\n<meta property=\"article:published_time\" content=\"2025-04-30T05:29:54+00:00\" \/>\n<meta name=\"author\" content=\"Irmao\" \/>\n<meta name=\"twitter:card\" content=\"summary_large_image\" \/>\n<meta name=\"twitter:label1\" content=\"Escrito por\" \/>\n\t<meta name=\"twitter:data1\" content=\"Irmao\" \/>\n\t<meta name=\"twitter:label2\" content=\"Est. tempo de leitura\" \/>\n\t<meta name=\"twitter:data2\" content=\"2 minutos\" \/>\n<script type=\"application\/ld+json\" class=\"yoast-schema-graph\">{\"@context\":\"https:\/\/schema.org\",\"@graph\":[{\"@type\":\"Article\",\"@id\":\"http:\/\/salmosbiblicos.com.br\/index.php\/2025\/04\/30\/a-ressurreicao-de-cristo-a-celebracao-da-vida-e-da-esperanca-na-pascoa\/#article\",\"isPartOf\":{\"@id\":\"http:\/\/salmosbiblicos.com.br\/index.php\/2025\/04\/30\/a-ressurreicao-de-cristo-a-celebracao-da-vida-e-da-esperanca-na-pascoa\/\"},\"author\":{\"name\":\"Irmao\",\"@id\":\"https:\/\/salmosbiblicos.com.br\/#\/schema\/person\/760735259ba35f1e44e89c71c72d79da\"},\"headline\":\"A Ressurrei\u00e7\u00e3o de Cristo: A Celebra\u00e7\u00e3o da Vida e da Esperan\u00e7a na P\u00e1scoa\",\"datePublished\":\"2025-04-30T05:29:54+00:00\",\"mainEntityOfPage\":{\"@id\":\"http:\/\/salmosbiblicos.com.br\/index.php\/2025\/04\/30\/a-ressurreicao-de-cristo-a-celebracao-da-vida-e-da-esperanca-na-pascoa\/\"},\"wordCount\":438,\"articleSection\":[\"Data Religiosa\"],\"inLanguage\":\"pt-BR\"},{\"@type\":\"WebPage\",\"@id\":\"http:\/\/salmosbiblicos.com.br\/index.php\/2025\/04\/30\/a-ressurreicao-de-cristo-a-celebracao-da-vida-e-da-esperanca-na-pascoa\/\",\"url\":\"http:\/\/salmosbiblicos.com.br\/index.php\/2025\/04\/30\/a-ressurreicao-de-cristo-a-celebracao-da-vida-e-da-esperanca-na-pascoa\/\",\"name\":\"A Ressurrei\u00e7\u00e3o de Cristo: A Celebra\u00e7\u00e3o da Vida e da Esperan\u00e7a na P\u00e1scoa - Salmos B\u00edblicos\",\"isPartOf\":{\"@id\":\"https:\/\/salmosbiblicos.com.br\/#website\"},\"datePublished\":\"2025-04-30T05:29:54+00:00\",\"author\":{\"@id\":\"https:\/\/salmosbiblicos.com.br\/#\/schema\/person\/760735259ba35f1e44e89c71c72d79da\"},\"breadcrumb\":{\"@id\":\"http:\/\/salmosbiblicos.com.br\/index.php\/2025\/04\/30\/a-ressurreicao-de-cristo-a-celebracao-da-vida-e-da-esperanca-na-pascoa\/#breadcrumb\"},\"inLanguage\":\"pt-BR\",\"potentialAction\":[{\"@type\":\"ReadAction\",\"target\":[\"http:\/\/salmosbiblicos.com.br\/index.php\/2025\/04\/30\/a-ressurreicao-de-cristo-a-celebracao-da-vida-e-da-esperanca-na-pascoa\/\"]}]},{\"@type\":\"BreadcrumbList\",\"@id\":\"http:\/\/salmosbiblicos.com.br\/index.php\/2025\/04\/30\/a-ressurreicao-de-cristo-a-celebracao-da-vida-e-da-esperanca-na-pascoa\/#breadcrumb\",\"itemListElement\":[{\"@type\":\"ListItem\",\"position\":1,\"name\":\"Home\",\"item\":\"https:\/\/salmosbiblicos.com.br\/\"},{\"@type\":\"ListItem\",\"position\":2,\"name\":\"A Ressurrei\u00e7\u00e3o de Cristo: A Celebra\u00e7\u00e3o da Vida e da Esperan\u00e7a na P\u00e1scoa\"}]},{\"@type\":\"WebSite\",\"@id\":\"https:\/\/salmosbiblicos.com.br\/#website\",\"url\":\"https:\/\/salmosbiblicos.com.br\/\",\"name\":\"Salmos B\u00edblicos\",\"description\":\"Uma e-Livraria com e-Books novos para voc\u00ea refletir.\",\"potentialAction\":[{\"@type\":\"SearchAction\",\"target\":{\"@type\":\"EntryPoint\",\"urlTemplate\":\"https:\/\/salmosbiblicos.com.br\/?s={search_term_string}\"},\"query-input\":{\"@type\":\"PropertyValueSpecification\",\"valueRequired\":true,\"valueName\":\"search_term_string\"}}],\"inLanguage\":\"pt-BR\"},{\"@type\":\"Person\",\"@id\":\"https:\/\/salmosbiblicos.com.br\/#\/schema\/person\/760735259ba35f1e44e89c71c72d79da\",\"name\":\"Irmao\",\"image\":{\"@type\":\"ImageObject\",\"inLanguage\":\"pt-BR\",\"@id\":\"https:\/\/secure.gravatar.com\/avatar\/?s=96&d=mm&r=g\",\"url\":\"https:\/\/secure.gravatar.com\/avatar\/?s=96&d=mm&r=g\",\"contentUrl\":\"https:\/\/secure.gravatar.com\/avatar\/?s=96&d=mm&r=g\",\"caption\":\"Irmao\"},\"url\":\"http:\/\/salmosbiblicos.com.br\/index.php\/author\/irmao\/\"}]}<\/script>\n<!-- \/ Yoast SEO plugin. -->","yoast_head_json":{"title":"A Ressurrei\u00e7\u00e3o de Cristo: A Celebra\u00e7\u00e3o da Vida e da Esperan\u00e7a na P\u00e1scoa - Salmos B\u00edblicos","robots":{"index":"index","follow":"follow","max-snippet":"max-snippet:-1","max-image-preview":"max-image-preview:large","max-video-preview":"max-video-preview:-1"},"canonical":"http:\/\/salmosbiblicos.com.br\/index.php\/2025\/04\/30\/a-ressurreicao-de-cristo-a-celebracao-da-vida-e-da-esperanca-na-pascoa\/","og_locale":"pt_BR","og_type":"article","og_title":"A Ressurrei\u00e7\u00e3o de Cristo: A Celebra\u00e7\u00e3o da Vida e da Esperan\u00e7a na P\u00e1scoa - Salmos B\u00edblicos","og_description":"Uma das datas mais significativas do calend\u00e1rio religioso cat\u00f3lico \u00e9 a P\u00e1scoa. A P\u00e1scoa \u00e9 a celebra\u00e7\u00e3o da ressurrei\u00e7\u00e3o de Jesus Cristo, que representa a vit\u00f3ria da vida sobre a morte e o poder do amor de Deus sobre o pecado. \u00c9 uma festa que renova a esperan\u00e7a dos crist\u00e3os em todo o mundo. A [&hellip;]","og_url":"http:\/\/salmosbiblicos.com.br\/index.php\/2025\/04\/30\/a-ressurreicao-de-cristo-a-celebracao-da-vida-e-da-esperanca-na-pascoa\/","og_site_name":"Salmos B\u00edblicos","article_published_time":"2025-04-30T05:29:54+00:00","author":"Irmao","twitter_card":"summary_large_image","twitter_misc":{"Escrito por":"Irmao","Est. tempo de leitura":"2 minutos"},"schema":{"@context":"https:\/\/schema.org","@graph":[{"@type":"Article","@id":"http:\/\/salmosbiblicos.com.br\/index.php\/2025\/04\/30\/a-ressurreicao-de-cristo-a-celebracao-da-vida-e-da-esperanca-na-pascoa\/#article","isPartOf":{"@id":"http:\/\/salmosbiblicos.com.br\/index.php\/2025\/04\/30\/a-ressurreicao-de-cristo-a-celebracao-da-vida-e-da-esperanca-na-pascoa\/"},"author":{"name":"Irmao","@id":"https:\/\/salmosbiblicos.com.br\/#\/schema\/person\/760735259ba35f1e44e89c71c72d79da"},"headline":"A Ressurrei\u00e7\u00e3o de Cristo: A Celebra\u00e7\u00e3o da Vida e da Esperan\u00e7a na P\u00e1scoa","datePublished":"2025-04-30T05:29:54+00:00","mainEntityOfPage":{"@id":"http:\/\/salmosbiblicos.com.br\/index.php\/2025\/04\/30\/a-ressurreicao-de-cristo-a-celebracao-da-vida-e-da-esperanca-na-pascoa\/"},"wordCount":438,"articleSection":["Data Religiosa"],"inLanguage":"pt-BR"},{"@type":"WebPage","@id":"http:\/\/salmosbiblicos.com.br\/index.php\/2025\/04\/30\/a-ressurreicao-de-cristo-a-celebracao-da-vida-e-da-esperanca-na-pascoa\/","url":"http:\/\/salmosbiblicos.com.br\/index.php\/2025\/04\/30\/a-ressurreicao-de-cristo-a-celebracao-da-vida-e-da-esperanca-na-pascoa\/","name":"A Ressurrei\u00e7\u00e3o de Cristo: A Celebra\u00e7\u00e3o da Vida e da Esperan\u00e7a na P\u00e1scoa - Salmos B\u00edblicos","isPartOf":{"@id":"https:\/\/salmosbiblicos.com.br\/#website"},"datePublished":"2025-04-30T05:29:54+00:00","author":{"@id":"https:\/\/salmosbiblicos.com.br\/#\/schema\/person\/760735259ba35f1e44e89c71c72d79da"},"breadcrumb":{"@id":"http:\/\/salmosbiblicos.com.br\/index.php\/2025\/04\/30\/a-ressurreicao-de-cristo-a-celebracao-da-vida-e-da-esperanca-na-pascoa\/#breadcrumb"},"inLanguage":"pt-BR","potentialAction":[{"@type":"ReadAction","target":["http:\/\/salmosbiblicos.com.br\/index.php\/2025\/04\/30\/a-ressurreicao-de-cristo-a-celebracao-da-vida-e-da-esperanca-na-pascoa\/"]}]},{"@type":"BreadcrumbList","@id":"http:\/\/salmosbiblicos.com.br\/index.php\/2025\/04\/30\/a-ressurreicao-de-cristo-a-celebracao-da-vida-e-da-esperanca-na-pascoa\/#breadcrumb","itemListElement":[{"@type":"ListItem","position":1,"name":"Home","item":"https:\/\/salmosbiblicos.com.br\/"},{"@type":"ListItem","position":2,"name":"A Ressurrei\u00e7\u00e3o de Cristo: A Celebra\u00e7\u00e3o da Vida e da Esperan\u00e7a na P\u00e1scoa"}]},{"@type":"WebSite","@id":"https:\/\/salmosbiblicos.com.br\/#website","url":"https:\/\/salmosbiblicos.com.br\/","name":"Salmos B\u00edblicos","description":"Uma e-Livraria com e-Books novos para voc\u00ea refletir.","potentialAction":[{"@type":"SearchAction","target":{"@type":"EntryPoint","urlTemplate":"https:\/\/salmosbiblicos.com.br\/?s={search_term_string}"},"query-input":{"@type":"PropertyValueSpecification","valueRequired":true,"valueName":"search_term_string"}}],"inLanguage":"pt-BR"},{"@type":"Person","@id":"https:\/\/salmosbiblicos.com.br\/#\/schema\/person\/760735259ba35f1e44e89c71c72d79da","name":"Irmao","image":{"@type":"ImageObject","inLanguage":"pt-BR","@id":"https:\/\/secure.gravatar.com\/avatar\/?s=96&d=mm&r=g","url":"https:\/\/secure.gravatar.com\/avatar\/?s=96&d=mm&r=g","contentUrl":"https:\/\/secure.gravatar.com\/avatar\/?s=96&d=mm&r=g","caption":"Irmao"},"url":"http:\/\/salmosbiblicos.com.br\/index.php\/author\/irmao\/"}]}},"_links":{"self":[{"href":"http:\/\/salmosbiblicos.com.br\/index.php\/wp-json\/wp\/v2\/posts\/4483","targetHints":{"allow":["GET"]}}],"collection":[{"href":"http:\/\/salmosbiblicos.com.br\/index.php\/wp-json\/wp\/v2\/posts"}],"about":[{"href":"http:\/\/salmosbiblicos.com.br\/index.php\/wp-json\/wp\/v2\/types\/post"}],"author":[{"embeddable":true,"href":"http:\/\/salmosbiblicos.com.br\/index.php\/wp-json\/wp\/v2\/users\/2"}],"replies":[{"embeddable":true,"href":"http:\/\/salmosbiblicos.com.br\/index.php\/wp-json\/wp\/v2\/comments?post=4483"}],"version-history":[{"count":0,"href":"http:\/\/salmosbiblicos.com.br\/index.php\/wp-json\/wp\/v2\/posts\/4483\/revisions"}],"wp:attachment":[{"href":"http:\/\/salmosbiblicos.com.br\/index.php\/wp-json\/wp\/v2\/media?parent=4483"}],"wp:term":[{"taxonomy":"category","embeddable":true,"href":"http:\/\/salmosbiblicos.com.br\/index.php\/wp-json\/wp\/v2\/categories?post=4483"},{"taxonomy":"post_tag","embeddable":true,"href":"http:\/\/salmosbiblicos.com.br\/index.php\/wp-json\/wp\/v2\/tags?post=4483"}],"curies":[{"name":"wp","href":"https:\/\/api.w.org\/{rel}","templated":true}]}}