{"id":4514,"date":"2025-04-30T16:03:57","date_gmt":"2025-04-30T19:03:57","guid":{"rendered":"https:\/\/salmosbiblicos.com.br\/?p=4514"},"modified":"2025-04-30T16:03:57","modified_gmt":"2025-04-30T19:03:57","slug":"a-transformadora-forca-da-gratidao-a-chave-para-uma-vida-plena-e-abundante","status":"publish","type":"post","link":"http:\/\/salmosbiblicos.com.br\/index.php\/2025\/04\/30\/a-transformadora-forca-da-gratidao-a-chave-para-uma-vida-plena-e-abundante\/","title":{"rendered":"A Transformadora For\u00e7a da Gratid\u00e3o: A Chave para uma Vida Plena e Abundante"},"content":{"rendered":"<p>Hoje, quero compartilhar com voc\u00ea uma reflex\u00e3o sobre a import\u00e2ncia de cultivar a gratid\u00e3o em nosso cora\u00e7\u00e3o. Em meio \u00e0s adversidades e desafios da vida, muitas vezes nos encontramos perdidos em um mar de preocupa\u00e7\u00f5es e ansiedades, esquecendo-nos de agradecer pelas pequenas b\u00ean\u00e7\u00e3os que recebemos diariamente.<\/p>\n<p>A gratid\u00e3o \u00e9 uma virtude que nos conecta com o divino, nos fazendo enxergar a beleza e a bondade presentes em cada momento de nossas vidas. Quando cultivamos a gratid\u00e3o, mudamos nossa perspectiva e passamos a valorizar aquilo que realmente importa, deixando de lado as queixas e insatisfa\u00e7\u00f5es que apenas nos afastam da paz interior.<\/p>\n<p>Quantas vezes nos esquecemos de agradecer pelo ar que respiramos, pela comida que temos \u00e0 mesa, pelo abra\u00e7o caloroso de um amigo? S\u00e3o esses pequenos gestos de gratid\u00e3o que nos aproximam de Deus e nos permitem experimentar a alegria de viver plenamente, mesmo em meio \u00e0s tribula\u00e7\u00f5es.<\/p>\n<p>Portanto, hoje te convido a parar por um momento e refletir sobre todas as coisas pelas quais voc\u00ea pode ser grato. Pense nos sorrisos que te alegram, nas li\u00e7\u00f5es que te fortalecem, nas oportunidades que te desafiam a crescer. Agrade\u00e7a por cada experi\u00eancia, por cada pessoa que cruza o seu caminho, por cada obst\u00e1culo que te faz mais resiliente.<\/p>\n<p>Lembre-se de que a gratid\u00e3o n\u00e3o se limita \u00e0s circunst\u00e2ncias favor\u00e1veis, mas se estende tamb\u00e9m aos momentos dif\u00edceis que nos fazem amadurecer e evoluir. Mesmo nas horas de dor e tristeza, podemos encontrar motivos para agradecer, pois \u00e9 justamente nesses momentos que somos guiados a buscar conforto e consolo na presen\u00e7a amorosa de Deus.<\/p>\n<p>Que a gratid\u00e3o seja a luz que ilumina o seu caminho, a for\u00e7a que sustenta o seu cora\u00e7\u00e3o e a esperan\u00e7a que renova a sua f\u00e9. Que voc\u00ea possa enxergar a beleza oculta nas situa\u00e7\u00f5es mais simples e se maravilhar com a generosidade divina que se manifesta em cada instante de sua vida.<\/p>\n<p>Lembre-se: a gratid\u00e3o transforma o ordin\u00e1rio em extraordin\u00e1rio, o comum em especial. Cultive-a em seu cora\u00e7\u00e3o e descubra a paz que s\u00f3 o amor de Deus pode proporcionar. Agrade\u00e7a, confie e siga em frente, pois a gratid\u00e3o \u00e9 a chave para uma vida plena e abundante.<\/p>\n<p>Que a sua jornada seja marcada pela gratid\u00e3o e que a sua alma se encha de alegria ao reconhecer as in\u00fameras b\u00ean\u00e7\u00e3os que Deus derrama sobre voc\u00ea a cada dia. Agrade\u00e7a sempre, pois a gratid\u00e3o \u00e9 o caminho para a paz interior e a felicidade verdadeira. Que assim seja. Am\u00e9m.<\/p>\n","protected":false},"excerpt":{"rendered":"<p>Hoje, quero compartilhar com voc\u00ea uma reflex\u00e3o sobre a import\u00e2ncia de cultivar a gratid\u00e3o em nosso cora\u00e7\u00e3o. Em meio \u00e0s adversidades e desafios da vida, muitas vezes nos encontramos perdidos em um mar de preocupa\u00e7\u00f5es e ansiedades, esquecendo-nos de agradecer pelas pequenas b\u00ean\u00e7\u00e3os que recebemos diariamente. A gratid\u00e3o \u00e9 uma virtude que nos conecta com [&hellip;]<\/p>\n","protected":false},"author":2,"featured_media":0,"comment_status":"closed","ping_status":"open","sticky":false,"template":"","format":"standard","meta":{"footnotes":""},"categories":[6],"tags":[],"class_list":["post-4514","post","type-post","status-publish","format-standard","hentry","category-reflexao-do-dia"],"yoast_head":"<!-- This site is optimized with the Yoast SEO plugin v27.2 - https:\/\/yoast.com\/product\/yoast-seo-wordpress\/ -->\n<title>A Transformadora For\u00e7a da Gratid\u00e3o: A Chave para uma Vida Plena e Abundante - Salmos B\u00edblicos<\/title>\n<meta name=\"robots\" content=\"index, follow, max-snippet:-1, max-image-preview:large, max-video-preview:-1\" \/>\n<link rel=\"canonical\" href=\"http:\/\/salmosbiblicos.com.br\/index.php\/2025\/04\/30\/a-transformadora-forca-da-gratidao-a-chave-para-uma-vida-plena-e-abundante\/\" \/>\n<meta property=\"og:locale\" content=\"pt_BR\" \/>\n<meta property=\"og:type\" content=\"article\" \/>\n<meta property=\"og:title\" content=\"A Transformadora For\u00e7a da Gratid\u00e3o: A Chave para uma Vida Plena e Abundante - Salmos B\u00edblicos\" \/>\n<meta property=\"og:description\" content=\"Hoje, quero compartilhar com voc\u00ea uma reflex\u00e3o sobre a import\u00e2ncia de cultivar a gratid\u00e3o em nosso cora\u00e7\u00e3o. Em meio \u00e0s adversidades e desafios da vida, muitas vezes nos encontramos perdidos em um mar de preocupa\u00e7\u00f5es e ansiedades, esquecendo-nos de agradecer pelas pequenas b\u00ean\u00e7\u00e3os que recebemos diariamente. A gratid\u00e3o \u00e9 uma virtude que nos conecta com [&hellip;]\" \/>\n<meta property=\"og:url\" content=\"http:\/\/salmosbiblicos.com.br\/index.php\/2025\/04\/30\/a-transformadora-forca-da-gratidao-a-chave-para-uma-vida-plena-e-abundante\/\" \/>\n<meta property=\"og:site_name\" content=\"Salmos B\u00edblicos\" \/>\n<meta property=\"article:published_time\" content=\"2025-04-30T19:03:57+00:00\" \/>\n<meta name=\"author\" content=\"Irmao\" \/>\n<meta name=\"twitter:card\" content=\"summary_large_image\" \/>\n<meta name=\"twitter:label1\" content=\"Escrito por\" \/>\n\t<meta name=\"twitter:data1\" content=\"Irmao\" \/>\n\t<meta name=\"twitter:label2\" content=\"Est. tempo de leitura\" \/>\n\t<meta name=\"twitter:data2\" content=\"2 minutos\" \/>\n<script type=\"application\/ld+json\" class=\"yoast-schema-graph\">{\"@context\":\"https:\/\/schema.org\",\"@graph\":[{\"@type\":\"Article\",\"@id\":\"http:\/\/salmosbiblicos.com.br\/index.php\/2025\/04\/30\/a-transformadora-forca-da-gratidao-a-chave-para-uma-vida-plena-e-abundante\/#article\",\"isPartOf\":{\"@id\":\"http:\/\/salmosbiblicos.com.br\/index.php\/2025\/04\/30\/a-transformadora-forca-da-gratidao-a-chave-para-uma-vida-plena-e-abundante\/\"},\"author\":{\"name\":\"Irmao\",\"@id\":\"https:\/\/salmosbiblicos.com.br\/#\/schema\/person\/760735259ba35f1e44e89c71c72d79da\"},\"headline\":\"A Transformadora For\u00e7a da Gratid\u00e3o: A Chave para uma Vida Plena e Abundante\",\"datePublished\":\"2025-04-30T19:03:57+00:00\",\"mainEntityOfPage\":{\"@id\":\"http:\/\/salmosbiblicos.com.br\/index.php\/2025\/04\/30\/a-transformadora-forca-da-gratidao-a-chave-para-uma-vida-plena-e-abundante\/\"},\"wordCount\":463,\"articleSection\":[\"Reflex\u00e3o do Dia\"],\"inLanguage\":\"pt-BR\"},{\"@type\":\"WebPage\",\"@id\":\"http:\/\/salmosbiblicos.com.br\/index.php\/2025\/04\/30\/a-transformadora-forca-da-gratidao-a-chave-para-uma-vida-plena-e-abundante\/\",\"url\":\"http:\/\/salmosbiblicos.com.br\/index.php\/2025\/04\/30\/a-transformadora-forca-da-gratidao-a-chave-para-uma-vida-plena-e-abundante\/\",\"name\":\"A Transformadora For\u00e7a da Gratid\u00e3o: A Chave para uma Vida Plena e Abundante - Salmos B\u00edblicos\",\"isPartOf\":{\"@id\":\"https:\/\/salmosbiblicos.com.br\/#website\"},\"datePublished\":\"2025-04-30T19:03:57+00:00\",\"author\":{\"@id\":\"https:\/\/salmosbiblicos.com.br\/#\/schema\/person\/760735259ba35f1e44e89c71c72d79da\"},\"breadcrumb\":{\"@id\":\"http:\/\/salmosbiblicos.com.br\/index.php\/2025\/04\/30\/a-transformadora-forca-da-gratidao-a-chave-para-uma-vida-plena-e-abundante\/#breadcrumb\"},\"inLanguage\":\"pt-BR\",\"potentialAction\":[{\"@type\":\"ReadAction\",\"target\":[\"http:\/\/salmosbiblicos.com.br\/index.php\/2025\/04\/30\/a-transformadora-forca-da-gratidao-a-chave-para-uma-vida-plena-e-abundante\/\"]}]},{\"@type\":\"BreadcrumbList\",\"@id\":\"http:\/\/salmosbiblicos.com.br\/index.php\/2025\/04\/30\/a-transformadora-forca-da-gratidao-a-chave-para-uma-vida-plena-e-abundante\/#breadcrumb\",\"itemListElement\":[{\"@type\":\"ListItem\",\"position\":1,\"name\":\"Home\",\"item\":\"https:\/\/salmosbiblicos.com.br\/\"},{\"@type\":\"ListItem\",\"position\":2,\"name\":\"A Transformadora For\u00e7a da Gratid\u00e3o: A Chave para uma Vida Plena e Abundante\"}]},{\"@type\":\"WebSite\",\"@id\":\"https:\/\/salmosbiblicos.com.br\/#website\",\"url\":\"https:\/\/salmosbiblicos.com.br\/\",\"name\":\"Salmos B\u00edblicos\",\"description\":\"Uma e-Livraria com e-Books novos para voc\u00ea refletir.\",\"potentialAction\":[{\"@type\":\"SearchAction\",\"target\":{\"@type\":\"EntryPoint\",\"urlTemplate\":\"https:\/\/salmosbiblicos.com.br\/?s={search_term_string}\"},\"query-input\":{\"@type\":\"PropertyValueSpecification\",\"valueRequired\":true,\"valueName\":\"search_term_string\"}}],\"inLanguage\":\"pt-BR\"},{\"@type\":\"Person\",\"@id\":\"https:\/\/salmosbiblicos.com.br\/#\/schema\/person\/760735259ba35f1e44e89c71c72d79da\",\"name\":\"Irmao\",\"image\":{\"@type\":\"ImageObject\",\"inLanguage\":\"pt-BR\",\"@id\":\"https:\/\/secure.gravatar.com\/avatar\/?s=96&d=mm&r=g\",\"url\":\"https:\/\/secure.gravatar.com\/avatar\/?s=96&d=mm&r=g\",\"contentUrl\":\"https:\/\/secure.gravatar.com\/avatar\/?s=96&d=mm&r=g\",\"caption\":\"Irmao\"},\"url\":\"http:\/\/salmosbiblicos.com.br\/index.php\/author\/irmao\/\"}]}<\/script>\n<!-- \/ Yoast SEO plugin. -->","yoast_head_json":{"title":"A Transformadora For\u00e7a da Gratid\u00e3o: A Chave para uma Vida Plena e Abundante - Salmos B\u00edblicos","robots":{"index":"index","follow":"follow","max-snippet":"max-snippet:-1","max-image-preview":"max-image-preview:large","max-video-preview":"max-video-preview:-1"},"canonical":"http:\/\/salmosbiblicos.com.br\/index.php\/2025\/04\/30\/a-transformadora-forca-da-gratidao-a-chave-para-uma-vida-plena-e-abundante\/","og_locale":"pt_BR","og_type":"article","og_title":"A Transformadora For\u00e7a da Gratid\u00e3o: A Chave para uma Vida Plena e Abundante - Salmos B\u00edblicos","og_description":"Hoje, quero compartilhar com voc\u00ea uma reflex\u00e3o sobre a import\u00e2ncia de cultivar a gratid\u00e3o em nosso cora\u00e7\u00e3o. Em meio \u00e0s adversidades e desafios da vida, muitas vezes nos encontramos perdidos em um mar de preocupa\u00e7\u00f5es e ansiedades, esquecendo-nos de agradecer pelas pequenas b\u00ean\u00e7\u00e3os que recebemos diariamente. A gratid\u00e3o \u00e9 uma virtude que nos conecta com [&hellip;]","og_url":"http:\/\/salmosbiblicos.com.br\/index.php\/2025\/04\/30\/a-transformadora-forca-da-gratidao-a-chave-para-uma-vida-plena-e-abundante\/","og_site_name":"Salmos B\u00edblicos","article_published_time":"2025-04-30T19:03:57+00:00","author":"Irmao","twitter_card":"summary_large_image","twitter_misc":{"Escrito por":"Irmao","Est. tempo de leitura":"2 minutos"},"schema":{"@context":"https:\/\/schema.org","@graph":[{"@type":"Article","@id":"http:\/\/salmosbiblicos.com.br\/index.php\/2025\/04\/30\/a-transformadora-forca-da-gratidao-a-chave-para-uma-vida-plena-e-abundante\/#article","isPartOf":{"@id":"http:\/\/salmosbiblicos.com.br\/index.php\/2025\/04\/30\/a-transformadora-forca-da-gratidao-a-chave-para-uma-vida-plena-e-abundante\/"},"author":{"name":"Irmao","@id":"https:\/\/salmosbiblicos.com.br\/#\/schema\/person\/760735259ba35f1e44e89c71c72d79da"},"headline":"A Transformadora For\u00e7a da Gratid\u00e3o: A Chave para uma Vida Plena e Abundante","datePublished":"2025-04-30T19:03:57+00:00","mainEntityOfPage":{"@id":"http:\/\/salmosbiblicos.com.br\/index.php\/2025\/04\/30\/a-transformadora-forca-da-gratidao-a-chave-para-uma-vida-plena-e-abundante\/"},"wordCount":463,"articleSection":["Reflex\u00e3o do Dia"],"inLanguage":"pt-BR"},{"@type":"WebPage","@id":"http:\/\/salmosbiblicos.com.br\/index.php\/2025\/04\/30\/a-transformadora-forca-da-gratidao-a-chave-para-uma-vida-plena-e-abundante\/","url":"http:\/\/salmosbiblicos.com.br\/index.php\/2025\/04\/30\/a-transformadora-forca-da-gratidao-a-chave-para-uma-vida-plena-e-abundante\/","name":"A Transformadora For\u00e7a da Gratid\u00e3o: A Chave para uma Vida Plena e Abundante - Salmos B\u00edblicos","isPartOf":{"@id":"https:\/\/salmosbiblicos.com.br\/#website"},"datePublished":"2025-04-30T19:03:57+00:00","author":{"@id":"https:\/\/salmosbiblicos.com.br\/#\/schema\/person\/760735259ba35f1e44e89c71c72d79da"},"breadcrumb":{"@id":"http:\/\/salmosbiblicos.com.br\/index.php\/2025\/04\/30\/a-transformadora-forca-da-gratidao-a-chave-para-uma-vida-plena-e-abundante\/#breadcrumb"},"inLanguage":"pt-BR","potentialAction":[{"@type":"ReadAction","target":["http:\/\/salmosbiblicos.com.br\/index.php\/2025\/04\/30\/a-transformadora-forca-da-gratidao-a-chave-para-uma-vida-plena-e-abundante\/"]}]},{"@type":"BreadcrumbList","@id":"http:\/\/salmosbiblicos.com.br\/index.php\/2025\/04\/30\/a-transformadora-forca-da-gratidao-a-chave-para-uma-vida-plena-e-abundante\/#breadcrumb","itemListElement":[{"@type":"ListItem","position":1,"name":"Home","item":"https:\/\/salmosbiblicos.com.br\/"},{"@type":"ListItem","position":2,"name":"A Transformadora For\u00e7a da Gratid\u00e3o: A Chave para uma Vida Plena e Abundante"}]},{"@type":"WebSite","@id":"https:\/\/salmosbiblicos.com.br\/#website","url":"https:\/\/salmosbiblicos.com.br\/","name":"Salmos B\u00edblicos","description":"Uma e-Livraria com e-Books novos para voc\u00ea refletir.","potentialAction":[{"@type":"SearchAction","target":{"@type":"EntryPoint","urlTemplate":"https:\/\/salmosbiblicos.com.br\/?s={search_term_string}"},"query-input":{"@type":"PropertyValueSpecification","valueRequired":true,"valueName":"search_term_string"}}],"inLanguage":"pt-BR"},{"@type":"Person","@id":"https:\/\/salmosbiblicos.com.br\/#\/schema\/person\/760735259ba35f1e44e89c71c72d79da","name":"Irmao","image":{"@type":"ImageObject","inLanguage":"pt-BR","@id":"https:\/\/secure.gravatar.com\/avatar\/?s=96&d=mm&r=g","url":"https:\/\/secure.gravatar.com\/avatar\/?s=96&d=mm&r=g","contentUrl":"https:\/\/secure.gravatar.com\/avatar\/?s=96&d=mm&r=g","caption":"Irmao"},"url":"http:\/\/salmosbiblicos.com.br\/index.php\/author\/irmao\/"}]}},"_links":{"self":[{"href":"http:\/\/salmosbiblicos.com.br\/index.php\/wp-json\/wp\/v2\/posts\/4514","targetHints":{"allow":["GET"]}}],"collection":[{"href":"http:\/\/salmosbiblicos.com.br\/index.php\/wp-json\/wp\/v2\/posts"}],"about":[{"href":"http:\/\/salmosbiblicos.com.br\/index.php\/wp-json\/wp\/v2\/types\/post"}],"author":[{"embeddable":true,"href":"http:\/\/salmosbiblicos.com.br\/index.php\/wp-json\/wp\/v2\/users\/2"}],"replies":[{"embeddable":true,"href":"http:\/\/salmosbiblicos.com.br\/index.php\/wp-json\/wp\/v2\/comments?post=4514"}],"version-history":[{"count":0,"href":"http:\/\/salmosbiblicos.com.br\/index.php\/wp-json\/wp\/v2\/posts\/4514\/revisions"}],"wp:attachment":[{"href":"http:\/\/salmosbiblicos.com.br\/index.php\/wp-json\/wp\/v2\/media?parent=4514"}],"wp:term":[{"taxonomy":"category","embeddable":true,"href":"http:\/\/salmosbiblicos.com.br\/index.php\/wp-json\/wp\/v2\/categories?post=4514"},{"taxonomy":"post_tag","embeddable":true,"href":"http:\/\/salmosbiblicos.com.br\/index.php\/wp-json\/wp\/v2\/tags?post=4514"}],"curies":[{"name":"wp","href":"https:\/\/api.w.org\/{rel}","templated":true}]}}