{"id":4518,"date":"2025-04-30T16:04:17","date_gmt":"2025-04-30T19:04:17","guid":{"rendered":"https:\/\/salmosbiblicos.com.br\/?p=4518"},"modified":"2025-04-30T16:04:17","modified_gmt":"2025-04-30T19:04:17","slug":"o-poder-da-gratidao-cultivando-a-conexao-com-o-divino-e-atraindo-bencaos-para-sua-vida","status":"publish","type":"post","link":"http:\/\/salmosbiblicos.com.br\/index.php\/2025\/04\/30\/o-poder-da-gratidao-cultivando-a-conexao-com-o-divino-e-atraindo-bencaos-para-sua-vida\/","title":{"rendered":"O poder da gratid\u00e3o: cultivando a conex\u00e3o com o Divino e atraindo b\u00ean\u00e7\u00e3os para sua vida"},"content":{"rendered":"<p>Hoje eu quero falar sobre a import\u00e2ncia de cultivar a gratid\u00e3o em nossa vida. A gratid\u00e3o \u00e9 uma das virtudes mais poderosas que podemos ter, pois nos conecta diretamente com o Divino e nos ajuda a enxergar as b\u00ean\u00e7\u00e3os que recebemos diariamente. <\/p>\n<p>Muitas vezes, podemos nos sentir sobrecarregados com os desafios e dificuldades que enfrentamos, e isso pode nos fazer esquecer de todas as coisas boas que est\u00e3o ao nosso redor. Mas quando paramos por um momento e refletimos sobre tudo o que temos, percebemos que h\u00e1 muito mais motivos para agradecer do que para lamentar. <\/p>\n<p>A gratid\u00e3o nos lembra de que n\u00e3o estamos sozinhos, de que h\u00e1 uma for\u00e7a maior que nos sustenta e nos guia. Ela nos ajuda a reconhecer a presen\u00e7a do sagrado em cada detalhe de nossas vidas, desde o raio de sol que ilumina nosso dia at\u00e9 o sorriso de um amigo que nos conforta nos momentos dif\u00edceis. <\/p>\n<p>Quando somos gratos, abrimos espa\u00e7o para receber ainda mais b\u00ean\u00e7\u00e3os em nossa vida. \u00c9 como se estiv\u00e9ssemos sintonizando a frequ\u00eancia do amor e da abund\u00e2ncia, atraindo para n\u00f3s tudo o que \u00e9 bom e belo. A gratid\u00e3o nos transforma, nos torna mais leves, mais felizes, mais conectados com tudo o que nos cerca. <\/p>\n<p>Ent\u00e3o, hoje, eu te convido a praticar a gratid\u00e3o. Pare por alguns instantes e pense em todas as coisas pelas quais voc\u00ea pode agradecer. Desde as pequenas alegrias do dia a dia at\u00e9 as grandes conquistas que marcaram sua jornada. Agrade\u00e7a pela fam\u00edlia que te ama, pelos amigos que te apoiam, pela sa\u00fade que te permite viver plenamente. <\/p>\n<p>E n\u00e3o se esque\u00e7a de agradecer tamb\u00e9m pelas dificuldades, pois s\u00e3o elas que nos fortalecem, que nos ensinam li\u00e7\u00f5es importantes, que nos fazem crescer. A gratid\u00e3o transforma at\u00e9 mesmo os momentos mais dif\u00edceis em oportunidades de aprendizado e evolu\u00e7\u00e3o. <\/p>\n<p>Que a gratid\u00e3o seja a luz que ilumina o seu caminho, que te guia nos momentos de escurid\u00e3o, que te faz enxergar a beleza escondida nas pequenas coisas. Que ela te inspire a viver cada dia com mais amor, mais compaix\u00e3o, mais generosidade. <\/p>\n<p>Lembre-se: a gratid\u00e3o \u00e9 a chave para uma vida plena e feliz. Cultive-a em seu cora\u00e7\u00e3o e veja como o mundo ao seu redor se transforma. Que a gratid\u00e3o seja a sua b\u00fassola, guiando-o sempre para o caminho da paz e da harmonia. <\/p>\n<p>Que a luz da gratid\u00e3o brilhe em seu cora\u00e7\u00e3o, iluminando o seu caminho e trazendo paz \u00e0 sua alma. Agrade\u00e7a, sempre.<\/p>\n","protected":false},"excerpt":{"rendered":"<p>Hoje eu quero falar sobre a import\u00e2ncia de cultivar a gratid\u00e3o em nossa vida. A gratid\u00e3o \u00e9 uma das virtudes mais poderosas que podemos ter, pois nos conecta diretamente com o Divino e nos ajuda a enxergar as b\u00ean\u00e7\u00e3os que recebemos diariamente. Muitas vezes, podemos nos sentir sobrecarregados com os desafios e dificuldades que enfrentamos, [&hellip;]<\/p>\n","protected":false},"author":2,"featured_media":0,"comment_status":"closed","ping_status":"open","sticky":false,"template":"","format":"standard","meta":{"footnotes":""},"categories":[6],"tags":[],"class_list":["post-4518","post","type-post","status-publish","format-standard","hentry","category-reflexao-do-dia"],"yoast_head":"<!-- This site is optimized with the Yoast SEO plugin v27.2 - https:\/\/yoast.com\/product\/yoast-seo-wordpress\/ -->\n<title>O poder da gratid\u00e3o: cultivando a conex\u00e3o com o Divino e atraindo b\u00ean\u00e7\u00e3os para sua vida - Salmos B\u00edblicos<\/title>\n<meta name=\"robots\" content=\"index, follow, max-snippet:-1, max-image-preview:large, max-video-preview:-1\" \/>\n<link rel=\"canonical\" href=\"http:\/\/salmosbiblicos.com.br\/index.php\/2025\/04\/30\/o-poder-da-gratidao-cultivando-a-conexao-com-o-divino-e-atraindo-bencaos-para-sua-vida\/\" \/>\n<meta property=\"og:locale\" content=\"pt_BR\" \/>\n<meta property=\"og:type\" content=\"article\" \/>\n<meta property=\"og:title\" content=\"O poder da gratid\u00e3o: cultivando a conex\u00e3o com o Divino e atraindo b\u00ean\u00e7\u00e3os para sua vida - Salmos B\u00edblicos\" \/>\n<meta property=\"og:description\" content=\"Hoje eu quero falar sobre a import\u00e2ncia de cultivar a gratid\u00e3o em nossa vida. A gratid\u00e3o \u00e9 uma das virtudes mais poderosas que podemos ter, pois nos conecta diretamente com o Divino e nos ajuda a enxergar as b\u00ean\u00e7\u00e3os que recebemos diariamente. Muitas vezes, podemos nos sentir sobrecarregados com os desafios e dificuldades que enfrentamos, [&hellip;]\" \/>\n<meta property=\"og:url\" content=\"http:\/\/salmosbiblicos.com.br\/index.php\/2025\/04\/30\/o-poder-da-gratidao-cultivando-a-conexao-com-o-divino-e-atraindo-bencaos-para-sua-vida\/\" \/>\n<meta property=\"og:site_name\" content=\"Salmos B\u00edblicos\" \/>\n<meta property=\"article:published_time\" content=\"2025-04-30T19:04:17+00:00\" \/>\n<meta name=\"author\" content=\"Irmao\" \/>\n<meta name=\"twitter:card\" content=\"summary_large_image\" \/>\n<meta name=\"twitter:label1\" content=\"Escrito por\" \/>\n\t<meta name=\"twitter:data1\" content=\"Irmao\" \/>\n\t<meta name=\"twitter:label2\" content=\"Est. tempo de leitura\" \/>\n\t<meta name=\"twitter:data2\" content=\"2 minutos\" \/>\n<script type=\"application\/ld+json\" class=\"yoast-schema-graph\">{\"@context\":\"https:\/\/schema.org\",\"@graph\":[{\"@type\":\"Article\",\"@id\":\"http:\/\/salmosbiblicos.com.br\/index.php\/2025\/04\/30\/o-poder-da-gratidao-cultivando-a-conexao-com-o-divino-e-atraindo-bencaos-para-sua-vida\/#article\",\"isPartOf\":{\"@id\":\"http:\/\/salmosbiblicos.com.br\/index.php\/2025\/04\/30\/o-poder-da-gratidao-cultivando-a-conexao-com-o-divino-e-atraindo-bencaos-para-sua-vida\/\"},\"author\":{\"name\":\"Irmao\",\"@id\":\"https:\/\/salmosbiblicos.com.br\/#\/schema\/person\/760735259ba35f1e44e89c71c72d79da\"},\"headline\":\"O poder da gratid\u00e3o: cultivando a conex\u00e3o com o Divino e atraindo b\u00ean\u00e7\u00e3os para sua vida\",\"datePublished\":\"2025-04-30T19:04:17+00:00\",\"mainEntityOfPage\":{\"@id\":\"http:\/\/salmosbiblicos.com.br\/index.php\/2025\/04\/30\/o-poder-da-gratidao-cultivando-a-conexao-com-o-divino-e-atraindo-bencaos-para-sua-vida\/\"},\"wordCount\":467,\"articleSection\":[\"Reflex\u00e3o do Dia\"],\"inLanguage\":\"pt-BR\"},{\"@type\":\"WebPage\",\"@id\":\"http:\/\/salmosbiblicos.com.br\/index.php\/2025\/04\/30\/o-poder-da-gratidao-cultivando-a-conexao-com-o-divino-e-atraindo-bencaos-para-sua-vida\/\",\"url\":\"http:\/\/salmosbiblicos.com.br\/index.php\/2025\/04\/30\/o-poder-da-gratidao-cultivando-a-conexao-com-o-divino-e-atraindo-bencaos-para-sua-vida\/\",\"name\":\"O poder da gratid\u00e3o: cultivando a conex\u00e3o com o Divino e atraindo b\u00ean\u00e7\u00e3os para sua vida - Salmos B\u00edblicos\",\"isPartOf\":{\"@id\":\"https:\/\/salmosbiblicos.com.br\/#website\"},\"datePublished\":\"2025-04-30T19:04:17+00:00\",\"author\":{\"@id\":\"https:\/\/salmosbiblicos.com.br\/#\/schema\/person\/760735259ba35f1e44e89c71c72d79da\"},\"breadcrumb\":{\"@id\":\"http:\/\/salmosbiblicos.com.br\/index.php\/2025\/04\/30\/o-poder-da-gratidao-cultivando-a-conexao-com-o-divino-e-atraindo-bencaos-para-sua-vida\/#breadcrumb\"},\"inLanguage\":\"pt-BR\",\"potentialAction\":[{\"@type\":\"ReadAction\",\"target\":[\"http:\/\/salmosbiblicos.com.br\/index.php\/2025\/04\/30\/o-poder-da-gratidao-cultivando-a-conexao-com-o-divino-e-atraindo-bencaos-para-sua-vida\/\"]}]},{\"@type\":\"BreadcrumbList\",\"@id\":\"http:\/\/salmosbiblicos.com.br\/index.php\/2025\/04\/30\/o-poder-da-gratidao-cultivando-a-conexao-com-o-divino-e-atraindo-bencaos-para-sua-vida\/#breadcrumb\",\"itemListElement\":[{\"@type\":\"ListItem\",\"position\":1,\"name\":\"Home\",\"item\":\"https:\/\/salmosbiblicos.com.br\/\"},{\"@type\":\"ListItem\",\"position\":2,\"name\":\"O poder da gratid\u00e3o: cultivando a conex\u00e3o com o Divino e atraindo b\u00ean\u00e7\u00e3os para sua vida\"}]},{\"@type\":\"WebSite\",\"@id\":\"https:\/\/salmosbiblicos.com.br\/#website\",\"url\":\"https:\/\/salmosbiblicos.com.br\/\",\"name\":\"Salmos B\u00edblicos\",\"description\":\"Uma e-Livraria com e-Books novos para voc\u00ea refletir.\",\"potentialAction\":[{\"@type\":\"SearchAction\",\"target\":{\"@type\":\"EntryPoint\",\"urlTemplate\":\"https:\/\/salmosbiblicos.com.br\/?s={search_term_string}\"},\"query-input\":{\"@type\":\"PropertyValueSpecification\",\"valueRequired\":true,\"valueName\":\"search_term_string\"}}],\"inLanguage\":\"pt-BR\"},{\"@type\":\"Person\",\"@id\":\"https:\/\/salmosbiblicos.com.br\/#\/schema\/person\/760735259ba35f1e44e89c71c72d79da\",\"name\":\"Irmao\",\"image\":{\"@type\":\"ImageObject\",\"inLanguage\":\"pt-BR\",\"@id\":\"https:\/\/secure.gravatar.com\/avatar\/?s=96&d=mm&r=g\",\"url\":\"https:\/\/secure.gravatar.com\/avatar\/?s=96&d=mm&r=g\",\"contentUrl\":\"https:\/\/secure.gravatar.com\/avatar\/?s=96&d=mm&r=g\",\"caption\":\"Irmao\"},\"url\":\"http:\/\/salmosbiblicos.com.br\/index.php\/author\/irmao\/\"}]}<\/script>\n<!-- \/ Yoast SEO plugin. -->","yoast_head_json":{"title":"O poder da gratid\u00e3o: cultivando a conex\u00e3o com o Divino e atraindo b\u00ean\u00e7\u00e3os para sua vida - Salmos B\u00edblicos","robots":{"index":"index","follow":"follow","max-snippet":"max-snippet:-1","max-image-preview":"max-image-preview:large","max-video-preview":"max-video-preview:-1"},"canonical":"http:\/\/salmosbiblicos.com.br\/index.php\/2025\/04\/30\/o-poder-da-gratidao-cultivando-a-conexao-com-o-divino-e-atraindo-bencaos-para-sua-vida\/","og_locale":"pt_BR","og_type":"article","og_title":"O poder da gratid\u00e3o: cultivando a conex\u00e3o com o Divino e atraindo b\u00ean\u00e7\u00e3os para sua vida - Salmos B\u00edblicos","og_description":"Hoje eu quero falar sobre a import\u00e2ncia de cultivar a gratid\u00e3o em nossa vida. A gratid\u00e3o \u00e9 uma das virtudes mais poderosas que podemos ter, pois nos conecta diretamente com o Divino e nos ajuda a enxergar as b\u00ean\u00e7\u00e3os que recebemos diariamente. Muitas vezes, podemos nos sentir sobrecarregados com os desafios e dificuldades que enfrentamos, [&hellip;]","og_url":"http:\/\/salmosbiblicos.com.br\/index.php\/2025\/04\/30\/o-poder-da-gratidao-cultivando-a-conexao-com-o-divino-e-atraindo-bencaos-para-sua-vida\/","og_site_name":"Salmos B\u00edblicos","article_published_time":"2025-04-30T19:04:17+00:00","author":"Irmao","twitter_card":"summary_large_image","twitter_misc":{"Escrito por":"Irmao","Est. tempo de leitura":"2 minutos"},"schema":{"@context":"https:\/\/schema.org","@graph":[{"@type":"Article","@id":"http:\/\/salmosbiblicos.com.br\/index.php\/2025\/04\/30\/o-poder-da-gratidao-cultivando-a-conexao-com-o-divino-e-atraindo-bencaos-para-sua-vida\/#article","isPartOf":{"@id":"http:\/\/salmosbiblicos.com.br\/index.php\/2025\/04\/30\/o-poder-da-gratidao-cultivando-a-conexao-com-o-divino-e-atraindo-bencaos-para-sua-vida\/"},"author":{"name":"Irmao","@id":"https:\/\/salmosbiblicos.com.br\/#\/schema\/person\/760735259ba35f1e44e89c71c72d79da"},"headline":"O poder da gratid\u00e3o: cultivando a conex\u00e3o com o Divino e atraindo b\u00ean\u00e7\u00e3os para sua vida","datePublished":"2025-04-30T19:04:17+00:00","mainEntityOfPage":{"@id":"http:\/\/salmosbiblicos.com.br\/index.php\/2025\/04\/30\/o-poder-da-gratidao-cultivando-a-conexao-com-o-divino-e-atraindo-bencaos-para-sua-vida\/"},"wordCount":467,"articleSection":["Reflex\u00e3o do Dia"],"inLanguage":"pt-BR"},{"@type":"WebPage","@id":"http:\/\/salmosbiblicos.com.br\/index.php\/2025\/04\/30\/o-poder-da-gratidao-cultivando-a-conexao-com-o-divino-e-atraindo-bencaos-para-sua-vida\/","url":"http:\/\/salmosbiblicos.com.br\/index.php\/2025\/04\/30\/o-poder-da-gratidao-cultivando-a-conexao-com-o-divino-e-atraindo-bencaos-para-sua-vida\/","name":"O poder da gratid\u00e3o: cultivando a conex\u00e3o com o Divino e atraindo b\u00ean\u00e7\u00e3os para sua vida - Salmos B\u00edblicos","isPartOf":{"@id":"https:\/\/salmosbiblicos.com.br\/#website"},"datePublished":"2025-04-30T19:04:17+00:00","author":{"@id":"https:\/\/salmosbiblicos.com.br\/#\/schema\/person\/760735259ba35f1e44e89c71c72d79da"},"breadcrumb":{"@id":"http:\/\/salmosbiblicos.com.br\/index.php\/2025\/04\/30\/o-poder-da-gratidao-cultivando-a-conexao-com-o-divino-e-atraindo-bencaos-para-sua-vida\/#breadcrumb"},"inLanguage":"pt-BR","potentialAction":[{"@type":"ReadAction","target":["http:\/\/salmosbiblicos.com.br\/index.php\/2025\/04\/30\/o-poder-da-gratidao-cultivando-a-conexao-com-o-divino-e-atraindo-bencaos-para-sua-vida\/"]}]},{"@type":"BreadcrumbList","@id":"http:\/\/salmosbiblicos.com.br\/index.php\/2025\/04\/30\/o-poder-da-gratidao-cultivando-a-conexao-com-o-divino-e-atraindo-bencaos-para-sua-vida\/#breadcrumb","itemListElement":[{"@type":"ListItem","position":1,"name":"Home","item":"https:\/\/salmosbiblicos.com.br\/"},{"@type":"ListItem","position":2,"name":"O poder da gratid\u00e3o: cultivando a conex\u00e3o com o Divino e atraindo b\u00ean\u00e7\u00e3os para sua vida"}]},{"@type":"WebSite","@id":"https:\/\/salmosbiblicos.com.br\/#website","url":"https:\/\/salmosbiblicos.com.br\/","name":"Salmos B\u00edblicos","description":"Uma e-Livraria com e-Books novos para voc\u00ea refletir.","potentialAction":[{"@type":"SearchAction","target":{"@type":"EntryPoint","urlTemplate":"https:\/\/salmosbiblicos.com.br\/?s={search_term_string}"},"query-input":{"@type":"PropertyValueSpecification","valueRequired":true,"valueName":"search_term_string"}}],"inLanguage":"pt-BR"},{"@type":"Person","@id":"https:\/\/salmosbiblicos.com.br\/#\/schema\/person\/760735259ba35f1e44e89c71c72d79da","name":"Irmao","image":{"@type":"ImageObject","inLanguage":"pt-BR","@id":"https:\/\/secure.gravatar.com\/avatar\/?s=96&d=mm&r=g","url":"https:\/\/secure.gravatar.com\/avatar\/?s=96&d=mm&r=g","contentUrl":"https:\/\/secure.gravatar.com\/avatar\/?s=96&d=mm&r=g","caption":"Irmao"},"url":"http:\/\/salmosbiblicos.com.br\/index.php\/author\/irmao\/"}]}},"_links":{"self":[{"href":"http:\/\/salmosbiblicos.com.br\/index.php\/wp-json\/wp\/v2\/posts\/4518","targetHints":{"allow":["GET"]}}],"collection":[{"href":"http:\/\/salmosbiblicos.com.br\/index.php\/wp-json\/wp\/v2\/posts"}],"about":[{"href":"http:\/\/salmosbiblicos.com.br\/index.php\/wp-json\/wp\/v2\/types\/post"}],"author":[{"embeddable":true,"href":"http:\/\/salmosbiblicos.com.br\/index.php\/wp-json\/wp\/v2\/users\/2"}],"replies":[{"embeddable":true,"href":"http:\/\/salmosbiblicos.com.br\/index.php\/wp-json\/wp\/v2\/comments?post=4518"}],"version-history":[{"count":0,"href":"http:\/\/salmosbiblicos.com.br\/index.php\/wp-json\/wp\/v2\/posts\/4518\/revisions"}],"wp:attachment":[{"href":"http:\/\/salmosbiblicos.com.br\/index.php\/wp-json\/wp\/v2\/media?parent=4518"}],"wp:term":[{"taxonomy":"category","embeddable":true,"href":"http:\/\/salmosbiblicos.com.br\/index.php\/wp-json\/wp\/v2\/categories?post=4518"},{"taxonomy":"post_tag","embeddable":true,"href":"http:\/\/salmosbiblicos.com.br\/index.php\/wp-json\/wp\/v2\/tags?post=4518"}],"curies":[{"name":"wp","href":"https:\/\/api.w.org\/{rel}","templated":true}]}}