{"id":4520,"date":"2025-04-30T16:04:28","date_gmt":"2025-04-30T19:04:28","guid":{"rendered":"https:\/\/salmosbiblicos.com.br\/?p=4520"},"modified":"2025-04-30T16:04:28","modified_gmt":"2025-04-30T19:04:28","slug":"o-poder-da-gratidao-transforme-sua-vida-cultivando-a-virtude-da-gratidao-em-seu-coracao","status":"publish","type":"post","link":"http:\/\/salmosbiblicos.com.br\/index.php\/2025\/04\/30\/o-poder-da-gratidao-transforme-sua-vida-cultivando-a-virtude-da-gratidao-em-seu-coracao\/","title":{"rendered":"O poder da gratid\u00e3o: transforme sua vida cultivando a virtude da gratid\u00e3o em seu cora\u00e7\u00e3o"},"content":{"rendered":"<p>Hoje, quero compartilhar com voc\u00ea uma reflex\u00e3o sobre a import\u00e2ncia de cultivarmos a gratid\u00e3o em nosso cora\u00e7\u00e3o. Em meio \u00e0s adversidades e desafios do dia a dia, muitas vezes esquecemos de olhar ao nosso redor e reconhecer as b\u00ean\u00e7\u00e3os que recebemos constantemente.<\/p>\n<p>A gratid\u00e3o \u00e9 uma virtude poderosa que nos conecta com o divino e nos faz enxergar a beleza e a bondade que nos cercam. Quando somos gratos, somos capazes de transformar nossa perspectiva e encontrar paz e contentamento mesmo em meio ao caos.<\/p>\n<p>Por isso, hoje quero te convidar a praticar a gratid\u00e3o em sua vida. Comece o seu dia agradecendo pela oportunidade de estar vivo, pela sa\u00fade que voc\u00ea possui, pelas pessoas que te amam e te apoiam. Agrade\u00e7a pelo sol que brilha no c\u00e9u, pela chuva que nutre a terra, pelo ar que respiramos.<\/p>\n<p>Ao longo do dia, esteja atento aos pequenos detalhes que merecem sua gratid\u00e3o. Um sorriso sincero, um gesto de gentileza, uma palavra de incentivo. Agrade\u00e7a por cada momento de alegria, por cada li\u00e7\u00e3o aprendida, por cada obst\u00e1culo superado.<\/p>\n<p>E quando a noite chegar, dedique alguns minutos antes de dormir para fazer um balan\u00e7o do seu dia e agradecer por tudo o que aconteceu. Mesmo que o dia n\u00e3o tenha sido perfeito, sempre h\u00e1 algo pelo qual podemos ser gratos.<\/p>\n<p>Lembre-se de que a gratid\u00e3o n\u00e3o precisa ser algo grandioso ou elaborado. Ela pode estar presente nos momentos mais simples e cotidianos da nossa vida. Cultive o h\u00e1bito de agradecer e ver\u00e1 como sua vida se transformar\u00e1.<\/p>\n<p>Que a gratid\u00e3o seja a luz que ilumina o seu caminho, que te guia nos momentos de escurid\u00e3o e te enche de paz e serenidade. Que ela te ajude a enxergar a beleza que existe ao seu redor e te inspire a ser uma pessoa melhor a cada dia.<\/p>\n<p>Lembre-se: a gratid\u00e3o \u00e9 a chave para uma vida plena e feliz. Cultive-a em seu cora\u00e7\u00e3o e ver\u00e1 como a sua vida se transformar\u00e1 de maneira extraordin\u00e1ria.<\/p>\n<p>Que a gratid\u00e3o seja a sua companheira constante, guiando seus passos e preenchendo seu cora\u00e7\u00e3o de alegria e paz. Agrade\u00e7a sempre, pois a gratid\u00e3o \u00e9 o segredo para uma vida plena e feliz. Nunca se esque\u00e7a disso.<\/p>\n","protected":false},"excerpt":{"rendered":"<p>Hoje, quero compartilhar com voc\u00ea uma reflex\u00e3o sobre a import\u00e2ncia de cultivarmos a gratid\u00e3o em nosso cora\u00e7\u00e3o. Em meio \u00e0s adversidades e desafios do dia a dia, muitas vezes esquecemos de olhar ao nosso redor e reconhecer as b\u00ean\u00e7\u00e3os que recebemos constantemente. A gratid\u00e3o \u00e9 uma virtude poderosa que nos conecta com o divino e [&hellip;]<\/p>\n","protected":false},"author":2,"featured_media":0,"comment_status":"closed","ping_status":"open","sticky":false,"template":"","format":"standard","meta":{"footnotes":""},"categories":[6],"tags":[],"class_list":["post-4520","post","type-post","status-publish","format-standard","hentry","category-reflexao-do-dia"],"yoast_head":"<!-- This site is optimized with the Yoast SEO plugin v27.2 - https:\/\/yoast.com\/product\/yoast-seo-wordpress\/ -->\n<title>O poder da gratid\u00e3o: transforme sua vida cultivando a virtude da gratid\u00e3o em seu cora\u00e7\u00e3o - Salmos B\u00edblicos<\/title>\n<meta name=\"robots\" content=\"index, follow, max-snippet:-1, max-image-preview:large, max-video-preview:-1\" \/>\n<link rel=\"canonical\" href=\"http:\/\/salmosbiblicos.com.br\/index.php\/2025\/04\/30\/o-poder-da-gratidao-transforme-sua-vida-cultivando-a-virtude-da-gratidao-em-seu-coracao\/\" \/>\n<meta property=\"og:locale\" content=\"pt_BR\" \/>\n<meta property=\"og:type\" content=\"article\" \/>\n<meta property=\"og:title\" content=\"O poder da gratid\u00e3o: transforme sua vida cultivando a virtude da gratid\u00e3o em seu cora\u00e7\u00e3o - Salmos B\u00edblicos\" \/>\n<meta property=\"og:description\" content=\"Hoje, quero compartilhar com voc\u00ea uma reflex\u00e3o sobre a import\u00e2ncia de cultivarmos a gratid\u00e3o em nosso cora\u00e7\u00e3o. Em meio \u00e0s adversidades e desafios do dia a dia, muitas vezes esquecemos de olhar ao nosso redor e reconhecer as b\u00ean\u00e7\u00e3os que recebemos constantemente. A gratid\u00e3o \u00e9 uma virtude poderosa que nos conecta com o divino e [&hellip;]\" \/>\n<meta property=\"og:url\" content=\"http:\/\/salmosbiblicos.com.br\/index.php\/2025\/04\/30\/o-poder-da-gratidao-transforme-sua-vida-cultivando-a-virtude-da-gratidao-em-seu-coracao\/\" \/>\n<meta property=\"og:site_name\" content=\"Salmos B\u00edblicos\" \/>\n<meta property=\"article:published_time\" content=\"2025-04-30T19:04:28+00:00\" \/>\n<meta name=\"author\" content=\"Irmao\" \/>\n<meta name=\"twitter:card\" content=\"summary_large_image\" \/>\n<meta name=\"twitter:label1\" content=\"Escrito por\" \/>\n\t<meta name=\"twitter:data1\" content=\"Irmao\" \/>\n\t<meta name=\"twitter:label2\" content=\"Est. tempo de leitura\" \/>\n\t<meta name=\"twitter:data2\" content=\"2 minutos\" \/>\n<script type=\"application\/ld+json\" class=\"yoast-schema-graph\">{\"@context\":\"https:\/\/schema.org\",\"@graph\":[{\"@type\":\"Article\",\"@id\":\"http:\/\/salmosbiblicos.com.br\/index.php\/2025\/04\/30\/o-poder-da-gratidao-transforme-sua-vida-cultivando-a-virtude-da-gratidao-em-seu-coracao\/#article\",\"isPartOf\":{\"@id\":\"http:\/\/salmosbiblicos.com.br\/index.php\/2025\/04\/30\/o-poder-da-gratidao-transforme-sua-vida-cultivando-a-virtude-da-gratidao-em-seu-coracao\/\"},\"author\":{\"name\":\"Irmao\",\"@id\":\"https:\/\/salmosbiblicos.com.br\/#\/schema\/person\/760735259ba35f1e44e89c71c72d79da\"},\"headline\":\"O poder da gratid\u00e3o: transforme sua vida cultivando a virtude da gratid\u00e3o em seu cora\u00e7\u00e3o\",\"datePublished\":\"2025-04-30T19:04:28+00:00\",\"mainEntityOfPage\":{\"@id\":\"http:\/\/salmosbiblicos.com.br\/index.php\/2025\/04\/30\/o-poder-da-gratidao-transforme-sua-vida-cultivando-a-virtude-da-gratidao-em-seu-coracao\/\"},\"wordCount\":412,\"articleSection\":[\"Reflex\u00e3o do Dia\"],\"inLanguage\":\"pt-BR\"},{\"@type\":\"WebPage\",\"@id\":\"http:\/\/salmosbiblicos.com.br\/index.php\/2025\/04\/30\/o-poder-da-gratidao-transforme-sua-vida-cultivando-a-virtude-da-gratidao-em-seu-coracao\/\",\"url\":\"http:\/\/salmosbiblicos.com.br\/index.php\/2025\/04\/30\/o-poder-da-gratidao-transforme-sua-vida-cultivando-a-virtude-da-gratidao-em-seu-coracao\/\",\"name\":\"O poder da gratid\u00e3o: transforme sua vida cultivando a virtude da gratid\u00e3o em seu cora\u00e7\u00e3o - Salmos B\u00edblicos\",\"isPartOf\":{\"@id\":\"https:\/\/salmosbiblicos.com.br\/#website\"},\"datePublished\":\"2025-04-30T19:04:28+00:00\",\"author\":{\"@id\":\"https:\/\/salmosbiblicos.com.br\/#\/schema\/person\/760735259ba35f1e44e89c71c72d79da\"},\"breadcrumb\":{\"@id\":\"http:\/\/salmosbiblicos.com.br\/index.php\/2025\/04\/30\/o-poder-da-gratidao-transforme-sua-vida-cultivando-a-virtude-da-gratidao-em-seu-coracao\/#breadcrumb\"},\"inLanguage\":\"pt-BR\",\"potentialAction\":[{\"@type\":\"ReadAction\",\"target\":[\"http:\/\/salmosbiblicos.com.br\/index.php\/2025\/04\/30\/o-poder-da-gratidao-transforme-sua-vida-cultivando-a-virtude-da-gratidao-em-seu-coracao\/\"]}]},{\"@type\":\"BreadcrumbList\",\"@id\":\"http:\/\/salmosbiblicos.com.br\/index.php\/2025\/04\/30\/o-poder-da-gratidao-transforme-sua-vida-cultivando-a-virtude-da-gratidao-em-seu-coracao\/#breadcrumb\",\"itemListElement\":[{\"@type\":\"ListItem\",\"position\":1,\"name\":\"Home\",\"item\":\"https:\/\/salmosbiblicos.com.br\/\"},{\"@type\":\"ListItem\",\"position\":2,\"name\":\"O poder da gratid\u00e3o: transforme sua vida cultivando a virtude da gratid\u00e3o em seu cora\u00e7\u00e3o\"}]},{\"@type\":\"WebSite\",\"@id\":\"https:\/\/salmosbiblicos.com.br\/#website\",\"url\":\"https:\/\/salmosbiblicos.com.br\/\",\"name\":\"Salmos B\u00edblicos\",\"description\":\"Uma e-Livraria com e-Books novos para voc\u00ea refletir.\",\"potentialAction\":[{\"@type\":\"SearchAction\",\"target\":{\"@type\":\"EntryPoint\",\"urlTemplate\":\"https:\/\/salmosbiblicos.com.br\/?s={search_term_string}\"},\"query-input\":{\"@type\":\"PropertyValueSpecification\",\"valueRequired\":true,\"valueName\":\"search_term_string\"}}],\"inLanguage\":\"pt-BR\"},{\"@type\":\"Person\",\"@id\":\"https:\/\/salmosbiblicos.com.br\/#\/schema\/person\/760735259ba35f1e44e89c71c72d79da\",\"name\":\"Irmao\",\"image\":{\"@type\":\"ImageObject\",\"inLanguage\":\"pt-BR\",\"@id\":\"https:\/\/secure.gravatar.com\/avatar\/?s=96&d=mm&r=g\",\"url\":\"https:\/\/secure.gravatar.com\/avatar\/?s=96&d=mm&r=g\",\"contentUrl\":\"https:\/\/secure.gravatar.com\/avatar\/?s=96&d=mm&r=g\",\"caption\":\"Irmao\"},\"url\":\"http:\/\/salmosbiblicos.com.br\/index.php\/author\/irmao\/\"}]}<\/script>\n<!-- \/ Yoast SEO plugin. -->","yoast_head_json":{"title":"O poder da gratid\u00e3o: transforme sua vida cultivando a virtude da gratid\u00e3o em seu cora\u00e7\u00e3o - Salmos B\u00edblicos","robots":{"index":"index","follow":"follow","max-snippet":"max-snippet:-1","max-image-preview":"max-image-preview:large","max-video-preview":"max-video-preview:-1"},"canonical":"http:\/\/salmosbiblicos.com.br\/index.php\/2025\/04\/30\/o-poder-da-gratidao-transforme-sua-vida-cultivando-a-virtude-da-gratidao-em-seu-coracao\/","og_locale":"pt_BR","og_type":"article","og_title":"O poder da gratid\u00e3o: transforme sua vida cultivando a virtude da gratid\u00e3o em seu cora\u00e7\u00e3o - Salmos B\u00edblicos","og_description":"Hoje, quero compartilhar com voc\u00ea uma reflex\u00e3o sobre a import\u00e2ncia de cultivarmos a gratid\u00e3o em nosso cora\u00e7\u00e3o. Em meio \u00e0s adversidades e desafios do dia a dia, muitas vezes esquecemos de olhar ao nosso redor e reconhecer as b\u00ean\u00e7\u00e3os que recebemos constantemente. A gratid\u00e3o \u00e9 uma virtude poderosa que nos conecta com o divino e [&hellip;]","og_url":"http:\/\/salmosbiblicos.com.br\/index.php\/2025\/04\/30\/o-poder-da-gratidao-transforme-sua-vida-cultivando-a-virtude-da-gratidao-em-seu-coracao\/","og_site_name":"Salmos B\u00edblicos","article_published_time":"2025-04-30T19:04:28+00:00","author":"Irmao","twitter_card":"summary_large_image","twitter_misc":{"Escrito por":"Irmao","Est. tempo de leitura":"2 minutos"},"schema":{"@context":"https:\/\/schema.org","@graph":[{"@type":"Article","@id":"http:\/\/salmosbiblicos.com.br\/index.php\/2025\/04\/30\/o-poder-da-gratidao-transforme-sua-vida-cultivando-a-virtude-da-gratidao-em-seu-coracao\/#article","isPartOf":{"@id":"http:\/\/salmosbiblicos.com.br\/index.php\/2025\/04\/30\/o-poder-da-gratidao-transforme-sua-vida-cultivando-a-virtude-da-gratidao-em-seu-coracao\/"},"author":{"name":"Irmao","@id":"https:\/\/salmosbiblicos.com.br\/#\/schema\/person\/760735259ba35f1e44e89c71c72d79da"},"headline":"O poder da gratid\u00e3o: transforme sua vida cultivando a virtude da gratid\u00e3o em seu cora\u00e7\u00e3o","datePublished":"2025-04-30T19:04:28+00:00","mainEntityOfPage":{"@id":"http:\/\/salmosbiblicos.com.br\/index.php\/2025\/04\/30\/o-poder-da-gratidao-transforme-sua-vida-cultivando-a-virtude-da-gratidao-em-seu-coracao\/"},"wordCount":412,"articleSection":["Reflex\u00e3o do Dia"],"inLanguage":"pt-BR"},{"@type":"WebPage","@id":"http:\/\/salmosbiblicos.com.br\/index.php\/2025\/04\/30\/o-poder-da-gratidao-transforme-sua-vida-cultivando-a-virtude-da-gratidao-em-seu-coracao\/","url":"http:\/\/salmosbiblicos.com.br\/index.php\/2025\/04\/30\/o-poder-da-gratidao-transforme-sua-vida-cultivando-a-virtude-da-gratidao-em-seu-coracao\/","name":"O poder da gratid\u00e3o: transforme sua vida cultivando a virtude da gratid\u00e3o em seu cora\u00e7\u00e3o - Salmos B\u00edblicos","isPartOf":{"@id":"https:\/\/salmosbiblicos.com.br\/#website"},"datePublished":"2025-04-30T19:04:28+00:00","author":{"@id":"https:\/\/salmosbiblicos.com.br\/#\/schema\/person\/760735259ba35f1e44e89c71c72d79da"},"breadcrumb":{"@id":"http:\/\/salmosbiblicos.com.br\/index.php\/2025\/04\/30\/o-poder-da-gratidao-transforme-sua-vida-cultivando-a-virtude-da-gratidao-em-seu-coracao\/#breadcrumb"},"inLanguage":"pt-BR","potentialAction":[{"@type":"ReadAction","target":["http:\/\/salmosbiblicos.com.br\/index.php\/2025\/04\/30\/o-poder-da-gratidao-transforme-sua-vida-cultivando-a-virtude-da-gratidao-em-seu-coracao\/"]}]},{"@type":"BreadcrumbList","@id":"http:\/\/salmosbiblicos.com.br\/index.php\/2025\/04\/30\/o-poder-da-gratidao-transforme-sua-vida-cultivando-a-virtude-da-gratidao-em-seu-coracao\/#breadcrumb","itemListElement":[{"@type":"ListItem","position":1,"name":"Home","item":"https:\/\/salmosbiblicos.com.br\/"},{"@type":"ListItem","position":2,"name":"O poder da gratid\u00e3o: transforme sua vida cultivando a virtude da gratid\u00e3o em seu cora\u00e7\u00e3o"}]},{"@type":"WebSite","@id":"https:\/\/salmosbiblicos.com.br\/#website","url":"https:\/\/salmosbiblicos.com.br\/","name":"Salmos B\u00edblicos","description":"Uma e-Livraria com e-Books novos para voc\u00ea refletir.","potentialAction":[{"@type":"SearchAction","target":{"@type":"EntryPoint","urlTemplate":"https:\/\/salmosbiblicos.com.br\/?s={search_term_string}"},"query-input":{"@type":"PropertyValueSpecification","valueRequired":true,"valueName":"search_term_string"}}],"inLanguage":"pt-BR"},{"@type":"Person","@id":"https:\/\/salmosbiblicos.com.br\/#\/schema\/person\/760735259ba35f1e44e89c71c72d79da","name":"Irmao","image":{"@type":"ImageObject","inLanguage":"pt-BR","@id":"https:\/\/secure.gravatar.com\/avatar\/?s=96&d=mm&r=g","url":"https:\/\/secure.gravatar.com\/avatar\/?s=96&d=mm&r=g","contentUrl":"https:\/\/secure.gravatar.com\/avatar\/?s=96&d=mm&r=g","caption":"Irmao"},"url":"http:\/\/salmosbiblicos.com.br\/index.php\/author\/irmao\/"}]}},"_links":{"self":[{"href":"http:\/\/salmosbiblicos.com.br\/index.php\/wp-json\/wp\/v2\/posts\/4520","targetHints":{"allow":["GET"]}}],"collection":[{"href":"http:\/\/salmosbiblicos.com.br\/index.php\/wp-json\/wp\/v2\/posts"}],"about":[{"href":"http:\/\/salmosbiblicos.com.br\/index.php\/wp-json\/wp\/v2\/types\/post"}],"author":[{"embeddable":true,"href":"http:\/\/salmosbiblicos.com.br\/index.php\/wp-json\/wp\/v2\/users\/2"}],"replies":[{"embeddable":true,"href":"http:\/\/salmosbiblicos.com.br\/index.php\/wp-json\/wp\/v2\/comments?post=4520"}],"version-history":[{"count":0,"href":"http:\/\/salmosbiblicos.com.br\/index.php\/wp-json\/wp\/v2\/posts\/4520\/revisions"}],"wp:attachment":[{"href":"http:\/\/salmosbiblicos.com.br\/index.php\/wp-json\/wp\/v2\/media?parent=4520"}],"wp:term":[{"taxonomy":"category","embeddable":true,"href":"http:\/\/salmosbiblicos.com.br\/index.php\/wp-json\/wp\/v2\/categories?post=4520"},{"taxonomy":"post_tag","embeddable":true,"href":"http:\/\/salmosbiblicos.com.br\/index.php\/wp-json\/wp\/v2\/tags?post=4520"}],"curies":[{"name":"wp","href":"https:\/\/api.w.org\/{rel}","templated":true}]}}