{"id":4528,"date":"2025-04-30T16:04:54","date_gmt":"2025-04-30T19:04:54","guid":{"rendered":"https:\/\/salmosbiblicos.com.br\/?p=4528"},"modified":"2025-04-30T16:04:54","modified_gmt":"2025-04-30T19:04:54","slug":"jornada-de-fe-encontre-a-luz-e-a-paz-interior","status":"publish","type":"post","link":"http:\/\/salmosbiblicos.com.br\/index.php\/2025\/04\/30\/jornada-de-fe-encontre-a-luz-e-a-paz-interior\/","title":{"rendered":"Jornada de F\u00e9: Encontre a Luz e a Paz Interior"},"content":{"rendered":"<p>Nos caminhos da vida, em busca de luz,<br \/>\nEncontramos a f\u00e9, que nos conduz.<br \/>\nNo sil\u00eancio da alma, Deus nos fala,<br \/>\nE Maria, m\u00e3e amorosa, nos acolhe em sua sala.<\/p>\n<p>Os santos nos guiam, com sua devo\u00e7\u00e3o,<br \/>\nEnsinando-nos a viver com gratid\u00e3o.<br \/>\nJesus, o mestre divino, nos mostra o caminho,<br \/>\nDe amor, compaix\u00e3o e carinho.<\/p>\n<p>Na natureza, vemos a obra do Criador,<br \/>\nEm cada flor, em cada raio de sol, em cada cor.<br \/>\nQue a esperan\u00e7a se renove a cada amanhecer,<br \/>\nE a paz do esp\u00edrito possa florescer.<\/p>\n<p>Que a espiritualidade nos guie e nos inspire,<br \/>\nA sermos melhores a cada dia que transpire.<br \/>\nQue a f\u00e9 nos fortale\u00e7a e nos d\u00ea vigor,<br \/>\nPara seguir em frente, com o cora\u00e7\u00e3o cheio de amor.<\/p>\n","protected":false},"excerpt":{"rendered":"<p>Nos caminhos da vida, em busca de luz, Encontramos a f\u00e9, que nos conduz. No sil\u00eancio da alma, Deus nos fala, E Maria, m\u00e3e amorosa, nos acolhe em sua sala. Os santos nos guiam, com sua devo\u00e7\u00e3o, Ensinando-nos a viver com gratid\u00e3o. Jesus, o mestre divino, nos mostra o caminho, De amor, compaix\u00e3o e carinho. [&hellip;]<\/p>\n","protected":false},"author":2,"featured_media":0,"comment_status":"closed","ping_status":"open","sticky":false,"template":"","format":"standard","meta":{"footnotes":""},"categories":[7],"tags":[],"class_list":["post-4528","post","type-post","status-publish","format-standard","hentry","category-estudo-religioso"],"yoast_head":"<!-- This site is optimized with the Yoast SEO plugin v27.2 - https:\/\/yoast.com\/product\/yoast-seo-wordpress\/ -->\n<title>Jornada de F\u00e9: Encontre a Luz e a Paz Interior - Salmos B\u00edblicos<\/title>\n<meta name=\"robots\" content=\"index, follow, max-snippet:-1, max-image-preview:large, max-video-preview:-1\" \/>\n<link rel=\"canonical\" href=\"https:\/\/salmosbiblicos.com.br\/index.php\/2025\/04\/30\/jornada-de-fe-encontre-a-luz-e-a-paz-interior\/\" \/>\n<meta property=\"og:locale\" content=\"pt_BR\" \/>\n<meta property=\"og:type\" content=\"article\" \/>\n<meta property=\"og:title\" content=\"Jornada de F\u00e9: Encontre a Luz e a Paz Interior - Salmos B\u00edblicos\" \/>\n<meta property=\"og:description\" content=\"Nos caminhos da vida, em busca de luz, Encontramos a f\u00e9, que nos conduz. No sil\u00eancio da alma, Deus nos fala, E Maria, m\u00e3e amorosa, nos acolhe em sua sala. Os santos nos guiam, com sua devo\u00e7\u00e3o, Ensinando-nos a viver com gratid\u00e3o. Jesus, o mestre divino, nos mostra o caminho, De amor, compaix\u00e3o e carinho. [&hellip;]\" \/>\n<meta property=\"og:url\" content=\"https:\/\/salmosbiblicos.com.br\/index.php\/2025\/04\/30\/jornada-de-fe-encontre-a-luz-e-a-paz-interior\/\" \/>\n<meta property=\"og:site_name\" content=\"Salmos B\u00edblicos\" \/>\n<meta property=\"article:published_time\" content=\"2025-04-30T19:04:54+00:00\" \/>\n<meta name=\"author\" content=\"Irmao\" \/>\n<meta name=\"twitter:card\" content=\"summary_large_image\" \/>\n<meta name=\"twitter:label1\" content=\"Escrito por\" \/>\n\t<meta name=\"twitter:data1\" content=\"Irmao\" \/>\n\t<meta name=\"twitter:label2\" content=\"Est. tempo de leitura\" \/>\n\t<meta name=\"twitter:data2\" content=\"1 minuto\" \/>\n<script type=\"application\/ld+json\" class=\"yoast-schema-graph\">{\"@context\":\"https:\/\/schema.org\",\"@graph\":[{\"@type\":\"Article\",\"@id\":\"https:\/\/salmosbiblicos.com.br\/index.php\/2025\/04\/30\/jornada-de-fe-encontre-a-luz-e-a-paz-interior\/#article\",\"isPartOf\":{\"@id\":\"https:\/\/salmosbiblicos.com.br\/index.php\/2025\/04\/30\/jornada-de-fe-encontre-a-luz-e-a-paz-interior\/\"},\"author\":{\"name\":\"Irmao\",\"@id\":\"https:\/\/salmosbiblicos.com.br\/#\/schema\/person\/760735259ba35f1e44e89c71c72d79da\"},\"headline\":\"Jornada de F\u00e9: Encontre a Luz e a Paz Interior\",\"datePublished\":\"2025-04-30T19:04:54+00:00\",\"mainEntityOfPage\":{\"@id\":\"https:\/\/salmosbiblicos.com.br\/index.php\/2025\/04\/30\/jornada-de-fe-encontre-a-luz-e-a-paz-interior\/\"},\"wordCount\":142,\"articleSection\":[\"Poesias Religiosas\"],\"inLanguage\":\"pt-BR\"},{\"@type\":\"WebPage\",\"@id\":\"https:\/\/salmosbiblicos.com.br\/index.php\/2025\/04\/30\/jornada-de-fe-encontre-a-luz-e-a-paz-interior\/\",\"url\":\"https:\/\/salmosbiblicos.com.br\/index.php\/2025\/04\/30\/jornada-de-fe-encontre-a-luz-e-a-paz-interior\/\",\"name\":\"Jornada de F\u00e9: Encontre a Luz e a Paz Interior - Salmos B\u00edblicos\",\"isPartOf\":{\"@id\":\"https:\/\/salmosbiblicos.com.br\/#website\"},\"datePublished\":\"2025-04-30T19:04:54+00:00\",\"author\":{\"@id\":\"https:\/\/salmosbiblicos.com.br\/#\/schema\/person\/760735259ba35f1e44e89c71c72d79da\"},\"breadcrumb\":{\"@id\":\"https:\/\/salmosbiblicos.com.br\/index.php\/2025\/04\/30\/jornada-de-fe-encontre-a-luz-e-a-paz-interior\/#breadcrumb\"},\"inLanguage\":\"pt-BR\",\"potentialAction\":[{\"@type\":\"ReadAction\",\"target\":[\"https:\/\/salmosbiblicos.com.br\/index.php\/2025\/04\/30\/jornada-de-fe-encontre-a-luz-e-a-paz-interior\/\"]}]},{\"@type\":\"BreadcrumbList\",\"@id\":\"https:\/\/salmosbiblicos.com.br\/index.php\/2025\/04\/30\/jornada-de-fe-encontre-a-luz-e-a-paz-interior\/#breadcrumb\",\"itemListElement\":[{\"@type\":\"ListItem\",\"position\":1,\"name\":\"Home\",\"item\":\"https:\/\/salmosbiblicos.com.br\/\"},{\"@type\":\"ListItem\",\"position\":2,\"name\":\"Jornada de F\u00e9: Encontre a Luz e a Paz Interior\"}]},{\"@type\":\"WebSite\",\"@id\":\"https:\/\/salmosbiblicos.com.br\/#website\",\"url\":\"https:\/\/salmosbiblicos.com.br\/\",\"name\":\"Salmos B\u00edblicos\",\"description\":\"Uma e-Livraria com e-Books novos para voc\u00ea refletir.\",\"potentialAction\":[{\"@type\":\"SearchAction\",\"target\":{\"@type\":\"EntryPoint\",\"urlTemplate\":\"https:\/\/salmosbiblicos.com.br\/?s={search_term_string}\"},\"query-input\":{\"@type\":\"PropertyValueSpecification\",\"valueRequired\":true,\"valueName\":\"search_term_string\"}}],\"inLanguage\":\"pt-BR\"},{\"@type\":\"Person\",\"@id\":\"https:\/\/salmosbiblicos.com.br\/#\/schema\/person\/760735259ba35f1e44e89c71c72d79da\",\"name\":\"Irmao\",\"image\":{\"@type\":\"ImageObject\",\"inLanguage\":\"pt-BR\",\"@id\":\"https:\/\/secure.gravatar.com\/avatar\/?s=96&d=mm&r=g\",\"url\":\"https:\/\/secure.gravatar.com\/avatar\/?s=96&d=mm&r=g\",\"contentUrl\":\"https:\/\/secure.gravatar.com\/avatar\/?s=96&d=mm&r=g\",\"caption\":\"Irmao\"},\"url\":\"http:\/\/salmosbiblicos.com.br\/index.php\/author\/irmao\/\"}]}<\/script>\n<!-- \/ Yoast SEO plugin. -->","yoast_head_json":{"title":"Jornada de F\u00e9: Encontre a Luz e a Paz Interior - Salmos B\u00edblicos","robots":{"index":"index","follow":"follow","max-snippet":"max-snippet:-1","max-image-preview":"max-image-preview:large","max-video-preview":"max-video-preview:-1"},"canonical":"https:\/\/salmosbiblicos.com.br\/index.php\/2025\/04\/30\/jornada-de-fe-encontre-a-luz-e-a-paz-interior\/","og_locale":"pt_BR","og_type":"article","og_title":"Jornada de F\u00e9: Encontre a Luz e a Paz Interior - Salmos B\u00edblicos","og_description":"Nos caminhos da vida, em busca de luz, Encontramos a f\u00e9, que nos conduz. No sil\u00eancio da alma, Deus nos fala, E Maria, m\u00e3e amorosa, nos acolhe em sua sala. Os santos nos guiam, com sua devo\u00e7\u00e3o, Ensinando-nos a viver com gratid\u00e3o. Jesus, o mestre divino, nos mostra o caminho, De amor, compaix\u00e3o e carinho. [&hellip;]","og_url":"https:\/\/salmosbiblicos.com.br\/index.php\/2025\/04\/30\/jornada-de-fe-encontre-a-luz-e-a-paz-interior\/","og_site_name":"Salmos B\u00edblicos","article_published_time":"2025-04-30T19:04:54+00:00","author":"Irmao","twitter_card":"summary_large_image","twitter_misc":{"Escrito por":"Irmao","Est. tempo de leitura":"1 minuto"},"schema":{"@context":"https:\/\/schema.org","@graph":[{"@type":"Article","@id":"https:\/\/salmosbiblicos.com.br\/index.php\/2025\/04\/30\/jornada-de-fe-encontre-a-luz-e-a-paz-interior\/#article","isPartOf":{"@id":"https:\/\/salmosbiblicos.com.br\/index.php\/2025\/04\/30\/jornada-de-fe-encontre-a-luz-e-a-paz-interior\/"},"author":{"name":"Irmao","@id":"https:\/\/salmosbiblicos.com.br\/#\/schema\/person\/760735259ba35f1e44e89c71c72d79da"},"headline":"Jornada de F\u00e9: Encontre a Luz e a Paz Interior","datePublished":"2025-04-30T19:04:54+00:00","mainEntityOfPage":{"@id":"https:\/\/salmosbiblicos.com.br\/index.php\/2025\/04\/30\/jornada-de-fe-encontre-a-luz-e-a-paz-interior\/"},"wordCount":142,"articleSection":["Poesias Religiosas"],"inLanguage":"pt-BR"},{"@type":"WebPage","@id":"https:\/\/salmosbiblicos.com.br\/index.php\/2025\/04\/30\/jornada-de-fe-encontre-a-luz-e-a-paz-interior\/","url":"https:\/\/salmosbiblicos.com.br\/index.php\/2025\/04\/30\/jornada-de-fe-encontre-a-luz-e-a-paz-interior\/","name":"Jornada de F\u00e9: Encontre a Luz e a Paz Interior - Salmos B\u00edblicos","isPartOf":{"@id":"https:\/\/salmosbiblicos.com.br\/#website"},"datePublished":"2025-04-30T19:04:54+00:00","author":{"@id":"https:\/\/salmosbiblicos.com.br\/#\/schema\/person\/760735259ba35f1e44e89c71c72d79da"},"breadcrumb":{"@id":"https:\/\/salmosbiblicos.com.br\/index.php\/2025\/04\/30\/jornada-de-fe-encontre-a-luz-e-a-paz-interior\/#breadcrumb"},"inLanguage":"pt-BR","potentialAction":[{"@type":"ReadAction","target":["https:\/\/salmosbiblicos.com.br\/index.php\/2025\/04\/30\/jornada-de-fe-encontre-a-luz-e-a-paz-interior\/"]}]},{"@type":"BreadcrumbList","@id":"https:\/\/salmosbiblicos.com.br\/index.php\/2025\/04\/30\/jornada-de-fe-encontre-a-luz-e-a-paz-interior\/#breadcrumb","itemListElement":[{"@type":"ListItem","position":1,"name":"Home","item":"https:\/\/salmosbiblicos.com.br\/"},{"@type":"ListItem","position":2,"name":"Jornada de F\u00e9: Encontre a Luz e a Paz Interior"}]},{"@type":"WebSite","@id":"https:\/\/salmosbiblicos.com.br\/#website","url":"https:\/\/salmosbiblicos.com.br\/","name":"Salmos B\u00edblicos","description":"Uma e-Livraria com e-Books novos para voc\u00ea refletir.","potentialAction":[{"@type":"SearchAction","target":{"@type":"EntryPoint","urlTemplate":"https:\/\/salmosbiblicos.com.br\/?s={search_term_string}"},"query-input":{"@type":"PropertyValueSpecification","valueRequired":true,"valueName":"search_term_string"}}],"inLanguage":"pt-BR"},{"@type":"Person","@id":"https:\/\/salmosbiblicos.com.br\/#\/schema\/person\/760735259ba35f1e44e89c71c72d79da","name":"Irmao","image":{"@type":"ImageObject","inLanguage":"pt-BR","@id":"https:\/\/secure.gravatar.com\/avatar\/?s=96&d=mm&r=g","url":"https:\/\/secure.gravatar.com\/avatar\/?s=96&d=mm&r=g","contentUrl":"https:\/\/secure.gravatar.com\/avatar\/?s=96&d=mm&r=g","caption":"Irmao"},"url":"http:\/\/salmosbiblicos.com.br\/index.php\/author\/irmao\/"}]}},"_links":{"self":[{"href":"http:\/\/salmosbiblicos.com.br\/index.php\/wp-json\/wp\/v2\/posts\/4528","targetHints":{"allow":["GET"]}}],"collection":[{"href":"http:\/\/salmosbiblicos.com.br\/index.php\/wp-json\/wp\/v2\/posts"}],"about":[{"href":"http:\/\/salmosbiblicos.com.br\/index.php\/wp-json\/wp\/v2\/types\/post"}],"author":[{"embeddable":true,"href":"http:\/\/salmosbiblicos.com.br\/index.php\/wp-json\/wp\/v2\/users\/2"}],"replies":[{"embeddable":true,"href":"http:\/\/salmosbiblicos.com.br\/index.php\/wp-json\/wp\/v2\/comments?post=4528"}],"version-history":[{"count":0,"href":"http:\/\/salmosbiblicos.com.br\/index.php\/wp-json\/wp\/v2\/posts\/4528\/revisions"}],"wp:attachment":[{"href":"http:\/\/salmosbiblicos.com.br\/index.php\/wp-json\/wp\/v2\/media?parent=4528"}],"wp:term":[{"taxonomy":"category","embeddable":true,"href":"http:\/\/salmosbiblicos.com.br\/index.php\/wp-json\/wp\/v2\/categories?post=4528"},{"taxonomy":"post_tag","embeddable":true,"href":"http:\/\/salmosbiblicos.com.br\/index.php\/wp-json\/wp\/v2\/tags?post=4528"}],"curies":[{"name":"wp","href":"https:\/\/api.w.org\/{rel}","templated":true}]}}