{"id":4544,"date":"2025-04-30T16:05:53","date_gmt":"2025-04-30T19:05:53","guid":{"rendered":"https:\/\/salmosbiblicos.com.br\/?p=4544"},"modified":"2025-04-30T16:05:53","modified_gmt":"2025-04-30T19:05:53","slug":"reflexoes-e-celebracoes-na-sexta-feira-santa-o-significado-da-redencao-e-do-perdao","status":"publish","type":"post","link":"http:\/\/salmosbiblicos.com.br\/index.php\/2025\/04\/30\/reflexoes-e-celebracoes-na-sexta-feira-santa-o-significado-da-redencao-e-do-perdao\/","title":{"rendered":"Reflex\u00f5es e celebra\u00e7\u00f5es na Sexta-feira Santa: o significado da reden\u00e7\u00e3o e do perd\u00e3o."},"content":{"rendered":"<p>Uma das datas mais importantes do calend\u00e1rio religioso Cat\u00f3lico \u00e9 a Sexta-feira Santa. Este dia \u00e9 celebrado todos os anos durante a Semana Santa, que culmina na P\u00e1scoa, a festa mais importante para os crist\u00e3os. A Sexta-feira Santa marca a crucifica\u00e7\u00e3o e morte de Jesus Cristo, o filho de Deus, que deu sua vida para salvar a humanidade dos pecados.<\/p>\n<p>A origem da Sexta-feira Santa remonta aos tempos b\u00edblicos, quando Jesus foi tra\u00eddo por um de seus disc\u00edpulos, Judas Iscariotes, e entregue \u00e0s autoridades romanas para ser julgado e condenado \u00e0 morte na cruz. Este sacrif\u00edcio supremo de Jesus \u00e9 visto pelos crist\u00e3os como um ato de amor incondicional e reden\u00e7\u00e3o para toda a humanidade.<\/p>\n<p>O simbolismo por tr\u00e1s da Sexta-feira Santa \u00e9 profundo e poderoso. \u00c9 um dia de reflex\u00e3o e contempla\u00e7\u00e3o sobre o sacrif\u00edcio de Jesus e sobre o significado da reden\u00e7\u00e3o e perd\u00e3o. \u00c9 tamb\u00e9m um lembrete da import\u00e2ncia de seguir os ensinamentos de Jesus, de amar o pr\u00f3ximo e de perdoar aqueles que nos fazem mal.<\/p>\n<p>Neste dia, os crist\u00e3os participam de celebra\u00e7\u00f5es religiosas, como a Via Sacra, que recria os momentos finais de Jesus antes de sua crucifica\u00e7\u00e3o, e a Liturgia da Paix\u00e3o, que relembra os sofrimentos de Cristo na cruz. Muitas pessoas tamb\u00e9m praticam a abstin\u00eancia de carne e jejuam em sinal de respeito e penit\u00eancia.<\/p>\n<p>Para os fi\u00e9is, a Sexta-feira Santa \u00e9 um momento de profunda devo\u00e7\u00e3o e espiritualidade. \u00c9 um dia para se reconectar com a f\u00e9, para se arrepender dos pecados e para renovar o compromisso de seguir os ensinamentos de Jesus. \u00c9 tamb\u00e9m uma oportunidade de se solidarizar com aqueles que sofrem e de praticar a caridade e a compaix\u00e3o.<\/p>\n<p>Como sugest\u00e3o de reflex\u00e3o para este dia t\u00e3o especial, convido voc\u00ea a meditar sobre o sacrif\u00edcio de Jesus na cruz e sobre o significado da reden\u00e7\u00e3o e do perd\u00e3o em sua vida. Pense em maneiras de seguir os ensinamentos de Jesus, de amar o pr\u00f3ximo e de praticar a caridade e a compaix\u00e3o no seu dia a dia. Que a Sexta-feira Santa seja um momento de renova\u00e7\u00e3o espiritual e de fortalecimento da sua f\u00e9. Que a luz de Cristo ilumine o seu caminho e o guie para a verdade e o amor. Am\u00e9m.<\/p>\n","protected":false},"excerpt":{"rendered":"<p>Uma das datas mais importantes do calend\u00e1rio religioso Cat\u00f3lico \u00e9 a Sexta-feira Santa. Este dia \u00e9 celebrado todos os anos durante a Semana Santa, que culmina na P\u00e1scoa, a festa mais importante para os crist\u00e3os. A Sexta-feira Santa marca a crucifica\u00e7\u00e3o e morte de Jesus Cristo, o filho de Deus, que deu sua vida para [&hellip;]<\/p>\n","protected":false},"author":2,"featured_media":0,"comment_status":"closed","ping_status":"open","sticky":false,"template":"","format":"standard","meta":{"footnotes":""},"categories":[9],"tags":[],"class_list":["post-4544","post","type-post","status-publish","format-standard","hentry","category-data-religiosa"],"yoast_head":"<!-- This site is optimized with the Yoast SEO plugin v27.2 - https:\/\/yoast.com\/product\/yoast-seo-wordpress\/ -->\n<title>Reflex\u00f5es e celebra\u00e7\u00f5es na Sexta-feira Santa: o significado da reden\u00e7\u00e3o e do perd\u00e3o. - Salmos B\u00edblicos<\/title>\n<meta name=\"robots\" content=\"index, follow, max-snippet:-1, max-image-preview:large, max-video-preview:-1\" \/>\n<link rel=\"canonical\" href=\"http:\/\/salmosbiblicos.com.br\/index.php\/2025\/04\/30\/reflexoes-e-celebracoes-na-sexta-feira-santa-o-significado-da-redencao-e-do-perdao\/\" \/>\n<meta property=\"og:locale\" content=\"pt_BR\" \/>\n<meta property=\"og:type\" content=\"article\" \/>\n<meta property=\"og:title\" content=\"Reflex\u00f5es e celebra\u00e7\u00f5es na Sexta-feira Santa: o significado da reden\u00e7\u00e3o e do perd\u00e3o. - Salmos B\u00edblicos\" \/>\n<meta property=\"og:description\" content=\"Uma das datas mais importantes do calend\u00e1rio religioso Cat\u00f3lico \u00e9 a Sexta-feira Santa. Este dia \u00e9 celebrado todos os anos durante a Semana Santa, que culmina na P\u00e1scoa, a festa mais importante para os crist\u00e3os. A Sexta-feira Santa marca a crucifica\u00e7\u00e3o e morte de Jesus Cristo, o filho de Deus, que deu sua vida para [&hellip;]\" \/>\n<meta property=\"og:url\" content=\"http:\/\/salmosbiblicos.com.br\/index.php\/2025\/04\/30\/reflexoes-e-celebracoes-na-sexta-feira-santa-o-significado-da-redencao-e-do-perdao\/\" \/>\n<meta property=\"og:site_name\" content=\"Salmos B\u00edblicos\" \/>\n<meta property=\"article:published_time\" content=\"2025-04-30T19:05:53+00:00\" \/>\n<meta name=\"author\" content=\"Irmao\" \/>\n<meta name=\"twitter:card\" content=\"summary_large_image\" \/>\n<meta name=\"twitter:label1\" content=\"Escrito por\" \/>\n\t<meta name=\"twitter:data1\" content=\"Irmao\" \/>\n\t<meta name=\"twitter:label2\" content=\"Est. tempo de leitura\" \/>\n\t<meta name=\"twitter:data2\" content=\"2 minutos\" \/>\n<script type=\"application\/ld+json\" class=\"yoast-schema-graph\">{\"@context\":\"https:\/\/schema.org\",\"@graph\":[{\"@type\":\"Article\",\"@id\":\"http:\/\/salmosbiblicos.com.br\/index.php\/2025\/04\/30\/reflexoes-e-celebracoes-na-sexta-feira-santa-o-significado-da-redencao-e-do-perdao\/#article\",\"isPartOf\":{\"@id\":\"http:\/\/salmosbiblicos.com.br\/index.php\/2025\/04\/30\/reflexoes-e-celebracoes-na-sexta-feira-santa-o-significado-da-redencao-e-do-perdao\/\"},\"author\":{\"name\":\"Irmao\",\"@id\":\"https:\/\/salmosbiblicos.com.br\/#\/schema\/person\/760735259ba35f1e44e89c71c72d79da\"},\"headline\":\"Reflex\u00f5es e celebra\u00e7\u00f5es na Sexta-feira Santa: o significado da reden\u00e7\u00e3o e do perd\u00e3o.\",\"datePublished\":\"2025-04-30T19:05:53+00:00\",\"mainEntityOfPage\":{\"@id\":\"http:\/\/salmosbiblicos.com.br\/index.php\/2025\/04\/30\/reflexoes-e-celebracoes-na-sexta-feira-santa-o-significado-da-redencao-e-do-perdao\/\"},\"wordCount\":421,\"articleSection\":[\"Data Religiosa\"],\"inLanguage\":\"pt-BR\"},{\"@type\":\"WebPage\",\"@id\":\"http:\/\/salmosbiblicos.com.br\/index.php\/2025\/04\/30\/reflexoes-e-celebracoes-na-sexta-feira-santa-o-significado-da-redencao-e-do-perdao\/\",\"url\":\"http:\/\/salmosbiblicos.com.br\/index.php\/2025\/04\/30\/reflexoes-e-celebracoes-na-sexta-feira-santa-o-significado-da-redencao-e-do-perdao\/\",\"name\":\"Reflex\u00f5es e celebra\u00e7\u00f5es na Sexta-feira Santa: o significado da reden\u00e7\u00e3o e do perd\u00e3o. - Salmos B\u00edblicos\",\"isPartOf\":{\"@id\":\"https:\/\/salmosbiblicos.com.br\/#website\"},\"datePublished\":\"2025-04-30T19:05:53+00:00\",\"author\":{\"@id\":\"https:\/\/salmosbiblicos.com.br\/#\/schema\/person\/760735259ba35f1e44e89c71c72d79da\"},\"breadcrumb\":{\"@id\":\"http:\/\/salmosbiblicos.com.br\/index.php\/2025\/04\/30\/reflexoes-e-celebracoes-na-sexta-feira-santa-o-significado-da-redencao-e-do-perdao\/#breadcrumb\"},\"inLanguage\":\"pt-BR\",\"potentialAction\":[{\"@type\":\"ReadAction\",\"target\":[\"http:\/\/salmosbiblicos.com.br\/index.php\/2025\/04\/30\/reflexoes-e-celebracoes-na-sexta-feira-santa-o-significado-da-redencao-e-do-perdao\/\"]}]},{\"@type\":\"BreadcrumbList\",\"@id\":\"http:\/\/salmosbiblicos.com.br\/index.php\/2025\/04\/30\/reflexoes-e-celebracoes-na-sexta-feira-santa-o-significado-da-redencao-e-do-perdao\/#breadcrumb\",\"itemListElement\":[{\"@type\":\"ListItem\",\"position\":1,\"name\":\"Home\",\"item\":\"https:\/\/salmosbiblicos.com.br\/\"},{\"@type\":\"ListItem\",\"position\":2,\"name\":\"Reflex\u00f5es e celebra\u00e7\u00f5es na Sexta-feira Santa: o significado da reden\u00e7\u00e3o e do perd\u00e3o.\"}]},{\"@type\":\"WebSite\",\"@id\":\"https:\/\/salmosbiblicos.com.br\/#website\",\"url\":\"https:\/\/salmosbiblicos.com.br\/\",\"name\":\"Salmos B\u00edblicos\",\"description\":\"Uma e-Livraria com e-Books novos para voc\u00ea refletir.\",\"potentialAction\":[{\"@type\":\"SearchAction\",\"target\":{\"@type\":\"EntryPoint\",\"urlTemplate\":\"https:\/\/salmosbiblicos.com.br\/?s={search_term_string}\"},\"query-input\":{\"@type\":\"PropertyValueSpecification\",\"valueRequired\":true,\"valueName\":\"search_term_string\"}}],\"inLanguage\":\"pt-BR\"},{\"@type\":\"Person\",\"@id\":\"https:\/\/salmosbiblicos.com.br\/#\/schema\/person\/760735259ba35f1e44e89c71c72d79da\",\"name\":\"Irmao\",\"image\":{\"@type\":\"ImageObject\",\"inLanguage\":\"pt-BR\",\"@id\":\"https:\/\/secure.gravatar.com\/avatar\/?s=96&d=mm&r=g\",\"url\":\"https:\/\/secure.gravatar.com\/avatar\/?s=96&d=mm&r=g\",\"contentUrl\":\"https:\/\/secure.gravatar.com\/avatar\/?s=96&d=mm&r=g\",\"caption\":\"Irmao\"},\"url\":\"http:\/\/salmosbiblicos.com.br\/index.php\/author\/irmao\/\"}]}<\/script>\n<!-- \/ Yoast SEO plugin. -->","yoast_head_json":{"title":"Reflex\u00f5es e celebra\u00e7\u00f5es na Sexta-feira Santa: o significado da reden\u00e7\u00e3o e do perd\u00e3o. - Salmos B\u00edblicos","robots":{"index":"index","follow":"follow","max-snippet":"max-snippet:-1","max-image-preview":"max-image-preview:large","max-video-preview":"max-video-preview:-1"},"canonical":"http:\/\/salmosbiblicos.com.br\/index.php\/2025\/04\/30\/reflexoes-e-celebracoes-na-sexta-feira-santa-o-significado-da-redencao-e-do-perdao\/","og_locale":"pt_BR","og_type":"article","og_title":"Reflex\u00f5es e celebra\u00e7\u00f5es na Sexta-feira Santa: o significado da reden\u00e7\u00e3o e do perd\u00e3o. - Salmos B\u00edblicos","og_description":"Uma das datas mais importantes do calend\u00e1rio religioso Cat\u00f3lico \u00e9 a Sexta-feira Santa. Este dia \u00e9 celebrado todos os anos durante a Semana Santa, que culmina na P\u00e1scoa, a festa mais importante para os crist\u00e3os. A Sexta-feira Santa marca a crucifica\u00e7\u00e3o e morte de Jesus Cristo, o filho de Deus, que deu sua vida para [&hellip;]","og_url":"http:\/\/salmosbiblicos.com.br\/index.php\/2025\/04\/30\/reflexoes-e-celebracoes-na-sexta-feira-santa-o-significado-da-redencao-e-do-perdao\/","og_site_name":"Salmos B\u00edblicos","article_published_time":"2025-04-30T19:05:53+00:00","author":"Irmao","twitter_card":"summary_large_image","twitter_misc":{"Escrito por":"Irmao","Est. tempo de leitura":"2 minutos"},"schema":{"@context":"https:\/\/schema.org","@graph":[{"@type":"Article","@id":"http:\/\/salmosbiblicos.com.br\/index.php\/2025\/04\/30\/reflexoes-e-celebracoes-na-sexta-feira-santa-o-significado-da-redencao-e-do-perdao\/#article","isPartOf":{"@id":"http:\/\/salmosbiblicos.com.br\/index.php\/2025\/04\/30\/reflexoes-e-celebracoes-na-sexta-feira-santa-o-significado-da-redencao-e-do-perdao\/"},"author":{"name":"Irmao","@id":"https:\/\/salmosbiblicos.com.br\/#\/schema\/person\/760735259ba35f1e44e89c71c72d79da"},"headline":"Reflex\u00f5es e celebra\u00e7\u00f5es na Sexta-feira Santa: o significado da reden\u00e7\u00e3o e do perd\u00e3o.","datePublished":"2025-04-30T19:05:53+00:00","mainEntityOfPage":{"@id":"http:\/\/salmosbiblicos.com.br\/index.php\/2025\/04\/30\/reflexoes-e-celebracoes-na-sexta-feira-santa-o-significado-da-redencao-e-do-perdao\/"},"wordCount":421,"articleSection":["Data Religiosa"],"inLanguage":"pt-BR"},{"@type":"WebPage","@id":"http:\/\/salmosbiblicos.com.br\/index.php\/2025\/04\/30\/reflexoes-e-celebracoes-na-sexta-feira-santa-o-significado-da-redencao-e-do-perdao\/","url":"http:\/\/salmosbiblicos.com.br\/index.php\/2025\/04\/30\/reflexoes-e-celebracoes-na-sexta-feira-santa-o-significado-da-redencao-e-do-perdao\/","name":"Reflex\u00f5es e celebra\u00e7\u00f5es na Sexta-feira Santa: o significado da reden\u00e7\u00e3o e do perd\u00e3o. - Salmos B\u00edblicos","isPartOf":{"@id":"https:\/\/salmosbiblicos.com.br\/#website"},"datePublished":"2025-04-30T19:05:53+00:00","author":{"@id":"https:\/\/salmosbiblicos.com.br\/#\/schema\/person\/760735259ba35f1e44e89c71c72d79da"},"breadcrumb":{"@id":"http:\/\/salmosbiblicos.com.br\/index.php\/2025\/04\/30\/reflexoes-e-celebracoes-na-sexta-feira-santa-o-significado-da-redencao-e-do-perdao\/#breadcrumb"},"inLanguage":"pt-BR","potentialAction":[{"@type":"ReadAction","target":["http:\/\/salmosbiblicos.com.br\/index.php\/2025\/04\/30\/reflexoes-e-celebracoes-na-sexta-feira-santa-o-significado-da-redencao-e-do-perdao\/"]}]},{"@type":"BreadcrumbList","@id":"http:\/\/salmosbiblicos.com.br\/index.php\/2025\/04\/30\/reflexoes-e-celebracoes-na-sexta-feira-santa-o-significado-da-redencao-e-do-perdao\/#breadcrumb","itemListElement":[{"@type":"ListItem","position":1,"name":"Home","item":"https:\/\/salmosbiblicos.com.br\/"},{"@type":"ListItem","position":2,"name":"Reflex\u00f5es e celebra\u00e7\u00f5es na Sexta-feira Santa: o significado da reden\u00e7\u00e3o e do perd\u00e3o."}]},{"@type":"WebSite","@id":"https:\/\/salmosbiblicos.com.br\/#website","url":"https:\/\/salmosbiblicos.com.br\/","name":"Salmos B\u00edblicos","description":"Uma e-Livraria com e-Books novos para voc\u00ea refletir.","potentialAction":[{"@type":"SearchAction","target":{"@type":"EntryPoint","urlTemplate":"https:\/\/salmosbiblicos.com.br\/?s={search_term_string}"},"query-input":{"@type":"PropertyValueSpecification","valueRequired":true,"valueName":"search_term_string"}}],"inLanguage":"pt-BR"},{"@type":"Person","@id":"https:\/\/salmosbiblicos.com.br\/#\/schema\/person\/760735259ba35f1e44e89c71c72d79da","name":"Irmao","image":{"@type":"ImageObject","inLanguage":"pt-BR","@id":"https:\/\/secure.gravatar.com\/avatar\/?s=96&d=mm&r=g","url":"https:\/\/secure.gravatar.com\/avatar\/?s=96&d=mm&r=g","contentUrl":"https:\/\/secure.gravatar.com\/avatar\/?s=96&d=mm&r=g","caption":"Irmao"},"url":"http:\/\/salmosbiblicos.com.br\/index.php\/author\/irmao\/"}]}},"_links":{"self":[{"href":"http:\/\/salmosbiblicos.com.br\/index.php\/wp-json\/wp\/v2\/posts\/4544","targetHints":{"allow":["GET"]}}],"collection":[{"href":"http:\/\/salmosbiblicos.com.br\/index.php\/wp-json\/wp\/v2\/posts"}],"about":[{"href":"http:\/\/salmosbiblicos.com.br\/index.php\/wp-json\/wp\/v2\/types\/post"}],"author":[{"embeddable":true,"href":"http:\/\/salmosbiblicos.com.br\/index.php\/wp-json\/wp\/v2\/users\/2"}],"replies":[{"embeddable":true,"href":"http:\/\/salmosbiblicos.com.br\/index.php\/wp-json\/wp\/v2\/comments?post=4544"}],"version-history":[{"count":0,"href":"http:\/\/salmosbiblicos.com.br\/index.php\/wp-json\/wp\/v2\/posts\/4544\/revisions"}],"wp:attachment":[{"href":"http:\/\/salmosbiblicos.com.br\/index.php\/wp-json\/wp\/v2\/media?parent=4544"}],"wp:term":[{"taxonomy":"category","embeddable":true,"href":"http:\/\/salmosbiblicos.com.br\/index.php\/wp-json\/wp\/v2\/categories?post=4544"},{"taxonomy":"post_tag","embeddable":true,"href":"http:\/\/salmosbiblicos.com.br\/index.php\/wp-json\/wp\/v2\/tags?post=4544"}],"curies":[{"name":"wp","href":"https:\/\/api.w.org\/{rel}","templated":true}]}}