{"id":4548,"date":"2025-04-30T16:06:17","date_gmt":"2025-04-30T19:06:17","guid":{"rendered":"https:\/\/salmosbiblicos.com.br\/?p=4548"},"modified":"2025-04-30T16:06:17","modified_gmt":"2025-04-30T19:06:17","slug":"quaresma-tempo-de-reflexao-penitencia-e-preparacao-espiritual-para-a-pascoa","status":"publish","type":"post","link":"http:\/\/salmosbiblicos.com.br\/index.php\/2025\/04\/30\/quaresma-tempo-de-reflexao-penitencia-e-preparacao-espiritual-para-a-pascoa\/","title":{"rendered":"Quaresma: Tempo de Reflex\u00e3o, Penit\u00eancia e Prepara\u00e7\u00e3o Espiritual para a P\u00e1scoa"},"content":{"rendered":"<p>A Quaresma \u00e9 um per\u00edodo importante no calend\u00e1rio religioso cat\u00f3lico, que antecede a celebra\u00e7\u00e3o da P\u00e1scoa. Com in\u00edcio na Quarta-feira de Cinzas e dura\u00e7\u00e3o de aproximadamente 40 dias, a Quaresma \u00e9 um tempo de reflex\u00e3o, penit\u00eancia e prepara\u00e7\u00e3o espiritual para a celebra\u00e7\u00e3o da ressurrei\u00e7\u00e3o de Jesus Cristo.<\/p>\n<p>A origem da Quaresma remonta aos primeiros s\u00e9culos da igreja crist\u00e3, quando os fi\u00e9is se preparavam para a P\u00e1scoa com jejuns, ora\u00e7\u00f5es e obras de caridade. O n\u00famero 40 tem um significado simb\u00f3lico na tradi\u00e7\u00e3o b\u00edblica, representando o tempo de prepara\u00e7\u00e3o de Jesus no deserto, antes de iniciar seu minist\u00e9rio p\u00fablico.<\/p>\n<p>Durante a Quaresma, os cat\u00f3licos s\u00e3o convidados a fazer um exame de consci\u00eancia mais profundo, buscando se aproximar de Deus atrav\u00e9s da ora\u00e7\u00e3o, do jejum e da caridade. \u00c9 um tempo de renova\u00e7\u00e3o espiritual, de convers\u00e3o e de crescimento na f\u00e9.<\/p>\n<p>Neste per\u00edodo, somos chamados a refletir sobre nossas pr\u00f3prias fraquezas e pecados, a nos arrepender sinceramente e a buscar a reconcilia\u00e7\u00e3o com Deus e com o pr\u00f3ximo. \u00c9 um tempo de purifica\u00e7\u00e3o interior, de ren\u00fancia \u00e0s tenta\u00e7\u00f5es e de fortalecimento da nossa rela\u00e7\u00e3o com o divino.<\/p>\n<p>Uma sugest\u00e3o para vivenciar a Quaresma de forma mais significativa \u00e9 dedicar um tempo di\u00e1rio para a ora\u00e7\u00e3o e a medita\u00e7\u00e3o, buscando silenciar a mente e o cora\u00e7\u00e3o para ouvir a voz de Deus. Al\u00e9m disso, podemos praticar atos concretos de caridade, como ajudar o pr\u00f3ximo, perdoar quem nos magoou e buscar a paz em nossos relacionamentos.<\/p>\n<p>Que neste tempo de Quaresma possamos abrir nosso cora\u00e7\u00e3o para a gra\u00e7a de Deus, reconhecendo nossas fraquezas e pecados, e permitindo que Ele nos transforme e nos guie no caminho da santidade. Que possamos viver este per\u00edodo de prepara\u00e7\u00e3o com humildade, gratid\u00e3o e amor, para que possamos celebrar a P\u00e1scoa com um cora\u00e7\u00e3o renovado e cheio de alegria.<\/p>\n<p>Que a Quaresma seja para n\u00f3s um tempo de convers\u00e3o e de renova\u00e7\u00e3o espiritual, um tempo de encontro com Deus e de crescimento na f\u00e9. Que possamos aproveitar este per\u00edodo para nos aproximarmos mais do divino e para vivermos de acordo com os ensinamentos de Jesus Cristo, nosso Salvador e Redentor.<\/p>\n<p>Que a luz divina da P\u00e1scoa ilumine nosso caminho, nos trazendo esperan\u00e7a, alegria e paz. Que possamos ser testemunhas vivas do amor de Deus em nosso mundo, compartilhando sua gra\u00e7a e sua miseric\u00f3rdia com todos os que cruzam o nosso caminho.<\/p>\n<p>Que possamos viver a Quaresma com intensidade e devo\u00e7\u00e3o, buscando a convers\u00e3o do cora\u00e7\u00e3o e a santifica\u00e7\u00e3o da alma. Que possamos ser instrumentos da paz e da reconcilia\u00e7\u00e3o, levando a mensagem do Evangelho a todos os povos e na\u00e7\u00f5es.<\/p>\n<p>Que a Quaresma seja para n\u00f3s um tempo de gra\u00e7a e de b\u00ean\u00e7\u00e3o, um tempo de encontro com o divino e de renova\u00e7\u00e3o espiritual. Que possamos viver este per\u00edodo com f\u00e9, esperan\u00e7a e amor, buscando sempre a vontade de Deus em nossa vida e testemunhando o seu amor a todos os que encontramos pelo caminho.<\/p>\n<p>Que possamos aproveitar este tempo de Quaresma para nos aproximarmos mais de Deus, buscando crescer na f\u00e9 e na santidade, e para nos prepararmos espiritualmente para a celebra\u00e7\u00e3o da P\u00e1scoa, a festa da ressurrei\u00e7\u00e3o de Jesus Cristo, nosso Salvador e Redentor.<\/p>\n<p>Que a Quaresma seja para n\u00f3s um tempo de convers\u00e3o e de renova\u00e7\u00e3o espiritual, um tempo de gra\u00e7a e de b\u00ean\u00e7\u00e3o, um tempo de encontro com o divino e de crescimento na f\u00e9. Que possamos viver este per\u00edodo com intensidade e devo\u00e7\u00e3o, buscando sempre a vontade de Deus em nossa vida e testemunhando o seu amor a todos os que encontramos pelo caminho.<\/p>\n<p>Que possamos viver a Quaresma com alegria, esperan\u00e7a e confian\u00e7a, sabendo que Deus est\u00e1 sempre conosco, nos guiando e nos fortalecendo em nossa jornada de f\u00e9. Que possamos aproveitar este<\/p>\n","protected":false},"excerpt":{"rendered":"<p>A Quaresma \u00e9 um per\u00edodo importante no calend\u00e1rio religioso cat\u00f3lico, que antecede a celebra\u00e7\u00e3o da P\u00e1scoa. Com in\u00edcio na Quarta-feira de Cinzas e dura\u00e7\u00e3o de aproximadamente 40 dias, a Quaresma \u00e9 um tempo de reflex\u00e3o, penit\u00eancia e prepara\u00e7\u00e3o espiritual para a celebra\u00e7\u00e3o da ressurrei\u00e7\u00e3o de Jesus Cristo. A origem da Quaresma remonta aos primeiros s\u00e9culos [&hellip;]<\/p>\n","protected":false},"author":2,"featured_media":0,"comment_status":"closed","ping_status":"open","sticky":false,"template":"","format":"standard","meta":{"footnotes":""},"categories":[9],"tags":[],"class_list":["post-4548","post","type-post","status-publish","format-standard","hentry","category-data-religiosa"],"yoast_head":"<!-- This site is optimized with the Yoast SEO plugin v27.2 - https:\/\/yoast.com\/product\/yoast-seo-wordpress\/ -->\n<title>Quaresma: Tempo de Reflex\u00e3o, Penit\u00eancia e Prepara\u00e7\u00e3o Espiritual para a P\u00e1scoa - Salmos B\u00edblicos<\/title>\n<meta name=\"robots\" content=\"index, follow, max-snippet:-1, max-image-preview:large, max-video-preview:-1\" \/>\n<link rel=\"canonical\" href=\"https:\/\/salmosbiblicos.com.br\/index.php\/2025\/04\/30\/quaresma-tempo-de-reflexao-penitencia-e-preparacao-espiritual-para-a-pascoa\/\" \/>\n<meta property=\"og:locale\" content=\"pt_BR\" \/>\n<meta property=\"og:type\" content=\"article\" \/>\n<meta property=\"og:title\" content=\"Quaresma: Tempo de Reflex\u00e3o, Penit\u00eancia e Prepara\u00e7\u00e3o Espiritual para a P\u00e1scoa - Salmos B\u00edblicos\" \/>\n<meta property=\"og:description\" content=\"A Quaresma \u00e9 um per\u00edodo importante no calend\u00e1rio religioso cat\u00f3lico, que antecede a celebra\u00e7\u00e3o da P\u00e1scoa. Com in\u00edcio na Quarta-feira de Cinzas e dura\u00e7\u00e3o de aproximadamente 40 dias, a Quaresma \u00e9 um tempo de reflex\u00e3o, penit\u00eancia e prepara\u00e7\u00e3o espiritual para a celebra\u00e7\u00e3o da ressurrei\u00e7\u00e3o de Jesus Cristo. A origem da Quaresma remonta aos primeiros s\u00e9culos [&hellip;]\" \/>\n<meta property=\"og:url\" content=\"https:\/\/salmosbiblicos.com.br\/index.php\/2025\/04\/30\/quaresma-tempo-de-reflexao-penitencia-e-preparacao-espiritual-para-a-pascoa\/\" \/>\n<meta property=\"og:site_name\" content=\"Salmos B\u00edblicos\" \/>\n<meta property=\"article:published_time\" content=\"2025-04-30T19:06:17+00:00\" \/>\n<meta name=\"author\" content=\"Irmao\" \/>\n<meta name=\"twitter:card\" content=\"summary_large_image\" \/>\n<meta name=\"twitter:label1\" content=\"Escrito por\" \/>\n\t<meta name=\"twitter:data1\" content=\"Irmao\" \/>\n\t<meta name=\"twitter:label2\" content=\"Est. tempo de leitura\" \/>\n\t<meta name=\"twitter:data2\" content=\"3 minutos\" \/>\n<script type=\"application\/ld+json\" class=\"yoast-schema-graph\">{\"@context\":\"https:\/\/schema.org\",\"@graph\":[{\"@type\":\"Article\",\"@id\":\"https:\/\/salmosbiblicos.com.br\/index.php\/2025\/04\/30\/quaresma-tempo-de-reflexao-penitencia-e-preparacao-espiritual-para-a-pascoa\/#article\",\"isPartOf\":{\"@id\":\"https:\/\/salmosbiblicos.com.br\/index.php\/2025\/04\/30\/quaresma-tempo-de-reflexao-penitencia-e-preparacao-espiritual-para-a-pascoa\/\"},\"author\":{\"name\":\"Irmao\",\"@id\":\"https:\/\/salmosbiblicos.com.br\/#\/schema\/person\/760735259ba35f1e44e89c71c72d79da\"},\"headline\":\"Quaresma: Tempo de Reflex\u00e3o, Penit\u00eancia e Prepara\u00e7\u00e3o Espiritual para a P\u00e1scoa\",\"datePublished\":\"2025-04-30T19:06:17+00:00\",\"mainEntityOfPage\":{\"@id\":\"https:\/\/salmosbiblicos.com.br\/index.php\/2025\/04\/30\/quaresma-tempo-de-reflexao-penitencia-e-preparacao-espiritual-para-a-pascoa\/\"},\"wordCount\":714,\"articleSection\":[\"Data Religiosa\"],\"inLanguage\":\"pt-BR\"},{\"@type\":\"WebPage\",\"@id\":\"https:\/\/salmosbiblicos.com.br\/index.php\/2025\/04\/30\/quaresma-tempo-de-reflexao-penitencia-e-preparacao-espiritual-para-a-pascoa\/\",\"url\":\"https:\/\/salmosbiblicos.com.br\/index.php\/2025\/04\/30\/quaresma-tempo-de-reflexao-penitencia-e-preparacao-espiritual-para-a-pascoa\/\",\"name\":\"Quaresma: Tempo de Reflex\u00e3o, Penit\u00eancia e Prepara\u00e7\u00e3o Espiritual para a P\u00e1scoa - Salmos B\u00edblicos\",\"isPartOf\":{\"@id\":\"https:\/\/salmosbiblicos.com.br\/#website\"},\"datePublished\":\"2025-04-30T19:06:17+00:00\",\"author\":{\"@id\":\"https:\/\/salmosbiblicos.com.br\/#\/schema\/person\/760735259ba35f1e44e89c71c72d79da\"},\"breadcrumb\":{\"@id\":\"https:\/\/salmosbiblicos.com.br\/index.php\/2025\/04\/30\/quaresma-tempo-de-reflexao-penitencia-e-preparacao-espiritual-para-a-pascoa\/#breadcrumb\"},\"inLanguage\":\"pt-BR\",\"potentialAction\":[{\"@type\":\"ReadAction\",\"target\":[\"https:\/\/salmosbiblicos.com.br\/index.php\/2025\/04\/30\/quaresma-tempo-de-reflexao-penitencia-e-preparacao-espiritual-para-a-pascoa\/\"]}]},{\"@type\":\"BreadcrumbList\",\"@id\":\"https:\/\/salmosbiblicos.com.br\/index.php\/2025\/04\/30\/quaresma-tempo-de-reflexao-penitencia-e-preparacao-espiritual-para-a-pascoa\/#breadcrumb\",\"itemListElement\":[{\"@type\":\"ListItem\",\"position\":1,\"name\":\"Home\",\"item\":\"https:\/\/salmosbiblicos.com.br\/\"},{\"@type\":\"ListItem\",\"position\":2,\"name\":\"Quaresma: Tempo de Reflex\u00e3o, Penit\u00eancia e Prepara\u00e7\u00e3o Espiritual para a P\u00e1scoa\"}]},{\"@type\":\"WebSite\",\"@id\":\"https:\/\/salmosbiblicos.com.br\/#website\",\"url\":\"https:\/\/salmosbiblicos.com.br\/\",\"name\":\"Salmos B\u00edblicos\",\"description\":\"Uma e-Livraria com e-Books novos para voc\u00ea refletir.\",\"potentialAction\":[{\"@type\":\"SearchAction\",\"target\":{\"@type\":\"EntryPoint\",\"urlTemplate\":\"https:\/\/salmosbiblicos.com.br\/?s={search_term_string}\"},\"query-input\":{\"@type\":\"PropertyValueSpecification\",\"valueRequired\":true,\"valueName\":\"search_term_string\"}}],\"inLanguage\":\"pt-BR\"},{\"@type\":\"Person\",\"@id\":\"https:\/\/salmosbiblicos.com.br\/#\/schema\/person\/760735259ba35f1e44e89c71c72d79da\",\"name\":\"Irmao\",\"image\":{\"@type\":\"ImageObject\",\"inLanguage\":\"pt-BR\",\"@id\":\"https:\/\/secure.gravatar.com\/avatar\/?s=96&d=mm&r=g\",\"url\":\"https:\/\/secure.gravatar.com\/avatar\/?s=96&d=mm&r=g\",\"contentUrl\":\"https:\/\/secure.gravatar.com\/avatar\/?s=96&d=mm&r=g\",\"caption\":\"Irmao\"},\"url\":\"http:\/\/salmosbiblicos.com.br\/index.php\/author\/irmao\/\"}]}<\/script>\n<!-- \/ Yoast SEO plugin. -->","yoast_head_json":{"title":"Quaresma: Tempo de Reflex\u00e3o, Penit\u00eancia e Prepara\u00e7\u00e3o Espiritual para a P\u00e1scoa - Salmos B\u00edblicos","robots":{"index":"index","follow":"follow","max-snippet":"max-snippet:-1","max-image-preview":"max-image-preview:large","max-video-preview":"max-video-preview:-1"},"canonical":"https:\/\/salmosbiblicos.com.br\/index.php\/2025\/04\/30\/quaresma-tempo-de-reflexao-penitencia-e-preparacao-espiritual-para-a-pascoa\/","og_locale":"pt_BR","og_type":"article","og_title":"Quaresma: Tempo de Reflex\u00e3o, Penit\u00eancia e Prepara\u00e7\u00e3o Espiritual para a P\u00e1scoa - Salmos B\u00edblicos","og_description":"A Quaresma \u00e9 um per\u00edodo importante no calend\u00e1rio religioso cat\u00f3lico, que antecede a celebra\u00e7\u00e3o da P\u00e1scoa. Com in\u00edcio na Quarta-feira de Cinzas e dura\u00e7\u00e3o de aproximadamente 40 dias, a Quaresma \u00e9 um tempo de reflex\u00e3o, penit\u00eancia e prepara\u00e7\u00e3o espiritual para a celebra\u00e7\u00e3o da ressurrei\u00e7\u00e3o de Jesus Cristo. A origem da Quaresma remonta aos primeiros s\u00e9culos [&hellip;]","og_url":"https:\/\/salmosbiblicos.com.br\/index.php\/2025\/04\/30\/quaresma-tempo-de-reflexao-penitencia-e-preparacao-espiritual-para-a-pascoa\/","og_site_name":"Salmos B\u00edblicos","article_published_time":"2025-04-30T19:06:17+00:00","author":"Irmao","twitter_card":"summary_large_image","twitter_misc":{"Escrito por":"Irmao","Est. tempo de leitura":"3 minutos"},"schema":{"@context":"https:\/\/schema.org","@graph":[{"@type":"Article","@id":"https:\/\/salmosbiblicos.com.br\/index.php\/2025\/04\/30\/quaresma-tempo-de-reflexao-penitencia-e-preparacao-espiritual-para-a-pascoa\/#article","isPartOf":{"@id":"https:\/\/salmosbiblicos.com.br\/index.php\/2025\/04\/30\/quaresma-tempo-de-reflexao-penitencia-e-preparacao-espiritual-para-a-pascoa\/"},"author":{"name":"Irmao","@id":"https:\/\/salmosbiblicos.com.br\/#\/schema\/person\/760735259ba35f1e44e89c71c72d79da"},"headline":"Quaresma: Tempo de Reflex\u00e3o, Penit\u00eancia e Prepara\u00e7\u00e3o Espiritual para a P\u00e1scoa","datePublished":"2025-04-30T19:06:17+00:00","mainEntityOfPage":{"@id":"https:\/\/salmosbiblicos.com.br\/index.php\/2025\/04\/30\/quaresma-tempo-de-reflexao-penitencia-e-preparacao-espiritual-para-a-pascoa\/"},"wordCount":714,"articleSection":["Data Religiosa"],"inLanguage":"pt-BR"},{"@type":"WebPage","@id":"https:\/\/salmosbiblicos.com.br\/index.php\/2025\/04\/30\/quaresma-tempo-de-reflexao-penitencia-e-preparacao-espiritual-para-a-pascoa\/","url":"https:\/\/salmosbiblicos.com.br\/index.php\/2025\/04\/30\/quaresma-tempo-de-reflexao-penitencia-e-preparacao-espiritual-para-a-pascoa\/","name":"Quaresma: Tempo de Reflex\u00e3o, Penit\u00eancia e Prepara\u00e7\u00e3o Espiritual para a P\u00e1scoa - Salmos B\u00edblicos","isPartOf":{"@id":"https:\/\/salmosbiblicos.com.br\/#website"},"datePublished":"2025-04-30T19:06:17+00:00","author":{"@id":"https:\/\/salmosbiblicos.com.br\/#\/schema\/person\/760735259ba35f1e44e89c71c72d79da"},"breadcrumb":{"@id":"https:\/\/salmosbiblicos.com.br\/index.php\/2025\/04\/30\/quaresma-tempo-de-reflexao-penitencia-e-preparacao-espiritual-para-a-pascoa\/#breadcrumb"},"inLanguage":"pt-BR","potentialAction":[{"@type":"ReadAction","target":["https:\/\/salmosbiblicos.com.br\/index.php\/2025\/04\/30\/quaresma-tempo-de-reflexao-penitencia-e-preparacao-espiritual-para-a-pascoa\/"]}]},{"@type":"BreadcrumbList","@id":"https:\/\/salmosbiblicos.com.br\/index.php\/2025\/04\/30\/quaresma-tempo-de-reflexao-penitencia-e-preparacao-espiritual-para-a-pascoa\/#breadcrumb","itemListElement":[{"@type":"ListItem","position":1,"name":"Home","item":"https:\/\/salmosbiblicos.com.br\/"},{"@type":"ListItem","position":2,"name":"Quaresma: Tempo de Reflex\u00e3o, Penit\u00eancia e Prepara\u00e7\u00e3o Espiritual para a P\u00e1scoa"}]},{"@type":"WebSite","@id":"https:\/\/salmosbiblicos.com.br\/#website","url":"https:\/\/salmosbiblicos.com.br\/","name":"Salmos B\u00edblicos","description":"Uma e-Livraria com e-Books novos para voc\u00ea refletir.","potentialAction":[{"@type":"SearchAction","target":{"@type":"EntryPoint","urlTemplate":"https:\/\/salmosbiblicos.com.br\/?s={search_term_string}"},"query-input":{"@type":"PropertyValueSpecification","valueRequired":true,"valueName":"search_term_string"}}],"inLanguage":"pt-BR"},{"@type":"Person","@id":"https:\/\/salmosbiblicos.com.br\/#\/schema\/person\/760735259ba35f1e44e89c71c72d79da","name":"Irmao","image":{"@type":"ImageObject","inLanguage":"pt-BR","@id":"https:\/\/secure.gravatar.com\/avatar\/?s=96&d=mm&r=g","url":"https:\/\/secure.gravatar.com\/avatar\/?s=96&d=mm&r=g","contentUrl":"https:\/\/secure.gravatar.com\/avatar\/?s=96&d=mm&r=g","caption":"Irmao"},"url":"http:\/\/salmosbiblicos.com.br\/index.php\/author\/irmao\/"}]}},"_links":{"self":[{"href":"http:\/\/salmosbiblicos.com.br\/index.php\/wp-json\/wp\/v2\/posts\/4548","targetHints":{"allow":["GET"]}}],"collection":[{"href":"http:\/\/salmosbiblicos.com.br\/index.php\/wp-json\/wp\/v2\/posts"}],"about":[{"href":"http:\/\/salmosbiblicos.com.br\/index.php\/wp-json\/wp\/v2\/types\/post"}],"author":[{"embeddable":true,"href":"http:\/\/salmosbiblicos.com.br\/index.php\/wp-json\/wp\/v2\/users\/2"}],"replies":[{"embeddable":true,"href":"http:\/\/salmosbiblicos.com.br\/index.php\/wp-json\/wp\/v2\/comments?post=4548"}],"version-history":[{"count":0,"href":"http:\/\/salmosbiblicos.com.br\/index.php\/wp-json\/wp\/v2\/posts\/4548\/revisions"}],"wp:attachment":[{"href":"http:\/\/salmosbiblicos.com.br\/index.php\/wp-json\/wp\/v2\/media?parent=4548"}],"wp:term":[{"taxonomy":"category","embeddable":true,"href":"http:\/\/salmosbiblicos.com.br\/index.php\/wp-json\/wp\/v2\/categories?post=4548"},{"taxonomy":"post_tag","embeddable":true,"href":"http:\/\/salmosbiblicos.com.br\/index.php\/wp-json\/wp\/v2\/tags?post=4548"}],"curies":[{"name":"wp","href":"https:\/\/api.w.org\/{rel}","templated":true}]}}