{"id":4579,"date":"2025-05-01T18:49:26","date_gmt":"2025-05-01T21:49:26","guid":{"rendered":"https:\/\/salmosbiblicos.com.br\/?p=4579"},"modified":"2025-05-01T18:49:26","modified_gmt":"2025-05-01T21:49:26","slug":"encontre-a-paz-interior-em-meio-ao-caos-refugio-e-fortaleza-em-deus","status":"publish","type":"post","link":"http:\/\/salmosbiblicos.com.br\/index.php\/2025\/05\/01\/encontre-a-paz-interior-em-meio-ao-caos-refugio-e-fortaleza-em-deus\/","title":{"rendered":"Encontre a Paz Interior em Meio ao Caos: Ref\u00fagio e Fortaleza em Deus"},"content":{"rendered":"<p>Hoje, quero falar com voc\u00ea sobre a import\u00e2ncia de cultivar a paz interior em meio ao caos do mundo. Em tempos de incerteza, de not\u00edcias tristes e de desafios que parecem n\u00e3o ter fim, encontrar um momento de tranquilidade e serenidade \u00e9 fundamental para manter nossa sa\u00fade mental e espiritual.<\/p>\n<p>\u00c9 f\u00e1cil se deixar levar pelo turbilh\u00e3o de preocupa\u00e7\u00f5es, pelo medo do futuro e pela ansiedade do presente. Mas \u00e9 preciso lembrar que somos mais do que nossas circunst\u00e2ncias, somos filhos amados de um Deus que nos ama incondicionalmente e que deseja que encontremos a paz em meio \u00e0 tempestade.<\/p>\n<p>Hoje, quero te encorajar a buscar a paz que excede todo entendimento, aquela que vem de dentro, da certeza de que estamos nas m\u00e3os de um Deus que cuida de n\u00f3s a cada instante. N\u00e3o permita que as preocupa\u00e7\u00f5es do dia a dia roubem a sua paz, mas busque ref\u00fagio no Senhor, que \u00e9 a nossa fortaleza e o nosso ref\u00fagio seguro.<\/p>\n<p>Quando tudo ao nosso redor parece desmoronar, quando o mundo parece estar de cabe\u00e7a para baixo, lembre-se de que Deus est\u00e1 no controle de todas as coisas e que podemos descansar Nele, confiando que Ele tem um plano perfeito para n\u00f3s. N\u00e3o se deixe levar pelo medo, mas confie na promessa de que Ele nunca nos abandonar\u00e1.<\/p>\n<p>Que possamos encontrar a paz que tanto buscamos n\u00e3o nas circunst\u00e2ncias externas, mas no relacionamento profundo com o nosso Criador. Que possamos nos voltar para Ele em ora\u00e7\u00e3o, em medita\u00e7\u00e3o e em gratid\u00e3o, reconhecendo que Ele \u00e9 a fonte de toda a paz que precisamos.<\/p>\n<p>Hoje, escolha cultivar a paz em seu cora\u00e7\u00e3o, mesmo que o mundo ao seu redor pare\u00e7a estar em caos. Lembre-se de que a paz que o mundo oferece \u00e9 passageira, mas a paz que vem de Deus \u00e9 duradoura e inabal\u00e1vel. Que a presen\u00e7a do Esp\u00edrito Santo te envolva e te console, trazendo a paz que excede todo entendimento.<\/p>\n<p>Que a paz de Deus, que excede todo entendimento, guarde o seu cora\u00e7\u00e3o e a sua mente em Cristo Jesus. Que a esperan\u00e7a e a alegria do Senhor sejam a sua for\u00e7a nos momentos de fraqueza. Que a sua f\u00e9 seja fortalecida e que voc\u00ea encontre descanso em Deus, sabendo que Ele \u00e9 o seu ref\u00fagio seguro em meio \u00e0 tempestade.<\/p>\n<p>Lembre-se: a paz que procuramos est\u00e1 dispon\u00edvel para n\u00f3s, basta que busquemos no lugar certo. Que a paz de Deus esteja com voc\u00ea hoje e sempre. Am\u00e9m.<\/p>\n","protected":false},"excerpt":{"rendered":"<p>Hoje, quero falar com voc\u00ea sobre a import\u00e2ncia de cultivar a paz interior em meio ao caos do mundo. Em tempos de incerteza, de not\u00edcias tristes e de desafios que parecem n\u00e3o ter fim, encontrar um momento de tranquilidade e serenidade \u00e9 fundamental para manter nossa sa\u00fade mental e espiritual. \u00c9 f\u00e1cil se deixar levar [&hellip;]<\/p>\n","protected":false},"author":2,"featured_media":0,"comment_status":"closed","ping_status":"open","sticky":false,"template":"","format":"standard","meta":{"footnotes":""},"categories":[6],"tags":[],"class_list":["post-4579","post","type-post","status-publish","format-standard","hentry","category-reflexao-do-dia"],"yoast_head":"<!-- This site is optimized with the Yoast SEO plugin v27.2 - https:\/\/yoast.com\/product\/yoast-seo-wordpress\/ -->\n<title>Encontre a Paz Interior em Meio ao Caos: Ref\u00fagio e Fortaleza em Deus - Salmos B\u00edblicos<\/title>\n<meta name=\"robots\" content=\"index, follow, max-snippet:-1, max-image-preview:large, max-video-preview:-1\" \/>\n<link rel=\"canonical\" href=\"https:\/\/salmosbiblicos.com.br\/index.php\/2025\/05\/01\/encontre-a-paz-interior-em-meio-ao-caos-refugio-e-fortaleza-em-deus\/\" \/>\n<meta property=\"og:locale\" content=\"pt_BR\" \/>\n<meta property=\"og:type\" content=\"article\" \/>\n<meta property=\"og:title\" content=\"Encontre a Paz Interior em Meio ao Caos: Ref\u00fagio e Fortaleza em Deus - Salmos B\u00edblicos\" \/>\n<meta property=\"og:description\" content=\"Hoje, quero falar com voc\u00ea sobre a import\u00e2ncia de cultivar a paz interior em meio ao caos do mundo. Em tempos de incerteza, de not\u00edcias tristes e de desafios que parecem n\u00e3o ter fim, encontrar um momento de tranquilidade e serenidade \u00e9 fundamental para manter nossa sa\u00fade mental e espiritual. \u00c9 f\u00e1cil se deixar levar [&hellip;]\" \/>\n<meta property=\"og:url\" content=\"https:\/\/salmosbiblicos.com.br\/index.php\/2025\/05\/01\/encontre-a-paz-interior-em-meio-ao-caos-refugio-e-fortaleza-em-deus\/\" \/>\n<meta property=\"og:site_name\" content=\"Salmos B\u00edblicos\" \/>\n<meta property=\"article:published_time\" content=\"2025-05-01T21:49:26+00:00\" \/>\n<meta name=\"author\" content=\"Irmao\" \/>\n<meta name=\"twitter:card\" content=\"summary_large_image\" \/>\n<meta name=\"twitter:label1\" content=\"Escrito por\" \/>\n\t<meta name=\"twitter:data1\" content=\"Irmao\" \/>\n\t<meta name=\"twitter:label2\" content=\"Est. tempo de leitura\" \/>\n\t<meta name=\"twitter:data2\" content=\"2 minutos\" \/>\n<script type=\"application\/ld+json\" class=\"yoast-schema-graph\">{\"@context\":\"https:\/\/schema.org\",\"@graph\":[{\"@type\":\"Article\",\"@id\":\"https:\/\/salmosbiblicos.com.br\/index.php\/2025\/05\/01\/encontre-a-paz-interior-em-meio-ao-caos-refugio-e-fortaleza-em-deus\/#article\",\"isPartOf\":{\"@id\":\"https:\/\/salmosbiblicos.com.br\/index.php\/2025\/05\/01\/encontre-a-paz-interior-em-meio-ao-caos-refugio-e-fortaleza-em-deus\/\"},\"author\":{\"name\":\"Irmao\",\"@id\":\"https:\/\/salmosbiblicos.com.br\/#\/schema\/person\/760735259ba35f1e44e89c71c72d79da\"},\"headline\":\"Encontre a Paz Interior em Meio ao Caos: Ref\u00fagio e Fortaleza em Deus\",\"datePublished\":\"2025-05-01T21:49:26+00:00\",\"mainEntityOfPage\":{\"@id\":\"https:\/\/salmosbiblicos.com.br\/index.php\/2025\/05\/01\/encontre-a-paz-interior-em-meio-ao-caos-refugio-e-fortaleza-em-deus\/\"},\"wordCount\":449,\"articleSection\":[\"Reflex\u00e3o do Dia\"],\"inLanguage\":\"pt-BR\"},{\"@type\":\"WebPage\",\"@id\":\"https:\/\/salmosbiblicos.com.br\/index.php\/2025\/05\/01\/encontre-a-paz-interior-em-meio-ao-caos-refugio-e-fortaleza-em-deus\/\",\"url\":\"https:\/\/salmosbiblicos.com.br\/index.php\/2025\/05\/01\/encontre-a-paz-interior-em-meio-ao-caos-refugio-e-fortaleza-em-deus\/\",\"name\":\"Encontre a Paz Interior em Meio ao Caos: Ref\u00fagio e Fortaleza em Deus - Salmos B\u00edblicos\",\"isPartOf\":{\"@id\":\"https:\/\/salmosbiblicos.com.br\/#website\"},\"datePublished\":\"2025-05-01T21:49:26+00:00\",\"author\":{\"@id\":\"https:\/\/salmosbiblicos.com.br\/#\/schema\/person\/760735259ba35f1e44e89c71c72d79da\"},\"breadcrumb\":{\"@id\":\"https:\/\/salmosbiblicos.com.br\/index.php\/2025\/05\/01\/encontre-a-paz-interior-em-meio-ao-caos-refugio-e-fortaleza-em-deus\/#breadcrumb\"},\"inLanguage\":\"pt-BR\",\"potentialAction\":[{\"@type\":\"ReadAction\",\"target\":[\"https:\/\/salmosbiblicos.com.br\/index.php\/2025\/05\/01\/encontre-a-paz-interior-em-meio-ao-caos-refugio-e-fortaleza-em-deus\/\"]}]},{\"@type\":\"BreadcrumbList\",\"@id\":\"https:\/\/salmosbiblicos.com.br\/index.php\/2025\/05\/01\/encontre-a-paz-interior-em-meio-ao-caos-refugio-e-fortaleza-em-deus\/#breadcrumb\",\"itemListElement\":[{\"@type\":\"ListItem\",\"position\":1,\"name\":\"Home\",\"item\":\"https:\/\/salmosbiblicos.com.br\/\"},{\"@type\":\"ListItem\",\"position\":2,\"name\":\"Encontre a Paz Interior em Meio ao Caos: Ref\u00fagio e Fortaleza em Deus\"}]},{\"@type\":\"WebSite\",\"@id\":\"https:\/\/salmosbiblicos.com.br\/#website\",\"url\":\"https:\/\/salmosbiblicos.com.br\/\",\"name\":\"Salmos B\u00edblicos\",\"description\":\"Uma e-Livraria com e-Books novos para voc\u00ea refletir.\",\"potentialAction\":[{\"@type\":\"SearchAction\",\"target\":{\"@type\":\"EntryPoint\",\"urlTemplate\":\"https:\/\/salmosbiblicos.com.br\/?s={search_term_string}\"},\"query-input\":{\"@type\":\"PropertyValueSpecification\",\"valueRequired\":true,\"valueName\":\"search_term_string\"}}],\"inLanguage\":\"pt-BR\"},{\"@type\":\"Person\",\"@id\":\"https:\/\/salmosbiblicos.com.br\/#\/schema\/person\/760735259ba35f1e44e89c71c72d79da\",\"name\":\"Irmao\",\"image\":{\"@type\":\"ImageObject\",\"inLanguage\":\"pt-BR\",\"@id\":\"https:\/\/secure.gravatar.com\/avatar\/?s=96&d=mm&r=g\",\"url\":\"https:\/\/secure.gravatar.com\/avatar\/?s=96&d=mm&r=g\",\"contentUrl\":\"https:\/\/secure.gravatar.com\/avatar\/?s=96&d=mm&r=g\",\"caption\":\"Irmao\"},\"url\":\"http:\/\/salmosbiblicos.com.br\/index.php\/author\/irmao\/\"}]}<\/script>\n<!-- \/ Yoast SEO plugin. -->","yoast_head_json":{"title":"Encontre a Paz Interior em Meio ao Caos: Ref\u00fagio e Fortaleza em Deus - Salmos B\u00edblicos","robots":{"index":"index","follow":"follow","max-snippet":"max-snippet:-1","max-image-preview":"max-image-preview:large","max-video-preview":"max-video-preview:-1"},"canonical":"https:\/\/salmosbiblicos.com.br\/index.php\/2025\/05\/01\/encontre-a-paz-interior-em-meio-ao-caos-refugio-e-fortaleza-em-deus\/","og_locale":"pt_BR","og_type":"article","og_title":"Encontre a Paz Interior em Meio ao Caos: Ref\u00fagio e Fortaleza em Deus - Salmos B\u00edblicos","og_description":"Hoje, quero falar com voc\u00ea sobre a import\u00e2ncia de cultivar a paz interior em meio ao caos do mundo. Em tempos de incerteza, de not\u00edcias tristes e de desafios que parecem n\u00e3o ter fim, encontrar um momento de tranquilidade e serenidade \u00e9 fundamental para manter nossa sa\u00fade mental e espiritual. \u00c9 f\u00e1cil se deixar levar [&hellip;]","og_url":"https:\/\/salmosbiblicos.com.br\/index.php\/2025\/05\/01\/encontre-a-paz-interior-em-meio-ao-caos-refugio-e-fortaleza-em-deus\/","og_site_name":"Salmos B\u00edblicos","article_published_time":"2025-05-01T21:49:26+00:00","author":"Irmao","twitter_card":"summary_large_image","twitter_misc":{"Escrito por":"Irmao","Est. tempo de leitura":"2 minutos"},"schema":{"@context":"https:\/\/schema.org","@graph":[{"@type":"Article","@id":"https:\/\/salmosbiblicos.com.br\/index.php\/2025\/05\/01\/encontre-a-paz-interior-em-meio-ao-caos-refugio-e-fortaleza-em-deus\/#article","isPartOf":{"@id":"https:\/\/salmosbiblicos.com.br\/index.php\/2025\/05\/01\/encontre-a-paz-interior-em-meio-ao-caos-refugio-e-fortaleza-em-deus\/"},"author":{"name":"Irmao","@id":"https:\/\/salmosbiblicos.com.br\/#\/schema\/person\/760735259ba35f1e44e89c71c72d79da"},"headline":"Encontre a Paz Interior em Meio ao Caos: Ref\u00fagio e Fortaleza em Deus","datePublished":"2025-05-01T21:49:26+00:00","mainEntityOfPage":{"@id":"https:\/\/salmosbiblicos.com.br\/index.php\/2025\/05\/01\/encontre-a-paz-interior-em-meio-ao-caos-refugio-e-fortaleza-em-deus\/"},"wordCount":449,"articleSection":["Reflex\u00e3o do Dia"],"inLanguage":"pt-BR"},{"@type":"WebPage","@id":"https:\/\/salmosbiblicos.com.br\/index.php\/2025\/05\/01\/encontre-a-paz-interior-em-meio-ao-caos-refugio-e-fortaleza-em-deus\/","url":"https:\/\/salmosbiblicos.com.br\/index.php\/2025\/05\/01\/encontre-a-paz-interior-em-meio-ao-caos-refugio-e-fortaleza-em-deus\/","name":"Encontre a Paz Interior em Meio ao Caos: Ref\u00fagio e Fortaleza em Deus - Salmos B\u00edblicos","isPartOf":{"@id":"https:\/\/salmosbiblicos.com.br\/#website"},"datePublished":"2025-05-01T21:49:26+00:00","author":{"@id":"https:\/\/salmosbiblicos.com.br\/#\/schema\/person\/760735259ba35f1e44e89c71c72d79da"},"breadcrumb":{"@id":"https:\/\/salmosbiblicos.com.br\/index.php\/2025\/05\/01\/encontre-a-paz-interior-em-meio-ao-caos-refugio-e-fortaleza-em-deus\/#breadcrumb"},"inLanguage":"pt-BR","potentialAction":[{"@type":"ReadAction","target":["https:\/\/salmosbiblicos.com.br\/index.php\/2025\/05\/01\/encontre-a-paz-interior-em-meio-ao-caos-refugio-e-fortaleza-em-deus\/"]}]},{"@type":"BreadcrumbList","@id":"https:\/\/salmosbiblicos.com.br\/index.php\/2025\/05\/01\/encontre-a-paz-interior-em-meio-ao-caos-refugio-e-fortaleza-em-deus\/#breadcrumb","itemListElement":[{"@type":"ListItem","position":1,"name":"Home","item":"https:\/\/salmosbiblicos.com.br\/"},{"@type":"ListItem","position":2,"name":"Encontre a Paz Interior em Meio ao Caos: Ref\u00fagio e Fortaleza em Deus"}]},{"@type":"WebSite","@id":"https:\/\/salmosbiblicos.com.br\/#website","url":"https:\/\/salmosbiblicos.com.br\/","name":"Salmos B\u00edblicos","description":"Uma e-Livraria com e-Books novos para voc\u00ea refletir.","potentialAction":[{"@type":"SearchAction","target":{"@type":"EntryPoint","urlTemplate":"https:\/\/salmosbiblicos.com.br\/?s={search_term_string}"},"query-input":{"@type":"PropertyValueSpecification","valueRequired":true,"valueName":"search_term_string"}}],"inLanguage":"pt-BR"},{"@type":"Person","@id":"https:\/\/salmosbiblicos.com.br\/#\/schema\/person\/760735259ba35f1e44e89c71c72d79da","name":"Irmao","image":{"@type":"ImageObject","inLanguage":"pt-BR","@id":"https:\/\/secure.gravatar.com\/avatar\/?s=96&d=mm&r=g","url":"https:\/\/secure.gravatar.com\/avatar\/?s=96&d=mm&r=g","contentUrl":"https:\/\/secure.gravatar.com\/avatar\/?s=96&d=mm&r=g","caption":"Irmao"},"url":"http:\/\/salmosbiblicos.com.br\/index.php\/author\/irmao\/"}]}},"_links":{"self":[{"href":"http:\/\/salmosbiblicos.com.br\/index.php\/wp-json\/wp\/v2\/posts\/4579","targetHints":{"allow":["GET"]}}],"collection":[{"href":"http:\/\/salmosbiblicos.com.br\/index.php\/wp-json\/wp\/v2\/posts"}],"about":[{"href":"http:\/\/salmosbiblicos.com.br\/index.php\/wp-json\/wp\/v2\/types\/post"}],"author":[{"embeddable":true,"href":"http:\/\/salmosbiblicos.com.br\/index.php\/wp-json\/wp\/v2\/users\/2"}],"replies":[{"embeddable":true,"href":"http:\/\/salmosbiblicos.com.br\/index.php\/wp-json\/wp\/v2\/comments?post=4579"}],"version-history":[{"count":0,"href":"http:\/\/salmosbiblicos.com.br\/index.php\/wp-json\/wp\/v2\/posts\/4579\/revisions"}],"wp:attachment":[{"href":"http:\/\/salmosbiblicos.com.br\/index.php\/wp-json\/wp\/v2\/media?parent=4579"}],"wp:term":[{"taxonomy":"category","embeddable":true,"href":"http:\/\/salmosbiblicos.com.br\/index.php\/wp-json\/wp\/v2\/categories?post=4579"},{"taxonomy":"post_tag","embeddable":true,"href":"http:\/\/salmosbiblicos.com.br\/index.php\/wp-json\/wp\/v2\/tags?post=4579"}],"curies":[{"name":"wp","href":"https:\/\/api.w.org\/{rel}","templated":true}]}}