{"id":4581,"date":"2025-05-01T18:49:38","date_gmt":"2025-05-01T21:49:38","guid":{"rendered":"https:\/\/salmosbiblicos.com.br\/?p=4581"},"modified":"2025-05-01T18:49:38","modified_gmt":"2025-05-01T21:49:38","slug":"reflexoes-sobre-a-gratidao-a-chave-para-a-paz-interior-e-a-serenidade","status":"publish","type":"post","link":"http:\/\/salmosbiblicos.com.br\/index.php\/2025\/05\/01\/reflexoes-sobre-a-gratidao-a-chave-para-a-paz-interior-e-a-serenidade\/","title":{"rendered":"Reflex\u00f5es sobre a Gratid\u00e3o: A Chave para a Paz Interior e a Serenidade"},"content":{"rendered":"<p>Hoje, quero compartilhar com voc\u00ea uma reflex\u00e3o sobre a import\u00e2ncia de cultivar a gratid\u00e3o em nossas vidas. Em meio \u00e0s turbul\u00eancias e desafios do dia a dia, muitas vezes esquecemos de olhar ao nosso redor e agradecer por todas as b\u00ean\u00e7\u00e3os que recebemos.<\/p>\n<p>A gratid\u00e3o \u00e9 uma atitude poderosa que nos conecta com o divino e nos ajuda a enxergar a beleza e a generosidade que permeiam nossa exist\u00eancia. Quando somos gratos, abrimos nosso cora\u00e7\u00e3o para receber mais amor, paz e felicidade.<\/p>\n<p>Cultivar a gratid\u00e3o n\u00e3o significa ignorar as dificuldades e os momentos de dor que enfrentamos. Pelo contr\u00e1rio, a gratid\u00e3o nos ajuda a encontrar luz mesmo nas situa\u00e7\u00f5es mais sombrias, nos ensinando a valorizar as li\u00e7\u00f5es que podemos aprender com os desafios que surgem em nosso caminho.<\/p>\n<p>Ao praticarmos a gratid\u00e3o, transformamos nossa perspectiva e nossas emo\u00e7\u00f5es. Agradecer por cada pequeno gesto de bondade, por cada sorriso compartilhado, por cada oportunidade de crescimento, nos ajuda a nutrir a alma e a fortalecer o esp\u00edrito.<\/p>\n<p>Que possamos, a cada dia, reservar um momento para refletir sobre tudo aquilo pelo qual somos gratos. Que possamos expressar nossa gratid\u00e3o atrav\u00e9s de palavras gentis, gestos de solidariedade e atitudes de amor.<\/p>\n<p>Lembre-se, a gratid\u00e3o n\u00e3o \u00e9 apenas uma quest\u00e3o de educa\u00e7\u00e3o ou etiqueta social. \u00c9 uma atitude profundamente espiritual que nos conecta com a fonte de toda a vida e nos ajuda a reconhecer a presen\u00e7a do divino em cada detalhe do nosso cotidiano.<\/p>\n<p>Que possamos ser gratos pelo milagre da vida, pela oportunidade de amar e ser amados, pela d\u00e1diva da sa\u00fade e da harmonia. Que possamos agradecer pelo sol que brilha no c\u00e9u, pela chuva que alimenta a terra, pelo vento que acaricia nossa pele.<\/p>\n<p>Que a gratid\u00e3o seja a nossa b\u00fassola, guiando-nos em dire\u00e7\u00e3o \u00e0 paz interior e \u00e0 serenidade. Que ela nos lembre da import\u00e2ncia de vivermos no presente, valorizando cada instante como uma preciosidade \u00fanica e irrepet\u00edvel.<\/p>\n<p>Ent\u00e3o, querido amigo, que possamos abrir nossos cora\u00e7\u00f5es para a gratid\u00e3o e permitir que ela transforme nossa vida de dentro para fora. Que possamos nos lembrar, a cada respira\u00e7\u00e3o, que somos profundamente amados e cuidados por uma for\u00e7a maior que tudo permeia.<\/p>\n<p>Que a gratid\u00e3o seja a can\u00e7\u00e3o que embala nossos dias e a luz que ilumina nossas noites. Que possamos ser gratos, acima de tudo, pela oportunidade de sermos instrumentos de amor e paz neste mundo que tanto precisa de esperan\u00e7a.<\/p>\n<p>Que a gratid\u00e3o seja a nossa for\u00e7a e o nosso guia, nos conduzindo sempre de volta ao caminho do cora\u00e7\u00e3o.<\/p>\n<p>Lembre-se: a gratid\u00e3o transforma, cura e renova. Que possamos ser gratos, sempre.<\/p>\n<p>Com amor e gratid\u00e3o,<br \/>\n(Seu nome)<\/p>\n","protected":false},"excerpt":{"rendered":"<p>Hoje, quero compartilhar com voc\u00ea uma reflex\u00e3o sobre a import\u00e2ncia de cultivar a gratid\u00e3o em nossas vidas. Em meio \u00e0s turbul\u00eancias e desafios do dia a dia, muitas vezes esquecemos de olhar ao nosso redor e agradecer por todas as b\u00ean\u00e7\u00e3os que recebemos. A gratid\u00e3o \u00e9 uma atitude poderosa que nos conecta com o divino [&hellip;]<\/p>\n","protected":false},"author":2,"featured_media":0,"comment_status":"closed","ping_status":"open","sticky":false,"template":"","format":"standard","meta":{"footnotes":""},"categories":[6],"tags":[],"class_list":["post-4581","post","type-post","status-publish","format-standard","hentry","category-reflexao-do-dia"],"yoast_head":"<!-- This site is optimized with the Yoast SEO plugin v27.2 - https:\/\/yoast.com\/product\/yoast-seo-wordpress\/ -->\n<title>Reflex\u00f5es sobre a Gratid\u00e3o: A Chave para a Paz Interior e a Serenidade - Salmos B\u00edblicos<\/title>\n<meta name=\"robots\" content=\"index, follow, max-snippet:-1, max-image-preview:large, max-video-preview:-1\" \/>\n<link rel=\"canonical\" href=\"https:\/\/salmosbiblicos.com.br\/index.php\/2025\/05\/01\/reflexoes-sobre-a-gratidao-a-chave-para-a-paz-interior-e-a-serenidade\/\" \/>\n<meta property=\"og:locale\" content=\"pt_BR\" \/>\n<meta property=\"og:type\" content=\"article\" \/>\n<meta property=\"og:title\" content=\"Reflex\u00f5es sobre a Gratid\u00e3o: A Chave para a Paz Interior e a Serenidade - Salmos B\u00edblicos\" \/>\n<meta property=\"og:description\" content=\"Hoje, quero compartilhar com voc\u00ea uma reflex\u00e3o sobre a import\u00e2ncia de cultivar a gratid\u00e3o em nossas vidas. Em meio \u00e0s turbul\u00eancias e desafios do dia a dia, muitas vezes esquecemos de olhar ao nosso redor e agradecer por todas as b\u00ean\u00e7\u00e3os que recebemos. A gratid\u00e3o \u00e9 uma atitude poderosa que nos conecta com o divino [&hellip;]\" \/>\n<meta property=\"og:url\" content=\"https:\/\/salmosbiblicos.com.br\/index.php\/2025\/05\/01\/reflexoes-sobre-a-gratidao-a-chave-para-a-paz-interior-e-a-serenidade\/\" \/>\n<meta property=\"og:site_name\" content=\"Salmos B\u00edblicos\" \/>\n<meta property=\"article:published_time\" content=\"2025-05-01T21:49:38+00:00\" \/>\n<meta name=\"author\" content=\"Irmao\" \/>\n<meta name=\"twitter:card\" content=\"summary_large_image\" \/>\n<meta name=\"twitter:label1\" content=\"Escrito por\" \/>\n\t<meta name=\"twitter:data1\" content=\"Irmao\" \/>\n\t<meta name=\"twitter:label2\" content=\"Est. tempo de leitura\" \/>\n\t<meta name=\"twitter:data2\" content=\"2 minutos\" \/>\n<script type=\"application\/ld+json\" class=\"yoast-schema-graph\">{\"@context\":\"https:\/\/schema.org\",\"@graph\":[{\"@type\":\"Article\",\"@id\":\"https:\/\/salmosbiblicos.com.br\/index.php\/2025\/05\/01\/reflexoes-sobre-a-gratidao-a-chave-para-a-paz-interior-e-a-serenidade\/#article\",\"isPartOf\":{\"@id\":\"https:\/\/salmosbiblicos.com.br\/index.php\/2025\/05\/01\/reflexoes-sobre-a-gratidao-a-chave-para-a-paz-interior-e-a-serenidade\/\"},\"author\":{\"name\":\"Irmao\",\"@id\":\"https:\/\/salmosbiblicos.com.br\/#\/schema\/person\/760735259ba35f1e44e89c71c72d79da\"},\"headline\":\"Reflex\u00f5es sobre a Gratid\u00e3o: A Chave para a Paz Interior e a Serenidade\",\"datePublished\":\"2025-05-01T21:49:38+00:00\",\"mainEntityOfPage\":{\"@id\":\"https:\/\/salmosbiblicos.com.br\/index.php\/2025\/05\/01\/reflexoes-sobre-a-gratidao-a-chave-para-a-paz-interior-e-a-serenidade\/\"},\"wordCount\":495,\"articleSection\":[\"Reflex\u00e3o do Dia\"],\"inLanguage\":\"pt-BR\"},{\"@type\":\"WebPage\",\"@id\":\"https:\/\/salmosbiblicos.com.br\/index.php\/2025\/05\/01\/reflexoes-sobre-a-gratidao-a-chave-para-a-paz-interior-e-a-serenidade\/\",\"url\":\"https:\/\/salmosbiblicos.com.br\/index.php\/2025\/05\/01\/reflexoes-sobre-a-gratidao-a-chave-para-a-paz-interior-e-a-serenidade\/\",\"name\":\"Reflex\u00f5es sobre a Gratid\u00e3o: A Chave para a Paz Interior e a Serenidade - Salmos B\u00edblicos\",\"isPartOf\":{\"@id\":\"https:\/\/salmosbiblicos.com.br\/#website\"},\"datePublished\":\"2025-05-01T21:49:38+00:00\",\"author\":{\"@id\":\"https:\/\/salmosbiblicos.com.br\/#\/schema\/person\/760735259ba35f1e44e89c71c72d79da\"},\"breadcrumb\":{\"@id\":\"https:\/\/salmosbiblicos.com.br\/index.php\/2025\/05\/01\/reflexoes-sobre-a-gratidao-a-chave-para-a-paz-interior-e-a-serenidade\/#breadcrumb\"},\"inLanguage\":\"pt-BR\",\"potentialAction\":[{\"@type\":\"ReadAction\",\"target\":[\"https:\/\/salmosbiblicos.com.br\/index.php\/2025\/05\/01\/reflexoes-sobre-a-gratidao-a-chave-para-a-paz-interior-e-a-serenidade\/\"]}]},{\"@type\":\"BreadcrumbList\",\"@id\":\"https:\/\/salmosbiblicos.com.br\/index.php\/2025\/05\/01\/reflexoes-sobre-a-gratidao-a-chave-para-a-paz-interior-e-a-serenidade\/#breadcrumb\",\"itemListElement\":[{\"@type\":\"ListItem\",\"position\":1,\"name\":\"Home\",\"item\":\"https:\/\/salmosbiblicos.com.br\/\"},{\"@type\":\"ListItem\",\"position\":2,\"name\":\"Reflex\u00f5es sobre a Gratid\u00e3o: A Chave para a Paz Interior e a Serenidade\"}]},{\"@type\":\"WebSite\",\"@id\":\"https:\/\/salmosbiblicos.com.br\/#website\",\"url\":\"https:\/\/salmosbiblicos.com.br\/\",\"name\":\"Salmos B\u00edblicos\",\"description\":\"Uma e-Livraria com e-Books novos para voc\u00ea refletir.\",\"potentialAction\":[{\"@type\":\"SearchAction\",\"target\":{\"@type\":\"EntryPoint\",\"urlTemplate\":\"https:\/\/salmosbiblicos.com.br\/?s={search_term_string}\"},\"query-input\":{\"@type\":\"PropertyValueSpecification\",\"valueRequired\":true,\"valueName\":\"search_term_string\"}}],\"inLanguage\":\"pt-BR\"},{\"@type\":\"Person\",\"@id\":\"https:\/\/salmosbiblicos.com.br\/#\/schema\/person\/760735259ba35f1e44e89c71c72d79da\",\"name\":\"Irmao\",\"image\":{\"@type\":\"ImageObject\",\"inLanguage\":\"pt-BR\",\"@id\":\"https:\/\/secure.gravatar.com\/avatar\/?s=96&d=mm&r=g\",\"url\":\"https:\/\/secure.gravatar.com\/avatar\/?s=96&d=mm&r=g\",\"contentUrl\":\"https:\/\/secure.gravatar.com\/avatar\/?s=96&d=mm&r=g\",\"caption\":\"Irmao\"},\"url\":\"http:\/\/salmosbiblicos.com.br\/index.php\/author\/irmao\/\"}]}<\/script>\n<!-- \/ Yoast SEO plugin. -->","yoast_head_json":{"title":"Reflex\u00f5es sobre a Gratid\u00e3o: A Chave para a Paz Interior e a Serenidade - Salmos B\u00edblicos","robots":{"index":"index","follow":"follow","max-snippet":"max-snippet:-1","max-image-preview":"max-image-preview:large","max-video-preview":"max-video-preview:-1"},"canonical":"https:\/\/salmosbiblicos.com.br\/index.php\/2025\/05\/01\/reflexoes-sobre-a-gratidao-a-chave-para-a-paz-interior-e-a-serenidade\/","og_locale":"pt_BR","og_type":"article","og_title":"Reflex\u00f5es sobre a Gratid\u00e3o: A Chave para a Paz Interior e a Serenidade - Salmos B\u00edblicos","og_description":"Hoje, quero compartilhar com voc\u00ea uma reflex\u00e3o sobre a import\u00e2ncia de cultivar a gratid\u00e3o em nossas vidas. Em meio \u00e0s turbul\u00eancias e desafios do dia a dia, muitas vezes esquecemos de olhar ao nosso redor e agradecer por todas as b\u00ean\u00e7\u00e3os que recebemos. A gratid\u00e3o \u00e9 uma atitude poderosa que nos conecta com o divino [&hellip;]","og_url":"https:\/\/salmosbiblicos.com.br\/index.php\/2025\/05\/01\/reflexoes-sobre-a-gratidao-a-chave-para-a-paz-interior-e-a-serenidade\/","og_site_name":"Salmos B\u00edblicos","article_published_time":"2025-05-01T21:49:38+00:00","author":"Irmao","twitter_card":"summary_large_image","twitter_misc":{"Escrito por":"Irmao","Est. tempo de leitura":"2 minutos"},"schema":{"@context":"https:\/\/schema.org","@graph":[{"@type":"Article","@id":"https:\/\/salmosbiblicos.com.br\/index.php\/2025\/05\/01\/reflexoes-sobre-a-gratidao-a-chave-para-a-paz-interior-e-a-serenidade\/#article","isPartOf":{"@id":"https:\/\/salmosbiblicos.com.br\/index.php\/2025\/05\/01\/reflexoes-sobre-a-gratidao-a-chave-para-a-paz-interior-e-a-serenidade\/"},"author":{"name":"Irmao","@id":"https:\/\/salmosbiblicos.com.br\/#\/schema\/person\/760735259ba35f1e44e89c71c72d79da"},"headline":"Reflex\u00f5es sobre a Gratid\u00e3o: A Chave para a Paz Interior e a Serenidade","datePublished":"2025-05-01T21:49:38+00:00","mainEntityOfPage":{"@id":"https:\/\/salmosbiblicos.com.br\/index.php\/2025\/05\/01\/reflexoes-sobre-a-gratidao-a-chave-para-a-paz-interior-e-a-serenidade\/"},"wordCount":495,"articleSection":["Reflex\u00e3o do Dia"],"inLanguage":"pt-BR"},{"@type":"WebPage","@id":"https:\/\/salmosbiblicos.com.br\/index.php\/2025\/05\/01\/reflexoes-sobre-a-gratidao-a-chave-para-a-paz-interior-e-a-serenidade\/","url":"https:\/\/salmosbiblicos.com.br\/index.php\/2025\/05\/01\/reflexoes-sobre-a-gratidao-a-chave-para-a-paz-interior-e-a-serenidade\/","name":"Reflex\u00f5es sobre a Gratid\u00e3o: A Chave para a Paz Interior e a Serenidade - Salmos B\u00edblicos","isPartOf":{"@id":"https:\/\/salmosbiblicos.com.br\/#website"},"datePublished":"2025-05-01T21:49:38+00:00","author":{"@id":"https:\/\/salmosbiblicos.com.br\/#\/schema\/person\/760735259ba35f1e44e89c71c72d79da"},"breadcrumb":{"@id":"https:\/\/salmosbiblicos.com.br\/index.php\/2025\/05\/01\/reflexoes-sobre-a-gratidao-a-chave-para-a-paz-interior-e-a-serenidade\/#breadcrumb"},"inLanguage":"pt-BR","potentialAction":[{"@type":"ReadAction","target":["https:\/\/salmosbiblicos.com.br\/index.php\/2025\/05\/01\/reflexoes-sobre-a-gratidao-a-chave-para-a-paz-interior-e-a-serenidade\/"]}]},{"@type":"BreadcrumbList","@id":"https:\/\/salmosbiblicos.com.br\/index.php\/2025\/05\/01\/reflexoes-sobre-a-gratidao-a-chave-para-a-paz-interior-e-a-serenidade\/#breadcrumb","itemListElement":[{"@type":"ListItem","position":1,"name":"Home","item":"https:\/\/salmosbiblicos.com.br\/"},{"@type":"ListItem","position":2,"name":"Reflex\u00f5es sobre a Gratid\u00e3o: A Chave para a Paz Interior e a Serenidade"}]},{"@type":"WebSite","@id":"https:\/\/salmosbiblicos.com.br\/#website","url":"https:\/\/salmosbiblicos.com.br\/","name":"Salmos B\u00edblicos","description":"Uma e-Livraria com e-Books novos para voc\u00ea refletir.","potentialAction":[{"@type":"SearchAction","target":{"@type":"EntryPoint","urlTemplate":"https:\/\/salmosbiblicos.com.br\/?s={search_term_string}"},"query-input":{"@type":"PropertyValueSpecification","valueRequired":true,"valueName":"search_term_string"}}],"inLanguage":"pt-BR"},{"@type":"Person","@id":"https:\/\/salmosbiblicos.com.br\/#\/schema\/person\/760735259ba35f1e44e89c71c72d79da","name":"Irmao","image":{"@type":"ImageObject","inLanguage":"pt-BR","@id":"https:\/\/secure.gravatar.com\/avatar\/?s=96&d=mm&r=g","url":"https:\/\/secure.gravatar.com\/avatar\/?s=96&d=mm&r=g","contentUrl":"https:\/\/secure.gravatar.com\/avatar\/?s=96&d=mm&r=g","caption":"Irmao"},"url":"http:\/\/salmosbiblicos.com.br\/index.php\/author\/irmao\/"}]}},"_links":{"self":[{"href":"http:\/\/salmosbiblicos.com.br\/index.php\/wp-json\/wp\/v2\/posts\/4581","targetHints":{"allow":["GET"]}}],"collection":[{"href":"http:\/\/salmosbiblicos.com.br\/index.php\/wp-json\/wp\/v2\/posts"}],"about":[{"href":"http:\/\/salmosbiblicos.com.br\/index.php\/wp-json\/wp\/v2\/types\/post"}],"author":[{"embeddable":true,"href":"http:\/\/salmosbiblicos.com.br\/index.php\/wp-json\/wp\/v2\/users\/2"}],"replies":[{"embeddable":true,"href":"http:\/\/salmosbiblicos.com.br\/index.php\/wp-json\/wp\/v2\/comments?post=4581"}],"version-history":[{"count":0,"href":"http:\/\/salmosbiblicos.com.br\/index.php\/wp-json\/wp\/v2\/posts\/4581\/revisions"}],"wp:attachment":[{"href":"http:\/\/salmosbiblicos.com.br\/index.php\/wp-json\/wp\/v2\/media?parent=4581"}],"wp:term":[{"taxonomy":"category","embeddable":true,"href":"http:\/\/salmosbiblicos.com.br\/index.php\/wp-json\/wp\/v2\/categories?post=4581"},{"taxonomy":"post_tag","embeddable":true,"href":"http:\/\/salmosbiblicos.com.br\/index.php\/wp-json\/wp\/v2\/tags?post=4581"}],"curies":[{"name":"wp","href":"https:\/\/api.w.org\/{rel}","templated":true}]}}