{"id":4589,"date":"2025-05-01T18:50:04","date_gmt":"2025-05-01T21:50:04","guid":{"rendered":"https:\/\/salmosbiblicos.com.br\/?p=4589"},"modified":"2025-05-01T18:50:04","modified_gmt":"2025-05-01T21:50:04","slug":"na-jornada-da-fe-poesias-divinas-para-inspirar-e-iluminar","status":"publish","type":"post","link":"http:\/\/salmosbiblicos.com.br\/index.php\/2025\/05\/01\/na-jornada-da-fe-poesias-divinas-para-inspirar-e-iluminar\/","title":{"rendered":"Na jornada da f\u00e9: poesias divinas para inspirar e iluminar"},"content":{"rendered":"<p>No sil\u00eancio da alma, encontro a paz divina<br \/>\nNa suave brisa, sinto a presen\u00e7a divina<br \/>\nEm cada flor que desabrocha, vejo a m\u00e3o de Deus<br \/>\nNa can\u00e7\u00e3o dos p\u00e1ssaros, ou\u00e7o a voz do c\u00e9u<\/p>\n<p>Em cada sorriso sincero, encontro a esperan\u00e7a<br \/>\nNo olhar de compaix\u00e3o, vejo a luz da bonan\u00e7a<br \/>\nNa jornada da vida, sigo com f\u00e9 e amor<br \/>\nPois sei que estou sempre amparado pelo Senhor<\/p>\n<p>Que a minha alma seja como um rio que flui<br \/>\nLevando a mensagem de amor que em Deus se viu<br \/>\nQue cada verso desta poesia seja uma prece<br \/>\nQue nos conecte com a divina ess\u00eancia que aquece<\/p>\n<p>Que a paz, a reflex\u00e3o e a inspira\u00e7\u00e3o sejam a guia<br \/>\nPara seguirmos a jornada com f\u00e9 e harmonia<br \/>\nQue a presen\u00e7a divina esteja sempre a nos guiar<br \/>\nE que a luz do amor de Deus nunca deixe de brilhar.<\/p>\n","protected":false},"excerpt":{"rendered":"<p>No sil\u00eancio da alma, encontro a paz divina Na suave brisa, sinto a presen\u00e7a divina Em cada flor que desabrocha, vejo a m\u00e3o de Deus Na can\u00e7\u00e3o dos p\u00e1ssaros, ou\u00e7o a voz do c\u00e9u Em cada sorriso sincero, encontro a esperan\u00e7a No olhar de compaix\u00e3o, vejo a luz da bonan\u00e7a Na jornada da vida, sigo [&hellip;]<\/p>\n","protected":false},"author":2,"featured_media":0,"comment_status":"closed","ping_status":"open","sticky":false,"template":"","format":"standard","meta":{"footnotes":""},"categories":[7],"tags":[],"class_list":["post-4589","post","type-post","status-publish","format-standard","hentry","category-estudo-religioso"],"yoast_head":"<!-- This site is optimized with the Yoast SEO plugin v27.2 - https:\/\/yoast.com\/product\/yoast-seo-wordpress\/ -->\n<title>Na jornada da f\u00e9: poesias divinas para inspirar e iluminar - Salmos B\u00edblicos<\/title>\n<meta name=\"robots\" content=\"index, follow, max-snippet:-1, max-image-preview:large, max-video-preview:-1\" \/>\n<link rel=\"canonical\" href=\"http:\/\/salmosbiblicos.com.br\/index.php\/2025\/05\/01\/na-jornada-da-fe-poesias-divinas-para-inspirar-e-iluminar\/\" \/>\n<meta property=\"og:locale\" content=\"pt_BR\" \/>\n<meta property=\"og:type\" content=\"article\" \/>\n<meta property=\"og:title\" content=\"Na jornada da f\u00e9: poesias divinas para inspirar e iluminar - Salmos B\u00edblicos\" \/>\n<meta property=\"og:description\" content=\"No sil\u00eancio da alma, encontro a paz divina Na suave brisa, sinto a presen\u00e7a divina Em cada flor que desabrocha, vejo a m\u00e3o de Deus Na can\u00e7\u00e3o dos p\u00e1ssaros, ou\u00e7o a voz do c\u00e9u Em cada sorriso sincero, encontro a esperan\u00e7a No olhar de compaix\u00e3o, vejo a luz da bonan\u00e7a Na jornada da vida, sigo [&hellip;]\" \/>\n<meta property=\"og:url\" content=\"http:\/\/salmosbiblicos.com.br\/index.php\/2025\/05\/01\/na-jornada-da-fe-poesias-divinas-para-inspirar-e-iluminar\/\" \/>\n<meta property=\"og:site_name\" content=\"Salmos B\u00edblicos\" \/>\n<meta property=\"article:published_time\" content=\"2025-05-01T21:50:04+00:00\" \/>\n<meta name=\"author\" content=\"Irmao\" \/>\n<meta name=\"twitter:card\" content=\"summary_large_image\" \/>\n<meta name=\"twitter:label1\" content=\"Escrito por\" \/>\n\t<meta name=\"twitter:data1\" content=\"Irmao\" \/>\n\t<meta name=\"twitter:label2\" content=\"Est. tempo de leitura\" \/>\n\t<meta name=\"twitter:data2\" content=\"1 minuto\" \/>\n<script type=\"application\/ld+json\" class=\"yoast-schema-graph\">{\"@context\":\"https:\/\/schema.org\",\"@graph\":[{\"@type\":\"Article\",\"@id\":\"http:\/\/salmosbiblicos.com.br\/index.php\/2025\/05\/01\/na-jornada-da-fe-poesias-divinas-para-inspirar-e-iluminar\/#article\",\"isPartOf\":{\"@id\":\"http:\/\/salmosbiblicos.com.br\/index.php\/2025\/05\/01\/na-jornada-da-fe-poesias-divinas-para-inspirar-e-iluminar\/\"},\"author\":{\"name\":\"Irmao\",\"@id\":\"https:\/\/salmosbiblicos.com.br\/#\/schema\/person\/760735259ba35f1e44e89c71c72d79da\"},\"headline\":\"Na jornada da f\u00e9: poesias divinas para inspirar e iluminar\",\"datePublished\":\"2025-05-01T21:50:04+00:00\",\"mainEntityOfPage\":{\"@id\":\"http:\/\/salmosbiblicos.com.br\/index.php\/2025\/05\/01\/na-jornada-da-fe-poesias-divinas-para-inspirar-e-iluminar\/\"},\"wordCount\":168,\"articleSection\":[\"Poesias Religiosas\"],\"inLanguage\":\"pt-BR\"},{\"@type\":\"WebPage\",\"@id\":\"http:\/\/salmosbiblicos.com.br\/index.php\/2025\/05\/01\/na-jornada-da-fe-poesias-divinas-para-inspirar-e-iluminar\/\",\"url\":\"http:\/\/salmosbiblicos.com.br\/index.php\/2025\/05\/01\/na-jornada-da-fe-poesias-divinas-para-inspirar-e-iluminar\/\",\"name\":\"Na jornada da f\u00e9: poesias divinas para inspirar e iluminar - Salmos B\u00edblicos\",\"isPartOf\":{\"@id\":\"https:\/\/salmosbiblicos.com.br\/#website\"},\"datePublished\":\"2025-05-01T21:50:04+00:00\",\"author\":{\"@id\":\"https:\/\/salmosbiblicos.com.br\/#\/schema\/person\/760735259ba35f1e44e89c71c72d79da\"},\"breadcrumb\":{\"@id\":\"http:\/\/salmosbiblicos.com.br\/index.php\/2025\/05\/01\/na-jornada-da-fe-poesias-divinas-para-inspirar-e-iluminar\/#breadcrumb\"},\"inLanguage\":\"pt-BR\",\"potentialAction\":[{\"@type\":\"ReadAction\",\"target\":[\"http:\/\/salmosbiblicos.com.br\/index.php\/2025\/05\/01\/na-jornada-da-fe-poesias-divinas-para-inspirar-e-iluminar\/\"]}]},{\"@type\":\"BreadcrumbList\",\"@id\":\"http:\/\/salmosbiblicos.com.br\/index.php\/2025\/05\/01\/na-jornada-da-fe-poesias-divinas-para-inspirar-e-iluminar\/#breadcrumb\",\"itemListElement\":[{\"@type\":\"ListItem\",\"position\":1,\"name\":\"Home\",\"item\":\"https:\/\/salmosbiblicos.com.br\/\"},{\"@type\":\"ListItem\",\"position\":2,\"name\":\"Na jornada da f\u00e9: poesias divinas para inspirar e iluminar\"}]},{\"@type\":\"WebSite\",\"@id\":\"https:\/\/salmosbiblicos.com.br\/#website\",\"url\":\"https:\/\/salmosbiblicos.com.br\/\",\"name\":\"Salmos B\u00edblicos\",\"description\":\"Uma e-Livraria com e-Books novos para voc\u00ea refletir.\",\"potentialAction\":[{\"@type\":\"SearchAction\",\"target\":{\"@type\":\"EntryPoint\",\"urlTemplate\":\"https:\/\/salmosbiblicos.com.br\/?s={search_term_string}\"},\"query-input\":{\"@type\":\"PropertyValueSpecification\",\"valueRequired\":true,\"valueName\":\"search_term_string\"}}],\"inLanguage\":\"pt-BR\"},{\"@type\":\"Person\",\"@id\":\"https:\/\/salmosbiblicos.com.br\/#\/schema\/person\/760735259ba35f1e44e89c71c72d79da\",\"name\":\"Irmao\",\"image\":{\"@type\":\"ImageObject\",\"inLanguage\":\"pt-BR\",\"@id\":\"https:\/\/secure.gravatar.com\/avatar\/?s=96&d=mm&r=g\",\"url\":\"https:\/\/secure.gravatar.com\/avatar\/?s=96&d=mm&r=g\",\"contentUrl\":\"https:\/\/secure.gravatar.com\/avatar\/?s=96&d=mm&r=g\",\"caption\":\"Irmao\"},\"url\":\"http:\/\/salmosbiblicos.com.br\/index.php\/author\/irmao\/\"}]}<\/script>\n<!-- \/ Yoast SEO plugin. -->","yoast_head_json":{"title":"Na jornada da f\u00e9: poesias divinas para inspirar e iluminar - Salmos B\u00edblicos","robots":{"index":"index","follow":"follow","max-snippet":"max-snippet:-1","max-image-preview":"max-image-preview:large","max-video-preview":"max-video-preview:-1"},"canonical":"http:\/\/salmosbiblicos.com.br\/index.php\/2025\/05\/01\/na-jornada-da-fe-poesias-divinas-para-inspirar-e-iluminar\/","og_locale":"pt_BR","og_type":"article","og_title":"Na jornada da f\u00e9: poesias divinas para inspirar e iluminar - Salmos B\u00edblicos","og_description":"No sil\u00eancio da alma, encontro a paz divina Na suave brisa, sinto a presen\u00e7a divina Em cada flor que desabrocha, vejo a m\u00e3o de Deus Na can\u00e7\u00e3o dos p\u00e1ssaros, ou\u00e7o a voz do c\u00e9u Em cada sorriso sincero, encontro a esperan\u00e7a No olhar de compaix\u00e3o, vejo a luz da bonan\u00e7a Na jornada da vida, sigo [&hellip;]","og_url":"http:\/\/salmosbiblicos.com.br\/index.php\/2025\/05\/01\/na-jornada-da-fe-poesias-divinas-para-inspirar-e-iluminar\/","og_site_name":"Salmos B\u00edblicos","article_published_time":"2025-05-01T21:50:04+00:00","author":"Irmao","twitter_card":"summary_large_image","twitter_misc":{"Escrito por":"Irmao","Est. tempo de leitura":"1 minuto"},"schema":{"@context":"https:\/\/schema.org","@graph":[{"@type":"Article","@id":"http:\/\/salmosbiblicos.com.br\/index.php\/2025\/05\/01\/na-jornada-da-fe-poesias-divinas-para-inspirar-e-iluminar\/#article","isPartOf":{"@id":"http:\/\/salmosbiblicos.com.br\/index.php\/2025\/05\/01\/na-jornada-da-fe-poesias-divinas-para-inspirar-e-iluminar\/"},"author":{"name":"Irmao","@id":"https:\/\/salmosbiblicos.com.br\/#\/schema\/person\/760735259ba35f1e44e89c71c72d79da"},"headline":"Na jornada da f\u00e9: poesias divinas para inspirar e iluminar","datePublished":"2025-05-01T21:50:04+00:00","mainEntityOfPage":{"@id":"http:\/\/salmosbiblicos.com.br\/index.php\/2025\/05\/01\/na-jornada-da-fe-poesias-divinas-para-inspirar-e-iluminar\/"},"wordCount":168,"articleSection":["Poesias Religiosas"],"inLanguage":"pt-BR"},{"@type":"WebPage","@id":"http:\/\/salmosbiblicos.com.br\/index.php\/2025\/05\/01\/na-jornada-da-fe-poesias-divinas-para-inspirar-e-iluminar\/","url":"http:\/\/salmosbiblicos.com.br\/index.php\/2025\/05\/01\/na-jornada-da-fe-poesias-divinas-para-inspirar-e-iluminar\/","name":"Na jornada da f\u00e9: poesias divinas para inspirar e iluminar - Salmos B\u00edblicos","isPartOf":{"@id":"https:\/\/salmosbiblicos.com.br\/#website"},"datePublished":"2025-05-01T21:50:04+00:00","author":{"@id":"https:\/\/salmosbiblicos.com.br\/#\/schema\/person\/760735259ba35f1e44e89c71c72d79da"},"breadcrumb":{"@id":"http:\/\/salmosbiblicos.com.br\/index.php\/2025\/05\/01\/na-jornada-da-fe-poesias-divinas-para-inspirar-e-iluminar\/#breadcrumb"},"inLanguage":"pt-BR","potentialAction":[{"@type":"ReadAction","target":["http:\/\/salmosbiblicos.com.br\/index.php\/2025\/05\/01\/na-jornada-da-fe-poesias-divinas-para-inspirar-e-iluminar\/"]}]},{"@type":"BreadcrumbList","@id":"http:\/\/salmosbiblicos.com.br\/index.php\/2025\/05\/01\/na-jornada-da-fe-poesias-divinas-para-inspirar-e-iluminar\/#breadcrumb","itemListElement":[{"@type":"ListItem","position":1,"name":"Home","item":"https:\/\/salmosbiblicos.com.br\/"},{"@type":"ListItem","position":2,"name":"Na jornada da f\u00e9: poesias divinas para inspirar e iluminar"}]},{"@type":"WebSite","@id":"https:\/\/salmosbiblicos.com.br\/#website","url":"https:\/\/salmosbiblicos.com.br\/","name":"Salmos B\u00edblicos","description":"Uma e-Livraria com e-Books novos para voc\u00ea refletir.","potentialAction":[{"@type":"SearchAction","target":{"@type":"EntryPoint","urlTemplate":"https:\/\/salmosbiblicos.com.br\/?s={search_term_string}"},"query-input":{"@type":"PropertyValueSpecification","valueRequired":true,"valueName":"search_term_string"}}],"inLanguage":"pt-BR"},{"@type":"Person","@id":"https:\/\/salmosbiblicos.com.br\/#\/schema\/person\/760735259ba35f1e44e89c71c72d79da","name":"Irmao","image":{"@type":"ImageObject","inLanguage":"pt-BR","@id":"https:\/\/secure.gravatar.com\/avatar\/?s=96&d=mm&r=g","url":"https:\/\/secure.gravatar.com\/avatar\/?s=96&d=mm&r=g","contentUrl":"https:\/\/secure.gravatar.com\/avatar\/?s=96&d=mm&r=g","caption":"Irmao"},"url":"http:\/\/salmosbiblicos.com.br\/index.php\/author\/irmao\/"}]}},"_links":{"self":[{"href":"http:\/\/salmosbiblicos.com.br\/index.php\/wp-json\/wp\/v2\/posts\/4589","targetHints":{"allow":["GET"]}}],"collection":[{"href":"http:\/\/salmosbiblicos.com.br\/index.php\/wp-json\/wp\/v2\/posts"}],"about":[{"href":"http:\/\/salmosbiblicos.com.br\/index.php\/wp-json\/wp\/v2\/types\/post"}],"author":[{"embeddable":true,"href":"http:\/\/salmosbiblicos.com.br\/index.php\/wp-json\/wp\/v2\/users\/2"}],"replies":[{"embeddable":true,"href":"http:\/\/salmosbiblicos.com.br\/index.php\/wp-json\/wp\/v2\/comments?post=4589"}],"version-history":[{"count":0,"href":"http:\/\/salmosbiblicos.com.br\/index.php\/wp-json\/wp\/v2\/posts\/4589\/revisions"}],"wp:attachment":[{"href":"http:\/\/salmosbiblicos.com.br\/index.php\/wp-json\/wp\/v2\/media?parent=4589"}],"wp:term":[{"taxonomy":"category","embeddable":true,"href":"http:\/\/salmosbiblicos.com.br\/index.php\/wp-json\/wp\/v2\/categories?post=4589"},{"taxonomy":"post_tag","embeddable":true,"href":"http:\/\/salmosbiblicos.com.br\/index.php\/wp-json\/wp\/v2\/tags?post=4589"}],"curies":[{"name":"wp","href":"https:\/\/api.w.org\/{rel}","templated":true}]}}