{"id":4635,"date":"2025-05-03T01:18:13","date_gmt":"2025-05-03T04:18:13","guid":{"rendered":"https:\/\/salmosbiblicos.com.br\/?p=4635"},"modified":"2025-05-03T01:18:13","modified_gmt":"2025-05-03T04:18:13","slug":"encontre-a-paz-interior-em-meio-ao-caos-confie-no-plano-divino-e-fortaleca-sua-fe","status":"publish","type":"post","link":"http:\/\/salmosbiblicos.com.br\/index.php\/2025\/05\/03\/encontre-a-paz-interior-em-meio-ao-caos-confie-no-plano-divino-e-fortaleca-sua-fe\/","title":{"rendered":"Encontre a paz interior em meio ao caos: confie no plano divino e fortale\u00e7a sua f\u00e9"},"content":{"rendered":"<p>Hoje, quero falar com voc\u00ea sobre a import\u00e2ncia de cultivar a paz interior em meio ao caos do mundo. Em tempos de turbul\u00eancia, incertezas e desafios, \u00e9 fundamental manter a serenidade em nosso cora\u00e7\u00e3o para enfrentar as adversidades com sabedoria e f\u00e9.<\/p>\n<p>Muitas vezes, somos bombardeados por not\u00edcias negativas, problemas pessoais e conflitos externos que nos roubam a tranquilidade e nos afastam da nossa conex\u00e3o com o divino. \u00c9 nessas horas que precisamos nos lembrar de que a paz n\u00e3o \u00e9 apenas a aus\u00eancia de problemas, mas sim a presen\u00e7a de Deus em nossas vidas, nos fortalecendo e nos guiando em meio \u00e0s tempestades.<\/p>\n<p>Quando nos permitimos mergulhar na paz que vem do alto, somos capazes de enxergar as situa\u00e7\u00f5es com mais clareza, de agir com bondade e compaix\u00e3o, e de transmitir amor e esperan\u00e7a aos que est\u00e3o ao nosso redor. A paz interior n\u00e3o \u00e9 um estado passivo, mas sim uma atitude ativa de confian\u00e7a e entrega nas m\u00e3os de Deus, confiando que Ele est\u00e1 no controle de todas as coisas e que nos sustentar\u00e1 em todos os momentos.<\/p>\n<p>Cultivar a paz interior requer pr\u00e1tica e disciplina. \u00c9 preciso dedicar tempo para a ora\u00e7\u00e3o, a medita\u00e7\u00e3o e a reflex\u00e3o, para que possamos nutrir nossa alma e fortalecer nossa f\u00e9. Devemos aprender a soltar o controle, a confiar no plano divino e a nos render \u00e0 vontade de Deus, sabendo que Ele sempre tem o melhor para n\u00f3s, mesmo que nem sempre entendamos seus caminhos.<\/p>\n<p>Quando nos sentirmos inquietos, ansiosos ou perturbados, devemos lembrar que a paz est\u00e1 sempre dispon\u00edvel para n\u00f3s, basta que a busquemos no lugar certo. Em meio ao caos, podemos encontrar ref\u00fagio no sil\u00eancio da nossa alma, na certeza do amor de Deus e na esperan\u00e7a de um futuro melhor. N\u00e3o importa qu\u00e3o dif\u00edcil seja a situa\u00e7\u00e3o, lembre-se de que voc\u00ea n\u00e3o est\u00e1 sozinho, pois o Senhor est\u00e1 ao seu lado, pronto para acalmar a tempestade e trazer a paz que excede todo entendimento.<\/p>\n<p>Portanto, hoje, decida abrir o seu cora\u00e7\u00e3o para a paz de Deus, deixando de lado as preocupa\u00e7\u00f5es e os medos que tanto te afligem. Confie que Ele est\u00e1 cuidando de voc\u00ea, que Ele tem um prop\u00f3sito para a sua vida e que tudo acontece no tempo certo. Respire fundo, solte o peso das preocupa\u00e7\u00f5es e permita que a paz do Senhor inunde a sua alma, trazendo cura, consolo e esperan\u00e7a.<\/p>\n<p>Lembre-se: &#8220;A paz de Deus, que excede todo entendimento, guardar\u00e1 o seu cora\u00e7\u00e3o e a sua mente em Cristo Jesus.&#8221; (Filipenses 4:7)<\/p>\n<p>Que a paz de Deus esteja sempre contigo, guiando os teus passos e renovando a tua f\u00e9 a cada dia. Am\u00e9m.<\/p>\n","protected":false},"excerpt":{"rendered":"<p>Hoje, quero falar com voc\u00ea sobre a import\u00e2ncia de cultivar a paz interior em meio ao caos do mundo. Em tempos de turbul\u00eancia, incertezas e desafios, \u00e9 fundamental manter a serenidade em nosso cora\u00e7\u00e3o para enfrentar as adversidades com sabedoria e f\u00e9. Muitas vezes, somos bombardeados por not\u00edcias negativas, problemas pessoais e conflitos externos que [&hellip;]<\/p>\n","protected":false},"author":2,"featured_media":0,"comment_status":"closed","ping_status":"open","sticky":false,"template":"","format":"standard","meta":{"footnotes":""},"categories":[6],"tags":[],"class_list":["post-4635","post","type-post","status-publish","format-standard","hentry","category-reflexao-do-dia"],"yoast_head":"<!-- This site is optimized with the Yoast SEO plugin v27.2 - https:\/\/yoast.com\/product\/yoast-seo-wordpress\/ -->\n<title>Encontre a paz interior em meio ao caos: confie no plano divino e fortale\u00e7a sua f\u00e9 - Salmos B\u00edblicos<\/title>\n<meta name=\"robots\" content=\"index, follow, max-snippet:-1, max-image-preview:large, max-video-preview:-1\" \/>\n<link rel=\"canonical\" href=\"https:\/\/salmosbiblicos.com.br\/index.php\/2025\/05\/03\/encontre-a-paz-interior-em-meio-ao-caos-confie-no-plano-divino-e-fortaleca-sua-fe\/\" \/>\n<meta property=\"og:locale\" content=\"pt_BR\" \/>\n<meta property=\"og:type\" content=\"article\" \/>\n<meta property=\"og:title\" content=\"Encontre a paz interior em meio ao caos: confie no plano divino e fortale\u00e7a sua f\u00e9 - Salmos B\u00edblicos\" \/>\n<meta property=\"og:description\" content=\"Hoje, quero falar com voc\u00ea sobre a import\u00e2ncia de cultivar a paz interior em meio ao caos do mundo. Em tempos de turbul\u00eancia, incertezas e desafios, \u00e9 fundamental manter a serenidade em nosso cora\u00e7\u00e3o para enfrentar as adversidades com sabedoria e f\u00e9. Muitas vezes, somos bombardeados por not\u00edcias negativas, problemas pessoais e conflitos externos que [&hellip;]\" \/>\n<meta property=\"og:url\" content=\"https:\/\/salmosbiblicos.com.br\/index.php\/2025\/05\/03\/encontre-a-paz-interior-em-meio-ao-caos-confie-no-plano-divino-e-fortaleca-sua-fe\/\" \/>\n<meta property=\"og:site_name\" content=\"Salmos B\u00edblicos\" \/>\n<meta property=\"article:published_time\" content=\"2025-05-03T04:18:13+00:00\" \/>\n<meta name=\"author\" content=\"Irmao\" \/>\n<meta name=\"twitter:card\" content=\"summary_large_image\" \/>\n<meta name=\"twitter:label1\" content=\"Escrito por\" \/>\n\t<meta name=\"twitter:data1\" content=\"Irmao\" \/>\n\t<meta name=\"twitter:label2\" content=\"Est. tempo de leitura\" \/>\n\t<meta name=\"twitter:data2\" content=\"2 minutos\" \/>\n<script type=\"application\/ld+json\" class=\"yoast-schema-graph\">{\"@context\":\"https:\/\/schema.org\",\"@graph\":[{\"@type\":\"Article\",\"@id\":\"https:\/\/salmosbiblicos.com.br\/index.php\/2025\/05\/03\/encontre-a-paz-interior-em-meio-ao-caos-confie-no-plano-divino-e-fortaleca-sua-fe\/#article\",\"isPartOf\":{\"@id\":\"https:\/\/salmosbiblicos.com.br\/index.php\/2025\/05\/03\/encontre-a-paz-interior-em-meio-ao-caos-confie-no-plano-divino-e-fortaleca-sua-fe\/\"},\"author\":{\"name\":\"Irmao\",\"@id\":\"https:\/\/salmosbiblicos.com.br\/#\/schema\/person\/760735259ba35f1e44e89c71c72d79da\"},\"headline\":\"Encontre a paz interior em meio ao caos: confie no plano divino e fortale\u00e7a sua f\u00e9\",\"datePublished\":\"2025-05-03T04:18:13+00:00\",\"mainEntityOfPage\":{\"@id\":\"https:\/\/salmosbiblicos.com.br\/index.php\/2025\/05\/03\/encontre-a-paz-interior-em-meio-ao-caos-confie-no-plano-divino-e-fortaleca-sua-fe\/\"},\"wordCount\":488,\"articleSection\":[\"Reflex\u00e3o do Dia\"],\"inLanguage\":\"pt-BR\"},{\"@type\":\"WebPage\",\"@id\":\"https:\/\/salmosbiblicos.com.br\/index.php\/2025\/05\/03\/encontre-a-paz-interior-em-meio-ao-caos-confie-no-plano-divino-e-fortaleca-sua-fe\/\",\"url\":\"https:\/\/salmosbiblicos.com.br\/index.php\/2025\/05\/03\/encontre-a-paz-interior-em-meio-ao-caos-confie-no-plano-divino-e-fortaleca-sua-fe\/\",\"name\":\"Encontre a paz interior em meio ao caos: confie no plano divino e fortale\u00e7a sua f\u00e9 - Salmos B\u00edblicos\",\"isPartOf\":{\"@id\":\"https:\/\/salmosbiblicos.com.br\/#website\"},\"datePublished\":\"2025-05-03T04:18:13+00:00\",\"author\":{\"@id\":\"https:\/\/salmosbiblicos.com.br\/#\/schema\/person\/760735259ba35f1e44e89c71c72d79da\"},\"breadcrumb\":{\"@id\":\"https:\/\/salmosbiblicos.com.br\/index.php\/2025\/05\/03\/encontre-a-paz-interior-em-meio-ao-caos-confie-no-plano-divino-e-fortaleca-sua-fe\/#breadcrumb\"},\"inLanguage\":\"pt-BR\",\"potentialAction\":[{\"@type\":\"ReadAction\",\"target\":[\"https:\/\/salmosbiblicos.com.br\/index.php\/2025\/05\/03\/encontre-a-paz-interior-em-meio-ao-caos-confie-no-plano-divino-e-fortaleca-sua-fe\/\"]}]},{\"@type\":\"BreadcrumbList\",\"@id\":\"https:\/\/salmosbiblicos.com.br\/index.php\/2025\/05\/03\/encontre-a-paz-interior-em-meio-ao-caos-confie-no-plano-divino-e-fortaleca-sua-fe\/#breadcrumb\",\"itemListElement\":[{\"@type\":\"ListItem\",\"position\":1,\"name\":\"Home\",\"item\":\"https:\/\/salmosbiblicos.com.br\/\"},{\"@type\":\"ListItem\",\"position\":2,\"name\":\"Encontre a paz interior em meio ao caos: confie no plano divino e fortale\u00e7a sua f\u00e9\"}]},{\"@type\":\"WebSite\",\"@id\":\"https:\/\/salmosbiblicos.com.br\/#website\",\"url\":\"https:\/\/salmosbiblicos.com.br\/\",\"name\":\"Salmos B\u00edblicos\",\"description\":\"Uma e-Livraria com e-Books novos para voc\u00ea refletir.\",\"potentialAction\":[{\"@type\":\"SearchAction\",\"target\":{\"@type\":\"EntryPoint\",\"urlTemplate\":\"https:\/\/salmosbiblicos.com.br\/?s={search_term_string}\"},\"query-input\":{\"@type\":\"PropertyValueSpecification\",\"valueRequired\":true,\"valueName\":\"search_term_string\"}}],\"inLanguage\":\"pt-BR\"},{\"@type\":\"Person\",\"@id\":\"https:\/\/salmosbiblicos.com.br\/#\/schema\/person\/760735259ba35f1e44e89c71c72d79da\",\"name\":\"Irmao\",\"image\":{\"@type\":\"ImageObject\",\"inLanguage\":\"pt-BR\",\"@id\":\"https:\/\/secure.gravatar.com\/avatar\/?s=96&d=mm&r=g\",\"url\":\"https:\/\/secure.gravatar.com\/avatar\/?s=96&d=mm&r=g\",\"contentUrl\":\"https:\/\/secure.gravatar.com\/avatar\/?s=96&d=mm&r=g\",\"caption\":\"Irmao\"},\"url\":\"http:\/\/salmosbiblicos.com.br\/index.php\/author\/irmao\/\"}]}<\/script>\n<!-- \/ Yoast SEO plugin. -->","yoast_head_json":{"title":"Encontre a paz interior em meio ao caos: confie no plano divino e fortale\u00e7a sua f\u00e9 - Salmos B\u00edblicos","robots":{"index":"index","follow":"follow","max-snippet":"max-snippet:-1","max-image-preview":"max-image-preview:large","max-video-preview":"max-video-preview:-1"},"canonical":"https:\/\/salmosbiblicos.com.br\/index.php\/2025\/05\/03\/encontre-a-paz-interior-em-meio-ao-caos-confie-no-plano-divino-e-fortaleca-sua-fe\/","og_locale":"pt_BR","og_type":"article","og_title":"Encontre a paz interior em meio ao caos: confie no plano divino e fortale\u00e7a sua f\u00e9 - Salmos B\u00edblicos","og_description":"Hoje, quero falar com voc\u00ea sobre a import\u00e2ncia de cultivar a paz interior em meio ao caos do mundo. Em tempos de turbul\u00eancia, incertezas e desafios, \u00e9 fundamental manter a serenidade em nosso cora\u00e7\u00e3o para enfrentar as adversidades com sabedoria e f\u00e9. Muitas vezes, somos bombardeados por not\u00edcias negativas, problemas pessoais e conflitos externos que [&hellip;]","og_url":"https:\/\/salmosbiblicos.com.br\/index.php\/2025\/05\/03\/encontre-a-paz-interior-em-meio-ao-caos-confie-no-plano-divino-e-fortaleca-sua-fe\/","og_site_name":"Salmos B\u00edblicos","article_published_time":"2025-05-03T04:18:13+00:00","author":"Irmao","twitter_card":"summary_large_image","twitter_misc":{"Escrito por":"Irmao","Est. tempo de leitura":"2 minutos"},"schema":{"@context":"https:\/\/schema.org","@graph":[{"@type":"Article","@id":"https:\/\/salmosbiblicos.com.br\/index.php\/2025\/05\/03\/encontre-a-paz-interior-em-meio-ao-caos-confie-no-plano-divino-e-fortaleca-sua-fe\/#article","isPartOf":{"@id":"https:\/\/salmosbiblicos.com.br\/index.php\/2025\/05\/03\/encontre-a-paz-interior-em-meio-ao-caos-confie-no-plano-divino-e-fortaleca-sua-fe\/"},"author":{"name":"Irmao","@id":"https:\/\/salmosbiblicos.com.br\/#\/schema\/person\/760735259ba35f1e44e89c71c72d79da"},"headline":"Encontre a paz interior em meio ao caos: confie no plano divino e fortale\u00e7a sua f\u00e9","datePublished":"2025-05-03T04:18:13+00:00","mainEntityOfPage":{"@id":"https:\/\/salmosbiblicos.com.br\/index.php\/2025\/05\/03\/encontre-a-paz-interior-em-meio-ao-caos-confie-no-plano-divino-e-fortaleca-sua-fe\/"},"wordCount":488,"articleSection":["Reflex\u00e3o do Dia"],"inLanguage":"pt-BR"},{"@type":"WebPage","@id":"https:\/\/salmosbiblicos.com.br\/index.php\/2025\/05\/03\/encontre-a-paz-interior-em-meio-ao-caos-confie-no-plano-divino-e-fortaleca-sua-fe\/","url":"https:\/\/salmosbiblicos.com.br\/index.php\/2025\/05\/03\/encontre-a-paz-interior-em-meio-ao-caos-confie-no-plano-divino-e-fortaleca-sua-fe\/","name":"Encontre a paz interior em meio ao caos: confie no plano divino e fortale\u00e7a sua f\u00e9 - Salmos B\u00edblicos","isPartOf":{"@id":"https:\/\/salmosbiblicos.com.br\/#website"},"datePublished":"2025-05-03T04:18:13+00:00","author":{"@id":"https:\/\/salmosbiblicos.com.br\/#\/schema\/person\/760735259ba35f1e44e89c71c72d79da"},"breadcrumb":{"@id":"https:\/\/salmosbiblicos.com.br\/index.php\/2025\/05\/03\/encontre-a-paz-interior-em-meio-ao-caos-confie-no-plano-divino-e-fortaleca-sua-fe\/#breadcrumb"},"inLanguage":"pt-BR","potentialAction":[{"@type":"ReadAction","target":["https:\/\/salmosbiblicos.com.br\/index.php\/2025\/05\/03\/encontre-a-paz-interior-em-meio-ao-caos-confie-no-plano-divino-e-fortaleca-sua-fe\/"]}]},{"@type":"BreadcrumbList","@id":"https:\/\/salmosbiblicos.com.br\/index.php\/2025\/05\/03\/encontre-a-paz-interior-em-meio-ao-caos-confie-no-plano-divino-e-fortaleca-sua-fe\/#breadcrumb","itemListElement":[{"@type":"ListItem","position":1,"name":"Home","item":"https:\/\/salmosbiblicos.com.br\/"},{"@type":"ListItem","position":2,"name":"Encontre a paz interior em meio ao caos: confie no plano divino e fortale\u00e7a sua f\u00e9"}]},{"@type":"WebSite","@id":"https:\/\/salmosbiblicos.com.br\/#website","url":"https:\/\/salmosbiblicos.com.br\/","name":"Salmos B\u00edblicos","description":"Uma e-Livraria com e-Books novos para voc\u00ea refletir.","potentialAction":[{"@type":"SearchAction","target":{"@type":"EntryPoint","urlTemplate":"https:\/\/salmosbiblicos.com.br\/?s={search_term_string}"},"query-input":{"@type":"PropertyValueSpecification","valueRequired":true,"valueName":"search_term_string"}}],"inLanguage":"pt-BR"},{"@type":"Person","@id":"https:\/\/salmosbiblicos.com.br\/#\/schema\/person\/760735259ba35f1e44e89c71c72d79da","name":"Irmao","image":{"@type":"ImageObject","inLanguage":"pt-BR","@id":"https:\/\/secure.gravatar.com\/avatar\/?s=96&d=mm&r=g","url":"https:\/\/secure.gravatar.com\/avatar\/?s=96&d=mm&r=g","contentUrl":"https:\/\/secure.gravatar.com\/avatar\/?s=96&d=mm&r=g","caption":"Irmao"},"url":"http:\/\/salmosbiblicos.com.br\/index.php\/author\/irmao\/"}]}},"_links":{"self":[{"href":"http:\/\/salmosbiblicos.com.br\/index.php\/wp-json\/wp\/v2\/posts\/4635","targetHints":{"allow":["GET"]}}],"collection":[{"href":"http:\/\/salmosbiblicos.com.br\/index.php\/wp-json\/wp\/v2\/posts"}],"about":[{"href":"http:\/\/salmosbiblicos.com.br\/index.php\/wp-json\/wp\/v2\/types\/post"}],"author":[{"embeddable":true,"href":"http:\/\/salmosbiblicos.com.br\/index.php\/wp-json\/wp\/v2\/users\/2"}],"replies":[{"embeddable":true,"href":"http:\/\/salmosbiblicos.com.br\/index.php\/wp-json\/wp\/v2\/comments?post=4635"}],"version-history":[{"count":0,"href":"http:\/\/salmosbiblicos.com.br\/index.php\/wp-json\/wp\/v2\/posts\/4635\/revisions"}],"wp:attachment":[{"href":"http:\/\/salmosbiblicos.com.br\/index.php\/wp-json\/wp\/v2\/media?parent=4635"}],"wp:term":[{"taxonomy":"category","embeddable":true,"href":"http:\/\/salmosbiblicos.com.br\/index.php\/wp-json\/wp\/v2\/categories?post=4635"},{"taxonomy":"post_tag","embeddable":true,"href":"http:\/\/salmosbiblicos.com.br\/index.php\/wp-json\/wp\/v2\/tags?post=4635"}],"curies":[{"name":"wp","href":"https:\/\/api.w.org\/{rel}","templated":true}]}}