{"id":4637,"date":"2025-05-03T01:18:21","date_gmt":"2025-05-03T04:18:21","guid":{"rendered":"https:\/\/salmosbiblicos.com.br\/?p=4637"},"modified":"2025-05-03T01:18:21","modified_gmt":"2025-05-03T04:18:21","slug":"reflexao-cultivando-a-paz-interior-em-meio-ao-caos","status":"publish","type":"post","link":"http:\/\/salmosbiblicos.com.br\/index.php\/2025\/05\/03\/reflexao-cultivando-a-paz-interior-em-meio-ao-caos\/","title":{"rendered":"Reflex\u00e3o: Cultivando a Paz Interior em Meio ao Caos"},"content":{"rendered":"<p>Hoje, quero compartilhar com voc\u00ea uma reflex\u00e3o sobre a import\u00e2ncia de cultivar a paz interior em meio \u00e0s turbul\u00eancias da vida. Em tempos de incertezas, conflitos e desafios, \u00e9 fundamental encontrarmos um ref\u00fagio de tranquilidade dentro de n\u00f3s mesmos.<\/p>\n<p>Em meio ao caos que muitas vezes nos rodeia, \u00e9 f\u00e1cil nos deixarmos levar pela ansiedade, pelo medo e pela ang\u00fastia. No entanto, \u00e9 justamente nestes momentos que precisamos mais do que nunca nos conectar com a nossa espiritualidade, com a nossa f\u00e9, para encontrarmos a serenidade que tanto buscamos.<\/p>\n<p>A paz interior n\u00e3o \u00e9 algo que se conquista de uma hora para outra. \u00c9 um processo cont\u00ednuo de autoconhecimento, de perd\u00e3o, de aceita\u00e7\u00e3o e de amor pr\u00f3prio. \u00c9 preciso aprender a deixar de lado as preocupa\u00e7\u00f5es que nos consomem, as m\u00e1goas que nos aprisionam e os pensamentos negativos que nos afastam da nossa ess\u00eancia divina.<\/p>\n<p>Ao cultivarmos a paz interior, abrimos espa\u00e7o para a presen\u00e7a de Deus, do universo, da energia c\u00f3smica que nos guia e nos sustenta. Encontramos a for\u00e7a necess\u00e1ria para enfrentar os desafios com coragem, para superar as adversidades com f\u00e9 e para espalhar o amor e a compaix\u00e3o por onde passamos.<\/p>\n<p>N\u00e3o importa qual seja a sua cren\u00e7a, o importante \u00e9 se conectar com a espiritualidade que habita em seu cora\u00e7\u00e3o. Seja atrav\u00e9s da ora\u00e7\u00e3o, da medita\u00e7\u00e3o, da contempla\u00e7\u00e3o da natureza ou do estudo das escrituras sagradas, encontre um momento do seu dia para se reconectar com a fonte de paz que existe em voc\u00ea.<\/p>\n<p>Lembre-se de que a paz interior \u00e9 um presente que voc\u00ea merece se dar. N\u00e3o permita que as circunst\u00e2ncias externas roubem a sua tranquilidade. Aprenda a se desapegar do que n\u00e3o te serve mais, a perdoar quem te magoou, a aceitar as suas imperfei\u00e7\u00f5es e a se amar incondicionalmente.<\/p>\n<p>Que a paz que excede todo entendimento possa habitar em seu cora\u00e7\u00e3o, guiando os seus passos, iluminando o seu caminho e inundando a sua vida de amor e de gratid\u00e3o. Confie que tudo acontece no tempo certo e que cada desafio \u00e9 uma oportunidade de crescimento e de aprendizado.<\/p>\n<p>Lembre-se: a paz come\u00e7a em voc\u00ea. Cultive-a, nutra-a, compartilhe-a. E assim, voc\u00ea ser\u00e1 um farol de luz e de esperan\u00e7a para aqueles que cruzarem o seu caminho.<\/p>\n<p>Que a paz esteja sempre com voc\u00ea, hoje e sempre.<\/p>\n<p>Com amor e gratid\u00e3o, <\/p>\n<p>[Seu nome]<\/p>\n","protected":false},"excerpt":{"rendered":"<p>Hoje, quero compartilhar com voc\u00ea uma reflex\u00e3o sobre a import\u00e2ncia de cultivar a paz interior em meio \u00e0s turbul\u00eancias da vida. Em tempos de incertezas, conflitos e desafios, \u00e9 fundamental encontrarmos um ref\u00fagio de tranquilidade dentro de n\u00f3s mesmos. Em meio ao caos que muitas vezes nos rodeia, \u00e9 f\u00e1cil nos deixarmos levar pela ansiedade, [&hellip;]<\/p>\n","protected":false},"author":2,"featured_media":0,"comment_status":"closed","ping_status":"open","sticky":false,"template":"","format":"standard","meta":{"footnotes":""},"categories":[6],"tags":[],"class_list":["post-4637","post","type-post","status-publish","format-standard","hentry","category-reflexao-do-dia"],"yoast_head":"<!-- This site is optimized with the Yoast SEO plugin v27.2 - https:\/\/yoast.com\/product\/yoast-seo-wordpress\/ -->\n<title>Reflex\u00e3o: Cultivando a Paz Interior em Meio ao Caos - Salmos B\u00edblicos<\/title>\n<meta name=\"robots\" content=\"index, follow, max-snippet:-1, max-image-preview:large, max-video-preview:-1\" \/>\n<link rel=\"canonical\" href=\"http:\/\/salmosbiblicos.com.br\/index.php\/2025\/05\/03\/reflexao-cultivando-a-paz-interior-em-meio-ao-caos\/\" \/>\n<meta property=\"og:locale\" content=\"pt_BR\" \/>\n<meta property=\"og:type\" content=\"article\" \/>\n<meta property=\"og:title\" content=\"Reflex\u00e3o: Cultivando a Paz Interior em Meio ao Caos - Salmos B\u00edblicos\" \/>\n<meta property=\"og:description\" content=\"Hoje, quero compartilhar com voc\u00ea uma reflex\u00e3o sobre a import\u00e2ncia de cultivar a paz interior em meio \u00e0s turbul\u00eancias da vida. Em tempos de incertezas, conflitos e desafios, \u00e9 fundamental encontrarmos um ref\u00fagio de tranquilidade dentro de n\u00f3s mesmos. Em meio ao caos que muitas vezes nos rodeia, \u00e9 f\u00e1cil nos deixarmos levar pela ansiedade, [&hellip;]\" \/>\n<meta property=\"og:url\" content=\"http:\/\/salmosbiblicos.com.br\/index.php\/2025\/05\/03\/reflexao-cultivando-a-paz-interior-em-meio-ao-caos\/\" \/>\n<meta property=\"og:site_name\" content=\"Salmos B\u00edblicos\" \/>\n<meta property=\"article:published_time\" content=\"2025-05-03T04:18:21+00:00\" \/>\n<meta name=\"author\" content=\"Irmao\" \/>\n<meta name=\"twitter:card\" content=\"summary_large_image\" \/>\n<meta name=\"twitter:label1\" content=\"Escrito por\" \/>\n\t<meta name=\"twitter:data1\" content=\"Irmao\" \/>\n\t<meta name=\"twitter:label2\" content=\"Est. tempo de leitura\" \/>\n\t<meta name=\"twitter:data2\" content=\"2 minutos\" \/>\n<script type=\"application\/ld+json\" class=\"yoast-schema-graph\">{\"@context\":\"https:\/\/schema.org\",\"@graph\":[{\"@type\":\"Article\",\"@id\":\"http:\/\/salmosbiblicos.com.br\/index.php\/2025\/05\/03\/reflexao-cultivando-a-paz-interior-em-meio-ao-caos\/#article\",\"isPartOf\":{\"@id\":\"http:\/\/salmosbiblicos.com.br\/index.php\/2025\/05\/03\/reflexao-cultivando-a-paz-interior-em-meio-ao-caos\/\"},\"author\":{\"name\":\"Irmao\",\"@id\":\"https:\/\/salmosbiblicos.com.br\/#\/schema\/person\/760735259ba35f1e44e89c71c72d79da\"},\"headline\":\"Reflex\u00e3o: Cultivando a Paz Interior em Meio ao Caos\",\"datePublished\":\"2025-05-03T04:18:21+00:00\",\"mainEntityOfPage\":{\"@id\":\"http:\/\/salmosbiblicos.com.br\/index.php\/2025\/05\/03\/reflexao-cultivando-a-paz-interior-em-meio-ao-caos\/\"},\"wordCount\":428,\"articleSection\":[\"Reflex\u00e3o do Dia\"],\"inLanguage\":\"pt-BR\"},{\"@type\":\"WebPage\",\"@id\":\"http:\/\/salmosbiblicos.com.br\/index.php\/2025\/05\/03\/reflexao-cultivando-a-paz-interior-em-meio-ao-caos\/\",\"url\":\"http:\/\/salmosbiblicos.com.br\/index.php\/2025\/05\/03\/reflexao-cultivando-a-paz-interior-em-meio-ao-caos\/\",\"name\":\"Reflex\u00e3o: Cultivando a Paz Interior em Meio ao Caos - Salmos B\u00edblicos\",\"isPartOf\":{\"@id\":\"https:\/\/salmosbiblicos.com.br\/#website\"},\"datePublished\":\"2025-05-03T04:18:21+00:00\",\"author\":{\"@id\":\"https:\/\/salmosbiblicos.com.br\/#\/schema\/person\/760735259ba35f1e44e89c71c72d79da\"},\"breadcrumb\":{\"@id\":\"http:\/\/salmosbiblicos.com.br\/index.php\/2025\/05\/03\/reflexao-cultivando-a-paz-interior-em-meio-ao-caos\/#breadcrumb\"},\"inLanguage\":\"pt-BR\",\"potentialAction\":[{\"@type\":\"ReadAction\",\"target\":[\"http:\/\/salmosbiblicos.com.br\/index.php\/2025\/05\/03\/reflexao-cultivando-a-paz-interior-em-meio-ao-caos\/\"]}]},{\"@type\":\"BreadcrumbList\",\"@id\":\"http:\/\/salmosbiblicos.com.br\/index.php\/2025\/05\/03\/reflexao-cultivando-a-paz-interior-em-meio-ao-caos\/#breadcrumb\",\"itemListElement\":[{\"@type\":\"ListItem\",\"position\":1,\"name\":\"Home\",\"item\":\"https:\/\/salmosbiblicos.com.br\/\"},{\"@type\":\"ListItem\",\"position\":2,\"name\":\"Reflex\u00e3o: Cultivando a Paz Interior em Meio ao Caos\"}]},{\"@type\":\"WebSite\",\"@id\":\"https:\/\/salmosbiblicos.com.br\/#website\",\"url\":\"https:\/\/salmosbiblicos.com.br\/\",\"name\":\"Salmos B\u00edblicos\",\"description\":\"Uma e-Livraria com e-Books novos para voc\u00ea refletir.\",\"potentialAction\":[{\"@type\":\"SearchAction\",\"target\":{\"@type\":\"EntryPoint\",\"urlTemplate\":\"https:\/\/salmosbiblicos.com.br\/?s={search_term_string}\"},\"query-input\":{\"@type\":\"PropertyValueSpecification\",\"valueRequired\":true,\"valueName\":\"search_term_string\"}}],\"inLanguage\":\"pt-BR\"},{\"@type\":\"Person\",\"@id\":\"https:\/\/salmosbiblicos.com.br\/#\/schema\/person\/760735259ba35f1e44e89c71c72d79da\",\"name\":\"Irmao\",\"image\":{\"@type\":\"ImageObject\",\"inLanguage\":\"pt-BR\",\"@id\":\"https:\/\/secure.gravatar.com\/avatar\/?s=96&d=mm&r=g\",\"url\":\"https:\/\/secure.gravatar.com\/avatar\/?s=96&d=mm&r=g\",\"contentUrl\":\"https:\/\/secure.gravatar.com\/avatar\/?s=96&d=mm&r=g\",\"caption\":\"Irmao\"},\"url\":\"http:\/\/salmosbiblicos.com.br\/index.php\/author\/irmao\/\"}]}<\/script>\n<!-- \/ Yoast SEO plugin. -->","yoast_head_json":{"title":"Reflex\u00e3o: Cultivando a Paz Interior em Meio ao Caos - Salmos B\u00edblicos","robots":{"index":"index","follow":"follow","max-snippet":"max-snippet:-1","max-image-preview":"max-image-preview:large","max-video-preview":"max-video-preview:-1"},"canonical":"http:\/\/salmosbiblicos.com.br\/index.php\/2025\/05\/03\/reflexao-cultivando-a-paz-interior-em-meio-ao-caos\/","og_locale":"pt_BR","og_type":"article","og_title":"Reflex\u00e3o: Cultivando a Paz Interior em Meio ao Caos - Salmos B\u00edblicos","og_description":"Hoje, quero compartilhar com voc\u00ea uma reflex\u00e3o sobre a import\u00e2ncia de cultivar a paz interior em meio \u00e0s turbul\u00eancias da vida. Em tempos de incertezas, conflitos e desafios, \u00e9 fundamental encontrarmos um ref\u00fagio de tranquilidade dentro de n\u00f3s mesmos. Em meio ao caos que muitas vezes nos rodeia, \u00e9 f\u00e1cil nos deixarmos levar pela ansiedade, [&hellip;]","og_url":"http:\/\/salmosbiblicos.com.br\/index.php\/2025\/05\/03\/reflexao-cultivando-a-paz-interior-em-meio-ao-caos\/","og_site_name":"Salmos B\u00edblicos","article_published_time":"2025-05-03T04:18:21+00:00","author":"Irmao","twitter_card":"summary_large_image","twitter_misc":{"Escrito por":"Irmao","Est. tempo de leitura":"2 minutos"},"schema":{"@context":"https:\/\/schema.org","@graph":[{"@type":"Article","@id":"http:\/\/salmosbiblicos.com.br\/index.php\/2025\/05\/03\/reflexao-cultivando-a-paz-interior-em-meio-ao-caos\/#article","isPartOf":{"@id":"http:\/\/salmosbiblicos.com.br\/index.php\/2025\/05\/03\/reflexao-cultivando-a-paz-interior-em-meio-ao-caos\/"},"author":{"name":"Irmao","@id":"https:\/\/salmosbiblicos.com.br\/#\/schema\/person\/760735259ba35f1e44e89c71c72d79da"},"headline":"Reflex\u00e3o: Cultivando a Paz Interior em Meio ao Caos","datePublished":"2025-05-03T04:18:21+00:00","mainEntityOfPage":{"@id":"http:\/\/salmosbiblicos.com.br\/index.php\/2025\/05\/03\/reflexao-cultivando-a-paz-interior-em-meio-ao-caos\/"},"wordCount":428,"articleSection":["Reflex\u00e3o do Dia"],"inLanguage":"pt-BR"},{"@type":"WebPage","@id":"http:\/\/salmosbiblicos.com.br\/index.php\/2025\/05\/03\/reflexao-cultivando-a-paz-interior-em-meio-ao-caos\/","url":"http:\/\/salmosbiblicos.com.br\/index.php\/2025\/05\/03\/reflexao-cultivando-a-paz-interior-em-meio-ao-caos\/","name":"Reflex\u00e3o: Cultivando a Paz Interior em Meio ao Caos - Salmos B\u00edblicos","isPartOf":{"@id":"https:\/\/salmosbiblicos.com.br\/#website"},"datePublished":"2025-05-03T04:18:21+00:00","author":{"@id":"https:\/\/salmosbiblicos.com.br\/#\/schema\/person\/760735259ba35f1e44e89c71c72d79da"},"breadcrumb":{"@id":"http:\/\/salmosbiblicos.com.br\/index.php\/2025\/05\/03\/reflexao-cultivando-a-paz-interior-em-meio-ao-caos\/#breadcrumb"},"inLanguage":"pt-BR","potentialAction":[{"@type":"ReadAction","target":["http:\/\/salmosbiblicos.com.br\/index.php\/2025\/05\/03\/reflexao-cultivando-a-paz-interior-em-meio-ao-caos\/"]}]},{"@type":"BreadcrumbList","@id":"http:\/\/salmosbiblicos.com.br\/index.php\/2025\/05\/03\/reflexao-cultivando-a-paz-interior-em-meio-ao-caos\/#breadcrumb","itemListElement":[{"@type":"ListItem","position":1,"name":"Home","item":"https:\/\/salmosbiblicos.com.br\/"},{"@type":"ListItem","position":2,"name":"Reflex\u00e3o: Cultivando a Paz Interior em Meio ao Caos"}]},{"@type":"WebSite","@id":"https:\/\/salmosbiblicos.com.br\/#website","url":"https:\/\/salmosbiblicos.com.br\/","name":"Salmos B\u00edblicos","description":"Uma e-Livraria com e-Books novos para voc\u00ea refletir.","potentialAction":[{"@type":"SearchAction","target":{"@type":"EntryPoint","urlTemplate":"https:\/\/salmosbiblicos.com.br\/?s={search_term_string}"},"query-input":{"@type":"PropertyValueSpecification","valueRequired":true,"valueName":"search_term_string"}}],"inLanguage":"pt-BR"},{"@type":"Person","@id":"https:\/\/salmosbiblicos.com.br\/#\/schema\/person\/760735259ba35f1e44e89c71c72d79da","name":"Irmao","image":{"@type":"ImageObject","inLanguage":"pt-BR","@id":"https:\/\/secure.gravatar.com\/avatar\/?s=96&d=mm&r=g","url":"https:\/\/secure.gravatar.com\/avatar\/?s=96&d=mm&r=g","contentUrl":"https:\/\/secure.gravatar.com\/avatar\/?s=96&d=mm&r=g","caption":"Irmao"},"url":"http:\/\/salmosbiblicos.com.br\/index.php\/author\/irmao\/"}]}},"_links":{"self":[{"href":"http:\/\/salmosbiblicos.com.br\/index.php\/wp-json\/wp\/v2\/posts\/4637","targetHints":{"allow":["GET"]}}],"collection":[{"href":"http:\/\/salmosbiblicos.com.br\/index.php\/wp-json\/wp\/v2\/posts"}],"about":[{"href":"http:\/\/salmosbiblicos.com.br\/index.php\/wp-json\/wp\/v2\/types\/post"}],"author":[{"embeddable":true,"href":"http:\/\/salmosbiblicos.com.br\/index.php\/wp-json\/wp\/v2\/users\/2"}],"replies":[{"embeddable":true,"href":"http:\/\/salmosbiblicos.com.br\/index.php\/wp-json\/wp\/v2\/comments?post=4637"}],"version-history":[{"count":0,"href":"http:\/\/salmosbiblicos.com.br\/index.php\/wp-json\/wp\/v2\/posts\/4637\/revisions"}],"wp:attachment":[{"href":"http:\/\/salmosbiblicos.com.br\/index.php\/wp-json\/wp\/v2\/media?parent=4637"}],"wp:term":[{"taxonomy":"category","embeddable":true,"href":"http:\/\/salmosbiblicos.com.br\/index.php\/wp-json\/wp\/v2\/categories?post=4637"},{"taxonomy":"post_tag","embeddable":true,"href":"http:\/\/salmosbiblicos.com.br\/index.php\/wp-json\/wp\/v2\/tags?post=4637"}],"curies":[{"name":"wp","href":"https:\/\/api.w.org\/{rel}","templated":true}]}}