{"id":4639,"date":"2025-05-03T01:18:32","date_gmt":"2025-05-03T04:18:32","guid":{"rendered":"https:\/\/salmosbiblicos.com.br\/?p=4639"},"modified":"2025-05-03T01:18:32","modified_gmt":"2025-05-03T04:18:32","slug":"transformando-vidas-a-importancia-da-gratidao-em-nossas-jornadas-espirituais","status":"publish","type":"post","link":"http:\/\/salmosbiblicos.com.br\/index.php\/2025\/05\/03\/transformando-vidas-a-importancia-da-gratidao-em-nossas-jornadas-espirituais\/","title":{"rendered":"Transformando Vidas: A Import\u00e2ncia da Gratid\u00e3o em Nossas Jornadas Espirituais"},"content":{"rendered":"<p>Hoje, quero falar sobre a import\u00e2ncia da gratid\u00e3o em nossas vidas. Em meio a tantas preocupa\u00e7\u00f5es e desafios di\u00e1rios, \u00e9 f\u00e1cil nos perdermos nas dificuldades e nos esquecermos de tudo aquilo que temos a agradecer.<\/p>\n<p>A gratid\u00e3o \u00e9 uma virtude que nos conecta com o divino e nos permite enxergar as b\u00ean\u00e7\u00e3os que recebemos todos os dias. Mesmo nos momentos mais dif\u00edceis, \u00e9 poss\u00edvel encontrar motivos para agradecer: um sorriso sincero, um abra\u00e7o apertado, um novo dia que se inicia cheio de possibilidades.<\/p>\n<p>Quando cultivamos a gratid\u00e3o em nosso cora\u00e7\u00e3o, somos capazes de transformar nossa maneira de enxergar o mundo. Os problemas que antes pareciam insuper\u00e1veis se tornam desafios que podemos enfrentar com coragem e f\u00e9. A gratid\u00e3o nos ensina a valorizar as pequenas coisas e a encontrar a beleza mesmo nas situa\u00e7\u00f5es mais adversas.<\/p>\n<p>Al\u00e9m disso, a gratid\u00e3o nos aproxima de Deus e nos faz perceber o quanto somos amados por Ele. Cada dia \u00e9 uma d\u00e1diva, um presente que devemos acolher com gratid\u00e3o e humildade. Ao agradecer por tudo aquilo que temos, reconhecemos a generosidade divina em nossas vidas e nos abrimos para receber ainda mais b\u00ean\u00e7\u00e3os.<\/p>\n<p>Portanto, hoje eu te convido a praticar a gratid\u00e3o em sua vida. Pare por um momento e reflita sobre tudo aquilo que voc\u00ea tem a agradecer. Seja grato pela fam\u00edlia que te ama, pelos amigos que te apoiam, pela sa\u00fade que te sustenta. Agrade\u00e7a pelas oportunidades que surgem, pelos desafios que te fazem crescer, pelos momentos de alegria que te enchem o cora\u00e7\u00e3o de felicidade.<\/p>\n<p>Que a gratid\u00e3o seja a luz que ilumina o seu caminho e te guia rumo \u00e0 paz interior. Que ela te ensine a valorizar cada instante da sua jornada e a encontrar motivos para sorrir mesmo nos dias mais dif\u00edceis. Que a gratid\u00e3o seja a sua for\u00e7a e a sua esperan\u00e7a, renovando a sua f\u00e9 e fortalecendo a sua rela\u00e7\u00e3o com o divino.<\/p>\n<p>Lembre-se: a gratid\u00e3o transforma a nossa vida e nos aproxima de Deus. Cultive esse sentimento em seu cora\u00e7\u00e3o e ver\u00e1 como a sua exist\u00eancia se encher\u00e1 de amor, paz e alegria. Agrade\u00e7a sempre, mesmo nos momentos de dor, pois a gratid\u00e3o \u00e9 a chave que abre as portas para a felicidade verdadeira.<\/p>\n<p>Que a gratid\u00e3o seja a sua companheira de jornada, guiando os seus passos e iluminando o seu caminho. Agrade\u00e7a e seja feliz, pois a vida \u00e9 um presente divino que merece ser celebrado a cada instante. Agrade\u00e7a e confie, pois Deus est\u00e1 sempre ao seu lado, pronto para te aben\u00e7oar com amor e miseric\u00f3rdia.<\/p>\n<p>Que a gratid\u00e3o seja a sua ora\u00e7\u00e3o, o seu louvor, a sua for\u00e7a. Agrade\u00e7a e seja aben\u00e7oado, pois a gratid\u00e3o \u00e9 a chave que abre as portas do c\u00e9u e te conecta com o divino. Agrade\u00e7a e viva em paz, pois a gratid\u00e3o \u00e9 o caminho que te leva \u00e0 felicidade eterna. Agrade\u00e7a e seja grato, pois a gratid\u00e3o \u00e9 o segredo da vida plena e abundante. Agrade\u00e7a e seja luz, pois a gratid\u00e3o \u00e9 a ess\u00eancia do amor divino em sua vida. Agrade\u00e7a e seja feliz, pois a gratid\u00e3o \u00e9 o sorriso de Deus em seu cora\u00e7\u00e3o.<\/p>\n<p>Que a gratid\u00e3o seja a sua escolha, o seu caminho, a sua verdade. Agrade\u00e7a e receba, pois a gratid\u00e3o \u00e9 a chave que abre as portas da abund\u00e2ncia divina em sua vida. Agrade\u00e7a e acredite, pois a gratid\u00e3o \u00e9 a certeza de que Deus sempre cuida de voc\u00ea. Agrade\u00e7a e ame, pois a gratid\u00e3o \u00e9 o la\u00e7o que une o seu cora\u00e7\u00e3o ao cora\u00e7\u00e3o de Deus. Agrade\u00e7a e viva em paz, pois a gratid\u00e3o \u00e9 o b\u00e1lsamo que cura as feridas da alma. Agrade\u00e7a e seja grato, pois a gratid\u00e3o \u00e9 o milagre que transforma a sua vida. Agrade\u00e7a e seja feliz, pois a gratid\u00e3o<\/p>\n","protected":false},"excerpt":{"rendered":"<p>Hoje, quero falar sobre a import\u00e2ncia da gratid\u00e3o em nossas vidas. Em meio a tantas preocupa\u00e7\u00f5es e desafios di\u00e1rios, \u00e9 f\u00e1cil nos perdermos nas dificuldades e nos esquecermos de tudo aquilo que temos a agradecer. A gratid\u00e3o \u00e9 uma virtude que nos conecta com o divino e nos permite enxergar as b\u00ean\u00e7\u00e3os que recebemos todos [&hellip;]<\/p>\n","protected":false},"author":2,"featured_media":0,"comment_status":"closed","ping_status":"open","sticky":false,"template":"","format":"standard","meta":{"footnotes":""},"categories":[6],"tags":[],"class_list":["post-4639","post","type-post","status-publish","format-standard","hentry","category-reflexao-do-dia"],"yoast_head":"<!-- This site is optimized with the Yoast SEO plugin v27.2 - https:\/\/yoast.com\/product\/yoast-seo-wordpress\/ -->\n<title>Transformando Vidas: A Import\u00e2ncia da Gratid\u00e3o em Nossas Jornadas Espirituais - Salmos B\u00edblicos<\/title>\n<meta name=\"robots\" content=\"index, follow, max-snippet:-1, max-image-preview:large, max-video-preview:-1\" \/>\n<link rel=\"canonical\" href=\"http:\/\/salmosbiblicos.com.br\/index.php\/2025\/05\/03\/transformando-vidas-a-importancia-da-gratidao-em-nossas-jornadas-espirituais\/\" \/>\n<meta property=\"og:locale\" content=\"pt_BR\" \/>\n<meta property=\"og:type\" content=\"article\" \/>\n<meta property=\"og:title\" content=\"Transformando Vidas: A Import\u00e2ncia da Gratid\u00e3o em Nossas Jornadas Espirituais - Salmos B\u00edblicos\" \/>\n<meta property=\"og:description\" content=\"Hoje, quero falar sobre a import\u00e2ncia da gratid\u00e3o em nossas vidas. Em meio a tantas preocupa\u00e7\u00f5es e desafios di\u00e1rios, \u00e9 f\u00e1cil nos perdermos nas dificuldades e nos esquecermos de tudo aquilo que temos a agradecer. A gratid\u00e3o \u00e9 uma virtude que nos conecta com o divino e nos permite enxergar as b\u00ean\u00e7\u00e3os que recebemos todos [&hellip;]\" \/>\n<meta property=\"og:url\" content=\"http:\/\/salmosbiblicos.com.br\/index.php\/2025\/05\/03\/transformando-vidas-a-importancia-da-gratidao-em-nossas-jornadas-espirituais\/\" \/>\n<meta property=\"og:site_name\" content=\"Salmos B\u00edblicos\" \/>\n<meta property=\"article:published_time\" content=\"2025-05-03T04:18:32+00:00\" \/>\n<meta name=\"author\" content=\"Irmao\" \/>\n<meta name=\"twitter:card\" content=\"summary_large_image\" \/>\n<meta name=\"twitter:label1\" content=\"Escrito por\" \/>\n\t<meta name=\"twitter:data1\" content=\"Irmao\" \/>\n\t<meta name=\"twitter:label2\" content=\"Est. tempo de leitura\" \/>\n\t<meta name=\"twitter:data2\" content=\"3 minutos\" \/>\n<script type=\"application\/ld+json\" class=\"yoast-schema-graph\">{\"@context\":\"https:\/\/schema.org\",\"@graph\":[{\"@type\":\"Article\",\"@id\":\"http:\/\/salmosbiblicos.com.br\/index.php\/2025\/05\/03\/transformando-vidas-a-importancia-da-gratidao-em-nossas-jornadas-espirituais\/#article\",\"isPartOf\":{\"@id\":\"http:\/\/salmosbiblicos.com.br\/index.php\/2025\/05\/03\/transformando-vidas-a-importancia-da-gratidao-em-nossas-jornadas-espirituais\/\"},\"author\":{\"name\":\"Irmao\",\"@id\":\"https:\/\/salmosbiblicos.com.br\/#\/schema\/person\/760735259ba35f1e44e89c71c72d79da\"},\"headline\":\"Transformando Vidas: A Import\u00e2ncia da Gratid\u00e3o em Nossas Jornadas Espirituais\",\"datePublished\":\"2025-05-03T04:18:32+00:00\",\"mainEntityOfPage\":{\"@id\":\"http:\/\/salmosbiblicos.com.br\/index.php\/2025\/05\/03\/transformando-vidas-a-importancia-da-gratidao-em-nossas-jornadas-espirituais\/\"},\"wordCount\":698,\"articleSection\":[\"Reflex\u00e3o do Dia\"],\"inLanguage\":\"pt-BR\"},{\"@type\":\"WebPage\",\"@id\":\"http:\/\/salmosbiblicos.com.br\/index.php\/2025\/05\/03\/transformando-vidas-a-importancia-da-gratidao-em-nossas-jornadas-espirituais\/\",\"url\":\"http:\/\/salmosbiblicos.com.br\/index.php\/2025\/05\/03\/transformando-vidas-a-importancia-da-gratidao-em-nossas-jornadas-espirituais\/\",\"name\":\"Transformando Vidas: A Import\u00e2ncia da Gratid\u00e3o em Nossas Jornadas Espirituais - Salmos B\u00edblicos\",\"isPartOf\":{\"@id\":\"https:\/\/salmosbiblicos.com.br\/#website\"},\"datePublished\":\"2025-05-03T04:18:32+00:00\",\"author\":{\"@id\":\"https:\/\/salmosbiblicos.com.br\/#\/schema\/person\/760735259ba35f1e44e89c71c72d79da\"},\"breadcrumb\":{\"@id\":\"http:\/\/salmosbiblicos.com.br\/index.php\/2025\/05\/03\/transformando-vidas-a-importancia-da-gratidao-em-nossas-jornadas-espirituais\/#breadcrumb\"},\"inLanguage\":\"pt-BR\",\"potentialAction\":[{\"@type\":\"ReadAction\",\"target\":[\"http:\/\/salmosbiblicos.com.br\/index.php\/2025\/05\/03\/transformando-vidas-a-importancia-da-gratidao-em-nossas-jornadas-espirituais\/\"]}]},{\"@type\":\"BreadcrumbList\",\"@id\":\"http:\/\/salmosbiblicos.com.br\/index.php\/2025\/05\/03\/transformando-vidas-a-importancia-da-gratidao-em-nossas-jornadas-espirituais\/#breadcrumb\",\"itemListElement\":[{\"@type\":\"ListItem\",\"position\":1,\"name\":\"Home\",\"item\":\"https:\/\/salmosbiblicos.com.br\/\"},{\"@type\":\"ListItem\",\"position\":2,\"name\":\"Transformando Vidas: A Import\u00e2ncia da Gratid\u00e3o em Nossas Jornadas Espirituais\"}]},{\"@type\":\"WebSite\",\"@id\":\"https:\/\/salmosbiblicos.com.br\/#website\",\"url\":\"https:\/\/salmosbiblicos.com.br\/\",\"name\":\"Salmos B\u00edblicos\",\"description\":\"Uma e-Livraria com e-Books novos para voc\u00ea refletir.\",\"potentialAction\":[{\"@type\":\"SearchAction\",\"target\":{\"@type\":\"EntryPoint\",\"urlTemplate\":\"https:\/\/salmosbiblicos.com.br\/?s={search_term_string}\"},\"query-input\":{\"@type\":\"PropertyValueSpecification\",\"valueRequired\":true,\"valueName\":\"search_term_string\"}}],\"inLanguage\":\"pt-BR\"},{\"@type\":\"Person\",\"@id\":\"https:\/\/salmosbiblicos.com.br\/#\/schema\/person\/760735259ba35f1e44e89c71c72d79da\",\"name\":\"Irmao\",\"image\":{\"@type\":\"ImageObject\",\"inLanguage\":\"pt-BR\",\"@id\":\"https:\/\/secure.gravatar.com\/avatar\/?s=96&d=mm&r=g\",\"url\":\"https:\/\/secure.gravatar.com\/avatar\/?s=96&d=mm&r=g\",\"contentUrl\":\"https:\/\/secure.gravatar.com\/avatar\/?s=96&d=mm&r=g\",\"caption\":\"Irmao\"},\"url\":\"http:\/\/salmosbiblicos.com.br\/index.php\/author\/irmao\/\"}]}<\/script>\n<!-- \/ Yoast SEO plugin. -->","yoast_head_json":{"title":"Transformando Vidas: A Import\u00e2ncia da Gratid\u00e3o em Nossas Jornadas Espirituais - Salmos B\u00edblicos","robots":{"index":"index","follow":"follow","max-snippet":"max-snippet:-1","max-image-preview":"max-image-preview:large","max-video-preview":"max-video-preview:-1"},"canonical":"http:\/\/salmosbiblicos.com.br\/index.php\/2025\/05\/03\/transformando-vidas-a-importancia-da-gratidao-em-nossas-jornadas-espirituais\/","og_locale":"pt_BR","og_type":"article","og_title":"Transformando Vidas: A Import\u00e2ncia da Gratid\u00e3o em Nossas Jornadas Espirituais - Salmos B\u00edblicos","og_description":"Hoje, quero falar sobre a import\u00e2ncia da gratid\u00e3o em nossas vidas. Em meio a tantas preocupa\u00e7\u00f5es e desafios di\u00e1rios, \u00e9 f\u00e1cil nos perdermos nas dificuldades e nos esquecermos de tudo aquilo que temos a agradecer. A gratid\u00e3o \u00e9 uma virtude que nos conecta com o divino e nos permite enxergar as b\u00ean\u00e7\u00e3os que recebemos todos [&hellip;]","og_url":"http:\/\/salmosbiblicos.com.br\/index.php\/2025\/05\/03\/transformando-vidas-a-importancia-da-gratidao-em-nossas-jornadas-espirituais\/","og_site_name":"Salmos B\u00edblicos","article_published_time":"2025-05-03T04:18:32+00:00","author":"Irmao","twitter_card":"summary_large_image","twitter_misc":{"Escrito por":"Irmao","Est. tempo de leitura":"3 minutos"},"schema":{"@context":"https:\/\/schema.org","@graph":[{"@type":"Article","@id":"http:\/\/salmosbiblicos.com.br\/index.php\/2025\/05\/03\/transformando-vidas-a-importancia-da-gratidao-em-nossas-jornadas-espirituais\/#article","isPartOf":{"@id":"http:\/\/salmosbiblicos.com.br\/index.php\/2025\/05\/03\/transformando-vidas-a-importancia-da-gratidao-em-nossas-jornadas-espirituais\/"},"author":{"name":"Irmao","@id":"https:\/\/salmosbiblicos.com.br\/#\/schema\/person\/760735259ba35f1e44e89c71c72d79da"},"headline":"Transformando Vidas: A Import\u00e2ncia da Gratid\u00e3o em Nossas Jornadas Espirituais","datePublished":"2025-05-03T04:18:32+00:00","mainEntityOfPage":{"@id":"http:\/\/salmosbiblicos.com.br\/index.php\/2025\/05\/03\/transformando-vidas-a-importancia-da-gratidao-em-nossas-jornadas-espirituais\/"},"wordCount":698,"articleSection":["Reflex\u00e3o do Dia"],"inLanguage":"pt-BR"},{"@type":"WebPage","@id":"http:\/\/salmosbiblicos.com.br\/index.php\/2025\/05\/03\/transformando-vidas-a-importancia-da-gratidao-em-nossas-jornadas-espirituais\/","url":"http:\/\/salmosbiblicos.com.br\/index.php\/2025\/05\/03\/transformando-vidas-a-importancia-da-gratidao-em-nossas-jornadas-espirituais\/","name":"Transformando Vidas: A Import\u00e2ncia da Gratid\u00e3o em Nossas Jornadas Espirituais - Salmos B\u00edblicos","isPartOf":{"@id":"https:\/\/salmosbiblicos.com.br\/#website"},"datePublished":"2025-05-03T04:18:32+00:00","author":{"@id":"https:\/\/salmosbiblicos.com.br\/#\/schema\/person\/760735259ba35f1e44e89c71c72d79da"},"breadcrumb":{"@id":"http:\/\/salmosbiblicos.com.br\/index.php\/2025\/05\/03\/transformando-vidas-a-importancia-da-gratidao-em-nossas-jornadas-espirituais\/#breadcrumb"},"inLanguage":"pt-BR","potentialAction":[{"@type":"ReadAction","target":["http:\/\/salmosbiblicos.com.br\/index.php\/2025\/05\/03\/transformando-vidas-a-importancia-da-gratidao-em-nossas-jornadas-espirituais\/"]}]},{"@type":"BreadcrumbList","@id":"http:\/\/salmosbiblicos.com.br\/index.php\/2025\/05\/03\/transformando-vidas-a-importancia-da-gratidao-em-nossas-jornadas-espirituais\/#breadcrumb","itemListElement":[{"@type":"ListItem","position":1,"name":"Home","item":"https:\/\/salmosbiblicos.com.br\/"},{"@type":"ListItem","position":2,"name":"Transformando Vidas: A Import\u00e2ncia da Gratid\u00e3o em Nossas Jornadas Espirituais"}]},{"@type":"WebSite","@id":"https:\/\/salmosbiblicos.com.br\/#website","url":"https:\/\/salmosbiblicos.com.br\/","name":"Salmos B\u00edblicos","description":"Uma e-Livraria com e-Books novos para voc\u00ea refletir.","potentialAction":[{"@type":"SearchAction","target":{"@type":"EntryPoint","urlTemplate":"https:\/\/salmosbiblicos.com.br\/?s={search_term_string}"},"query-input":{"@type":"PropertyValueSpecification","valueRequired":true,"valueName":"search_term_string"}}],"inLanguage":"pt-BR"},{"@type":"Person","@id":"https:\/\/salmosbiblicos.com.br\/#\/schema\/person\/760735259ba35f1e44e89c71c72d79da","name":"Irmao","image":{"@type":"ImageObject","inLanguage":"pt-BR","@id":"https:\/\/secure.gravatar.com\/avatar\/?s=96&d=mm&r=g","url":"https:\/\/secure.gravatar.com\/avatar\/?s=96&d=mm&r=g","contentUrl":"https:\/\/secure.gravatar.com\/avatar\/?s=96&d=mm&r=g","caption":"Irmao"},"url":"http:\/\/salmosbiblicos.com.br\/index.php\/author\/irmao\/"}]}},"_links":{"self":[{"href":"http:\/\/salmosbiblicos.com.br\/index.php\/wp-json\/wp\/v2\/posts\/4639","targetHints":{"allow":["GET"]}}],"collection":[{"href":"http:\/\/salmosbiblicos.com.br\/index.php\/wp-json\/wp\/v2\/posts"}],"about":[{"href":"http:\/\/salmosbiblicos.com.br\/index.php\/wp-json\/wp\/v2\/types\/post"}],"author":[{"embeddable":true,"href":"http:\/\/salmosbiblicos.com.br\/index.php\/wp-json\/wp\/v2\/users\/2"}],"replies":[{"embeddable":true,"href":"http:\/\/salmosbiblicos.com.br\/index.php\/wp-json\/wp\/v2\/comments?post=4639"}],"version-history":[{"count":0,"href":"http:\/\/salmosbiblicos.com.br\/index.php\/wp-json\/wp\/v2\/posts\/4639\/revisions"}],"wp:attachment":[{"href":"http:\/\/salmosbiblicos.com.br\/index.php\/wp-json\/wp\/v2\/media?parent=4639"}],"wp:term":[{"taxonomy":"category","embeddable":true,"href":"http:\/\/salmosbiblicos.com.br\/index.php\/wp-json\/wp\/v2\/categories?post=4639"},{"taxonomy":"post_tag","embeddable":true,"href":"http:\/\/salmosbiblicos.com.br\/index.php\/wp-json\/wp\/v2\/tags?post=4639"}],"curies":[{"name":"wp","href":"https:\/\/api.w.org\/{rel}","templated":true}]}}