{"id":4641,"date":"2025-05-03T01:18:39","date_gmt":"2025-05-03T04:18:39","guid":{"rendered":"https:\/\/salmosbiblicos.com.br\/?p=4641"},"modified":"2025-05-03T01:18:39","modified_gmt":"2025-05-03T04:18:39","slug":"reflexoes-sobre-a-importancia-de-cultivar-a-paz-interior-em-meio-ao-caos-do-mundo","status":"publish","type":"post","link":"http:\/\/salmosbiblicos.com.br\/index.php\/2025\/05\/03\/reflexoes-sobre-a-importancia-de-cultivar-a-paz-interior-em-meio-ao-caos-do-mundo\/","title":{"rendered":"Reflex\u00f5es sobre a import\u00e2ncia de cultivar a paz interior em meio ao caos do mundo"},"content":{"rendered":"<p>Hoje, quero compartilhar com voc\u00ea uma reflex\u00e3o sobre a import\u00e2ncia de cultivarmos a paz interior em meio ao caos do mundo. Em tempos de incertezas, conflitos e preocupa\u00e7\u00f5es constantes, \u00e9 fundamental buscarmos a serenidade em nosso cora\u00e7\u00e3o para enfrentarmos os desafios com tranquilidade e sabedoria.<\/p>\n<p>Muitas vezes, nos vemos envolvidos em situa\u00e7\u00f5es que nos tiram a paz, seja por problemas no trabalho, conflitos familiares, dificuldades financeiras ou at\u00e9 mesmo pelas not\u00edcias perturbadoras que chegam at\u00e9 n\u00f3s. Nessas horas, \u00e9 importante lembrarmos que a paz verdadeira n\u00e3o vem do mundo exterior, mas sim do nosso interior.<\/p>\n<p>\u00c9 preciso dedicarmos um tempo para cuidar da nossa espiritualidade, seja atrav\u00e9s da medita\u00e7\u00e3o, da ora\u00e7\u00e3o, da leitura de textos sagrados ou simplesmente reservando momentos de sil\u00eancio para nos conectarmos com nossa ess\u00eancia divina. Quando cultivamos a paz interior, somos capazes de enfrentar as adversidades com coragem e f\u00e9, sem nos deixarmos abalar pelo medo ou pela ansiedade.<\/p>\n<p>Lembre-se de que a paz \u00e9 um estado de esp\u00edrito que podemos alcan\u00e7ar a qualquer momento, independentemente das circunst\u00e2ncias ao nosso redor. Mesmo diante das tempestades da vida, podemos encontrar um ref\u00fagio seguro em nosso cora\u00e7\u00e3o, onde a presen\u00e7a de Deus nos acalma e nos fortalece para seguirmos em frente com esperan\u00e7a e confian\u00e7a.<\/p>\n<p>Que possamos nos lembrar sempre de que a paz \u00e9 um presente que podemos oferecer a n\u00f3s mesmos, a cada novo dia. Cultivar a paz interior n\u00e3o significa ignorar os problemas ou fugir das responsabilidades, mas sim encar\u00e1-los com serenidade e equil\u00edbrio, confiando que tudo acontece conforme a vontade divina e que somos capazes de superar qualquer desafio com f\u00e9 e determina\u00e7\u00e3o.<\/p>\n<p>Portanto, n\u00e3o permita que as turbul\u00eancias do mundo roubem a sua paz. Busque a tranquilidade em seu interior, onde a presen\u00e7a amorosa de Deus habita, e permita que a sua luz interior brilhe intensamente, iluminando o seu caminho e o de todos ao seu redor.<\/p>\n<p>Que a paz que excede todo entendimento encha o seu cora\u00e7\u00e3o e guie os seus passos, hoje e sempre. Lembre-se: voc\u00ea \u00e9 um ser de luz e amor, capaz de superar todas as adversidades com f\u00e9 e coragem. Confie em si mesmo e no poder divino que habita em voc\u00ea.<\/p>\n<p>Que a paz esteja sempre presente em sua vida, irradiando harmonia e amor a todos que cruzarem o seu caminho. Acredite: voc\u00ea \u00e9 amado e protegido por Deus, e nada pode abalar a sua f\u00e9 inabal\u00e1vel. Que a paz do Senhor esteja com voc\u00ea, agora e sempre. Am\u00e9m.<\/p>\n","protected":false},"excerpt":{"rendered":"<p>Hoje, quero compartilhar com voc\u00ea uma reflex\u00e3o sobre a import\u00e2ncia de cultivarmos a paz interior em meio ao caos do mundo. Em tempos de incertezas, conflitos e preocupa\u00e7\u00f5es constantes, \u00e9 fundamental buscarmos a serenidade em nosso cora\u00e7\u00e3o para enfrentarmos os desafios com tranquilidade e sabedoria. Muitas vezes, nos vemos envolvidos em situa\u00e7\u00f5es que nos tiram [&hellip;]<\/p>\n","protected":false},"author":2,"featured_media":0,"comment_status":"closed","ping_status":"open","sticky":false,"template":"","format":"standard","meta":{"footnotes":""},"categories":[6],"tags":[],"class_list":["post-4641","post","type-post","status-publish","format-standard","hentry","category-reflexao-do-dia"],"yoast_head":"<!-- This site is optimized with the Yoast SEO plugin v27.2 - https:\/\/yoast.com\/product\/yoast-seo-wordpress\/ -->\n<title>Reflex\u00f5es sobre a import\u00e2ncia de cultivar a paz interior em meio ao caos do mundo - Salmos B\u00edblicos<\/title>\n<meta name=\"robots\" content=\"index, follow, max-snippet:-1, max-image-preview:large, max-video-preview:-1\" \/>\n<link rel=\"canonical\" href=\"http:\/\/salmosbiblicos.com.br\/index.php\/2025\/05\/03\/reflexoes-sobre-a-importancia-de-cultivar-a-paz-interior-em-meio-ao-caos-do-mundo\/\" \/>\n<meta property=\"og:locale\" content=\"pt_BR\" \/>\n<meta property=\"og:type\" content=\"article\" \/>\n<meta property=\"og:title\" content=\"Reflex\u00f5es sobre a import\u00e2ncia de cultivar a paz interior em meio ao caos do mundo - Salmos B\u00edblicos\" \/>\n<meta property=\"og:description\" content=\"Hoje, quero compartilhar com voc\u00ea uma reflex\u00e3o sobre a import\u00e2ncia de cultivarmos a paz interior em meio ao caos do mundo. Em tempos de incertezas, conflitos e preocupa\u00e7\u00f5es constantes, \u00e9 fundamental buscarmos a serenidade em nosso cora\u00e7\u00e3o para enfrentarmos os desafios com tranquilidade e sabedoria. Muitas vezes, nos vemos envolvidos em situa\u00e7\u00f5es que nos tiram [&hellip;]\" \/>\n<meta property=\"og:url\" content=\"http:\/\/salmosbiblicos.com.br\/index.php\/2025\/05\/03\/reflexoes-sobre-a-importancia-de-cultivar-a-paz-interior-em-meio-ao-caos-do-mundo\/\" \/>\n<meta property=\"og:site_name\" content=\"Salmos B\u00edblicos\" \/>\n<meta property=\"article:published_time\" content=\"2025-05-03T04:18:39+00:00\" \/>\n<meta name=\"author\" content=\"Irmao\" \/>\n<meta name=\"twitter:card\" content=\"summary_large_image\" \/>\n<meta name=\"twitter:label1\" content=\"Escrito por\" \/>\n\t<meta name=\"twitter:data1\" content=\"Irmao\" \/>\n\t<meta name=\"twitter:label2\" content=\"Est. tempo de leitura\" \/>\n\t<meta name=\"twitter:data2\" content=\"2 minutos\" \/>\n<script type=\"application\/ld+json\" class=\"yoast-schema-graph\">{\"@context\":\"https:\/\/schema.org\",\"@graph\":[{\"@type\":\"Article\",\"@id\":\"http:\/\/salmosbiblicos.com.br\/index.php\/2025\/05\/03\/reflexoes-sobre-a-importancia-de-cultivar-a-paz-interior-em-meio-ao-caos-do-mundo\/#article\",\"isPartOf\":{\"@id\":\"http:\/\/salmosbiblicos.com.br\/index.php\/2025\/05\/03\/reflexoes-sobre-a-importancia-de-cultivar-a-paz-interior-em-meio-ao-caos-do-mundo\/\"},\"author\":{\"name\":\"Irmao\",\"@id\":\"https:\/\/salmosbiblicos.com.br\/#\/schema\/person\/760735259ba35f1e44e89c71c72d79da\"},\"headline\":\"Reflex\u00f5es sobre a import\u00e2ncia de cultivar a paz interior em meio ao caos do mundo\",\"datePublished\":\"2025-05-03T04:18:39+00:00\",\"mainEntityOfPage\":{\"@id\":\"http:\/\/salmosbiblicos.com.br\/index.php\/2025\/05\/03\/reflexoes-sobre-a-importancia-de-cultivar-a-paz-interior-em-meio-ao-caos-do-mundo\/\"},\"wordCount\":454,\"articleSection\":[\"Reflex\u00e3o do Dia\"],\"inLanguage\":\"pt-BR\"},{\"@type\":\"WebPage\",\"@id\":\"http:\/\/salmosbiblicos.com.br\/index.php\/2025\/05\/03\/reflexoes-sobre-a-importancia-de-cultivar-a-paz-interior-em-meio-ao-caos-do-mundo\/\",\"url\":\"http:\/\/salmosbiblicos.com.br\/index.php\/2025\/05\/03\/reflexoes-sobre-a-importancia-de-cultivar-a-paz-interior-em-meio-ao-caos-do-mundo\/\",\"name\":\"Reflex\u00f5es sobre a import\u00e2ncia de cultivar a paz interior em meio ao caos do mundo - Salmos B\u00edblicos\",\"isPartOf\":{\"@id\":\"https:\/\/salmosbiblicos.com.br\/#website\"},\"datePublished\":\"2025-05-03T04:18:39+00:00\",\"author\":{\"@id\":\"https:\/\/salmosbiblicos.com.br\/#\/schema\/person\/760735259ba35f1e44e89c71c72d79da\"},\"breadcrumb\":{\"@id\":\"http:\/\/salmosbiblicos.com.br\/index.php\/2025\/05\/03\/reflexoes-sobre-a-importancia-de-cultivar-a-paz-interior-em-meio-ao-caos-do-mundo\/#breadcrumb\"},\"inLanguage\":\"pt-BR\",\"potentialAction\":[{\"@type\":\"ReadAction\",\"target\":[\"http:\/\/salmosbiblicos.com.br\/index.php\/2025\/05\/03\/reflexoes-sobre-a-importancia-de-cultivar-a-paz-interior-em-meio-ao-caos-do-mundo\/\"]}]},{\"@type\":\"BreadcrumbList\",\"@id\":\"http:\/\/salmosbiblicos.com.br\/index.php\/2025\/05\/03\/reflexoes-sobre-a-importancia-de-cultivar-a-paz-interior-em-meio-ao-caos-do-mundo\/#breadcrumb\",\"itemListElement\":[{\"@type\":\"ListItem\",\"position\":1,\"name\":\"Home\",\"item\":\"https:\/\/salmosbiblicos.com.br\/\"},{\"@type\":\"ListItem\",\"position\":2,\"name\":\"Reflex\u00f5es sobre a import\u00e2ncia de cultivar a paz interior em meio ao caos do mundo\"}]},{\"@type\":\"WebSite\",\"@id\":\"https:\/\/salmosbiblicos.com.br\/#website\",\"url\":\"https:\/\/salmosbiblicos.com.br\/\",\"name\":\"Salmos B\u00edblicos\",\"description\":\"Uma e-Livraria com e-Books novos para voc\u00ea refletir.\",\"potentialAction\":[{\"@type\":\"SearchAction\",\"target\":{\"@type\":\"EntryPoint\",\"urlTemplate\":\"https:\/\/salmosbiblicos.com.br\/?s={search_term_string}\"},\"query-input\":{\"@type\":\"PropertyValueSpecification\",\"valueRequired\":true,\"valueName\":\"search_term_string\"}}],\"inLanguage\":\"pt-BR\"},{\"@type\":\"Person\",\"@id\":\"https:\/\/salmosbiblicos.com.br\/#\/schema\/person\/760735259ba35f1e44e89c71c72d79da\",\"name\":\"Irmao\",\"image\":{\"@type\":\"ImageObject\",\"inLanguage\":\"pt-BR\",\"@id\":\"https:\/\/secure.gravatar.com\/avatar\/?s=96&d=mm&r=g\",\"url\":\"https:\/\/secure.gravatar.com\/avatar\/?s=96&d=mm&r=g\",\"contentUrl\":\"https:\/\/secure.gravatar.com\/avatar\/?s=96&d=mm&r=g\",\"caption\":\"Irmao\"},\"url\":\"http:\/\/salmosbiblicos.com.br\/index.php\/author\/irmao\/\"}]}<\/script>\n<!-- \/ Yoast SEO plugin. -->","yoast_head_json":{"title":"Reflex\u00f5es sobre a import\u00e2ncia de cultivar a paz interior em meio ao caos do mundo - Salmos B\u00edblicos","robots":{"index":"index","follow":"follow","max-snippet":"max-snippet:-1","max-image-preview":"max-image-preview:large","max-video-preview":"max-video-preview:-1"},"canonical":"http:\/\/salmosbiblicos.com.br\/index.php\/2025\/05\/03\/reflexoes-sobre-a-importancia-de-cultivar-a-paz-interior-em-meio-ao-caos-do-mundo\/","og_locale":"pt_BR","og_type":"article","og_title":"Reflex\u00f5es sobre a import\u00e2ncia de cultivar a paz interior em meio ao caos do mundo - Salmos B\u00edblicos","og_description":"Hoje, quero compartilhar com voc\u00ea uma reflex\u00e3o sobre a import\u00e2ncia de cultivarmos a paz interior em meio ao caos do mundo. Em tempos de incertezas, conflitos e preocupa\u00e7\u00f5es constantes, \u00e9 fundamental buscarmos a serenidade em nosso cora\u00e7\u00e3o para enfrentarmos os desafios com tranquilidade e sabedoria. Muitas vezes, nos vemos envolvidos em situa\u00e7\u00f5es que nos tiram [&hellip;]","og_url":"http:\/\/salmosbiblicos.com.br\/index.php\/2025\/05\/03\/reflexoes-sobre-a-importancia-de-cultivar-a-paz-interior-em-meio-ao-caos-do-mundo\/","og_site_name":"Salmos B\u00edblicos","article_published_time":"2025-05-03T04:18:39+00:00","author":"Irmao","twitter_card":"summary_large_image","twitter_misc":{"Escrito por":"Irmao","Est. tempo de leitura":"2 minutos"},"schema":{"@context":"https:\/\/schema.org","@graph":[{"@type":"Article","@id":"http:\/\/salmosbiblicos.com.br\/index.php\/2025\/05\/03\/reflexoes-sobre-a-importancia-de-cultivar-a-paz-interior-em-meio-ao-caos-do-mundo\/#article","isPartOf":{"@id":"http:\/\/salmosbiblicos.com.br\/index.php\/2025\/05\/03\/reflexoes-sobre-a-importancia-de-cultivar-a-paz-interior-em-meio-ao-caos-do-mundo\/"},"author":{"name":"Irmao","@id":"https:\/\/salmosbiblicos.com.br\/#\/schema\/person\/760735259ba35f1e44e89c71c72d79da"},"headline":"Reflex\u00f5es sobre a import\u00e2ncia de cultivar a paz interior em meio ao caos do mundo","datePublished":"2025-05-03T04:18:39+00:00","mainEntityOfPage":{"@id":"http:\/\/salmosbiblicos.com.br\/index.php\/2025\/05\/03\/reflexoes-sobre-a-importancia-de-cultivar-a-paz-interior-em-meio-ao-caos-do-mundo\/"},"wordCount":454,"articleSection":["Reflex\u00e3o do Dia"],"inLanguage":"pt-BR"},{"@type":"WebPage","@id":"http:\/\/salmosbiblicos.com.br\/index.php\/2025\/05\/03\/reflexoes-sobre-a-importancia-de-cultivar-a-paz-interior-em-meio-ao-caos-do-mundo\/","url":"http:\/\/salmosbiblicos.com.br\/index.php\/2025\/05\/03\/reflexoes-sobre-a-importancia-de-cultivar-a-paz-interior-em-meio-ao-caos-do-mundo\/","name":"Reflex\u00f5es sobre a import\u00e2ncia de cultivar a paz interior em meio ao caos do mundo - Salmos B\u00edblicos","isPartOf":{"@id":"https:\/\/salmosbiblicos.com.br\/#website"},"datePublished":"2025-05-03T04:18:39+00:00","author":{"@id":"https:\/\/salmosbiblicos.com.br\/#\/schema\/person\/760735259ba35f1e44e89c71c72d79da"},"breadcrumb":{"@id":"http:\/\/salmosbiblicos.com.br\/index.php\/2025\/05\/03\/reflexoes-sobre-a-importancia-de-cultivar-a-paz-interior-em-meio-ao-caos-do-mundo\/#breadcrumb"},"inLanguage":"pt-BR","potentialAction":[{"@type":"ReadAction","target":["http:\/\/salmosbiblicos.com.br\/index.php\/2025\/05\/03\/reflexoes-sobre-a-importancia-de-cultivar-a-paz-interior-em-meio-ao-caos-do-mundo\/"]}]},{"@type":"BreadcrumbList","@id":"http:\/\/salmosbiblicos.com.br\/index.php\/2025\/05\/03\/reflexoes-sobre-a-importancia-de-cultivar-a-paz-interior-em-meio-ao-caos-do-mundo\/#breadcrumb","itemListElement":[{"@type":"ListItem","position":1,"name":"Home","item":"https:\/\/salmosbiblicos.com.br\/"},{"@type":"ListItem","position":2,"name":"Reflex\u00f5es sobre a import\u00e2ncia de cultivar a paz interior em meio ao caos do mundo"}]},{"@type":"WebSite","@id":"https:\/\/salmosbiblicos.com.br\/#website","url":"https:\/\/salmosbiblicos.com.br\/","name":"Salmos B\u00edblicos","description":"Uma e-Livraria com e-Books novos para voc\u00ea refletir.","potentialAction":[{"@type":"SearchAction","target":{"@type":"EntryPoint","urlTemplate":"https:\/\/salmosbiblicos.com.br\/?s={search_term_string}"},"query-input":{"@type":"PropertyValueSpecification","valueRequired":true,"valueName":"search_term_string"}}],"inLanguage":"pt-BR"},{"@type":"Person","@id":"https:\/\/salmosbiblicos.com.br\/#\/schema\/person\/760735259ba35f1e44e89c71c72d79da","name":"Irmao","image":{"@type":"ImageObject","inLanguage":"pt-BR","@id":"https:\/\/secure.gravatar.com\/avatar\/?s=96&d=mm&r=g","url":"https:\/\/secure.gravatar.com\/avatar\/?s=96&d=mm&r=g","contentUrl":"https:\/\/secure.gravatar.com\/avatar\/?s=96&d=mm&r=g","caption":"Irmao"},"url":"http:\/\/salmosbiblicos.com.br\/index.php\/author\/irmao\/"}]}},"_links":{"self":[{"href":"http:\/\/salmosbiblicos.com.br\/index.php\/wp-json\/wp\/v2\/posts\/4641","targetHints":{"allow":["GET"]}}],"collection":[{"href":"http:\/\/salmosbiblicos.com.br\/index.php\/wp-json\/wp\/v2\/posts"}],"about":[{"href":"http:\/\/salmosbiblicos.com.br\/index.php\/wp-json\/wp\/v2\/types\/post"}],"author":[{"embeddable":true,"href":"http:\/\/salmosbiblicos.com.br\/index.php\/wp-json\/wp\/v2\/users\/2"}],"replies":[{"embeddable":true,"href":"http:\/\/salmosbiblicos.com.br\/index.php\/wp-json\/wp\/v2\/comments?post=4641"}],"version-history":[{"count":0,"href":"http:\/\/salmosbiblicos.com.br\/index.php\/wp-json\/wp\/v2\/posts\/4641\/revisions"}],"wp:attachment":[{"href":"http:\/\/salmosbiblicos.com.br\/index.php\/wp-json\/wp\/v2\/media?parent=4641"}],"wp:term":[{"taxonomy":"category","embeddable":true,"href":"http:\/\/salmosbiblicos.com.br\/index.php\/wp-json\/wp\/v2\/categories?post=4641"},{"taxonomy":"post_tag","embeddable":true,"href":"http:\/\/salmosbiblicos.com.br\/index.php\/wp-json\/wp\/v2\/tags?post=4641"}],"curies":[{"name":"wp","href":"https:\/\/api.w.org\/{rel}","templated":true}]}}