{"id":4695,"date":"2025-05-04T00:23:28","date_gmt":"2025-05-04T03:23:28","guid":{"rendered":"https:\/\/salmosbiblicos.com.br\/?p=4695"},"modified":"2025-05-04T00:23:28","modified_gmt":"2025-05-04T03:23:28","slug":"a-importancia-da-gratidao-cultive-um-coracao-grato-e-aberto-para-as-bencaos-divinas","status":"publish","type":"post","link":"http:\/\/salmosbiblicos.com.br\/index.php\/2025\/05\/04\/a-importancia-da-gratidao-cultive-um-coracao-grato-e-aberto-para-as-bencaos-divinas\/","title":{"rendered":"A Import\u00e2ncia da Gratid\u00e3o: Cultive um Cora\u00e7\u00e3o Grato e Aberto para as B\u00ean\u00e7\u00e3os Divinas"},"content":{"rendered":"<p>Hoje, quero falar com voc\u00ea sobre a import\u00e2ncia de cultivar a gratid\u00e3o em nossas vidas. Em meio \u00e0s adversidades e desafios do dia a dia, \u00e9 f\u00e1cil nos deixarmos levar pela negatividade e pelas preocupa\u00e7\u00f5es, esquecendo-nos de todas as b\u00ean\u00e7\u00e3os que recebemos diariamente.<\/p>\n<p>A gratid\u00e3o \u00e9 uma virtude poderosa que nos conecta com o divino e nos ajuda a enxergar as situa\u00e7\u00f5es com mais clareza e positividade. Quando somos gratos, reconhecemos a presen\u00e7a de Deus em nossas vidas e nos abrimos para receber mais amor, paz e prosperidade.<\/p>\n<p>Mesmo nos momentos mais dif\u00edceis, \u00e9 importante lembrar de todas as coisas pelas quais podemos ser gratos. Agrade\u00e7a pelo ar que respira, pela comida que tem em sua mesa, pela fam\u00edlia que o rodeia, pelos amigos que est\u00e3o ao seu lado. Agrade\u00e7a pelas pequenas alegrias do dia a dia, pelos sorrisos que encontra pelo caminho, pelas oportunidades de aprendizado e crescimento.<\/p>\n<p>Quando cultivamos a gratid\u00e3o em nosso cora\u00e7\u00e3o, somos capazes de transformar at\u00e9 mesmo as situa\u00e7\u00f5es mais desafiadoras em oportunidades de crescimento e supera\u00e7\u00e3o. A gratid\u00e3o nos ajuda a manter a f\u00e9 e a esperan\u00e7a, mesmo nos momentos de escurid\u00e3o, pois sabemos que Deus est\u00e1 sempre ao nosso lado, cuidando de n\u00f3s e nos guiando pelo caminho da luz.<\/p>\n<p>Portanto, hoje, quero te convidar a praticar a gratid\u00e3o em sua vida. Dedique alguns minutos do seu dia para refletir sobre todas as coisas boas que voc\u00ea tem e agrade\u00e7a por elas. Cultive um cora\u00e7\u00e3o grato e aberto para receber as b\u00ean\u00e7\u00e3os que o universo tem a lhe oferecer.<\/p>\n<p>Lembre-se: a gratid\u00e3o \u00e9 a chave que abre as portas para a abund\u00e2ncia e a felicidade. Quando somos gratos, a vida nos sorri de volta e nos presenteia com amor, paz e harmonia. Que a sua jornada seja iluminada pela gratid\u00e3o e que voc\u00ea possa sempre enxergar a beleza e a generosidade do universo ao seu redor.<\/p>\n<p>Que a gratid\u00e3o seja a luz que ilumina o seu caminho e o seu cora\u00e7\u00e3o. Agrade\u00e7a, confie e siga em frente, sabendo que Deus est\u00e1 sempre ao seu lado, guiando os seus passos e aben\u00e7oando a sua vida. Que a gratid\u00e3o seja a sua companheira constante, enchendo a sua vida de amor, paz e prosperidade.<\/p>\n<p>Lembre-se: a gratid\u00e3o transforma a nossa realidade e nos conecta com o divino. Seja grato e viva em harmonia com o universo.<\/p>\n<p>Que a gratid\u00e3o seja a sua for\u00e7a e a sua luz. Agrade\u00e7a e confie, pois o melhor est\u00e1 por vir. Am\u00e9m.<\/p>\n","protected":false},"excerpt":{"rendered":"<p>Hoje, quero falar com voc\u00ea sobre a import\u00e2ncia de cultivar a gratid\u00e3o em nossas vidas. Em meio \u00e0s adversidades e desafios do dia a dia, \u00e9 f\u00e1cil nos deixarmos levar pela negatividade e pelas preocupa\u00e7\u00f5es, esquecendo-nos de todas as b\u00ean\u00e7\u00e3os que recebemos diariamente. A gratid\u00e3o \u00e9 uma virtude poderosa que nos conecta com o divino [&hellip;]<\/p>\n","protected":false},"author":2,"featured_media":0,"comment_status":"closed","ping_status":"open","sticky":false,"template":"","format":"standard","meta":{"footnotes":""},"categories":[6],"tags":[],"class_list":["post-4695","post","type-post","status-publish","format-standard","hentry","category-reflexao-do-dia"],"yoast_head":"<!-- This site is optimized with the Yoast SEO plugin v27.2 - https:\/\/yoast.com\/product\/yoast-seo-wordpress\/ -->\n<title>A Import\u00e2ncia da Gratid\u00e3o: Cultive um Cora\u00e7\u00e3o Grato e Aberto para as B\u00ean\u00e7\u00e3os Divinas - Salmos B\u00edblicos<\/title>\n<meta name=\"robots\" content=\"index, follow, max-snippet:-1, max-image-preview:large, max-video-preview:-1\" \/>\n<link rel=\"canonical\" href=\"http:\/\/salmosbiblicos.com.br\/index.php\/2025\/05\/04\/a-importancia-da-gratidao-cultive-um-coracao-grato-e-aberto-para-as-bencaos-divinas\/\" \/>\n<meta property=\"og:locale\" content=\"pt_BR\" \/>\n<meta property=\"og:type\" content=\"article\" \/>\n<meta property=\"og:title\" content=\"A Import\u00e2ncia da Gratid\u00e3o: Cultive um Cora\u00e7\u00e3o Grato e Aberto para as B\u00ean\u00e7\u00e3os Divinas - Salmos B\u00edblicos\" \/>\n<meta property=\"og:description\" content=\"Hoje, quero falar com voc\u00ea sobre a import\u00e2ncia de cultivar a gratid\u00e3o em nossas vidas. Em meio \u00e0s adversidades e desafios do dia a dia, \u00e9 f\u00e1cil nos deixarmos levar pela negatividade e pelas preocupa\u00e7\u00f5es, esquecendo-nos de todas as b\u00ean\u00e7\u00e3os que recebemos diariamente. A gratid\u00e3o \u00e9 uma virtude poderosa que nos conecta com o divino [&hellip;]\" \/>\n<meta property=\"og:url\" content=\"http:\/\/salmosbiblicos.com.br\/index.php\/2025\/05\/04\/a-importancia-da-gratidao-cultive-um-coracao-grato-e-aberto-para-as-bencaos-divinas\/\" \/>\n<meta property=\"og:site_name\" content=\"Salmos B\u00edblicos\" \/>\n<meta property=\"article:published_time\" content=\"2025-05-04T03:23:28+00:00\" \/>\n<meta name=\"author\" content=\"Irmao\" \/>\n<meta name=\"twitter:card\" content=\"summary_large_image\" \/>\n<meta name=\"twitter:label1\" content=\"Escrito por\" \/>\n\t<meta name=\"twitter:data1\" content=\"Irmao\" \/>\n\t<meta name=\"twitter:label2\" content=\"Est. tempo de leitura\" \/>\n\t<meta name=\"twitter:data2\" content=\"2 minutos\" \/>\n<script type=\"application\/ld+json\" class=\"yoast-schema-graph\">{\"@context\":\"https:\/\/schema.org\",\"@graph\":[{\"@type\":\"Article\",\"@id\":\"http:\/\/salmosbiblicos.com.br\/index.php\/2025\/05\/04\/a-importancia-da-gratidao-cultive-um-coracao-grato-e-aberto-para-as-bencaos-divinas\/#article\",\"isPartOf\":{\"@id\":\"http:\/\/salmosbiblicos.com.br\/index.php\/2025\/05\/04\/a-importancia-da-gratidao-cultive-um-coracao-grato-e-aberto-para-as-bencaos-divinas\/\"},\"author\":{\"name\":\"Irmao\",\"@id\":\"https:\/\/salmosbiblicos.com.br\/#\/schema\/person\/760735259ba35f1e44e89c71c72d79da\"},\"headline\":\"A Import\u00e2ncia da Gratid\u00e3o: Cultive um Cora\u00e7\u00e3o Grato e Aberto para as B\u00ean\u00e7\u00e3os Divinas\",\"datePublished\":\"2025-05-04T03:23:28+00:00\",\"mainEntityOfPage\":{\"@id\":\"http:\/\/salmosbiblicos.com.br\/index.php\/2025\/05\/04\/a-importancia-da-gratidao-cultive-um-coracao-grato-e-aberto-para-as-bencaos-divinas\/\"},\"wordCount\":466,\"articleSection\":[\"Reflex\u00e3o do Dia\"],\"inLanguage\":\"pt-BR\"},{\"@type\":\"WebPage\",\"@id\":\"http:\/\/salmosbiblicos.com.br\/index.php\/2025\/05\/04\/a-importancia-da-gratidao-cultive-um-coracao-grato-e-aberto-para-as-bencaos-divinas\/\",\"url\":\"http:\/\/salmosbiblicos.com.br\/index.php\/2025\/05\/04\/a-importancia-da-gratidao-cultive-um-coracao-grato-e-aberto-para-as-bencaos-divinas\/\",\"name\":\"A Import\u00e2ncia da Gratid\u00e3o: Cultive um Cora\u00e7\u00e3o Grato e Aberto para as B\u00ean\u00e7\u00e3os Divinas - Salmos B\u00edblicos\",\"isPartOf\":{\"@id\":\"https:\/\/salmosbiblicos.com.br\/#website\"},\"datePublished\":\"2025-05-04T03:23:28+00:00\",\"author\":{\"@id\":\"https:\/\/salmosbiblicos.com.br\/#\/schema\/person\/760735259ba35f1e44e89c71c72d79da\"},\"breadcrumb\":{\"@id\":\"http:\/\/salmosbiblicos.com.br\/index.php\/2025\/05\/04\/a-importancia-da-gratidao-cultive-um-coracao-grato-e-aberto-para-as-bencaos-divinas\/#breadcrumb\"},\"inLanguage\":\"pt-BR\",\"potentialAction\":[{\"@type\":\"ReadAction\",\"target\":[\"http:\/\/salmosbiblicos.com.br\/index.php\/2025\/05\/04\/a-importancia-da-gratidao-cultive-um-coracao-grato-e-aberto-para-as-bencaos-divinas\/\"]}]},{\"@type\":\"BreadcrumbList\",\"@id\":\"http:\/\/salmosbiblicos.com.br\/index.php\/2025\/05\/04\/a-importancia-da-gratidao-cultive-um-coracao-grato-e-aberto-para-as-bencaos-divinas\/#breadcrumb\",\"itemListElement\":[{\"@type\":\"ListItem\",\"position\":1,\"name\":\"Home\",\"item\":\"https:\/\/salmosbiblicos.com.br\/\"},{\"@type\":\"ListItem\",\"position\":2,\"name\":\"A Import\u00e2ncia da Gratid\u00e3o: Cultive um Cora\u00e7\u00e3o Grato e Aberto para as B\u00ean\u00e7\u00e3os Divinas\"}]},{\"@type\":\"WebSite\",\"@id\":\"https:\/\/salmosbiblicos.com.br\/#website\",\"url\":\"https:\/\/salmosbiblicos.com.br\/\",\"name\":\"Salmos B\u00edblicos\",\"description\":\"Uma e-Livraria com e-Books novos para voc\u00ea refletir.\",\"potentialAction\":[{\"@type\":\"SearchAction\",\"target\":{\"@type\":\"EntryPoint\",\"urlTemplate\":\"https:\/\/salmosbiblicos.com.br\/?s={search_term_string}\"},\"query-input\":{\"@type\":\"PropertyValueSpecification\",\"valueRequired\":true,\"valueName\":\"search_term_string\"}}],\"inLanguage\":\"pt-BR\"},{\"@type\":\"Person\",\"@id\":\"https:\/\/salmosbiblicos.com.br\/#\/schema\/person\/760735259ba35f1e44e89c71c72d79da\",\"name\":\"Irmao\",\"image\":{\"@type\":\"ImageObject\",\"inLanguage\":\"pt-BR\",\"@id\":\"https:\/\/secure.gravatar.com\/avatar\/?s=96&d=mm&r=g\",\"url\":\"https:\/\/secure.gravatar.com\/avatar\/?s=96&d=mm&r=g\",\"contentUrl\":\"https:\/\/secure.gravatar.com\/avatar\/?s=96&d=mm&r=g\",\"caption\":\"Irmao\"},\"url\":\"http:\/\/salmosbiblicos.com.br\/index.php\/author\/irmao\/\"}]}<\/script>\n<!-- \/ Yoast SEO plugin. -->","yoast_head_json":{"title":"A Import\u00e2ncia da Gratid\u00e3o: Cultive um Cora\u00e7\u00e3o Grato e Aberto para as B\u00ean\u00e7\u00e3os Divinas - Salmos B\u00edblicos","robots":{"index":"index","follow":"follow","max-snippet":"max-snippet:-1","max-image-preview":"max-image-preview:large","max-video-preview":"max-video-preview:-1"},"canonical":"http:\/\/salmosbiblicos.com.br\/index.php\/2025\/05\/04\/a-importancia-da-gratidao-cultive-um-coracao-grato-e-aberto-para-as-bencaos-divinas\/","og_locale":"pt_BR","og_type":"article","og_title":"A Import\u00e2ncia da Gratid\u00e3o: Cultive um Cora\u00e7\u00e3o Grato e Aberto para as B\u00ean\u00e7\u00e3os Divinas - Salmos B\u00edblicos","og_description":"Hoje, quero falar com voc\u00ea sobre a import\u00e2ncia de cultivar a gratid\u00e3o em nossas vidas. Em meio \u00e0s adversidades e desafios do dia a dia, \u00e9 f\u00e1cil nos deixarmos levar pela negatividade e pelas preocupa\u00e7\u00f5es, esquecendo-nos de todas as b\u00ean\u00e7\u00e3os que recebemos diariamente. A gratid\u00e3o \u00e9 uma virtude poderosa que nos conecta com o divino [&hellip;]","og_url":"http:\/\/salmosbiblicos.com.br\/index.php\/2025\/05\/04\/a-importancia-da-gratidao-cultive-um-coracao-grato-e-aberto-para-as-bencaos-divinas\/","og_site_name":"Salmos B\u00edblicos","article_published_time":"2025-05-04T03:23:28+00:00","author":"Irmao","twitter_card":"summary_large_image","twitter_misc":{"Escrito por":"Irmao","Est. tempo de leitura":"2 minutos"},"schema":{"@context":"https:\/\/schema.org","@graph":[{"@type":"Article","@id":"http:\/\/salmosbiblicos.com.br\/index.php\/2025\/05\/04\/a-importancia-da-gratidao-cultive-um-coracao-grato-e-aberto-para-as-bencaos-divinas\/#article","isPartOf":{"@id":"http:\/\/salmosbiblicos.com.br\/index.php\/2025\/05\/04\/a-importancia-da-gratidao-cultive-um-coracao-grato-e-aberto-para-as-bencaos-divinas\/"},"author":{"name":"Irmao","@id":"https:\/\/salmosbiblicos.com.br\/#\/schema\/person\/760735259ba35f1e44e89c71c72d79da"},"headline":"A Import\u00e2ncia da Gratid\u00e3o: Cultive um Cora\u00e7\u00e3o Grato e Aberto para as B\u00ean\u00e7\u00e3os Divinas","datePublished":"2025-05-04T03:23:28+00:00","mainEntityOfPage":{"@id":"http:\/\/salmosbiblicos.com.br\/index.php\/2025\/05\/04\/a-importancia-da-gratidao-cultive-um-coracao-grato-e-aberto-para-as-bencaos-divinas\/"},"wordCount":466,"articleSection":["Reflex\u00e3o do Dia"],"inLanguage":"pt-BR"},{"@type":"WebPage","@id":"http:\/\/salmosbiblicos.com.br\/index.php\/2025\/05\/04\/a-importancia-da-gratidao-cultive-um-coracao-grato-e-aberto-para-as-bencaos-divinas\/","url":"http:\/\/salmosbiblicos.com.br\/index.php\/2025\/05\/04\/a-importancia-da-gratidao-cultive-um-coracao-grato-e-aberto-para-as-bencaos-divinas\/","name":"A Import\u00e2ncia da Gratid\u00e3o: Cultive um Cora\u00e7\u00e3o Grato e Aberto para as B\u00ean\u00e7\u00e3os Divinas - Salmos B\u00edblicos","isPartOf":{"@id":"https:\/\/salmosbiblicos.com.br\/#website"},"datePublished":"2025-05-04T03:23:28+00:00","author":{"@id":"https:\/\/salmosbiblicos.com.br\/#\/schema\/person\/760735259ba35f1e44e89c71c72d79da"},"breadcrumb":{"@id":"http:\/\/salmosbiblicos.com.br\/index.php\/2025\/05\/04\/a-importancia-da-gratidao-cultive-um-coracao-grato-e-aberto-para-as-bencaos-divinas\/#breadcrumb"},"inLanguage":"pt-BR","potentialAction":[{"@type":"ReadAction","target":["http:\/\/salmosbiblicos.com.br\/index.php\/2025\/05\/04\/a-importancia-da-gratidao-cultive-um-coracao-grato-e-aberto-para-as-bencaos-divinas\/"]}]},{"@type":"BreadcrumbList","@id":"http:\/\/salmosbiblicos.com.br\/index.php\/2025\/05\/04\/a-importancia-da-gratidao-cultive-um-coracao-grato-e-aberto-para-as-bencaos-divinas\/#breadcrumb","itemListElement":[{"@type":"ListItem","position":1,"name":"Home","item":"https:\/\/salmosbiblicos.com.br\/"},{"@type":"ListItem","position":2,"name":"A Import\u00e2ncia da Gratid\u00e3o: Cultive um Cora\u00e7\u00e3o Grato e Aberto para as B\u00ean\u00e7\u00e3os Divinas"}]},{"@type":"WebSite","@id":"https:\/\/salmosbiblicos.com.br\/#website","url":"https:\/\/salmosbiblicos.com.br\/","name":"Salmos B\u00edblicos","description":"Uma e-Livraria com e-Books novos para voc\u00ea refletir.","potentialAction":[{"@type":"SearchAction","target":{"@type":"EntryPoint","urlTemplate":"https:\/\/salmosbiblicos.com.br\/?s={search_term_string}"},"query-input":{"@type":"PropertyValueSpecification","valueRequired":true,"valueName":"search_term_string"}}],"inLanguage":"pt-BR"},{"@type":"Person","@id":"https:\/\/salmosbiblicos.com.br\/#\/schema\/person\/760735259ba35f1e44e89c71c72d79da","name":"Irmao","image":{"@type":"ImageObject","inLanguage":"pt-BR","@id":"https:\/\/secure.gravatar.com\/avatar\/?s=96&d=mm&r=g","url":"https:\/\/secure.gravatar.com\/avatar\/?s=96&d=mm&r=g","contentUrl":"https:\/\/secure.gravatar.com\/avatar\/?s=96&d=mm&r=g","caption":"Irmao"},"url":"http:\/\/salmosbiblicos.com.br\/index.php\/author\/irmao\/"}]}},"_links":{"self":[{"href":"http:\/\/salmosbiblicos.com.br\/index.php\/wp-json\/wp\/v2\/posts\/4695","targetHints":{"allow":["GET"]}}],"collection":[{"href":"http:\/\/salmosbiblicos.com.br\/index.php\/wp-json\/wp\/v2\/posts"}],"about":[{"href":"http:\/\/salmosbiblicos.com.br\/index.php\/wp-json\/wp\/v2\/types\/post"}],"author":[{"embeddable":true,"href":"http:\/\/salmosbiblicos.com.br\/index.php\/wp-json\/wp\/v2\/users\/2"}],"replies":[{"embeddable":true,"href":"http:\/\/salmosbiblicos.com.br\/index.php\/wp-json\/wp\/v2\/comments?post=4695"}],"version-history":[{"count":0,"href":"http:\/\/salmosbiblicos.com.br\/index.php\/wp-json\/wp\/v2\/posts\/4695\/revisions"}],"wp:attachment":[{"href":"http:\/\/salmosbiblicos.com.br\/index.php\/wp-json\/wp\/v2\/media?parent=4695"}],"wp:term":[{"taxonomy":"category","embeddable":true,"href":"http:\/\/salmosbiblicos.com.br\/index.php\/wp-json\/wp\/v2\/categories?post=4695"},{"taxonomy":"post_tag","embeddable":true,"href":"http:\/\/salmosbiblicos.com.br\/index.php\/wp-json\/wp\/v2\/tags?post=4695"}],"curies":[{"name":"wp","href":"https:\/\/api.w.org\/{rel}","templated":true}]}}