{"id":4701,"date":"2025-05-04T00:23:50","date_gmt":"2025-05-04T03:23:50","guid":{"rendered":"https:\/\/salmosbiblicos.com.br\/?p=4701"},"modified":"2025-05-04T00:23:50","modified_gmt":"2025-05-04T03:23:50","slug":"encontre-a-paz-interior-cultive-sua-espiritualidade-e-fortaleca-sua-fe","status":"publish","type":"post","link":"http:\/\/salmosbiblicos.com.br\/index.php\/2025\/05\/04\/encontre-a-paz-interior-cultive-sua-espiritualidade-e-fortaleca-sua-fe\/","title":{"rendered":"Encontre a Paz Interior: Cultive Sua Espiritualidade e Fortale\u00e7a Sua F\u00e9"},"content":{"rendered":"<p>Hoje, quero falar com voc\u00ea sobre a import\u00e2ncia de cultivar a paz interior em meio ao caos do dia a dia. Em um mundo t\u00e3o agitado e cheio de preocupa\u00e7\u00f5es, \u00e9 fundamental encontrarmos um momento de tranquilidade para nos conectarmos com nossa espiritualidade e fortalecer nossa f\u00e9.<\/p>\n<p>Muitas vezes, nos vemos envolvidos em uma rotina fren\u00e9tica, cheia de compromissos e responsabilidades, que nos fazem esquecer do mais importante: cuidar de nossa alma. \u00c9 f\u00e1cil nos deixarmos levar pelo estresse, pela ansiedade e pela press\u00e3o do mundo exterior, mas \u00e9 essencial lembrarmos que a verdadeira paz vem de dentro.<\/p>\n<p>Quando nos permitimos silenciar a mente, respirar fundo e nos conectar com nossa ess\u00eancia mais profunda, encontramos um ref\u00fagio de paz que nos fortalece e nos renova. \u00c9 nesses momentos de introspec\u00e7\u00e3o que conseguimos ouvir a voz de Deus, sentir a presen\u00e7a do divino em nossa vida e recarregar nossas energias espirituais.<\/p>\n<p>N\u00e3o importa qual seja a sua religi\u00e3o ou cren\u00e7a, todos n\u00f3s podemos beneficiar-nos do poder da medita\u00e7\u00e3o, da ora\u00e7\u00e3o e da contempla\u00e7\u00e3o. Ao nos dedicarmos a cultivar a paz interior, estamos cuidando de nosso bem-estar emocional, mental e espiritual, o que se reflete em todas as \u00e1reas de nossa vida.<\/p>\n<p>Portanto, reserve um tempo em seu dia para se conectar com sua espiritualidade, para nutrir sua f\u00e9 e para encontrar a paz que tanto necessita. Seja atrav\u00e9s de uma breve ora\u00e7\u00e3o ao acordar, de um momento de medita\u00e7\u00e3o antes de dormir ou de uma caminhada contemplativa na natureza, encontre o seu pr\u00f3prio ritual de paz e fa\u00e7a dele parte de sua rotina di\u00e1ria.<\/p>\n<p>Lembre-se de que a paz interior n\u00e3o \u00e9 um estado permanente, mas sim um exerc\u00edcio constante de autocuidado e de conex\u00e3o com o divino. N\u00e3o se cobre demais por n\u00e3o estar sempre em paz, pois \u00e9 natural que sintamos altos e baixos ao longo do caminho. O importante \u00e9 n\u00e3o desistir de buscar a paz interior e de se dedicar a cultiv\u00e1-la em seu cora\u00e7\u00e3o.<\/p>\n<p>Que a paz que excede todo entendimento esteja sempre presente em sua vida, guiando seus passos e iluminando seu caminho. Confie no poder da espiritualidade para transformar sua realidade e para trazer serenidade ao seu cora\u00e7\u00e3o. Lembre-se: a paz come\u00e7a dentro de voc\u00ea. Permita-se encontr\u00e1-la e viver em harmonia com sua ess\u00eancia divina.<\/p>\n<p>&#8220;Que a paz de Deus, que excede todo entendimento, guarde o seu cora\u00e7\u00e3o e a sua mente em Cristo Jesus.&#8221; &#8211; Filipenses 4:7<\/p>\n","protected":false},"excerpt":{"rendered":"<p>Hoje, quero falar com voc\u00ea sobre a import\u00e2ncia de cultivar a paz interior em meio ao caos do dia a dia. Em um mundo t\u00e3o agitado e cheio de preocupa\u00e7\u00f5es, \u00e9 fundamental encontrarmos um momento de tranquilidade para nos conectarmos com nossa espiritualidade e fortalecer nossa f\u00e9. Muitas vezes, nos vemos envolvidos em uma rotina [&hellip;]<\/p>\n","protected":false},"author":2,"featured_media":0,"comment_status":"closed","ping_status":"open","sticky":false,"template":"","format":"standard","meta":{"footnotes":""},"categories":[6],"tags":[],"class_list":["post-4701","post","type-post","status-publish","format-standard","hentry","category-reflexao-do-dia"],"yoast_head":"<!-- This site is optimized with the Yoast SEO plugin v27.2 - https:\/\/yoast.com\/product\/yoast-seo-wordpress\/ -->\n<title>Encontre a Paz Interior: Cultive Sua Espiritualidade e Fortale\u00e7a Sua F\u00e9 - Salmos B\u00edblicos<\/title>\n<meta name=\"robots\" content=\"index, follow, max-snippet:-1, max-image-preview:large, max-video-preview:-1\" \/>\n<link rel=\"canonical\" href=\"http:\/\/salmosbiblicos.com.br\/index.php\/2025\/05\/04\/encontre-a-paz-interior-cultive-sua-espiritualidade-e-fortaleca-sua-fe\/\" \/>\n<meta property=\"og:locale\" content=\"pt_BR\" \/>\n<meta property=\"og:type\" content=\"article\" \/>\n<meta property=\"og:title\" content=\"Encontre a Paz Interior: Cultive Sua Espiritualidade e Fortale\u00e7a Sua F\u00e9 - Salmos B\u00edblicos\" \/>\n<meta property=\"og:description\" content=\"Hoje, quero falar com voc\u00ea sobre a import\u00e2ncia de cultivar a paz interior em meio ao caos do dia a dia. Em um mundo t\u00e3o agitado e cheio de preocupa\u00e7\u00f5es, \u00e9 fundamental encontrarmos um momento de tranquilidade para nos conectarmos com nossa espiritualidade e fortalecer nossa f\u00e9. Muitas vezes, nos vemos envolvidos em uma rotina [&hellip;]\" \/>\n<meta property=\"og:url\" content=\"http:\/\/salmosbiblicos.com.br\/index.php\/2025\/05\/04\/encontre-a-paz-interior-cultive-sua-espiritualidade-e-fortaleca-sua-fe\/\" \/>\n<meta property=\"og:site_name\" content=\"Salmos B\u00edblicos\" \/>\n<meta property=\"article:published_time\" content=\"2025-05-04T03:23:50+00:00\" \/>\n<meta name=\"author\" content=\"Irmao\" \/>\n<meta name=\"twitter:card\" content=\"summary_large_image\" \/>\n<meta name=\"twitter:label1\" content=\"Escrito por\" \/>\n\t<meta name=\"twitter:data1\" content=\"Irmao\" \/>\n\t<meta name=\"twitter:label2\" content=\"Est. tempo de leitura\" \/>\n\t<meta name=\"twitter:data2\" content=\"2 minutos\" \/>\n<script type=\"application\/ld+json\" class=\"yoast-schema-graph\">{\"@context\":\"https:\/\/schema.org\",\"@graph\":[{\"@type\":\"Article\",\"@id\":\"http:\/\/salmosbiblicos.com.br\/index.php\/2025\/05\/04\/encontre-a-paz-interior-cultive-sua-espiritualidade-e-fortaleca-sua-fe\/#article\",\"isPartOf\":{\"@id\":\"http:\/\/salmosbiblicos.com.br\/index.php\/2025\/05\/04\/encontre-a-paz-interior-cultive-sua-espiritualidade-e-fortaleca-sua-fe\/\"},\"author\":{\"name\":\"Irmao\",\"@id\":\"https:\/\/salmosbiblicos.com.br\/#\/schema\/person\/760735259ba35f1e44e89c71c72d79da\"},\"headline\":\"Encontre a Paz Interior: Cultive Sua Espiritualidade e Fortale\u00e7a Sua F\u00e9\",\"datePublished\":\"2025-05-04T03:23:50+00:00\",\"mainEntityOfPage\":{\"@id\":\"http:\/\/salmosbiblicos.com.br\/index.php\/2025\/05\/04\/encontre-a-paz-interior-cultive-sua-espiritualidade-e-fortaleca-sua-fe\/\"},\"wordCount\":444,\"articleSection\":[\"Reflex\u00e3o do Dia\"],\"inLanguage\":\"pt-BR\"},{\"@type\":\"WebPage\",\"@id\":\"http:\/\/salmosbiblicos.com.br\/index.php\/2025\/05\/04\/encontre-a-paz-interior-cultive-sua-espiritualidade-e-fortaleca-sua-fe\/\",\"url\":\"http:\/\/salmosbiblicos.com.br\/index.php\/2025\/05\/04\/encontre-a-paz-interior-cultive-sua-espiritualidade-e-fortaleca-sua-fe\/\",\"name\":\"Encontre a Paz Interior: Cultive Sua Espiritualidade e Fortale\u00e7a Sua F\u00e9 - Salmos B\u00edblicos\",\"isPartOf\":{\"@id\":\"https:\/\/salmosbiblicos.com.br\/#website\"},\"datePublished\":\"2025-05-04T03:23:50+00:00\",\"author\":{\"@id\":\"https:\/\/salmosbiblicos.com.br\/#\/schema\/person\/760735259ba35f1e44e89c71c72d79da\"},\"breadcrumb\":{\"@id\":\"http:\/\/salmosbiblicos.com.br\/index.php\/2025\/05\/04\/encontre-a-paz-interior-cultive-sua-espiritualidade-e-fortaleca-sua-fe\/#breadcrumb\"},\"inLanguage\":\"pt-BR\",\"potentialAction\":[{\"@type\":\"ReadAction\",\"target\":[\"http:\/\/salmosbiblicos.com.br\/index.php\/2025\/05\/04\/encontre-a-paz-interior-cultive-sua-espiritualidade-e-fortaleca-sua-fe\/\"]}]},{\"@type\":\"BreadcrumbList\",\"@id\":\"http:\/\/salmosbiblicos.com.br\/index.php\/2025\/05\/04\/encontre-a-paz-interior-cultive-sua-espiritualidade-e-fortaleca-sua-fe\/#breadcrumb\",\"itemListElement\":[{\"@type\":\"ListItem\",\"position\":1,\"name\":\"Home\",\"item\":\"https:\/\/salmosbiblicos.com.br\/\"},{\"@type\":\"ListItem\",\"position\":2,\"name\":\"Encontre a Paz Interior: Cultive Sua Espiritualidade e Fortale\u00e7a Sua F\u00e9\"}]},{\"@type\":\"WebSite\",\"@id\":\"https:\/\/salmosbiblicos.com.br\/#website\",\"url\":\"https:\/\/salmosbiblicos.com.br\/\",\"name\":\"Salmos B\u00edblicos\",\"description\":\"Uma e-Livraria com e-Books novos para voc\u00ea refletir.\",\"potentialAction\":[{\"@type\":\"SearchAction\",\"target\":{\"@type\":\"EntryPoint\",\"urlTemplate\":\"https:\/\/salmosbiblicos.com.br\/?s={search_term_string}\"},\"query-input\":{\"@type\":\"PropertyValueSpecification\",\"valueRequired\":true,\"valueName\":\"search_term_string\"}}],\"inLanguage\":\"pt-BR\"},{\"@type\":\"Person\",\"@id\":\"https:\/\/salmosbiblicos.com.br\/#\/schema\/person\/760735259ba35f1e44e89c71c72d79da\",\"name\":\"Irmao\",\"image\":{\"@type\":\"ImageObject\",\"inLanguage\":\"pt-BR\",\"@id\":\"https:\/\/secure.gravatar.com\/avatar\/?s=96&d=mm&r=g\",\"url\":\"https:\/\/secure.gravatar.com\/avatar\/?s=96&d=mm&r=g\",\"contentUrl\":\"https:\/\/secure.gravatar.com\/avatar\/?s=96&d=mm&r=g\",\"caption\":\"Irmao\"},\"url\":\"http:\/\/salmosbiblicos.com.br\/index.php\/author\/irmao\/\"}]}<\/script>\n<!-- \/ Yoast SEO plugin. -->","yoast_head_json":{"title":"Encontre a Paz Interior: Cultive Sua Espiritualidade e Fortale\u00e7a Sua F\u00e9 - Salmos B\u00edblicos","robots":{"index":"index","follow":"follow","max-snippet":"max-snippet:-1","max-image-preview":"max-image-preview:large","max-video-preview":"max-video-preview:-1"},"canonical":"http:\/\/salmosbiblicos.com.br\/index.php\/2025\/05\/04\/encontre-a-paz-interior-cultive-sua-espiritualidade-e-fortaleca-sua-fe\/","og_locale":"pt_BR","og_type":"article","og_title":"Encontre a Paz Interior: Cultive Sua Espiritualidade e Fortale\u00e7a Sua F\u00e9 - Salmos B\u00edblicos","og_description":"Hoje, quero falar com voc\u00ea sobre a import\u00e2ncia de cultivar a paz interior em meio ao caos do dia a dia. Em um mundo t\u00e3o agitado e cheio de preocupa\u00e7\u00f5es, \u00e9 fundamental encontrarmos um momento de tranquilidade para nos conectarmos com nossa espiritualidade e fortalecer nossa f\u00e9. Muitas vezes, nos vemos envolvidos em uma rotina [&hellip;]","og_url":"http:\/\/salmosbiblicos.com.br\/index.php\/2025\/05\/04\/encontre-a-paz-interior-cultive-sua-espiritualidade-e-fortaleca-sua-fe\/","og_site_name":"Salmos B\u00edblicos","article_published_time":"2025-05-04T03:23:50+00:00","author":"Irmao","twitter_card":"summary_large_image","twitter_misc":{"Escrito por":"Irmao","Est. tempo de leitura":"2 minutos"},"schema":{"@context":"https:\/\/schema.org","@graph":[{"@type":"Article","@id":"http:\/\/salmosbiblicos.com.br\/index.php\/2025\/05\/04\/encontre-a-paz-interior-cultive-sua-espiritualidade-e-fortaleca-sua-fe\/#article","isPartOf":{"@id":"http:\/\/salmosbiblicos.com.br\/index.php\/2025\/05\/04\/encontre-a-paz-interior-cultive-sua-espiritualidade-e-fortaleca-sua-fe\/"},"author":{"name":"Irmao","@id":"https:\/\/salmosbiblicos.com.br\/#\/schema\/person\/760735259ba35f1e44e89c71c72d79da"},"headline":"Encontre a Paz Interior: Cultive Sua Espiritualidade e Fortale\u00e7a Sua F\u00e9","datePublished":"2025-05-04T03:23:50+00:00","mainEntityOfPage":{"@id":"http:\/\/salmosbiblicos.com.br\/index.php\/2025\/05\/04\/encontre-a-paz-interior-cultive-sua-espiritualidade-e-fortaleca-sua-fe\/"},"wordCount":444,"articleSection":["Reflex\u00e3o do Dia"],"inLanguage":"pt-BR"},{"@type":"WebPage","@id":"http:\/\/salmosbiblicos.com.br\/index.php\/2025\/05\/04\/encontre-a-paz-interior-cultive-sua-espiritualidade-e-fortaleca-sua-fe\/","url":"http:\/\/salmosbiblicos.com.br\/index.php\/2025\/05\/04\/encontre-a-paz-interior-cultive-sua-espiritualidade-e-fortaleca-sua-fe\/","name":"Encontre a Paz Interior: Cultive Sua Espiritualidade e Fortale\u00e7a Sua F\u00e9 - Salmos B\u00edblicos","isPartOf":{"@id":"https:\/\/salmosbiblicos.com.br\/#website"},"datePublished":"2025-05-04T03:23:50+00:00","author":{"@id":"https:\/\/salmosbiblicos.com.br\/#\/schema\/person\/760735259ba35f1e44e89c71c72d79da"},"breadcrumb":{"@id":"http:\/\/salmosbiblicos.com.br\/index.php\/2025\/05\/04\/encontre-a-paz-interior-cultive-sua-espiritualidade-e-fortaleca-sua-fe\/#breadcrumb"},"inLanguage":"pt-BR","potentialAction":[{"@type":"ReadAction","target":["http:\/\/salmosbiblicos.com.br\/index.php\/2025\/05\/04\/encontre-a-paz-interior-cultive-sua-espiritualidade-e-fortaleca-sua-fe\/"]}]},{"@type":"BreadcrumbList","@id":"http:\/\/salmosbiblicos.com.br\/index.php\/2025\/05\/04\/encontre-a-paz-interior-cultive-sua-espiritualidade-e-fortaleca-sua-fe\/#breadcrumb","itemListElement":[{"@type":"ListItem","position":1,"name":"Home","item":"https:\/\/salmosbiblicos.com.br\/"},{"@type":"ListItem","position":2,"name":"Encontre a Paz Interior: Cultive Sua Espiritualidade e Fortale\u00e7a Sua F\u00e9"}]},{"@type":"WebSite","@id":"https:\/\/salmosbiblicos.com.br\/#website","url":"https:\/\/salmosbiblicos.com.br\/","name":"Salmos B\u00edblicos","description":"Uma e-Livraria com e-Books novos para voc\u00ea refletir.","potentialAction":[{"@type":"SearchAction","target":{"@type":"EntryPoint","urlTemplate":"https:\/\/salmosbiblicos.com.br\/?s={search_term_string}"},"query-input":{"@type":"PropertyValueSpecification","valueRequired":true,"valueName":"search_term_string"}}],"inLanguage":"pt-BR"},{"@type":"Person","@id":"https:\/\/salmosbiblicos.com.br\/#\/schema\/person\/760735259ba35f1e44e89c71c72d79da","name":"Irmao","image":{"@type":"ImageObject","inLanguage":"pt-BR","@id":"https:\/\/secure.gravatar.com\/avatar\/?s=96&d=mm&r=g","url":"https:\/\/secure.gravatar.com\/avatar\/?s=96&d=mm&r=g","contentUrl":"https:\/\/secure.gravatar.com\/avatar\/?s=96&d=mm&r=g","caption":"Irmao"},"url":"http:\/\/salmosbiblicos.com.br\/index.php\/author\/irmao\/"}]}},"_links":{"self":[{"href":"http:\/\/salmosbiblicos.com.br\/index.php\/wp-json\/wp\/v2\/posts\/4701","targetHints":{"allow":["GET"]}}],"collection":[{"href":"http:\/\/salmosbiblicos.com.br\/index.php\/wp-json\/wp\/v2\/posts"}],"about":[{"href":"http:\/\/salmosbiblicos.com.br\/index.php\/wp-json\/wp\/v2\/types\/post"}],"author":[{"embeddable":true,"href":"http:\/\/salmosbiblicos.com.br\/index.php\/wp-json\/wp\/v2\/users\/2"}],"replies":[{"embeddable":true,"href":"http:\/\/salmosbiblicos.com.br\/index.php\/wp-json\/wp\/v2\/comments?post=4701"}],"version-history":[{"count":0,"href":"http:\/\/salmosbiblicos.com.br\/index.php\/wp-json\/wp\/v2\/posts\/4701\/revisions"}],"wp:attachment":[{"href":"http:\/\/salmosbiblicos.com.br\/index.php\/wp-json\/wp\/v2\/media?parent=4701"}],"wp:term":[{"taxonomy":"category","embeddable":true,"href":"http:\/\/salmosbiblicos.com.br\/index.php\/wp-json\/wp\/v2\/categories?post=4701"},{"taxonomy":"post_tag","embeddable":true,"href":"http:\/\/salmosbiblicos.com.br\/index.php\/wp-json\/wp\/v2\/tags?post=4701"}],"curies":[{"name":"wp","href":"https:\/\/api.w.org\/{rel}","templated":true}]}}