{"id":4755,"date":"2025-05-04T13:11:07","date_gmt":"2025-05-04T16:11:07","guid":{"rendered":"https:\/\/salmosbiblicos.com.br\/?p=4755"},"modified":"2025-05-04T13:11:07","modified_gmt":"2025-05-04T16:11:07","slug":"transformando-a-gratidao-em-luz-na-sua-jornada-espiritual-descubra-o-poder-dessa-atitude-transformadora","status":"publish","type":"post","link":"http:\/\/salmosbiblicos.com.br\/index.php\/2025\/05\/04\/transformando-a-gratidao-em-luz-na-sua-jornada-espiritual-descubra-o-poder-dessa-atitude-transformadora\/","title":{"rendered":"Transformando a gratid\u00e3o em luz na sua jornada espiritual: descubra o poder dessa atitude transformadora!"},"content":{"rendered":"<p>Hoje, quero compartilhar com voc\u00ea uma reflex\u00e3o sobre a import\u00e2ncia da gratid\u00e3o em nossa jornada espiritual. Muitas vezes, em meio \u00e0s dificuldades e desafios do dia a dia, acabamos nos esquecendo de olhar ao nosso redor e reconhecer todas as b\u00ean\u00e7\u00e3os que recebemos diariamente.<\/p>\n<p>A gratid\u00e3o \u00e9 uma atitude poderosa que nos conecta com o divino e nos ajuda a enxergar a beleza e a generosidade que nos cercam. Quando cultivamos um cora\u00e7\u00e3o grato, somos capazes de perceber a presen\u00e7a de Deus em cada pequeno detalhe de nossa vida, mesmo nos momentos mais dif\u00edceis.<\/p>\n<p>Portanto, hoje convido voc\u00ea a fazer uma pausa e refletir sobre tudo aquilo pelo qual voc\u00ea pode ser grato. Pense nas pessoas que fazem parte da sua vida, nas oportunidades que j\u00e1 teve, nas experi\u00eancias que o fizeram crescer e nas pequenas alegrias que alegram o seu cora\u00e7\u00e3o. Agrade\u00e7a por cada uma dessas d\u00e1divas e permita-se sentir a paz e a serenidade que a gratid\u00e3o traz consigo.<\/p>\n<p>Lembre-se de que a gratid\u00e3o n\u00e3o \u00e9 apenas uma palavra bonita, mas sim uma atitude transformadora que pode mudar a nossa percep\u00e7\u00e3o da vida e nos aproximar ainda mais do divino. Quando agradecemos, estamos reconhecendo a presen\u00e7a de Deus em nossa vida e abrindo espa\u00e7o para que mais b\u00ean\u00e7\u00e3os se manifestem em nosso caminho.<\/p>\n<p>Que a gratid\u00e3o seja a luz que ilumina o seu cora\u00e7\u00e3o e a sua jornada espiritual. Que ela seja a for\u00e7a que te sustenta nos momentos de dificuldade e a alegria que te impulsiona a seguir em frente, confiando na bondade e na miseric\u00f3rdia de Deus.<\/p>\n<p>Nunca se esque\u00e7a de que, mesmo nos dias mais sombrios, h\u00e1 sempre algo pelo qual podemos ser gratos. Cultive a gratid\u00e3o em seu cora\u00e7\u00e3o e permita que ela flores\u00e7a e se espalhe por todos os cantos da sua vida. Que a sua jornada seja marcada pela gratid\u00e3o e que voc\u00ea possa experimentar a paz que s\u00f3 ela \u00e9 capaz de trazer.<\/p>\n<p>Lembre-se: a gratid\u00e3o transforma o ordin\u00e1rio em extraordin\u00e1rio. Que voc\u00ea possa viver cada dia com um cora\u00e7\u00e3o grato e aberto para receber as b\u00ean\u00e7\u00e3os que o universo tem a lhe oferecer. Agrade\u00e7a, confie e siga em frente com f\u00e9 e esperan\u00e7a. Voc\u00ea n\u00e3o est\u00e1 sozinho(a), pois a presen\u00e7a divina est\u00e1 sempre ao seu lado, guiando os seus passos e iluminando o seu caminho. Agrade\u00e7a e sorria, pois o melhor ainda est\u00e1 por vir.<\/p>\n","protected":false},"excerpt":{"rendered":"<p>Hoje, quero compartilhar com voc\u00ea uma reflex\u00e3o sobre a import\u00e2ncia da gratid\u00e3o em nossa jornada espiritual. Muitas vezes, em meio \u00e0s dificuldades e desafios do dia a dia, acabamos nos esquecendo de olhar ao nosso redor e reconhecer todas as b\u00ean\u00e7\u00e3os que recebemos diariamente. A gratid\u00e3o \u00e9 uma atitude poderosa que nos conecta com o [&hellip;]<\/p>\n","protected":false},"author":2,"featured_media":0,"comment_status":"closed","ping_status":"open","sticky":false,"template":"","format":"standard","meta":{"footnotes":""},"categories":[6],"tags":[],"class_list":["post-4755","post","type-post","status-publish","format-standard","hentry","category-reflexao-do-dia"],"yoast_head":"<!-- This site is optimized with the Yoast SEO plugin v27.2 - https:\/\/yoast.com\/product\/yoast-seo-wordpress\/ -->\n<title>Transformando a gratid\u00e3o em luz na sua jornada espiritual: descubra o poder dessa atitude transformadora! - Salmos B\u00edblicos<\/title>\n<meta name=\"robots\" content=\"index, follow, max-snippet:-1, max-image-preview:large, max-video-preview:-1\" \/>\n<link rel=\"canonical\" href=\"http:\/\/salmosbiblicos.com.br\/index.php\/2025\/05\/04\/transformando-a-gratidao-em-luz-na-sua-jornada-espiritual-descubra-o-poder-dessa-atitude-transformadora\/\" \/>\n<meta property=\"og:locale\" content=\"pt_BR\" \/>\n<meta property=\"og:type\" content=\"article\" \/>\n<meta property=\"og:title\" content=\"Transformando a gratid\u00e3o em luz na sua jornada espiritual: descubra o poder dessa atitude transformadora! - Salmos B\u00edblicos\" \/>\n<meta property=\"og:description\" content=\"Hoje, quero compartilhar com voc\u00ea uma reflex\u00e3o sobre a import\u00e2ncia da gratid\u00e3o em nossa jornada espiritual. Muitas vezes, em meio \u00e0s dificuldades e desafios do dia a dia, acabamos nos esquecendo de olhar ao nosso redor e reconhecer todas as b\u00ean\u00e7\u00e3os que recebemos diariamente. A gratid\u00e3o \u00e9 uma atitude poderosa que nos conecta com o [&hellip;]\" \/>\n<meta property=\"og:url\" content=\"http:\/\/salmosbiblicos.com.br\/index.php\/2025\/05\/04\/transformando-a-gratidao-em-luz-na-sua-jornada-espiritual-descubra-o-poder-dessa-atitude-transformadora\/\" \/>\n<meta property=\"og:site_name\" content=\"Salmos B\u00edblicos\" \/>\n<meta property=\"article:published_time\" content=\"2025-05-04T16:11:07+00:00\" \/>\n<meta name=\"author\" content=\"Irmao\" \/>\n<meta name=\"twitter:card\" content=\"summary_large_image\" \/>\n<meta name=\"twitter:label1\" content=\"Escrito por\" \/>\n\t<meta name=\"twitter:data1\" content=\"Irmao\" \/>\n\t<meta name=\"twitter:label2\" content=\"Est. tempo de leitura\" \/>\n\t<meta name=\"twitter:data2\" content=\"2 minutos\" \/>\n<script type=\"application\/ld+json\" class=\"yoast-schema-graph\">{\"@context\":\"https:\/\/schema.org\",\"@graph\":[{\"@type\":\"Article\",\"@id\":\"http:\/\/salmosbiblicos.com.br\/index.php\/2025\/05\/04\/transformando-a-gratidao-em-luz-na-sua-jornada-espiritual-descubra-o-poder-dessa-atitude-transformadora\/#article\",\"isPartOf\":{\"@id\":\"http:\/\/salmosbiblicos.com.br\/index.php\/2025\/05\/04\/transformando-a-gratidao-em-luz-na-sua-jornada-espiritual-descubra-o-poder-dessa-atitude-transformadora\/\"},\"author\":{\"name\":\"Irmao\",\"@id\":\"https:\/\/salmosbiblicos.com.br\/#\/schema\/person\/760735259ba35f1e44e89c71c72d79da\"},\"headline\":\"Transformando a gratid\u00e3o em luz na sua jornada espiritual: descubra o poder dessa atitude transformadora!\",\"datePublished\":\"2025-05-04T16:11:07+00:00\",\"mainEntityOfPage\":{\"@id\":\"http:\/\/salmosbiblicos.com.br\/index.php\/2025\/05\/04\/transformando-a-gratidao-em-luz-na-sua-jornada-espiritual-descubra-o-poder-dessa-atitude-transformadora\/\"},\"wordCount\":450,\"articleSection\":[\"Reflex\u00e3o do Dia\"],\"inLanguage\":\"pt-BR\"},{\"@type\":\"WebPage\",\"@id\":\"http:\/\/salmosbiblicos.com.br\/index.php\/2025\/05\/04\/transformando-a-gratidao-em-luz-na-sua-jornada-espiritual-descubra-o-poder-dessa-atitude-transformadora\/\",\"url\":\"http:\/\/salmosbiblicos.com.br\/index.php\/2025\/05\/04\/transformando-a-gratidao-em-luz-na-sua-jornada-espiritual-descubra-o-poder-dessa-atitude-transformadora\/\",\"name\":\"Transformando a gratid\u00e3o em luz na sua jornada espiritual: descubra o poder dessa atitude transformadora! - Salmos B\u00edblicos\",\"isPartOf\":{\"@id\":\"https:\/\/salmosbiblicos.com.br\/#website\"},\"datePublished\":\"2025-05-04T16:11:07+00:00\",\"author\":{\"@id\":\"https:\/\/salmosbiblicos.com.br\/#\/schema\/person\/760735259ba35f1e44e89c71c72d79da\"},\"breadcrumb\":{\"@id\":\"http:\/\/salmosbiblicos.com.br\/index.php\/2025\/05\/04\/transformando-a-gratidao-em-luz-na-sua-jornada-espiritual-descubra-o-poder-dessa-atitude-transformadora\/#breadcrumb\"},\"inLanguage\":\"pt-BR\",\"potentialAction\":[{\"@type\":\"ReadAction\",\"target\":[\"http:\/\/salmosbiblicos.com.br\/index.php\/2025\/05\/04\/transformando-a-gratidao-em-luz-na-sua-jornada-espiritual-descubra-o-poder-dessa-atitude-transformadora\/\"]}]},{\"@type\":\"BreadcrumbList\",\"@id\":\"http:\/\/salmosbiblicos.com.br\/index.php\/2025\/05\/04\/transformando-a-gratidao-em-luz-na-sua-jornada-espiritual-descubra-o-poder-dessa-atitude-transformadora\/#breadcrumb\",\"itemListElement\":[{\"@type\":\"ListItem\",\"position\":1,\"name\":\"Home\",\"item\":\"https:\/\/salmosbiblicos.com.br\/\"},{\"@type\":\"ListItem\",\"position\":2,\"name\":\"Transformando a gratid\u00e3o em luz na sua jornada espiritual: descubra o poder dessa atitude transformadora!\"}]},{\"@type\":\"WebSite\",\"@id\":\"https:\/\/salmosbiblicos.com.br\/#website\",\"url\":\"https:\/\/salmosbiblicos.com.br\/\",\"name\":\"Salmos B\u00edblicos\",\"description\":\"Uma e-Livraria com e-Books novos para voc\u00ea refletir.\",\"potentialAction\":[{\"@type\":\"SearchAction\",\"target\":{\"@type\":\"EntryPoint\",\"urlTemplate\":\"https:\/\/salmosbiblicos.com.br\/?s={search_term_string}\"},\"query-input\":{\"@type\":\"PropertyValueSpecification\",\"valueRequired\":true,\"valueName\":\"search_term_string\"}}],\"inLanguage\":\"pt-BR\"},{\"@type\":\"Person\",\"@id\":\"https:\/\/salmosbiblicos.com.br\/#\/schema\/person\/760735259ba35f1e44e89c71c72d79da\",\"name\":\"Irmao\",\"image\":{\"@type\":\"ImageObject\",\"inLanguage\":\"pt-BR\",\"@id\":\"https:\/\/secure.gravatar.com\/avatar\/?s=96&d=mm&r=g\",\"url\":\"https:\/\/secure.gravatar.com\/avatar\/?s=96&d=mm&r=g\",\"contentUrl\":\"https:\/\/secure.gravatar.com\/avatar\/?s=96&d=mm&r=g\",\"caption\":\"Irmao\"},\"url\":\"http:\/\/salmosbiblicos.com.br\/index.php\/author\/irmao\/\"}]}<\/script>\n<!-- \/ Yoast SEO plugin. -->","yoast_head_json":{"title":"Transformando a gratid\u00e3o em luz na sua jornada espiritual: descubra o poder dessa atitude transformadora! - Salmos B\u00edblicos","robots":{"index":"index","follow":"follow","max-snippet":"max-snippet:-1","max-image-preview":"max-image-preview:large","max-video-preview":"max-video-preview:-1"},"canonical":"http:\/\/salmosbiblicos.com.br\/index.php\/2025\/05\/04\/transformando-a-gratidao-em-luz-na-sua-jornada-espiritual-descubra-o-poder-dessa-atitude-transformadora\/","og_locale":"pt_BR","og_type":"article","og_title":"Transformando a gratid\u00e3o em luz na sua jornada espiritual: descubra o poder dessa atitude transformadora! - Salmos B\u00edblicos","og_description":"Hoje, quero compartilhar com voc\u00ea uma reflex\u00e3o sobre a import\u00e2ncia da gratid\u00e3o em nossa jornada espiritual. Muitas vezes, em meio \u00e0s dificuldades e desafios do dia a dia, acabamos nos esquecendo de olhar ao nosso redor e reconhecer todas as b\u00ean\u00e7\u00e3os que recebemos diariamente. A gratid\u00e3o \u00e9 uma atitude poderosa que nos conecta com o [&hellip;]","og_url":"http:\/\/salmosbiblicos.com.br\/index.php\/2025\/05\/04\/transformando-a-gratidao-em-luz-na-sua-jornada-espiritual-descubra-o-poder-dessa-atitude-transformadora\/","og_site_name":"Salmos B\u00edblicos","article_published_time":"2025-05-04T16:11:07+00:00","author":"Irmao","twitter_card":"summary_large_image","twitter_misc":{"Escrito por":"Irmao","Est. tempo de leitura":"2 minutos"},"schema":{"@context":"https:\/\/schema.org","@graph":[{"@type":"Article","@id":"http:\/\/salmosbiblicos.com.br\/index.php\/2025\/05\/04\/transformando-a-gratidao-em-luz-na-sua-jornada-espiritual-descubra-o-poder-dessa-atitude-transformadora\/#article","isPartOf":{"@id":"http:\/\/salmosbiblicos.com.br\/index.php\/2025\/05\/04\/transformando-a-gratidao-em-luz-na-sua-jornada-espiritual-descubra-o-poder-dessa-atitude-transformadora\/"},"author":{"name":"Irmao","@id":"https:\/\/salmosbiblicos.com.br\/#\/schema\/person\/760735259ba35f1e44e89c71c72d79da"},"headline":"Transformando a gratid\u00e3o em luz na sua jornada espiritual: descubra o poder dessa atitude transformadora!","datePublished":"2025-05-04T16:11:07+00:00","mainEntityOfPage":{"@id":"http:\/\/salmosbiblicos.com.br\/index.php\/2025\/05\/04\/transformando-a-gratidao-em-luz-na-sua-jornada-espiritual-descubra-o-poder-dessa-atitude-transformadora\/"},"wordCount":450,"articleSection":["Reflex\u00e3o do Dia"],"inLanguage":"pt-BR"},{"@type":"WebPage","@id":"http:\/\/salmosbiblicos.com.br\/index.php\/2025\/05\/04\/transformando-a-gratidao-em-luz-na-sua-jornada-espiritual-descubra-o-poder-dessa-atitude-transformadora\/","url":"http:\/\/salmosbiblicos.com.br\/index.php\/2025\/05\/04\/transformando-a-gratidao-em-luz-na-sua-jornada-espiritual-descubra-o-poder-dessa-atitude-transformadora\/","name":"Transformando a gratid\u00e3o em luz na sua jornada espiritual: descubra o poder dessa atitude transformadora! - Salmos B\u00edblicos","isPartOf":{"@id":"https:\/\/salmosbiblicos.com.br\/#website"},"datePublished":"2025-05-04T16:11:07+00:00","author":{"@id":"https:\/\/salmosbiblicos.com.br\/#\/schema\/person\/760735259ba35f1e44e89c71c72d79da"},"breadcrumb":{"@id":"http:\/\/salmosbiblicos.com.br\/index.php\/2025\/05\/04\/transformando-a-gratidao-em-luz-na-sua-jornada-espiritual-descubra-o-poder-dessa-atitude-transformadora\/#breadcrumb"},"inLanguage":"pt-BR","potentialAction":[{"@type":"ReadAction","target":["http:\/\/salmosbiblicos.com.br\/index.php\/2025\/05\/04\/transformando-a-gratidao-em-luz-na-sua-jornada-espiritual-descubra-o-poder-dessa-atitude-transformadora\/"]}]},{"@type":"BreadcrumbList","@id":"http:\/\/salmosbiblicos.com.br\/index.php\/2025\/05\/04\/transformando-a-gratidao-em-luz-na-sua-jornada-espiritual-descubra-o-poder-dessa-atitude-transformadora\/#breadcrumb","itemListElement":[{"@type":"ListItem","position":1,"name":"Home","item":"https:\/\/salmosbiblicos.com.br\/"},{"@type":"ListItem","position":2,"name":"Transformando a gratid\u00e3o em luz na sua jornada espiritual: descubra o poder dessa atitude transformadora!"}]},{"@type":"WebSite","@id":"https:\/\/salmosbiblicos.com.br\/#website","url":"https:\/\/salmosbiblicos.com.br\/","name":"Salmos B\u00edblicos","description":"Uma e-Livraria com e-Books novos para voc\u00ea refletir.","potentialAction":[{"@type":"SearchAction","target":{"@type":"EntryPoint","urlTemplate":"https:\/\/salmosbiblicos.com.br\/?s={search_term_string}"},"query-input":{"@type":"PropertyValueSpecification","valueRequired":true,"valueName":"search_term_string"}}],"inLanguage":"pt-BR"},{"@type":"Person","@id":"https:\/\/salmosbiblicos.com.br\/#\/schema\/person\/760735259ba35f1e44e89c71c72d79da","name":"Irmao","image":{"@type":"ImageObject","inLanguage":"pt-BR","@id":"https:\/\/secure.gravatar.com\/avatar\/?s=96&d=mm&r=g","url":"https:\/\/secure.gravatar.com\/avatar\/?s=96&d=mm&r=g","contentUrl":"https:\/\/secure.gravatar.com\/avatar\/?s=96&d=mm&r=g","caption":"Irmao"},"url":"http:\/\/salmosbiblicos.com.br\/index.php\/author\/irmao\/"}]}},"_links":{"self":[{"href":"http:\/\/salmosbiblicos.com.br\/index.php\/wp-json\/wp\/v2\/posts\/4755","targetHints":{"allow":["GET"]}}],"collection":[{"href":"http:\/\/salmosbiblicos.com.br\/index.php\/wp-json\/wp\/v2\/posts"}],"about":[{"href":"http:\/\/salmosbiblicos.com.br\/index.php\/wp-json\/wp\/v2\/types\/post"}],"author":[{"embeddable":true,"href":"http:\/\/salmosbiblicos.com.br\/index.php\/wp-json\/wp\/v2\/users\/2"}],"replies":[{"embeddable":true,"href":"http:\/\/salmosbiblicos.com.br\/index.php\/wp-json\/wp\/v2\/comments?post=4755"}],"version-history":[{"count":0,"href":"http:\/\/salmosbiblicos.com.br\/index.php\/wp-json\/wp\/v2\/posts\/4755\/revisions"}],"wp:attachment":[{"href":"http:\/\/salmosbiblicos.com.br\/index.php\/wp-json\/wp\/v2\/media?parent=4755"}],"wp:term":[{"taxonomy":"category","embeddable":true,"href":"http:\/\/salmosbiblicos.com.br\/index.php\/wp-json\/wp\/v2\/categories?post=4755"},{"taxonomy":"post_tag","embeddable":true,"href":"http:\/\/salmosbiblicos.com.br\/index.php\/wp-json\/wp\/v2\/tags?post=4755"}],"curies":[{"name":"wp","href":"https:\/\/api.w.org\/{rel}","templated":true}]}}