{"id":4761,"date":"2025-05-04T13:14:12","date_gmt":"2025-05-04T16:14:12","guid":{"rendered":"https:\/\/salmosbiblicos.com.br\/?p=4761"},"modified":"2025-05-04T13:14:12","modified_gmt":"2025-05-04T16:14:12","slug":"a-importancia-da-gratidao-cultivando-a-fe-e-a-esperanca-em-nosso-coracao","status":"publish","type":"post","link":"http:\/\/salmosbiblicos.com.br\/index.php\/2025\/05\/04\/a-importancia-da-gratidao-cultivando-a-fe-e-a-esperanca-em-nosso-coracao\/","title":{"rendered":"A Import\u00e2ncia da Gratid\u00e3o: Cultivando a F\u00e9 e a Esperan\u00e7a em Nosso Cora\u00e7\u00e3o"},"content":{"rendered":"<p>Hoje, quero falar com voc\u00ea sobre a import\u00e2ncia de cultivar a gratid\u00e3o em nosso cora\u00e7\u00e3o. Em meio a tantas preocupa\u00e7\u00f5es e desafios que enfrentamos diariamente, \u00e9 f\u00e1cil nos deixarmos levar pela negatividade e esquecermos de agradecer pelas b\u00ean\u00e7\u00e3os que recebemos.<\/p>\n<p>A gratid\u00e3o \u00e9 uma virtude que nos conecta com o divino e nos ajuda a enxergar a beleza e a generosidade presentes em nossa vida. Quando somos gratos, abrimos espa\u00e7o para receber mais gra\u00e7as e milagres em nosso caminho.<\/p>\n<p>Mesmo nos momentos mais dif\u00edceis, \u00e9 importante lembrarmos de todas as coisas boas que nos cercam. Agrade\u00e7a pela sa\u00fade, pela fam\u00edlia, pelos amigos, pelo alimento na mesa, pelo teto sobre a sua cabe\u00e7a. Agrade\u00e7a pelos pequenos gestos de amor e gentileza que voc\u00ea recebe todos os dias.<\/p>\n<p>Quando nos concentramos na gratid\u00e3o, nossos cora\u00e7\u00f5es se enchem de alegria e paz. Agradecer \u00e9 uma forma de reconhecer a presen\u00e7a de Deus em nossa vida e de nos conectarmos com a energia positiva do universo.<\/p>\n<p>Se voc\u00ea est\u00e1 se sentindo angustiado, ansioso ou desanimado, pare um momento e fa\u00e7a uma lista de todas as coisas pelas quais voc\u00ea \u00e9 grato. Pode ser algo simples, como o canto dos p\u00e1ssaros pela manh\u00e3 ou o sorriso de um estranho na rua. A gratid\u00e3o nos ajuda a mudar o foco de nossos pensamentos e a atrair mais coisas boas para a nossa vida.<\/p>\n<p>Lembre-se de que a gratid\u00e3o n\u00e3o \u00e9 apenas uma emo\u00e7\u00e3o, mas uma atitude que podemos cultivar todos os dias. Ao acordar de manh\u00e3, agrade\u00e7a pelo novo dia que se inicia. Antes de dormir, agrade\u00e7a pelas experi\u00eancias vividas e pelas li\u00e7\u00f5es aprendidas.<\/p>\n<p>Quando somos gratos, somos capazes de superar os desafios com mais serenidade e confian\u00e7a. A gratid\u00e3o fortalece a nossa f\u00e9 e nos ajuda a caminhar com mais leveza e esperan\u00e7a.<\/p>\n<p>Que a gratid\u00e3o seja a luz que ilumina o seu caminho e o seu cora\u00e7\u00e3o. Que voc\u00ea possa enxergar a beleza e a bondade que est\u00e3o presentes em cada detalhe da sua vida. Agrade\u00e7a, respire fundo e siga em frente com f\u00e9 e gratid\u00e3o.<\/p>\n<p>Lembre-se: a gratid\u00e3o transforma o que temos em suficiente.<\/p>\n<p>Que a paz e a gratid\u00e3o estejam sempre presentes em seu cora\u00e7\u00e3o. Voc\u00ea \u00e9 amado e aben\u00e7oado. Acredite e agrade\u00e7a.<\/p>\n","protected":false},"excerpt":{"rendered":"<p>Hoje, quero falar com voc\u00ea sobre a import\u00e2ncia de cultivar a gratid\u00e3o em nosso cora\u00e7\u00e3o. Em meio a tantas preocupa\u00e7\u00f5es e desafios que enfrentamos diariamente, \u00e9 f\u00e1cil nos deixarmos levar pela negatividade e esquecermos de agradecer pelas b\u00ean\u00e7\u00e3os que recebemos. A gratid\u00e3o \u00e9 uma virtude que nos conecta com o divino e nos ajuda a [&hellip;]<\/p>\n","protected":false},"author":2,"featured_media":0,"comment_status":"closed","ping_status":"open","sticky":false,"template":"","format":"standard","meta":{"footnotes":""},"categories":[6],"tags":[],"class_list":["post-4761","post","type-post","status-publish","format-standard","hentry","category-reflexao-do-dia"],"yoast_head":"<!-- This site is optimized with the Yoast SEO plugin v27.2 - https:\/\/yoast.com\/product\/yoast-seo-wordpress\/ -->\n<title>A Import\u00e2ncia da Gratid\u00e3o: Cultivando a F\u00e9 e a Esperan\u00e7a em Nosso Cora\u00e7\u00e3o - Salmos B\u00edblicos<\/title>\n<meta name=\"robots\" content=\"index, follow, max-snippet:-1, max-image-preview:large, max-video-preview:-1\" \/>\n<link rel=\"canonical\" href=\"http:\/\/salmosbiblicos.com.br\/index.php\/2025\/05\/04\/a-importancia-da-gratidao-cultivando-a-fe-e-a-esperanca-em-nosso-coracao\/\" \/>\n<meta property=\"og:locale\" content=\"pt_BR\" \/>\n<meta property=\"og:type\" content=\"article\" \/>\n<meta property=\"og:title\" content=\"A Import\u00e2ncia da Gratid\u00e3o: Cultivando a F\u00e9 e a Esperan\u00e7a em Nosso Cora\u00e7\u00e3o - Salmos B\u00edblicos\" \/>\n<meta property=\"og:description\" content=\"Hoje, quero falar com voc\u00ea sobre a import\u00e2ncia de cultivar a gratid\u00e3o em nosso cora\u00e7\u00e3o. Em meio a tantas preocupa\u00e7\u00f5es e desafios que enfrentamos diariamente, \u00e9 f\u00e1cil nos deixarmos levar pela negatividade e esquecermos de agradecer pelas b\u00ean\u00e7\u00e3os que recebemos. A gratid\u00e3o \u00e9 uma virtude que nos conecta com o divino e nos ajuda a [&hellip;]\" \/>\n<meta property=\"og:url\" content=\"http:\/\/salmosbiblicos.com.br\/index.php\/2025\/05\/04\/a-importancia-da-gratidao-cultivando-a-fe-e-a-esperanca-em-nosso-coracao\/\" \/>\n<meta property=\"og:site_name\" content=\"Salmos B\u00edblicos\" \/>\n<meta property=\"article:published_time\" content=\"2025-05-04T16:14:12+00:00\" \/>\n<meta name=\"author\" content=\"Irmao\" \/>\n<meta name=\"twitter:card\" content=\"summary_large_image\" \/>\n<meta name=\"twitter:label1\" content=\"Escrito por\" \/>\n\t<meta name=\"twitter:data1\" content=\"Irmao\" \/>\n\t<meta name=\"twitter:label2\" content=\"Est. tempo de leitura\" \/>\n\t<meta name=\"twitter:data2\" content=\"2 minutos\" \/>\n<script type=\"application\/ld+json\" class=\"yoast-schema-graph\">{\"@context\":\"https:\/\/schema.org\",\"@graph\":[{\"@type\":\"Article\",\"@id\":\"http:\/\/salmosbiblicos.com.br\/index.php\/2025\/05\/04\/a-importancia-da-gratidao-cultivando-a-fe-e-a-esperanca-em-nosso-coracao\/#article\",\"isPartOf\":{\"@id\":\"http:\/\/salmosbiblicos.com.br\/index.php\/2025\/05\/04\/a-importancia-da-gratidao-cultivando-a-fe-e-a-esperanca-em-nosso-coracao\/\"},\"author\":{\"name\":\"Irmao\",\"@id\":\"https:\/\/salmosbiblicos.com.br\/#\/schema\/person\/760735259ba35f1e44e89c71c72d79da\"},\"headline\":\"A Import\u00e2ncia da Gratid\u00e3o: Cultivando a F\u00e9 e a Esperan\u00e7a em Nosso Cora\u00e7\u00e3o\",\"datePublished\":\"2025-05-04T16:14:12+00:00\",\"mainEntityOfPage\":{\"@id\":\"http:\/\/salmosbiblicos.com.br\/index.php\/2025\/05\/04\/a-importancia-da-gratidao-cultivando-a-fe-e-a-esperanca-em-nosso-coracao\/\"},\"wordCount\":423,\"articleSection\":[\"Reflex\u00e3o do Dia\"],\"inLanguage\":\"pt-BR\"},{\"@type\":\"WebPage\",\"@id\":\"http:\/\/salmosbiblicos.com.br\/index.php\/2025\/05\/04\/a-importancia-da-gratidao-cultivando-a-fe-e-a-esperanca-em-nosso-coracao\/\",\"url\":\"http:\/\/salmosbiblicos.com.br\/index.php\/2025\/05\/04\/a-importancia-da-gratidao-cultivando-a-fe-e-a-esperanca-em-nosso-coracao\/\",\"name\":\"A Import\u00e2ncia da Gratid\u00e3o: Cultivando a F\u00e9 e a Esperan\u00e7a em Nosso Cora\u00e7\u00e3o - Salmos B\u00edblicos\",\"isPartOf\":{\"@id\":\"https:\/\/salmosbiblicos.com.br\/#website\"},\"datePublished\":\"2025-05-04T16:14:12+00:00\",\"author\":{\"@id\":\"https:\/\/salmosbiblicos.com.br\/#\/schema\/person\/760735259ba35f1e44e89c71c72d79da\"},\"breadcrumb\":{\"@id\":\"http:\/\/salmosbiblicos.com.br\/index.php\/2025\/05\/04\/a-importancia-da-gratidao-cultivando-a-fe-e-a-esperanca-em-nosso-coracao\/#breadcrumb\"},\"inLanguage\":\"pt-BR\",\"potentialAction\":[{\"@type\":\"ReadAction\",\"target\":[\"http:\/\/salmosbiblicos.com.br\/index.php\/2025\/05\/04\/a-importancia-da-gratidao-cultivando-a-fe-e-a-esperanca-em-nosso-coracao\/\"]}]},{\"@type\":\"BreadcrumbList\",\"@id\":\"http:\/\/salmosbiblicos.com.br\/index.php\/2025\/05\/04\/a-importancia-da-gratidao-cultivando-a-fe-e-a-esperanca-em-nosso-coracao\/#breadcrumb\",\"itemListElement\":[{\"@type\":\"ListItem\",\"position\":1,\"name\":\"Home\",\"item\":\"https:\/\/salmosbiblicos.com.br\/\"},{\"@type\":\"ListItem\",\"position\":2,\"name\":\"A Import\u00e2ncia da Gratid\u00e3o: Cultivando a F\u00e9 e a Esperan\u00e7a em Nosso Cora\u00e7\u00e3o\"}]},{\"@type\":\"WebSite\",\"@id\":\"https:\/\/salmosbiblicos.com.br\/#website\",\"url\":\"https:\/\/salmosbiblicos.com.br\/\",\"name\":\"Salmos B\u00edblicos\",\"description\":\"Uma e-Livraria com e-Books novos para voc\u00ea refletir.\",\"potentialAction\":[{\"@type\":\"SearchAction\",\"target\":{\"@type\":\"EntryPoint\",\"urlTemplate\":\"https:\/\/salmosbiblicos.com.br\/?s={search_term_string}\"},\"query-input\":{\"@type\":\"PropertyValueSpecification\",\"valueRequired\":true,\"valueName\":\"search_term_string\"}}],\"inLanguage\":\"pt-BR\"},{\"@type\":\"Person\",\"@id\":\"https:\/\/salmosbiblicos.com.br\/#\/schema\/person\/760735259ba35f1e44e89c71c72d79da\",\"name\":\"Irmao\",\"image\":{\"@type\":\"ImageObject\",\"inLanguage\":\"pt-BR\",\"@id\":\"https:\/\/secure.gravatar.com\/avatar\/?s=96&d=mm&r=g\",\"url\":\"https:\/\/secure.gravatar.com\/avatar\/?s=96&d=mm&r=g\",\"contentUrl\":\"https:\/\/secure.gravatar.com\/avatar\/?s=96&d=mm&r=g\",\"caption\":\"Irmao\"},\"url\":\"http:\/\/salmosbiblicos.com.br\/index.php\/author\/irmao\/\"}]}<\/script>\n<!-- \/ Yoast SEO plugin. -->","yoast_head_json":{"title":"A Import\u00e2ncia da Gratid\u00e3o: Cultivando a F\u00e9 e a Esperan\u00e7a em Nosso Cora\u00e7\u00e3o - Salmos B\u00edblicos","robots":{"index":"index","follow":"follow","max-snippet":"max-snippet:-1","max-image-preview":"max-image-preview:large","max-video-preview":"max-video-preview:-1"},"canonical":"http:\/\/salmosbiblicos.com.br\/index.php\/2025\/05\/04\/a-importancia-da-gratidao-cultivando-a-fe-e-a-esperanca-em-nosso-coracao\/","og_locale":"pt_BR","og_type":"article","og_title":"A Import\u00e2ncia da Gratid\u00e3o: Cultivando a F\u00e9 e a Esperan\u00e7a em Nosso Cora\u00e7\u00e3o - Salmos B\u00edblicos","og_description":"Hoje, quero falar com voc\u00ea sobre a import\u00e2ncia de cultivar a gratid\u00e3o em nosso cora\u00e7\u00e3o. Em meio a tantas preocupa\u00e7\u00f5es e desafios que enfrentamos diariamente, \u00e9 f\u00e1cil nos deixarmos levar pela negatividade e esquecermos de agradecer pelas b\u00ean\u00e7\u00e3os que recebemos. A gratid\u00e3o \u00e9 uma virtude que nos conecta com o divino e nos ajuda a [&hellip;]","og_url":"http:\/\/salmosbiblicos.com.br\/index.php\/2025\/05\/04\/a-importancia-da-gratidao-cultivando-a-fe-e-a-esperanca-em-nosso-coracao\/","og_site_name":"Salmos B\u00edblicos","article_published_time":"2025-05-04T16:14:12+00:00","author":"Irmao","twitter_card":"summary_large_image","twitter_misc":{"Escrito por":"Irmao","Est. tempo de leitura":"2 minutos"},"schema":{"@context":"https:\/\/schema.org","@graph":[{"@type":"Article","@id":"http:\/\/salmosbiblicos.com.br\/index.php\/2025\/05\/04\/a-importancia-da-gratidao-cultivando-a-fe-e-a-esperanca-em-nosso-coracao\/#article","isPartOf":{"@id":"http:\/\/salmosbiblicos.com.br\/index.php\/2025\/05\/04\/a-importancia-da-gratidao-cultivando-a-fe-e-a-esperanca-em-nosso-coracao\/"},"author":{"name":"Irmao","@id":"https:\/\/salmosbiblicos.com.br\/#\/schema\/person\/760735259ba35f1e44e89c71c72d79da"},"headline":"A Import\u00e2ncia da Gratid\u00e3o: Cultivando a F\u00e9 e a Esperan\u00e7a em Nosso Cora\u00e7\u00e3o","datePublished":"2025-05-04T16:14:12+00:00","mainEntityOfPage":{"@id":"http:\/\/salmosbiblicos.com.br\/index.php\/2025\/05\/04\/a-importancia-da-gratidao-cultivando-a-fe-e-a-esperanca-em-nosso-coracao\/"},"wordCount":423,"articleSection":["Reflex\u00e3o do Dia"],"inLanguage":"pt-BR"},{"@type":"WebPage","@id":"http:\/\/salmosbiblicos.com.br\/index.php\/2025\/05\/04\/a-importancia-da-gratidao-cultivando-a-fe-e-a-esperanca-em-nosso-coracao\/","url":"http:\/\/salmosbiblicos.com.br\/index.php\/2025\/05\/04\/a-importancia-da-gratidao-cultivando-a-fe-e-a-esperanca-em-nosso-coracao\/","name":"A Import\u00e2ncia da Gratid\u00e3o: Cultivando a F\u00e9 e a Esperan\u00e7a em Nosso Cora\u00e7\u00e3o - Salmos B\u00edblicos","isPartOf":{"@id":"https:\/\/salmosbiblicos.com.br\/#website"},"datePublished":"2025-05-04T16:14:12+00:00","author":{"@id":"https:\/\/salmosbiblicos.com.br\/#\/schema\/person\/760735259ba35f1e44e89c71c72d79da"},"breadcrumb":{"@id":"http:\/\/salmosbiblicos.com.br\/index.php\/2025\/05\/04\/a-importancia-da-gratidao-cultivando-a-fe-e-a-esperanca-em-nosso-coracao\/#breadcrumb"},"inLanguage":"pt-BR","potentialAction":[{"@type":"ReadAction","target":["http:\/\/salmosbiblicos.com.br\/index.php\/2025\/05\/04\/a-importancia-da-gratidao-cultivando-a-fe-e-a-esperanca-em-nosso-coracao\/"]}]},{"@type":"BreadcrumbList","@id":"http:\/\/salmosbiblicos.com.br\/index.php\/2025\/05\/04\/a-importancia-da-gratidao-cultivando-a-fe-e-a-esperanca-em-nosso-coracao\/#breadcrumb","itemListElement":[{"@type":"ListItem","position":1,"name":"Home","item":"https:\/\/salmosbiblicos.com.br\/"},{"@type":"ListItem","position":2,"name":"A Import\u00e2ncia da Gratid\u00e3o: Cultivando a F\u00e9 e a Esperan\u00e7a em Nosso Cora\u00e7\u00e3o"}]},{"@type":"WebSite","@id":"https:\/\/salmosbiblicos.com.br\/#website","url":"https:\/\/salmosbiblicos.com.br\/","name":"Salmos B\u00edblicos","description":"Uma e-Livraria com e-Books novos para voc\u00ea refletir.","potentialAction":[{"@type":"SearchAction","target":{"@type":"EntryPoint","urlTemplate":"https:\/\/salmosbiblicos.com.br\/?s={search_term_string}"},"query-input":{"@type":"PropertyValueSpecification","valueRequired":true,"valueName":"search_term_string"}}],"inLanguage":"pt-BR"},{"@type":"Person","@id":"https:\/\/salmosbiblicos.com.br\/#\/schema\/person\/760735259ba35f1e44e89c71c72d79da","name":"Irmao","image":{"@type":"ImageObject","inLanguage":"pt-BR","@id":"https:\/\/secure.gravatar.com\/avatar\/?s=96&d=mm&r=g","url":"https:\/\/secure.gravatar.com\/avatar\/?s=96&d=mm&r=g","contentUrl":"https:\/\/secure.gravatar.com\/avatar\/?s=96&d=mm&r=g","caption":"Irmao"},"url":"http:\/\/salmosbiblicos.com.br\/index.php\/author\/irmao\/"}]}},"_links":{"self":[{"href":"http:\/\/salmosbiblicos.com.br\/index.php\/wp-json\/wp\/v2\/posts\/4761","targetHints":{"allow":["GET"]}}],"collection":[{"href":"http:\/\/salmosbiblicos.com.br\/index.php\/wp-json\/wp\/v2\/posts"}],"about":[{"href":"http:\/\/salmosbiblicos.com.br\/index.php\/wp-json\/wp\/v2\/types\/post"}],"author":[{"embeddable":true,"href":"http:\/\/salmosbiblicos.com.br\/index.php\/wp-json\/wp\/v2\/users\/2"}],"replies":[{"embeddable":true,"href":"http:\/\/salmosbiblicos.com.br\/index.php\/wp-json\/wp\/v2\/comments?post=4761"}],"version-history":[{"count":0,"href":"http:\/\/salmosbiblicos.com.br\/index.php\/wp-json\/wp\/v2\/posts\/4761\/revisions"}],"wp:attachment":[{"href":"http:\/\/salmosbiblicos.com.br\/index.php\/wp-json\/wp\/v2\/media?parent=4761"}],"wp:term":[{"taxonomy":"category","embeddable":true,"href":"http:\/\/salmosbiblicos.com.br\/index.php\/wp-json\/wp\/v2\/categories?post=4761"},{"taxonomy":"post_tag","embeddable":true,"href":"http:\/\/salmosbiblicos.com.br\/index.php\/wp-json\/wp\/v2\/tags?post=4761"}],"curies":[{"name":"wp","href":"https:\/\/api.w.org\/{rel}","templated":true}]}}