{"id":4763,"date":"2025-05-04T13:14:21","date_gmt":"2025-05-04T16:14:21","guid":{"rendered":"https:\/\/salmosbiblicos.com.br\/?p=4763"},"modified":"2025-05-04T13:14:21","modified_gmt":"2025-05-04T16:14:21","slug":"cultive-a-gratidao-a-chave-para-uma-vida-abencoada","status":"publish","type":"post","link":"http:\/\/salmosbiblicos.com.br\/index.php\/2025\/05\/04\/cultive-a-gratidao-a-chave-para-uma-vida-abencoada\/","title":{"rendered":"Cultive a Gratid\u00e3o: A Chave para uma Vida Aben\u00e7oada."},"content":{"rendered":"<p>Hoje quero falar sobre a import\u00e2ncia de cultivar a gratid\u00e3o em nosso cora\u00e7\u00e3o. Em meio \u00e0s turbul\u00eancias do dia a dia, \u00e9 f\u00e1cil nos deixarmos levar pelo estresse, pelas preocupa\u00e7\u00f5es e pelas dificuldades que surgem em nosso caminho. Mas, mesmo nos momentos mais dif\u00edceis, \u00e9 fundamental lembrarmos de ser gratos por todas as b\u00ean\u00e7\u00e3os que recebemos.<\/p>\n<p>A gratid\u00e3o \u00e9 uma atitude poderosa que nos conecta com o divino e nos ajuda a enxergar as coisas de forma mais positiva. Quando somos gratos, reconhecemos as d\u00e1divas que est\u00e3o presentes em nossa vida, por menores que sejam, e isso nos traz uma sensa\u00e7\u00e3o de paz e contentamento.<\/p>\n<p>Por isso, hoje quero te encorajar a cultivar a gratid\u00e3o em seu cora\u00e7\u00e3o. Comece o dia agradecendo pelo dom da vida, pelas pessoas queridas ao seu redor, pela sa\u00fade que voc\u00ea desfruta. Agrade\u00e7a tamb\u00e9m pelas dificuldades, pois s\u00e3o elas que nos fortalecem e nos fazem crescer.<\/p>\n<p>Quando nos abrimos para a gratid\u00e3o, percebemos que somos cercados por in\u00fameras b\u00ean\u00e7\u00e3os. Cada sorriso, cada gesto de amor, cada momento de alegria se tornam motivos para agradecer. E quando olhamos para tr\u00e1s, podemos reconhecer a m\u00e3o de Deus em cada detalhe de nossa jornada.<\/p>\n<p>Mesmo nos momentos de dor e sofrimento, a gratid\u00e3o pode ser nossa aliada. Pois, ao agradecer mesmo nas adversidades, estamos demonstrando nossa f\u00e9 e confian\u00e7a no plano divino. Sabemos que Deus est\u00e1 ao nosso lado, nos sustentando e nos amparando, mesmo quando n\u00e3o compreendemos os seus des\u00edgnios.<\/p>\n<p>Ent\u00e3o, n\u00e3o se esque\u00e7a de agradecer. Agrade\u00e7a pela chuva que rega a terra, pelo sol que ilumina o dia, pelo vento que refresca a alma. Agrade\u00e7a pelas oportunidades que surgem, pelos desafios que nos impulsionam a crescer, pelas pessoas que cruzam nosso caminho.<\/p>\n<p>Que a gratid\u00e3o seja a luz que guia seus passos, a for\u00e7a que te sustenta nos momentos dif\u00edceis, o b\u00e1lsamo que cura as feridas da alma. Que em cada respira\u00e7\u00e3o, em cada batida do cora\u00e7\u00e3o, voc\u00ea possa sentir a presen\u00e7a amorosa de Deus, que tudo nos d\u00e1 e a tudo prov\u00ea.<\/p>\n<p>Portanto, n\u00e3o se esque\u00e7a de agradecer. Pois a gratid\u00e3o transforma nossa vida, nos torna mais conscientes de nossas b\u00ean\u00e7\u00e3os e nos aproxima do divino. Que a sua jornada seja marcada pela gratid\u00e3o, pois quem agradece, sempre ter\u00e1 motivos para sorrir.<\/p>\n<p>Que a luz da gratid\u00e3o ilumine o seu caminho, hoje e sempre. Agrade\u00e7a e seja feliz!<\/p>\n","protected":false},"excerpt":{"rendered":"<p>Hoje quero falar sobre a import\u00e2ncia de cultivar a gratid\u00e3o em nosso cora\u00e7\u00e3o. Em meio \u00e0s turbul\u00eancias do dia a dia, \u00e9 f\u00e1cil nos deixarmos levar pelo estresse, pelas preocupa\u00e7\u00f5es e pelas dificuldades que surgem em nosso caminho. Mas, mesmo nos momentos mais dif\u00edceis, \u00e9 fundamental lembrarmos de ser gratos por todas as b\u00ean\u00e7\u00e3os que [&hellip;]<\/p>\n","protected":false},"author":2,"featured_media":0,"comment_status":"closed","ping_status":"open","sticky":false,"template":"","format":"standard","meta":{"footnotes":""},"categories":[6],"tags":[],"class_list":["post-4763","post","type-post","status-publish","format-standard","hentry","category-reflexao-do-dia"],"yoast_head":"<!-- This site is optimized with the Yoast SEO plugin v27.2 - https:\/\/yoast.com\/product\/yoast-seo-wordpress\/ -->\n<title>Cultive a Gratid\u00e3o: A Chave para uma Vida Aben\u00e7oada. - Salmos B\u00edblicos<\/title>\n<meta name=\"robots\" content=\"index, follow, max-snippet:-1, max-image-preview:large, max-video-preview:-1\" \/>\n<link rel=\"canonical\" href=\"http:\/\/salmosbiblicos.com.br\/index.php\/2025\/05\/04\/cultive-a-gratidao-a-chave-para-uma-vida-abencoada\/\" \/>\n<meta property=\"og:locale\" content=\"pt_BR\" \/>\n<meta property=\"og:type\" content=\"article\" \/>\n<meta property=\"og:title\" content=\"Cultive a Gratid\u00e3o: A Chave para uma Vida Aben\u00e7oada. - Salmos B\u00edblicos\" \/>\n<meta property=\"og:description\" content=\"Hoje quero falar sobre a import\u00e2ncia de cultivar a gratid\u00e3o em nosso cora\u00e7\u00e3o. Em meio \u00e0s turbul\u00eancias do dia a dia, \u00e9 f\u00e1cil nos deixarmos levar pelo estresse, pelas preocupa\u00e7\u00f5es e pelas dificuldades que surgem em nosso caminho. Mas, mesmo nos momentos mais dif\u00edceis, \u00e9 fundamental lembrarmos de ser gratos por todas as b\u00ean\u00e7\u00e3os que [&hellip;]\" \/>\n<meta property=\"og:url\" content=\"http:\/\/salmosbiblicos.com.br\/index.php\/2025\/05\/04\/cultive-a-gratidao-a-chave-para-uma-vida-abencoada\/\" \/>\n<meta property=\"og:site_name\" content=\"Salmos B\u00edblicos\" \/>\n<meta property=\"article:published_time\" content=\"2025-05-04T16:14:21+00:00\" \/>\n<meta name=\"author\" content=\"Irmao\" \/>\n<meta name=\"twitter:card\" content=\"summary_large_image\" \/>\n<meta name=\"twitter:label1\" content=\"Escrito por\" \/>\n\t<meta name=\"twitter:data1\" content=\"Irmao\" \/>\n\t<meta name=\"twitter:label2\" content=\"Est. tempo de leitura\" \/>\n\t<meta name=\"twitter:data2\" content=\"2 minutos\" \/>\n<script type=\"application\/ld+json\" class=\"yoast-schema-graph\">{\"@context\":\"https:\/\/schema.org\",\"@graph\":[{\"@type\":\"Article\",\"@id\":\"http:\/\/salmosbiblicos.com.br\/index.php\/2025\/05\/04\/cultive-a-gratidao-a-chave-para-uma-vida-abencoada\/#article\",\"isPartOf\":{\"@id\":\"http:\/\/salmosbiblicos.com.br\/index.php\/2025\/05\/04\/cultive-a-gratidao-a-chave-para-uma-vida-abencoada\/\"},\"author\":{\"name\":\"Irmao\",\"@id\":\"https:\/\/salmosbiblicos.com.br\/#\/schema\/person\/760735259ba35f1e44e89c71c72d79da\"},\"headline\":\"Cultive a Gratid\u00e3o: A Chave para uma Vida Aben\u00e7oada.\",\"datePublished\":\"2025-05-04T16:14:21+00:00\",\"mainEntityOfPage\":{\"@id\":\"http:\/\/salmosbiblicos.com.br\/index.php\/2025\/05\/04\/cultive-a-gratidao-a-chave-para-uma-vida-abencoada\/\"},\"wordCount\":450,\"articleSection\":[\"Reflex\u00e3o do Dia\"],\"inLanguage\":\"pt-BR\"},{\"@type\":\"WebPage\",\"@id\":\"http:\/\/salmosbiblicos.com.br\/index.php\/2025\/05\/04\/cultive-a-gratidao-a-chave-para-uma-vida-abencoada\/\",\"url\":\"http:\/\/salmosbiblicos.com.br\/index.php\/2025\/05\/04\/cultive-a-gratidao-a-chave-para-uma-vida-abencoada\/\",\"name\":\"Cultive a Gratid\u00e3o: A Chave para uma Vida Aben\u00e7oada. - Salmos B\u00edblicos\",\"isPartOf\":{\"@id\":\"https:\/\/salmosbiblicos.com.br\/#website\"},\"datePublished\":\"2025-05-04T16:14:21+00:00\",\"author\":{\"@id\":\"https:\/\/salmosbiblicos.com.br\/#\/schema\/person\/760735259ba35f1e44e89c71c72d79da\"},\"breadcrumb\":{\"@id\":\"http:\/\/salmosbiblicos.com.br\/index.php\/2025\/05\/04\/cultive-a-gratidao-a-chave-para-uma-vida-abencoada\/#breadcrumb\"},\"inLanguage\":\"pt-BR\",\"potentialAction\":[{\"@type\":\"ReadAction\",\"target\":[\"http:\/\/salmosbiblicos.com.br\/index.php\/2025\/05\/04\/cultive-a-gratidao-a-chave-para-uma-vida-abencoada\/\"]}]},{\"@type\":\"BreadcrumbList\",\"@id\":\"http:\/\/salmosbiblicos.com.br\/index.php\/2025\/05\/04\/cultive-a-gratidao-a-chave-para-uma-vida-abencoada\/#breadcrumb\",\"itemListElement\":[{\"@type\":\"ListItem\",\"position\":1,\"name\":\"Home\",\"item\":\"https:\/\/salmosbiblicos.com.br\/\"},{\"@type\":\"ListItem\",\"position\":2,\"name\":\"Cultive a Gratid\u00e3o: A Chave para uma Vida Aben\u00e7oada.\"}]},{\"@type\":\"WebSite\",\"@id\":\"https:\/\/salmosbiblicos.com.br\/#website\",\"url\":\"https:\/\/salmosbiblicos.com.br\/\",\"name\":\"Salmos B\u00edblicos\",\"description\":\"Uma e-Livraria com e-Books novos para voc\u00ea refletir.\",\"potentialAction\":[{\"@type\":\"SearchAction\",\"target\":{\"@type\":\"EntryPoint\",\"urlTemplate\":\"https:\/\/salmosbiblicos.com.br\/?s={search_term_string}\"},\"query-input\":{\"@type\":\"PropertyValueSpecification\",\"valueRequired\":true,\"valueName\":\"search_term_string\"}}],\"inLanguage\":\"pt-BR\"},{\"@type\":\"Person\",\"@id\":\"https:\/\/salmosbiblicos.com.br\/#\/schema\/person\/760735259ba35f1e44e89c71c72d79da\",\"name\":\"Irmao\",\"image\":{\"@type\":\"ImageObject\",\"inLanguage\":\"pt-BR\",\"@id\":\"https:\/\/secure.gravatar.com\/avatar\/?s=96&d=mm&r=g\",\"url\":\"https:\/\/secure.gravatar.com\/avatar\/?s=96&d=mm&r=g\",\"contentUrl\":\"https:\/\/secure.gravatar.com\/avatar\/?s=96&d=mm&r=g\",\"caption\":\"Irmao\"},\"url\":\"http:\/\/salmosbiblicos.com.br\/index.php\/author\/irmao\/\"}]}<\/script>\n<!-- \/ Yoast SEO plugin. -->","yoast_head_json":{"title":"Cultive a Gratid\u00e3o: A Chave para uma Vida Aben\u00e7oada. - Salmos B\u00edblicos","robots":{"index":"index","follow":"follow","max-snippet":"max-snippet:-1","max-image-preview":"max-image-preview:large","max-video-preview":"max-video-preview:-1"},"canonical":"http:\/\/salmosbiblicos.com.br\/index.php\/2025\/05\/04\/cultive-a-gratidao-a-chave-para-uma-vida-abencoada\/","og_locale":"pt_BR","og_type":"article","og_title":"Cultive a Gratid\u00e3o: A Chave para uma Vida Aben\u00e7oada. - Salmos B\u00edblicos","og_description":"Hoje quero falar sobre a import\u00e2ncia de cultivar a gratid\u00e3o em nosso cora\u00e7\u00e3o. Em meio \u00e0s turbul\u00eancias do dia a dia, \u00e9 f\u00e1cil nos deixarmos levar pelo estresse, pelas preocupa\u00e7\u00f5es e pelas dificuldades que surgem em nosso caminho. Mas, mesmo nos momentos mais dif\u00edceis, \u00e9 fundamental lembrarmos de ser gratos por todas as b\u00ean\u00e7\u00e3os que [&hellip;]","og_url":"http:\/\/salmosbiblicos.com.br\/index.php\/2025\/05\/04\/cultive-a-gratidao-a-chave-para-uma-vida-abencoada\/","og_site_name":"Salmos B\u00edblicos","article_published_time":"2025-05-04T16:14:21+00:00","author":"Irmao","twitter_card":"summary_large_image","twitter_misc":{"Escrito por":"Irmao","Est. tempo de leitura":"2 minutos"},"schema":{"@context":"https:\/\/schema.org","@graph":[{"@type":"Article","@id":"http:\/\/salmosbiblicos.com.br\/index.php\/2025\/05\/04\/cultive-a-gratidao-a-chave-para-uma-vida-abencoada\/#article","isPartOf":{"@id":"http:\/\/salmosbiblicos.com.br\/index.php\/2025\/05\/04\/cultive-a-gratidao-a-chave-para-uma-vida-abencoada\/"},"author":{"name":"Irmao","@id":"https:\/\/salmosbiblicos.com.br\/#\/schema\/person\/760735259ba35f1e44e89c71c72d79da"},"headline":"Cultive a Gratid\u00e3o: A Chave para uma Vida Aben\u00e7oada.","datePublished":"2025-05-04T16:14:21+00:00","mainEntityOfPage":{"@id":"http:\/\/salmosbiblicos.com.br\/index.php\/2025\/05\/04\/cultive-a-gratidao-a-chave-para-uma-vida-abencoada\/"},"wordCount":450,"articleSection":["Reflex\u00e3o do Dia"],"inLanguage":"pt-BR"},{"@type":"WebPage","@id":"http:\/\/salmosbiblicos.com.br\/index.php\/2025\/05\/04\/cultive-a-gratidao-a-chave-para-uma-vida-abencoada\/","url":"http:\/\/salmosbiblicos.com.br\/index.php\/2025\/05\/04\/cultive-a-gratidao-a-chave-para-uma-vida-abencoada\/","name":"Cultive a Gratid\u00e3o: A Chave para uma Vida Aben\u00e7oada. - Salmos B\u00edblicos","isPartOf":{"@id":"https:\/\/salmosbiblicos.com.br\/#website"},"datePublished":"2025-05-04T16:14:21+00:00","author":{"@id":"https:\/\/salmosbiblicos.com.br\/#\/schema\/person\/760735259ba35f1e44e89c71c72d79da"},"breadcrumb":{"@id":"http:\/\/salmosbiblicos.com.br\/index.php\/2025\/05\/04\/cultive-a-gratidao-a-chave-para-uma-vida-abencoada\/#breadcrumb"},"inLanguage":"pt-BR","potentialAction":[{"@type":"ReadAction","target":["http:\/\/salmosbiblicos.com.br\/index.php\/2025\/05\/04\/cultive-a-gratidao-a-chave-para-uma-vida-abencoada\/"]}]},{"@type":"BreadcrumbList","@id":"http:\/\/salmosbiblicos.com.br\/index.php\/2025\/05\/04\/cultive-a-gratidao-a-chave-para-uma-vida-abencoada\/#breadcrumb","itemListElement":[{"@type":"ListItem","position":1,"name":"Home","item":"https:\/\/salmosbiblicos.com.br\/"},{"@type":"ListItem","position":2,"name":"Cultive a Gratid\u00e3o: A Chave para uma Vida Aben\u00e7oada."}]},{"@type":"WebSite","@id":"https:\/\/salmosbiblicos.com.br\/#website","url":"https:\/\/salmosbiblicos.com.br\/","name":"Salmos B\u00edblicos","description":"Uma e-Livraria com e-Books novos para voc\u00ea refletir.","potentialAction":[{"@type":"SearchAction","target":{"@type":"EntryPoint","urlTemplate":"https:\/\/salmosbiblicos.com.br\/?s={search_term_string}"},"query-input":{"@type":"PropertyValueSpecification","valueRequired":true,"valueName":"search_term_string"}}],"inLanguage":"pt-BR"},{"@type":"Person","@id":"https:\/\/salmosbiblicos.com.br\/#\/schema\/person\/760735259ba35f1e44e89c71c72d79da","name":"Irmao","image":{"@type":"ImageObject","inLanguage":"pt-BR","@id":"https:\/\/secure.gravatar.com\/avatar\/?s=96&d=mm&r=g","url":"https:\/\/secure.gravatar.com\/avatar\/?s=96&d=mm&r=g","contentUrl":"https:\/\/secure.gravatar.com\/avatar\/?s=96&d=mm&r=g","caption":"Irmao"},"url":"http:\/\/salmosbiblicos.com.br\/index.php\/author\/irmao\/"}]}},"_links":{"self":[{"href":"http:\/\/salmosbiblicos.com.br\/index.php\/wp-json\/wp\/v2\/posts\/4763","targetHints":{"allow":["GET"]}}],"collection":[{"href":"http:\/\/salmosbiblicos.com.br\/index.php\/wp-json\/wp\/v2\/posts"}],"about":[{"href":"http:\/\/salmosbiblicos.com.br\/index.php\/wp-json\/wp\/v2\/types\/post"}],"author":[{"embeddable":true,"href":"http:\/\/salmosbiblicos.com.br\/index.php\/wp-json\/wp\/v2\/users\/2"}],"replies":[{"embeddable":true,"href":"http:\/\/salmosbiblicos.com.br\/index.php\/wp-json\/wp\/v2\/comments?post=4763"}],"version-history":[{"count":0,"href":"http:\/\/salmosbiblicos.com.br\/index.php\/wp-json\/wp\/v2\/posts\/4763\/revisions"}],"wp:attachment":[{"href":"http:\/\/salmosbiblicos.com.br\/index.php\/wp-json\/wp\/v2\/media?parent=4763"}],"wp:term":[{"taxonomy":"category","embeddable":true,"href":"http:\/\/salmosbiblicos.com.br\/index.php\/wp-json\/wp\/v2\/categories?post=4763"},{"taxonomy":"post_tag","embeddable":true,"href":"http:\/\/salmosbiblicos.com.br\/index.php\/wp-json\/wp\/v2\/tags?post=4763"}],"curies":[{"name":"wp","href":"https:\/\/api.w.org\/{rel}","templated":true}]}}