{"id":4767,"date":"2025-05-04T13:14:35","date_gmt":"2025-05-04T16:14:35","guid":{"rendered":"https:\/\/salmosbiblicos.com.br\/?p=4767"},"modified":"2025-05-04T13:14:35","modified_gmt":"2025-05-04T16:14:35","slug":"o-poder-da-gratidao-cultivando-a-felicidade-no-coracao","status":"publish","type":"post","link":"http:\/\/salmosbiblicos.com.br\/index.php\/2025\/05\/04\/o-poder-da-gratidao-cultivando-a-felicidade-no-coracao\/","title":{"rendered":"O poder da gratid\u00e3o: cultivando a felicidade no cora\u00e7\u00e3o"},"content":{"rendered":"<p>Hoje, quero compartilhar com voc\u00ea uma reflex\u00e3o sobre a import\u00e2ncia de cultivar a gratid\u00e3o em nossas vidas. Muitas vezes, nos pegamos preocupados com tantos problemas e desafios que enfrentamos diariamente, esquecendo-nos de todas as b\u00ean\u00e7\u00e3os que recebemos.<\/p>\n<p>\u00c9 natural que em momentos dif\u00edceis, nossa mente se volte para o que est\u00e1 errado, para o que nos causa dor e sofrimento. No entanto, \u00e9 fundamental lembrarmos que mesmo nos momentos mais sombrios, h\u00e1 motivos para agradecer. A vida, por si s\u00f3, \u00e9 um presente precioso que devemos honrar e valorizar.<\/p>\n<p>Quando cultivamos a gratid\u00e3o em nosso cora\u00e7\u00e3o, somos capazes de enxergar a beleza nas pequenas coisas, nas pequenas alegrias do dia a dia. A gratid\u00e3o nos conecta com o divino, nos faz perceber que somos amados e cuidados por uma for\u00e7a maior, que nos guia e nos sustenta em todos os momentos.<\/p>\n<p>Ao agradecer, abrimos espa\u00e7o para que mais b\u00ean\u00e7\u00e3os fluam em nossa vida. A gratid\u00e3o \u00e9 como uma semente que plantamos em nosso cora\u00e7\u00e3o, e que floresce em forma de amor, paz e felicidade. Quando somos gratos, somos mais gentis, mais pacientes, mais generosos. A gratid\u00e3o transforma nossa maneira de enxergar o mundo e de nos relacionarmos com os outros.<\/p>\n<p>Por isso, hoje, convido voc\u00ea a praticar a gratid\u00e3o em sua vida. Comece o dia agradecendo por mais um amanhecer, por mais uma oportunidade de viver. Ao longo do dia, procure enxergar as coisas boas que acontecem ao seu redor, por menores que sejam. Agrade\u00e7a por um sorriso, por um gesto de carinho, por uma palavra de conforto.<\/p>\n<p>E, mesmo nos momentos dif\u00edceis, busque motivos para agradecer. Lembre-se de que as tempestades tamb\u00e9m s\u00e3o necess\u00e1rias para que possamos valorizar o sol que brilha depois. Agrade\u00e7a pela oportunidade de aprender, de crescer, de se tornar uma pessoa melhor a cada dia.<\/p>\n<p>Que a gratid\u00e3o seja a luz que ilumina o seu caminho, que te guia e te sustenta em todos os momentos. Que ela te ajude a superar os desafios, a encontrar a paz interior e a ser um instrumento de amor e compaix\u00e3o no mundo.<\/p>\n<p>Lembre-se: a gratid\u00e3o transforma o que temos em suficiente, e nos faz perceber que somos verdadeiramente aben\u00e7oados. Agrade\u00e7a, sempre. Agrade\u00e7a, e ver\u00e1 como a sua vida se transformar\u00e1 em um constante milagre de amor e gratid\u00e3o. <\/p>\n<p>Que a gratid\u00e3o seja a sua b\u00fassola, guiando-o para um caminho de luz e amor. Agrade\u00e7a, e sinta a paz que vem do cora\u00e7\u00e3o. Agrade\u00e7a, e seja feliz. \ud83d\ude4f\ud83c\udf1f<\/p>\n","protected":false},"excerpt":{"rendered":"<p>Hoje, quero compartilhar com voc\u00ea uma reflex\u00e3o sobre a import\u00e2ncia de cultivar a gratid\u00e3o em nossas vidas. Muitas vezes, nos pegamos preocupados com tantos problemas e desafios que enfrentamos diariamente, esquecendo-nos de todas as b\u00ean\u00e7\u00e3os que recebemos. \u00c9 natural que em momentos dif\u00edceis, nossa mente se volte para o que est\u00e1 errado, para o que [&hellip;]<\/p>\n","protected":false},"author":2,"featured_media":0,"comment_status":"closed","ping_status":"open","sticky":false,"template":"","format":"standard","meta":{"footnotes":""},"categories":[6],"tags":[],"class_list":["post-4767","post","type-post","status-publish","format-standard","hentry","category-reflexao-do-dia"],"yoast_head":"<!-- This site is optimized with the Yoast SEO plugin v27.2 - https:\/\/yoast.com\/product\/yoast-seo-wordpress\/ -->\n<title>O poder da gratid\u00e3o: cultivando a felicidade no cora\u00e7\u00e3o - Salmos B\u00edblicos<\/title>\n<meta name=\"robots\" content=\"index, follow, max-snippet:-1, max-image-preview:large, max-video-preview:-1\" \/>\n<link rel=\"canonical\" href=\"http:\/\/salmosbiblicos.com.br\/index.php\/2025\/05\/04\/o-poder-da-gratidao-cultivando-a-felicidade-no-coracao\/\" \/>\n<meta property=\"og:locale\" content=\"pt_BR\" \/>\n<meta property=\"og:type\" content=\"article\" \/>\n<meta property=\"og:title\" content=\"O poder da gratid\u00e3o: cultivando a felicidade no cora\u00e7\u00e3o - Salmos B\u00edblicos\" \/>\n<meta property=\"og:description\" content=\"Hoje, quero compartilhar com voc\u00ea uma reflex\u00e3o sobre a import\u00e2ncia de cultivar a gratid\u00e3o em nossas vidas. Muitas vezes, nos pegamos preocupados com tantos problemas e desafios que enfrentamos diariamente, esquecendo-nos de todas as b\u00ean\u00e7\u00e3os que recebemos. \u00c9 natural que em momentos dif\u00edceis, nossa mente se volte para o que est\u00e1 errado, para o que [&hellip;]\" \/>\n<meta property=\"og:url\" content=\"http:\/\/salmosbiblicos.com.br\/index.php\/2025\/05\/04\/o-poder-da-gratidao-cultivando-a-felicidade-no-coracao\/\" \/>\n<meta property=\"og:site_name\" content=\"Salmos B\u00edblicos\" \/>\n<meta property=\"article:published_time\" content=\"2025-05-04T16:14:35+00:00\" \/>\n<meta name=\"author\" content=\"Irmao\" \/>\n<meta name=\"twitter:card\" content=\"summary_large_image\" \/>\n<meta name=\"twitter:label1\" content=\"Escrito por\" \/>\n\t<meta name=\"twitter:data1\" content=\"Irmao\" \/>\n\t<meta name=\"twitter:label2\" content=\"Est. tempo de leitura\" \/>\n\t<meta name=\"twitter:data2\" content=\"2 minutos\" \/>\n<script type=\"application\/ld+json\" class=\"yoast-schema-graph\">{\"@context\":\"https:\/\/schema.org\",\"@graph\":[{\"@type\":\"Article\",\"@id\":\"http:\/\/salmosbiblicos.com.br\/index.php\/2025\/05\/04\/o-poder-da-gratidao-cultivando-a-felicidade-no-coracao\/#article\",\"isPartOf\":{\"@id\":\"http:\/\/salmosbiblicos.com.br\/index.php\/2025\/05\/04\/o-poder-da-gratidao-cultivando-a-felicidade-no-coracao\/\"},\"author\":{\"name\":\"Irmao\",\"@id\":\"https:\/\/salmosbiblicos.com.br\/#\/schema\/person\/760735259ba35f1e44e89c71c72d79da\"},\"headline\":\"O poder da gratid\u00e3o: cultivando a felicidade no cora\u00e7\u00e3o\",\"datePublished\":\"2025-05-04T16:14:35+00:00\",\"mainEntityOfPage\":{\"@id\":\"http:\/\/salmosbiblicos.com.br\/index.php\/2025\/05\/04\/o-poder-da-gratidao-cultivando-a-felicidade-no-coracao\/\"},\"wordCount\":451,\"articleSection\":[\"Reflex\u00e3o do Dia\"],\"inLanguage\":\"pt-BR\"},{\"@type\":\"WebPage\",\"@id\":\"http:\/\/salmosbiblicos.com.br\/index.php\/2025\/05\/04\/o-poder-da-gratidao-cultivando-a-felicidade-no-coracao\/\",\"url\":\"http:\/\/salmosbiblicos.com.br\/index.php\/2025\/05\/04\/o-poder-da-gratidao-cultivando-a-felicidade-no-coracao\/\",\"name\":\"O poder da gratid\u00e3o: cultivando a felicidade no cora\u00e7\u00e3o - Salmos B\u00edblicos\",\"isPartOf\":{\"@id\":\"https:\/\/salmosbiblicos.com.br\/#website\"},\"datePublished\":\"2025-05-04T16:14:35+00:00\",\"author\":{\"@id\":\"https:\/\/salmosbiblicos.com.br\/#\/schema\/person\/760735259ba35f1e44e89c71c72d79da\"},\"breadcrumb\":{\"@id\":\"http:\/\/salmosbiblicos.com.br\/index.php\/2025\/05\/04\/o-poder-da-gratidao-cultivando-a-felicidade-no-coracao\/#breadcrumb\"},\"inLanguage\":\"pt-BR\",\"potentialAction\":[{\"@type\":\"ReadAction\",\"target\":[\"http:\/\/salmosbiblicos.com.br\/index.php\/2025\/05\/04\/o-poder-da-gratidao-cultivando-a-felicidade-no-coracao\/\"]}]},{\"@type\":\"BreadcrumbList\",\"@id\":\"http:\/\/salmosbiblicos.com.br\/index.php\/2025\/05\/04\/o-poder-da-gratidao-cultivando-a-felicidade-no-coracao\/#breadcrumb\",\"itemListElement\":[{\"@type\":\"ListItem\",\"position\":1,\"name\":\"Home\",\"item\":\"https:\/\/salmosbiblicos.com.br\/\"},{\"@type\":\"ListItem\",\"position\":2,\"name\":\"O poder da gratid\u00e3o: cultivando a felicidade no cora\u00e7\u00e3o\"}]},{\"@type\":\"WebSite\",\"@id\":\"https:\/\/salmosbiblicos.com.br\/#website\",\"url\":\"https:\/\/salmosbiblicos.com.br\/\",\"name\":\"Salmos B\u00edblicos\",\"description\":\"Uma e-Livraria com e-Books novos para voc\u00ea refletir.\",\"potentialAction\":[{\"@type\":\"SearchAction\",\"target\":{\"@type\":\"EntryPoint\",\"urlTemplate\":\"https:\/\/salmosbiblicos.com.br\/?s={search_term_string}\"},\"query-input\":{\"@type\":\"PropertyValueSpecification\",\"valueRequired\":true,\"valueName\":\"search_term_string\"}}],\"inLanguage\":\"pt-BR\"},{\"@type\":\"Person\",\"@id\":\"https:\/\/salmosbiblicos.com.br\/#\/schema\/person\/760735259ba35f1e44e89c71c72d79da\",\"name\":\"Irmao\",\"image\":{\"@type\":\"ImageObject\",\"inLanguage\":\"pt-BR\",\"@id\":\"https:\/\/secure.gravatar.com\/avatar\/?s=96&d=mm&r=g\",\"url\":\"https:\/\/secure.gravatar.com\/avatar\/?s=96&d=mm&r=g\",\"contentUrl\":\"https:\/\/secure.gravatar.com\/avatar\/?s=96&d=mm&r=g\",\"caption\":\"Irmao\"},\"url\":\"http:\/\/salmosbiblicos.com.br\/index.php\/author\/irmao\/\"}]}<\/script>\n<!-- \/ Yoast SEO plugin. -->","yoast_head_json":{"title":"O poder da gratid\u00e3o: cultivando a felicidade no cora\u00e7\u00e3o - Salmos B\u00edblicos","robots":{"index":"index","follow":"follow","max-snippet":"max-snippet:-1","max-image-preview":"max-image-preview:large","max-video-preview":"max-video-preview:-1"},"canonical":"http:\/\/salmosbiblicos.com.br\/index.php\/2025\/05\/04\/o-poder-da-gratidao-cultivando-a-felicidade-no-coracao\/","og_locale":"pt_BR","og_type":"article","og_title":"O poder da gratid\u00e3o: cultivando a felicidade no cora\u00e7\u00e3o - Salmos B\u00edblicos","og_description":"Hoje, quero compartilhar com voc\u00ea uma reflex\u00e3o sobre a import\u00e2ncia de cultivar a gratid\u00e3o em nossas vidas. Muitas vezes, nos pegamos preocupados com tantos problemas e desafios que enfrentamos diariamente, esquecendo-nos de todas as b\u00ean\u00e7\u00e3os que recebemos. \u00c9 natural que em momentos dif\u00edceis, nossa mente se volte para o que est\u00e1 errado, para o que [&hellip;]","og_url":"http:\/\/salmosbiblicos.com.br\/index.php\/2025\/05\/04\/o-poder-da-gratidao-cultivando-a-felicidade-no-coracao\/","og_site_name":"Salmos B\u00edblicos","article_published_time":"2025-05-04T16:14:35+00:00","author":"Irmao","twitter_card":"summary_large_image","twitter_misc":{"Escrito por":"Irmao","Est. tempo de leitura":"2 minutos"},"schema":{"@context":"https:\/\/schema.org","@graph":[{"@type":"Article","@id":"http:\/\/salmosbiblicos.com.br\/index.php\/2025\/05\/04\/o-poder-da-gratidao-cultivando-a-felicidade-no-coracao\/#article","isPartOf":{"@id":"http:\/\/salmosbiblicos.com.br\/index.php\/2025\/05\/04\/o-poder-da-gratidao-cultivando-a-felicidade-no-coracao\/"},"author":{"name":"Irmao","@id":"https:\/\/salmosbiblicos.com.br\/#\/schema\/person\/760735259ba35f1e44e89c71c72d79da"},"headline":"O poder da gratid\u00e3o: cultivando a felicidade no cora\u00e7\u00e3o","datePublished":"2025-05-04T16:14:35+00:00","mainEntityOfPage":{"@id":"http:\/\/salmosbiblicos.com.br\/index.php\/2025\/05\/04\/o-poder-da-gratidao-cultivando-a-felicidade-no-coracao\/"},"wordCount":451,"articleSection":["Reflex\u00e3o do Dia"],"inLanguage":"pt-BR"},{"@type":"WebPage","@id":"http:\/\/salmosbiblicos.com.br\/index.php\/2025\/05\/04\/o-poder-da-gratidao-cultivando-a-felicidade-no-coracao\/","url":"http:\/\/salmosbiblicos.com.br\/index.php\/2025\/05\/04\/o-poder-da-gratidao-cultivando-a-felicidade-no-coracao\/","name":"O poder da gratid\u00e3o: cultivando a felicidade no cora\u00e7\u00e3o - Salmos B\u00edblicos","isPartOf":{"@id":"https:\/\/salmosbiblicos.com.br\/#website"},"datePublished":"2025-05-04T16:14:35+00:00","author":{"@id":"https:\/\/salmosbiblicos.com.br\/#\/schema\/person\/760735259ba35f1e44e89c71c72d79da"},"breadcrumb":{"@id":"http:\/\/salmosbiblicos.com.br\/index.php\/2025\/05\/04\/o-poder-da-gratidao-cultivando-a-felicidade-no-coracao\/#breadcrumb"},"inLanguage":"pt-BR","potentialAction":[{"@type":"ReadAction","target":["http:\/\/salmosbiblicos.com.br\/index.php\/2025\/05\/04\/o-poder-da-gratidao-cultivando-a-felicidade-no-coracao\/"]}]},{"@type":"BreadcrumbList","@id":"http:\/\/salmosbiblicos.com.br\/index.php\/2025\/05\/04\/o-poder-da-gratidao-cultivando-a-felicidade-no-coracao\/#breadcrumb","itemListElement":[{"@type":"ListItem","position":1,"name":"Home","item":"https:\/\/salmosbiblicos.com.br\/"},{"@type":"ListItem","position":2,"name":"O poder da gratid\u00e3o: cultivando a felicidade no cora\u00e7\u00e3o"}]},{"@type":"WebSite","@id":"https:\/\/salmosbiblicos.com.br\/#website","url":"https:\/\/salmosbiblicos.com.br\/","name":"Salmos B\u00edblicos","description":"Uma e-Livraria com e-Books novos para voc\u00ea refletir.","potentialAction":[{"@type":"SearchAction","target":{"@type":"EntryPoint","urlTemplate":"https:\/\/salmosbiblicos.com.br\/?s={search_term_string}"},"query-input":{"@type":"PropertyValueSpecification","valueRequired":true,"valueName":"search_term_string"}}],"inLanguage":"pt-BR"},{"@type":"Person","@id":"https:\/\/salmosbiblicos.com.br\/#\/schema\/person\/760735259ba35f1e44e89c71c72d79da","name":"Irmao","image":{"@type":"ImageObject","inLanguage":"pt-BR","@id":"https:\/\/secure.gravatar.com\/avatar\/?s=96&d=mm&r=g","url":"https:\/\/secure.gravatar.com\/avatar\/?s=96&d=mm&r=g","contentUrl":"https:\/\/secure.gravatar.com\/avatar\/?s=96&d=mm&r=g","caption":"Irmao"},"url":"http:\/\/salmosbiblicos.com.br\/index.php\/author\/irmao\/"}]}},"_links":{"self":[{"href":"http:\/\/salmosbiblicos.com.br\/index.php\/wp-json\/wp\/v2\/posts\/4767","targetHints":{"allow":["GET"]}}],"collection":[{"href":"http:\/\/salmosbiblicos.com.br\/index.php\/wp-json\/wp\/v2\/posts"}],"about":[{"href":"http:\/\/salmosbiblicos.com.br\/index.php\/wp-json\/wp\/v2\/types\/post"}],"author":[{"embeddable":true,"href":"http:\/\/salmosbiblicos.com.br\/index.php\/wp-json\/wp\/v2\/users\/2"}],"replies":[{"embeddable":true,"href":"http:\/\/salmosbiblicos.com.br\/index.php\/wp-json\/wp\/v2\/comments?post=4767"}],"version-history":[{"count":0,"href":"http:\/\/salmosbiblicos.com.br\/index.php\/wp-json\/wp\/v2\/posts\/4767\/revisions"}],"wp:attachment":[{"href":"http:\/\/salmosbiblicos.com.br\/index.php\/wp-json\/wp\/v2\/media?parent=4767"}],"wp:term":[{"taxonomy":"category","embeddable":true,"href":"http:\/\/salmosbiblicos.com.br\/index.php\/wp-json\/wp\/v2\/categories?post=4767"},{"taxonomy":"post_tag","embeddable":true,"href":"http:\/\/salmosbiblicos.com.br\/index.php\/wp-json\/wp\/v2\/tags?post=4767"}],"curies":[{"name":"wp","href":"https:\/\/api.w.org\/{rel}","templated":true}]}}