{"id":4825,"date":"2025-05-05T19:48:39","date_gmt":"2025-05-05T22:48:39","guid":{"rendered":"https:\/\/salmosbiblicos.com.br\/?p=4825"},"modified":"2025-05-05T19:48:39","modified_gmt":"2025-05-05T22:48:39","slug":"a-importancia-da-gratidao-transformando-o-ordinario-em-extraordinario","status":"publish","type":"post","link":"http:\/\/salmosbiblicos.com.br\/index.php\/2025\/05\/05\/a-importancia-da-gratidao-transformando-o-ordinario-em-extraordinario\/","title":{"rendered":"A import\u00e2ncia da gratid\u00e3o: transformando o ordin\u00e1rio em extraordin\u00e1rio"},"content":{"rendered":"<p>Hoje, quero falar com voc\u00ea sobre a import\u00e2ncia da gratid\u00e3o em nossas vidas. Em meio \u00e0s dificuldades e desafios que enfrentamos diariamente, \u00e9 fundamental cultivarmos um cora\u00e7\u00e3o grato, que reconhece as b\u00ean\u00e7\u00e3os de Deus em todas as circunst\u00e2ncias.<\/p>\n<p>A gratid\u00e3o n\u00e3o se resume apenas a agradecer pelas coisas boas que nos acontecem, mas tamb\u00e9m por tudo aquilo que nos ensina, que nos desafia e que nos faz crescer. Mesmo nos momentos de dor e sofrimento, podemos encontrar motivos para agradecer, pois \u00e9 nessas horas que mais aprendemos e nos fortalecemos espiritualmente.<\/p>\n<p>Quando nos concentramos nas coisas pelas quais somos gratos, nossa perspectiva muda. Passamos a enxergar a vida com mais leveza, sabendo que n\u00e3o estamos sozinhos e que temos um Deus amoroso ao nosso lado, cuidando de n\u00f3s a cada instante.<\/p>\n<p>A gratid\u00e3o nos conecta com o divino, nos fazendo perceber a presen\u00e7a de Deus em todos os aspectos de nossas vidas. Ela nos ajuda a reconhecer que somos amados incondicionalmente, que somos dignos de todas as gra\u00e7as e que somos merecedores de todas as b\u00ean\u00e7\u00e3os que nos s\u00e3o concedidas.<\/p>\n<p>Ao praticarmos a gratid\u00e3o, abrimos espa\u00e7o para a alegria e a paz interior. Deixamos de lado a ansiedade e a preocupa\u00e7\u00e3o, e nos entregamos \u00e0 confian\u00e7a de que tudo acontece no tempo de Deus e que Ele sabe o que \u00e9 melhor para n\u00f3s.<\/p>\n<p>Portanto, querido amigo, n\u00e3o se esque\u00e7a de agradecer todos os dias. Agrade\u00e7a pela vida, pela sa\u00fade, pela fam\u00edlia, pelos amigos, pelo trabalho, pela natureza, pelo sol que brilha e pela chuva que renova. Agrade\u00e7a por cada respira\u00e7\u00e3o, por cada batida do cora\u00e7\u00e3o, por cada experi\u00eancia que o faz crescer.<\/p>\n<p>Que a gratid\u00e3o seja a luz que ilumina seu caminho, a for\u00e7a que impulsiona seus passos e a paz que acalma sua alma. Que ela seja a chave para a felicidade e a porta para a presen\u00e7a de Deus em sua vida.<\/p>\n<p>Lembre-se: a gratid\u00e3o transforma o ordin\u00e1rio em extraordin\u00e1rio, o suficiente em abund\u00e2ncia e a tristeza em alegria. Cultive-a como um tesouro precioso e deixe-a florescer em seu cora\u00e7\u00e3o, tornando sua vida mais plena e significativa.<\/p>\n<p>Que a gratid\u00e3o seja sua companheira fiel, guiando-o pelo caminho da f\u00e9, da esperan\u00e7a e do amor. E que, em cada momento, voc\u00ea possa dizer com sinceridade: obrigado, meu Deus, por tudo que recebo e por tudo que ainda vir\u00e1.<\/p>\n<p>Que a gratid\u00e3o seja a sua ora\u00e7\u00e3o di\u00e1ria, a sua can\u00e7\u00e3o de louvor e a sua fonte de inspira\u00e7\u00e3o. Que ela esteja sempre presente em sua vida, enchendo-a de paz, alegria e amor.<\/p>\n<p>Lembre-se: a gratid\u00e3o transforma o ordin\u00e1rio em extraordin\u00e1rio, o suficiente em abund\u00e2ncia e a tristeza em alegria. Cultive-a como um tesouro precioso e deixe-a florescer em seu cora\u00e7\u00e3o, tornando sua vida mais plena e significativa. Que a gratid\u00e3o seja sua companheira fiel, guiando-o pelo caminho da f\u00e9, da esperan\u00e7a e do amor. E que, em cada momento, voc\u00ea possa dizer com sinceridade: obrigado, meu Deus, por tudo que recebo e por tudo que ainda vir\u00e1.<\/p>\n","protected":false},"excerpt":{"rendered":"<p>Hoje, quero falar com voc\u00ea sobre a import\u00e2ncia da gratid\u00e3o em nossas vidas. Em meio \u00e0s dificuldades e desafios que enfrentamos diariamente, \u00e9 fundamental cultivarmos um cora\u00e7\u00e3o grato, que reconhece as b\u00ean\u00e7\u00e3os de Deus em todas as circunst\u00e2ncias. A gratid\u00e3o n\u00e3o se resume apenas a agradecer pelas coisas boas que nos acontecem, mas tamb\u00e9m por [&hellip;]<\/p>\n","protected":false},"author":2,"featured_media":0,"comment_status":"closed","ping_status":"open","sticky":false,"template":"","format":"standard","meta":{"footnotes":""},"categories":[6],"tags":[],"class_list":["post-4825","post","type-post","status-publish","format-standard","hentry","category-reflexao-do-dia"],"yoast_head":"<!-- This site is optimized with the Yoast SEO plugin v27.2 - https:\/\/yoast.com\/product\/yoast-seo-wordpress\/ -->\n<title>A import\u00e2ncia da gratid\u00e3o: transformando o ordin\u00e1rio em extraordin\u00e1rio - Salmos B\u00edblicos<\/title>\n<meta name=\"robots\" content=\"index, follow, max-snippet:-1, max-image-preview:large, max-video-preview:-1\" \/>\n<link rel=\"canonical\" href=\"https:\/\/salmosbiblicos.com.br\/index.php\/2025\/05\/05\/a-importancia-da-gratidao-transformando-o-ordinario-em-extraordinario\/\" \/>\n<meta property=\"og:locale\" content=\"pt_BR\" \/>\n<meta property=\"og:type\" content=\"article\" \/>\n<meta property=\"og:title\" content=\"A import\u00e2ncia da gratid\u00e3o: transformando o ordin\u00e1rio em extraordin\u00e1rio - Salmos B\u00edblicos\" \/>\n<meta property=\"og:description\" content=\"Hoje, quero falar com voc\u00ea sobre a import\u00e2ncia da gratid\u00e3o em nossas vidas. Em meio \u00e0s dificuldades e desafios que enfrentamos diariamente, \u00e9 fundamental cultivarmos um cora\u00e7\u00e3o grato, que reconhece as b\u00ean\u00e7\u00e3os de Deus em todas as circunst\u00e2ncias. A gratid\u00e3o n\u00e3o se resume apenas a agradecer pelas coisas boas que nos acontecem, mas tamb\u00e9m por [&hellip;]\" \/>\n<meta property=\"og:url\" content=\"https:\/\/salmosbiblicos.com.br\/index.php\/2025\/05\/05\/a-importancia-da-gratidao-transformando-o-ordinario-em-extraordinario\/\" \/>\n<meta property=\"og:site_name\" content=\"Salmos B\u00edblicos\" \/>\n<meta property=\"article:published_time\" content=\"2025-05-05T22:48:39+00:00\" \/>\n<meta name=\"author\" content=\"Irmao\" \/>\n<meta name=\"twitter:card\" content=\"summary_large_image\" \/>\n<meta name=\"twitter:label1\" content=\"Escrito por\" \/>\n\t<meta name=\"twitter:data1\" content=\"Irmao\" \/>\n\t<meta name=\"twitter:label2\" content=\"Est. tempo de leitura\" \/>\n\t<meta name=\"twitter:data2\" content=\"3 minutos\" \/>\n<script type=\"application\/ld+json\" class=\"yoast-schema-graph\">{\"@context\":\"https:\/\/schema.org\",\"@graph\":[{\"@type\":\"Article\",\"@id\":\"https:\/\/salmosbiblicos.com.br\/index.php\/2025\/05\/05\/a-importancia-da-gratidao-transformando-o-ordinario-em-extraordinario\/#article\",\"isPartOf\":{\"@id\":\"https:\/\/salmosbiblicos.com.br\/index.php\/2025\/05\/05\/a-importancia-da-gratidao-transformando-o-ordinario-em-extraordinario\/\"},\"author\":{\"name\":\"Irmao\",\"@id\":\"https:\/\/salmosbiblicos.com.br\/#\/schema\/person\/760735259ba35f1e44e89c71c72d79da\"},\"headline\":\"A import\u00e2ncia da gratid\u00e3o: transformando o ordin\u00e1rio em extraordin\u00e1rio\",\"datePublished\":\"2025-05-05T22:48:39+00:00\",\"mainEntityOfPage\":{\"@id\":\"https:\/\/salmosbiblicos.com.br\/index.php\/2025\/05\/05\/a-importancia-da-gratidao-transformando-o-ordinario-em-extraordinario\/\"},\"wordCount\":560,\"articleSection\":[\"Reflex\u00e3o do Dia\"],\"inLanguage\":\"pt-BR\"},{\"@type\":\"WebPage\",\"@id\":\"https:\/\/salmosbiblicos.com.br\/index.php\/2025\/05\/05\/a-importancia-da-gratidao-transformando-o-ordinario-em-extraordinario\/\",\"url\":\"https:\/\/salmosbiblicos.com.br\/index.php\/2025\/05\/05\/a-importancia-da-gratidao-transformando-o-ordinario-em-extraordinario\/\",\"name\":\"A import\u00e2ncia da gratid\u00e3o: transformando o ordin\u00e1rio em extraordin\u00e1rio - Salmos B\u00edblicos\",\"isPartOf\":{\"@id\":\"https:\/\/salmosbiblicos.com.br\/#website\"},\"datePublished\":\"2025-05-05T22:48:39+00:00\",\"author\":{\"@id\":\"https:\/\/salmosbiblicos.com.br\/#\/schema\/person\/760735259ba35f1e44e89c71c72d79da\"},\"breadcrumb\":{\"@id\":\"https:\/\/salmosbiblicos.com.br\/index.php\/2025\/05\/05\/a-importancia-da-gratidao-transformando-o-ordinario-em-extraordinario\/#breadcrumb\"},\"inLanguage\":\"pt-BR\",\"potentialAction\":[{\"@type\":\"ReadAction\",\"target\":[\"https:\/\/salmosbiblicos.com.br\/index.php\/2025\/05\/05\/a-importancia-da-gratidao-transformando-o-ordinario-em-extraordinario\/\"]}]},{\"@type\":\"BreadcrumbList\",\"@id\":\"https:\/\/salmosbiblicos.com.br\/index.php\/2025\/05\/05\/a-importancia-da-gratidao-transformando-o-ordinario-em-extraordinario\/#breadcrumb\",\"itemListElement\":[{\"@type\":\"ListItem\",\"position\":1,\"name\":\"Home\",\"item\":\"https:\/\/salmosbiblicos.com.br\/\"},{\"@type\":\"ListItem\",\"position\":2,\"name\":\"A import\u00e2ncia da gratid\u00e3o: transformando o ordin\u00e1rio em extraordin\u00e1rio\"}]},{\"@type\":\"WebSite\",\"@id\":\"https:\/\/salmosbiblicos.com.br\/#website\",\"url\":\"https:\/\/salmosbiblicos.com.br\/\",\"name\":\"Salmos B\u00edblicos\",\"description\":\"Uma e-Livraria com e-Books novos para voc\u00ea refletir.\",\"potentialAction\":[{\"@type\":\"SearchAction\",\"target\":{\"@type\":\"EntryPoint\",\"urlTemplate\":\"https:\/\/salmosbiblicos.com.br\/?s={search_term_string}\"},\"query-input\":{\"@type\":\"PropertyValueSpecification\",\"valueRequired\":true,\"valueName\":\"search_term_string\"}}],\"inLanguage\":\"pt-BR\"},{\"@type\":\"Person\",\"@id\":\"https:\/\/salmosbiblicos.com.br\/#\/schema\/person\/760735259ba35f1e44e89c71c72d79da\",\"name\":\"Irmao\",\"image\":{\"@type\":\"ImageObject\",\"inLanguage\":\"pt-BR\",\"@id\":\"https:\/\/secure.gravatar.com\/avatar\/?s=96&d=mm&r=g\",\"url\":\"https:\/\/secure.gravatar.com\/avatar\/?s=96&d=mm&r=g\",\"contentUrl\":\"https:\/\/secure.gravatar.com\/avatar\/?s=96&d=mm&r=g\",\"caption\":\"Irmao\"},\"url\":\"http:\/\/salmosbiblicos.com.br\/index.php\/author\/irmao\/\"}]}<\/script>\n<!-- \/ Yoast SEO plugin. -->","yoast_head_json":{"title":"A import\u00e2ncia da gratid\u00e3o: transformando o ordin\u00e1rio em extraordin\u00e1rio - Salmos B\u00edblicos","robots":{"index":"index","follow":"follow","max-snippet":"max-snippet:-1","max-image-preview":"max-image-preview:large","max-video-preview":"max-video-preview:-1"},"canonical":"https:\/\/salmosbiblicos.com.br\/index.php\/2025\/05\/05\/a-importancia-da-gratidao-transformando-o-ordinario-em-extraordinario\/","og_locale":"pt_BR","og_type":"article","og_title":"A import\u00e2ncia da gratid\u00e3o: transformando o ordin\u00e1rio em extraordin\u00e1rio - Salmos B\u00edblicos","og_description":"Hoje, quero falar com voc\u00ea sobre a import\u00e2ncia da gratid\u00e3o em nossas vidas. Em meio \u00e0s dificuldades e desafios que enfrentamos diariamente, \u00e9 fundamental cultivarmos um cora\u00e7\u00e3o grato, que reconhece as b\u00ean\u00e7\u00e3os de Deus em todas as circunst\u00e2ncias. A gratid\u00e3o n\u00e3o se resume apenas a agradecer pelas coisas boas que nos acontecem, mas tamb\u00e9m por [&hellip;]","og_url":"https:\/\/salmosbiblicos.com.br\/index.php\/2025\/05\/05\/a-importancia-da-gratidao-transformando-o-ordinario-em-extraordinario\/","og_site_name":"Salmos B\u00edblicos","article_published_time":"2025-05-05T22:48:39+00:00","author":"Irmao","twitter_card":"summary_large_image","twitter_misc":{"Escrito por":"Irmao","Est. tempo de leitura":"3 minutos"},"schema":{"@context":"https:\/\/schema.org","@graph":[{"@type":"Article","@id":"https:\/\/salmosbiblicos.com.br\/index.php\/2025\/05\/05\/a-importancia-da-gratidao-transformando-o-ordinario-em-extraordinario\/#article","isPartOf":{"@id":"https:\/\/salmosbiblicos.com.br\/index.php\/2025\/05\/05\/a-importancia-da-gratidao-transformando-o-ordinario-em-extraordinario\/"},"author":{"name":"Irmao","@id":"https:\/\/salmosbiblicos.com.br\/#\/schema\/person\/760735259ba35f1e44e89c71c72d79da"},"headline":"A import\u00e2ncia da gratid\u00e3o: transformando o ordin\u00e1rio em extraordin\u00e1rio","datePublished":"2025-05-05T22:48:39+00:00","mainEntityOfPage":{"@id":"https:\/\/salmosbiblicos.com.br\/index.php\/2025\/05\/05\/a-importancia-da-gratidao-transformando-o-ordinario-em-extraordinario\/"},"wordCount":560,"articleSection":["Reflex\u00e3o do Dia"],"inLanguage":"pt-BR"},{"@type":"WebPage","@id":"https:\/\/salmosbiblicos.com.br\/index.php\/2025\/05\/05\/a-importancia-da-gratidao-transformando-o-ordinario-em-extraordinario\/","url":"https:\/\/salmosbiblicos.com.br\/index.php\/2025\/05\/05\/a-importancia-da-gratidao-transformando-o-ordinario-em-extraordinario\/","name":"A import\u00e2ncia da gratid\u00e3o: transformando o ordin\u00e1rio em extraordin\u00e1rio - Salmos B\u00edblicos","isPartOf":{"@id":"https:\/\/salmosbiblicos.com.br\/#website"},"datePublished":"2025-05-05T22:48:39+00:00","author":{"@id":"https:\/\/salmosbiblicos.com.br\/#\/schema\/person\/760735259ba35f1e44e89c71c72d79da"},"breadcrumb":{"@id":"https:\/\/salmosbiblicos.com.br\/index.php\/2025\/05\/05\/a-importancia-da-gratidao-transformando-o-ordinario-em-extraordinario\/#breadcrumb"},"inLanguage":"pt-BR","potentialAction":[{"@type":"ReadAction","target":["https:\/\/salmosbiblicos.com.br\/index.php\/2025\/05\/05\/a-importancia-da-gratidao-transformando-o-ordinario-em-extraordinario\/"]}]},{"@type":"BreadcrumbList","@id":"https:\/\/salmosbiblicos.com.br\/index.php\/2025\/05\/05\/a-importancia-da-gratidao-transformando-o-ordinario-em-extraordinario\/#breadcrumb","itemListElement":[{"@type":"ListItem","position":1,"name":"Home","item":"https:\/\/salmosbiblicos.com.br\/"},{"@type":"ListItem","position":2,"name":"A import\u00e2ncia da gratid\u00e3o: transformando o ordin\u00e1rio em extraordin\u00e1rio"}]},{"@type":"WebSite","@id":"https:\/\/salmosbiblicos.com.br\/#website","url":"https:\/\/salmosbiblicos.com.br\/","name":"Salmos B\u00edblicos","description":"Uma e-Livraria com e-Books novos para voc\u00ea refletir.","potentialAction":[{"@type":"SearchAction","target":{"@type":"EntryPoint","urlTemplate":"https:\/\/salmosbiblicos.com.br\/?s={search_term_string}"},"query-input":{"@type":"PropertyValueSpecification","valueRequired":true,"valueName":"search_term_string"}}],"inLanguage":"pt-BR"},{"@type":"Person","@id":"https:\/\/salmosbiblicos.com.br\/#\/schema\/person\/760735259ba35f1e44e89c71c72d79da","name":"Irmao","image":{"@type":"ImageObject","inLanguage":"pt-BR","@id":"https:\/\/secure.gravatar.com\/avatar\/?s=96&d=mm&r=g","url":"https:\/\/secure.gravatar.com\/avatar\/?s=96&d=mm&r=g","contentUrl":"https:\/\/secure.gravatar.com\/avatar\/?s=96&d=mm&r=g","caption":"Irmao"},"url":"http:\/\/salmosbiblicos.com.br\/index.php\/author\/irmao\/"}]}},"_links":{"self":[{"href":"http:\/\/salmosbiblicos.com.br\/index.php\/wp-json\/wp\/v2\/posts\/4825","targetHints":{"allow":["GET"]}}],"collection":[{"href":"http:\/\/salmosbiblicos.com.br\/index.php\/wp-json\/wp\/v2\/posts"}],"about":[{"href":"http:\/\/salmosbiblicos.com.br\/index.php\/wp-json\/wp\/v2\/types\/post"}],"author":[{"embeddable":true,"href":"http:\/\/salmosbiblicos.com.br\/index.php\/wp-json\/wp\/v2\/users\/2"}],"replies":[{"embeddable":true,"href":"http:\/\/salmosbiblicos.com.br\/index.php\/wp-json\/wp\/v2\/comments?post=4825"}],"version-history":[{"count":0,"href":"http:\/\/salmosbiblicos.com.br\/index.php\/wp-json\/wp\/v2\/posts\/4825\/revisions"}],"wp:attachment":[{"href":"http:\/\/salmosbiblicos.com.br\/index.php\/wp-json\/wp\/v2\/media?parent=4825"}],"wp:term":[{"taxonomy":"category","embeddable":true,"href":"http:\/\/salmosbiblicos.com.br\/index.php\/wp-json\/wp\/v2\/categories?post=4825"},{"taxonomy":"post_tag","embeddable":true,"href":"http:\/\/salmosbiblicos.com.br\/index.php\/wp-json\/wp\/v2\/tags?post=4825"}],"curies":[{"name":"wp","href":"https:\/\/api.w.org\/{rel}","templated":true}]}}