{"id":4827,"date":"2025-05-05T19:48:46","date_gmt":"2025-05-05T22:48:46","guid":{"rendered":"https:\/\/salmosbiblicos.com.br\/?p=4827"},"modified":"2025-05-05T19:48:46","modified_gmt":"2025-05-05T22:48:46","slug":"reflexoes-sobre-a-paz-interior-encontre-a-serenidade-em-meio-ao-caos","status":"publish","type":"post","link":"http:\/\/salmosbiblicos.com.br\/index.php\/2025\/05\/05\/reflexoes-sobre-a-paz-interior-encontre-a-serenidade-em-meio-ao-caos\/","title":{"rendered":"Reflex\u00f5es sobre a Paz Interior: Encontre a Serenidade em Meio ao Caos."},"content":{"rendered":"<p>Hoje, quero compartilhar com voc\u00ea, querido leitor, uma reflex\u00e3o sobre a import\u00e2ncia de cultivarmos a paz interior em meio \u00e0s turbul\u00eancias da vida. Em um mundo onde o caos parece reinar, \u00e9 fundamental buscarmos a serenidade dentro de n\u00f3s mesmos, como um ref\u00fagio seguro em meio \u00e0 tempestade.<\/p>\n<p>Muitas vezes, somos bombardeados por not\u00edcias ruins, problemas pessoais e desafios inesperados que nos tiram a paz. \u00c9 nessas horas que precisamos nos lembrar de que a paz verdadeira n\u00e3o vem do mundo exterior, mas sim de um lugar mais profundo, um lugar de conex\u00e3o com o divino que habita em cada um de n\u00f3s.<\/p>\n<p>Quando nos permitimos entrar em sintonia com essa paz interior, somos capazes de enfrentar qualquer dificuldade com coragem e determina\u00e7\u00e3o. \u00c9 como se nos torn\u00e1ssemos uma fortaleza inabal\u00e1vel, capaz de resistir a qualquer ventania que tente nos derrubar.<\/p>\n<p>A paz interior n\u00e3o \u00e9 algo que se conquista da noite para o dia, \u00e9 um processo cont\u00ednuo de autoconhecimento, de aceita\u00e7\u00e3o e de perd\u00e3o. \u00c9 preciso aprender a soltar as amarras do passado, as m\u00e1goas e ressentimentos que nos impedem de viver plenamente o presente. \u00c9 preciso tamb\u00e9m aprender a confiar no fluxo da vida, sabendo que tudo o que acontece tem um prop\u00f3sito maior, mesmo que n\u00e3o possamos compreender no momento.<\/p>\n<p>Quando cultivamos a paz interior, somos capazes de irradiar essa energia para o mundo ao nosso redor. Nos tornamos far\u00f3is de luz em meio \u00e0 escurid\u00e3o, inspirando aqueles que est\u00e3o perdidos a encontrarem o caminho de volta para si mesmos. Somos capazes de espalhar amor e compaix\u00e3o por onde passamos, transformando a realidade ao nosso redor.<\/p>\n<p>Por isso, querido leitor, n\u00e3o se deixe levar pelas preocupa\u00e7\u00f5es do dia a dia. Lembre-se de que a paz est\u00e1 dentro de voc\u00ea, esperando para ser descoberta e nutrida. Permita-se entrar em contato com essa fonte inesgot\u00e1vel de amor e tranquilidade, e ver\u00e1 como a vida se torna mais leve e plena.<\/p>\n<p>Que a paz que excede todo entendimento esteja contigo, guiando teus passos e iluminando teu caminho. Lembra-te sempre: a paz come\u00e7a dentro de ti.<\/p>\n","protected":false},"excerpt":{"rendered":"<p>Hoje, quero compartilhar com voc\u00ea, querido leitor, uma reflex\u00e3o sobre a import\u00e2ncia de cultivarmos a paz interior em meio \u00e0s turbul\u00eancias da vida. Em um mundo onde o caos parece reinar, \u00e9 fundamental buscarmos a serenidade dentro de n\u00f3s mesmos, como um ref\u00fagio seguro em meio \u00e0 tempestade. Muitas vezes, somos bombardeados por not\u00edcias ruins, [&hellip;]<\/p>\n","protected":false},"author":2,"featured_media":0,"comment_status":"closed","ping_status":"open","sticky":false,"template":"","format":"standard","meta":{"footnotes":""},"categories":[6],"tags":[],"class_list":["post-4827","post","type-post","status-publish","format-standard","hentry","category-reflexao-do-dia"],"yoast_head":"<!-- This site is optimized with the Yoast SEO plugin v27.2 - https:\/\/yoast.com\/product\/yoast-seo-wordpress\/ -->\n<title>Reflex\u00f5es sobre a Paz Interior: Encontre a Serenidade em Meio ao Caos. - Salmos B\u00edblicos<\/title>\n<meta name=\"robots\" content=\"index, follow, max-snippet:-1, max-image-preview:large, max-video-preview:-1\" \/>\n<link rel=\"canonical\" href=\"http:\/\/salmosbiblicos.com.br\/index.php\/2025\/05\/05\/reflexoes-sobre-a-paz-interior-encontre-a-serenidade-em-meio-ao-caos\/\" \/>\n<meta property=\"og:locale\" content=\"pt_BR\" \/>\n<meta property=\"og:type\" content=\"article\" \/>\n<meta property=\"og:title\" content=\"Reflex\u00f5es sobre a Paz Interior: Encontre a Serenidade em Meio ao Caos. - Salmos B\u00edblicos\" \/>\n<meta property=\"og:description\" content=\"Hoje, quero compartilhar com voc\u00ea, querido leitor, uma reflex\u00e3o sobre a import\u00e2ncia de cultivarmos a paz interior em meio \u00e0s turbul\u00eancias da vida. Em um mundo onde o caos parece reinar, \u00e9 fundamental buscarmos a serenidade dentro de n\u00f3s mesmos, como um ref\u00fagio seguro em meio \u00e0 tempestade. Muitas vezes, somos bombardeados por not\u00edcias ruins, [&hellip;]\" \/>\n<meta property=\"og:url\" content=\"http:\/\/salmosbiblicos.com.br\/index.php\/2025\/05\/05\/reflexoes-sobre-a-paz-interior-encontre-a-serenidade-em-meio-ao-caos\/\" \/>\n<meta property=\"og:site_name\" content=\"Salmos B\u00edblicos\" \/>\n<meta property=\"article:published_time\" content=\"2025-05-05T22:48:46+00:00\" \/>\n<meta name=\"author\" content=\"Irmao\" \/>\n<meta name=\"twitter:card\" content=\"summary_large_image\" \/>\n<meta name=\"twitter:label1\" content=\"Escrito por\" \/>\n\t<meta name=\"twitter:data1\" content=\"Irmao\" \/>\n\t<meta name=\"twitter:label2\" content=\"Est. tempo de leitura\" \/>\n\t<meta name=\"twitter:data2\" content=\"2 minutos\" \/>\n<script type=\"application\/ld+json\" class=\"yoast-schema-graph\">{\"@context\":\"https:\/\/schema.org\",\"@graph\":[{\"@type\":\"Article\",\"@id\":\"http:\/\/salmosbiblicos.com.br\/index.php\/2025\/05\/05\/reflexoes-sobre-a-paz-interior-encontre-a-serenidade-em-meio-ao-caos\/#article\",\"isPartOf\":{\"@id\":\"http:\/\/salmosbiblicos.com.br\/index.php\/2025\/05\/05\/reflexoes-sobre-a-paz-interior-encontre-a-serenidade-em-meio-ao-caos\/\"},\"author\":{\"name\":\"Irmao\",\"@id\":\"https:\/\/salmosbiblicos.com.br\/#\/schema\/person\/760735259ba35f1e44e89c71c72d79da\"},\"headline\":\"Reflex\u00f5es sobre a Paz Interior: Encontre a Serenidade em Meio ao Caos.\",\"datePublished\":\"2025-05-05T22:48:46+00:00\",\"mainEntityOfPage\":{\"@id\":\"http:\/\/salmosbiblicos.com.br\/index.php\/2025\/05\/05\/reflexoes-sobre-a-paz-interior-encontre-a-serenidade-em-meio-ao-caos\/\"},\"wordCount\":378,\"articleSection\":[\"Reflex\u00e3o do Dia\"],\"inLanguage\":\"pt-BR\"},{\"@type\":\"WebPage\",\"@id\":\"http:\/\/salmosbiblicos.com.br\/index.php\/2025\/05\/05\/reflexoes-sobre-a-paz-interior-encontre-a-serenidade-em-meio-ao-caos\/\",\"url\":\"http:\/\/salmosbiblicos.com.br\/index.php\/2025\/05\/05\/reflexoes-sobre-a-paz-interior-encontre-a-serenidade-em-meio-ao-caos\/\",\"name\":\"Reflex\u00f5es sobre a Paz Interior: Encontre a Serenidade em Meio ao Caos. - Salmos B\u00edblicos\",\"isPartOf\":{\"@id\":\"https:\/\/salmosbiblicos.com.br\/#website\"},\"datePublished\":\"2025-05-05T22:48:46+00:00\",\"author\":{\"@id\":\"https:\/\/salmosbiblicos.com.br\/#\/schema\/person\/760735259ba35f1e44e89c71c72d79da\"},\"breadcrumb\":{\"@id\":\"http:\/\/salmosbiblicos.com.br\/index.php\/2025\/05\/05\/reflexoes-sobre-a-paz-interior-encontre-a-serenidade-em-meio-ao-caos\/#breadcrumb\"},\"inLanguage\":\"pt-BR\",\"potentialAction\":[{\"@type\":\"ReadAction\",\"target\":[\"http:\/\/salmosbiblicos.com.br\/index.php\/2025\/05\/05\/reflexoes-sobre-a-paz-interior-encontre-a-serenidade-em-meio-ao-caos\/\"]}]},{\"@type\":\"BreadcrumbList\",\"@id\":\"http:\/\/salmosbiblicos.com.br\/index.php\/2025\/05\/05\/reflexoes-sobre-a-paz-interior-encontre-a-serenidade-em-meio-ao-caos\/#breadcrumb\",\"itemListElement\":[{\"@type\":\"ListItem\",\"position\":1,\"name\":\"Home\",\"item\":\"https:\/\/salmosbiblicos.com.br\/\"},{\"@type\":\"ListItem\",\"position\":2,\"name\":\"Reflex\u00f5es sobre a Paz Interior: Encontre a Serenidade em Meio ao Caos.\"}]},{\"@type\":\"WebSite\",\"@id\":\"https:\/\/salmosbiblicos.com.br\/#website\",\"url\":\"https:\/\/salmosbiblicos.com.br\/\",\"name\":\"Salmos B\u00edblicos\",\"description\":\"Uma e-Livraria com e-Books novos para voc\u00ea refletir.\",\"potentialAction\":[{\"@type\":\"SearchAction\",\"target\":{\"@type\":\"EntryPoint\",\"urlTemplate\":\"https:\/\/salmosbiblicos.com.br\/?s={search_term_string}\"},\"query-input\":{\"@type\":\"PropertyValueSpecification\",\"valueRequired\":true,\"valueName\":\"search_term_string\"}}],\"inLanguage\":\"pt-BR\"},{\"@type\":\"Person\",\"@id\":\"https:\/\/salmosbiblicos.com.br\/#\/schema\/person\/760735259ba35f1e44e89c71c72d79da\",\"name\":\"Irmao\",\"image\":{\"@type\":\"ImageObject\",\"inLanguage\":\"pt-BR\",\"@id\":\"https:\/\/secure.gravatar.com\/avatar\/?s=96&d=mm&r=g\",\"url\":\"https:\/\/secure.gravatar.com\/avatar\/?s=96&d=mm&r=g\",\"contentUrl\":\"https:\/\/secure.gravatar.com\/avatar\/?s=96&d=mm&r=g\",\"caption\":\"Irmao\"},\"url\":\"http:\/\/salmosbiblicos.com.br\/index.php\/author\/irmao\/\"}]}<\/script>\n<!-- \/ Yoast SEO plugin. -->","yoast_head_json":{"title":"Reflex\u00f5es sobre a Paz Interior: Encontre a Serenidade em Meio ao Caos. - Salmos B\u00edblicos","robots":{"index":"index","follow":"follow","max-snippet":"max-snippet:-1","max-image-preview":"max-image-preview:large","max-video-preview":"max-video-preview:-1"},"canonical":"http:\/\/salmosbiblicos.com.br\/index.php\/2025\/05\/05\/reflexoes-sobre-a-paz-interior-encontre-a-serenidade-em-meio-ao-caos\/","og_locale":"pt_BR","og_type":"article","og_title":"Reflex\u00f5es sobre a Paz Interior: Encontre a Serenidade em Meio ao Caos. - Salmos B\u00edblicos","og_description":"Hoje, quero compartilhar com voc\u00ea, querido leitor, uma reflex\u00e3o sobre a import\u00e2ncia de cultivarmos a paz interior em meio \u00e0s turbul\u00eancias da vida. Em um mundo onde o caos parece reinar, \u00e9 fundamental buscarmos a serenidade dentro de n\u00f3s mesmos, como um ref\u00fagio seguro em meio \u00e0 tempestade. Muitas vezes, somos bombardeados por not\u00edcias ruins, [&hellip;]","og_url":"http:\/\/salmosbiblicos.com.br\/index.php\/2025\/05\/05\/reflexoes-sobre-a-paz-interior-encontre-a-serenidade-em-meio-ao-caos\/","og_site_name":"Salmos B\u00edblicos","article_published_time":"2025-05-05T22:48:46+00:00","author":"Irmao","twitter_card":"summary_large_image","twitter_misc":{"Escrito por":"Irmao","Est. tempo de leitura":"2 minutos"},"schema":{"@context":"https:\/\/schema.org","@graph":[{"@type":"Article","@id":"http:\/\/salmosbiblicos.com.br\/index.php\/2025\/05\/05\/reflexoes-sobre-a-paz-interior-encontre-a-serenidade-em-meio-ao-caos\/#article","isPartOf":{"@id":"http:\/\/salmosbiblicos.com.br\/index.php\/2025\/05\/05\/reflexoes-sobre-a-paz-interior-encontre-a-serenidade-em-meio-ao-caos\/"},"author":{"name":"Irmao","@id":"https:\/\/salmosbiblicos.com.br\/#\/schema\/person\/760735259ba35f1e44e89c71c72d79da"},"headline":"Reflex\u00f5es sobre a Paz Interior: Encontre a Serenidade em Meio ao Caos.","datePublished":"2025-05-05T22:48:46+00:00","mainEntityOfPage":{"@id":"http:\/\/salmosbiblicos.com.br\/index.php\/2025\/05\/05\/reflexoes-sobre-a-paz-interior-encontre-a-serenidade-em-meio-ao-caos\/"},"wordCount":378,"articleSection":["Reflex\u00e3o do Dia"],"inLanguage":"pt-BR"},{"@type":"WebPage","@id":"http:\/\/salmosbiblicos.com.br\/index.php\/2025\/05\/05\/reflexoes-sobre-a-paz-interior-encontre-a-serenidade-em-meio-ao-caos\/","url":"http:\/\/salmosbiblicos.com.br\/index.php\/2025\/05\/05\/reflexoes-sobre-a-paz-interior-encontre-a-serenidade-em-meio-ao-caos\/","name":"Reflex\u00f5es sobre a Paz Interior: Encontre a Serenidade em Meio ao Caos. - Salmos B\u00edblicos","isPartOf":{"@id":"https:\/\/salmosbiblicos.com.br\/#website"},"datePublished":"2025-05-05T22:48:46+00:00","author":{"@id":"https:\/\/salmosbiblicos.com.br\/#\/schema\/person\/760735259ba35f1e44e89c71c72d79da"},"breadcrumb":{"@id":"http:\/\/salmosbiblicos.com.br\/index.php\/2025\/05\/05\/reflexoes-sobre-a-paz-interior-encontre-a-serenidade-em-meio-ao-caos\/#breadcrumb"},"inLanguage":"pt-BR","potentialAction":[{"@type":"ReadAction","target":["http:\/\/salmosbiblicos.com.br\/index.php\/2025\/05\/05\/reflexoes-sobre-a-paz-interior-encontre-a-serenidade-em-meio-ao-caos\/"]}]},{"@type":"BreadcrumbList","@id":"http:\/\/salmosbiblicos.com.br\/index.php\/2025\/05\/05\/reflexoes-sobre-a-paz-interior-encontre-a-serenidade-em-meio-ao-caos\/#breadcrumb","itemListElement":[{"@type":"ListItem","position":1,"name":"Home","item":"https:\/\/salmosbiblicos.com.br\/"},{"@type":"ListItem","position":2,"name":"Reflex\u00f5es sobre a Paz Interior: Encontre a Serenidade em Meio ao Caos."}]},{"@type":"WebSite","@id":"https:\/\/salmosbiblicos.com.br\/#website","url":"https:\/\/salmosbiblicos.com.br\/","name":"Salmos B\u00edblicos","description":"Uma e-Livraria com e-Books novos para voc\u00ea refletir.","potentialAction":[{"@type":"SearchAction","target":{"@type":"EntryPoint","urlTemplate":"https:\/\/salmosbiblicos.com.br\/?s={search_term_string}"},"query-input":{"@type":"PropertyValueSpecification","valueRequired":true,"valueName":"search_term_string"}}],"inLanguage":"pt-BR"},{"@type":"Person","@id":"https:\/\/salmosbiblicos.com.br\/#\/schema\/person\/760735259ba35f1e44e89c71c72d79da","name":"Irmao","image":{"@type":"ImageObject","inLanguage":"pt-BR","@id":"https:\/\/secure.gravatar.com\/avatar\/?s=96&d=mm&r=g","url":"https:\/\/secure.gravatar.com\/avatar\/?s=96&d=mm&r=g","contentUrl":"https:\/\/secure.gravatar.com\/avatar\/?s=96&d=mm&r=g","caption":"Irmao"},"url":"http:\/\/salmosbiblicos.com.br\/index.php\/author\/irmao\/"}]}},"_links":{"self":[{"href":"http:\/\/salmosbiblicos.com.br\/index.php\/wp-json\/wp\/v2\/posts\/4827","targetHints":{"allow":["GET"]}}],"collection":[{"href":"http:\/\/salmosbiblicos.com.br\/index.php\/wp-json\/wp\/v2\/posts"}],"about":[{"href":"http:\/\/salmosbiblicos.com.br\/index.php\/wp-json\/wp\/v2\/types\/post"}],"author":[{"embeddable":true,"href":"http:\/\/salmosbiblicos.com.br\/index.php\/wp-json\/wp\/v2\/users\/2"}],"replies":[{"embeddable":true,"href":"http:\/\/salmosbiblicos.com.br\/index.php\/wp-json\/wp\/v2\/comments?post=4827"}],"version-history":[{"count":0,"href":"http:\/\/salmosbiblicos.com.br\/index.php\/wp-json\/wp\/v2\/posts\/4827\/revisions"}],"wp:attachment":[{"href":"http:\/\/salmosbiblicos.com.br\/index.php\/wp-json\/wp\/v2\/media?parent=4827"}],"wp:term":[{"taxonomy":"category","embeddable":true,"href":"http:\/\/salmosbiblicos.com.br\/index.php\/wp-json\/wp\/v2\/categories?post=4827"},{"taxonomy":"post_tag","embeddable":true,"href":"http:\/\/salmosbiblicos.com.br\/index.php\/wp-json\/wp\/v2\/tags?post=4827"}],"curies":[{"name":"wp","href":"https:\/\/api.w.org\/{rel}","templated":true}]}}