{"id":4831,"date":"2025-05-05T19:48:54","date_gmt":"2025-05-05T22:48:54","guid":{"rendered":"https:\/\/salmosbiblicos.com.br\/?p=4831"},"modified":"2025-05-05T19:48:54","modified_gmt":"2025-05-05T22:48:54","slug":"reflexoes-celestiais-a-presenca-divina-em-nosso-cotidiano","status":"publish","type":"post","link":"http:\/\/salmosbiblicos.com.br\/index.php\/2025\/05\/05\/reflexoes-celestiais-a-presenca-divina-em-nosso-cotidiano\/","title":{"rendered":"Reflex\u00f5es Celestiais: A Presen\u00e7a Divina em Nosso Cotidiano"},"content":{"rendered":"<p>Nos c\u00e9us azuis, a paz reflete<br \/>\nA luz divina que nos protege<br \/>\nEm cada estrela, um sinal celeste<br \/>\nDe amor e esperan\u00e7a que nos segue<\/p>\n<p>No sil\u00eancio da noite estrelada<br \/>\nO sussurro do vento nos fala<br \/>\nDa presen\u00e7a divina, sempre ao nosso lado<br \/>\nGuiando nossos passos pela estrada<\/p>\n<p>Na natureza, vemos a obra do Criador<br \/>\nEm cada flor, em cada rio que flui<br \/>\nA beleza que nos enche de fervor<br \/>\nE a certeza de que Ele nos conduz<\/p>\n<p>Que nossa f\u00e9 seja como a brisa suave<br \/>\nQue acalma a alma e traz serenidade<br \/>\nQue nos lembre sempre da verdade<br \/>\nQue em cada instante, Ele nos lave<\/p>\n<p>Com amor e luz, em cada amanhecer<br \/>\nQue a esperan\u00e7a nos guie e nos fa\u00e7a crer.<\/p>\n","protected":false},"excerpt":{"rendered":"<p>Nos c\u00e9us azuis, a paz reflete A luz divina que nos protege Em cada estrela, um sinal celeste De amor e esperan\u00e7a que nos segue No sil\u00eancio da noite estrelada O sussurro do vento nos fala Da presen\u00e7a divina, sempre ao nosso lado Guiando nossos passos pela estrada Na natureza, vemos a obra do Criador [&hellip;]<\/p>\n","protected":false},"author":2,"featured_media":0,"comment_status":"closed","ping_status":"open","sticky":false,"template":"","format":"standard","meta":{"footnotes":""},"categories":[7],"tags":[],"class_list":["post-4831","post","type-post","status-publish","format-standard","hentry","category-estudo-religioso"],"yoast_head":"<!-- This site is optimized with the Yoast SEO plugin v27.2 - https:\/\/yoast.com\/product\/yoast-seo-wordpress\/ -->\n<title>Reflex\u00f5es Celestiais: A Presen\u00e7a Divina em Nosso Cotidiano - Salmos B\u00edblicos<\/title>\n<meta name=\"robots\" content=\"index, follow, max-snippet:-1, max-image-preview:large, max-video-preview:-1\" \/>\n<link rel=\"canonical\" href=\"http:\/\/salmosbiblicos.com.br\/index.php\/2025\/05\/05\/reflexoes-celestiais-a-presenca-divina-em-nosso-cotidiano\/\" \/>\n<meta property=\"og:locale\" content=\"pt_BR\" \/>\n<meta property=\"og:type\" content=\"article\" \/>\n<meta property=\"og:title\" content=\"Reflex\u00f5es Celestiais: A Presen\u00e7a Divina em Nosso Cotidiano - Salmos B\u00edblicos\" \/>\n<meta property=\"og:description\" content=\"Nos c\u00e9us azuis, a paz reflete A luz divina que nos protege Em cada estrela, um sinal celeste De amor e esperan\u00e7a que nos segue No sil\u00eancio da noite estrelada O sussurro do vento nos fala Da presen\u00e7a divina, sempre ao nosso lado Guiando nossos passos pela estrada Na natureza, vemos a obra do Criador [&hellip;]\" \/>\n<meta property=\"og:url\" content=\"http:\/\/salmosbiblicos.com.br\/index.php\/2025\/05\/05\/reflexoes-celestiais-a-presenca-divina-em-nosso-cotidiano\/\" \/>\n<meta property=\"og:site_name\" content=\"Salmos B\u00edblicos\" \/>\n<meta property=\"article:published_time\" content=\"2025-05-05T22:48:54+00:00\" \/>\n<meta name=\"author\" content=\"Irmao\" \/>\n<meta name=\"twitter:card\" content=\"summary_large_image\" \/>\n<meta name=\"twitter:label1\" content=\"Escrito por\" \/>\n\t<meta name=\"twitter:data1\" content=\"Irmao\" \/>\n\t<meta name=\"twitter:label2\" content=\"Est. tempo de leitura\" \/>\n\t<meta name=\"twitter:data2\" content=\"1 minuto\" \/>\n<script type=\"application\/ld+json\" class=\"yoast-schema-graph\">{\"@context\":\"https:\/\/schema.org\",\"@graph\":[{\"@type\":\"Article\",\"@id\":\"http:\/\/salmosbiblicos.com.br\/index.php\/2025\/05\/05\/reflexoes-celestiais-a-presenca-divina-em-nosso-cotidiano\/#article\",\"isPartOf\":{\"@id\":\"http:\/\/salmosbiblicos.com.br\/index.php\/2025\/05\/05\/reflexoes-celestiais-a-presenca-divina-em-nosso-cotidiano\/\"},\"author\":{\"name\":\"Irmao\",\"@id\":\"https:\/\/salmosbiblicos.com.br\/#\/schema\/person\/760735259ba35f1e44e89c71c72d79da\"},\"headline\":\"Reflex\u00f5es Celestiais: A Presen\u00e7a Divina em Nosso Cotidiano\",\"datePublished\":\"2025-05-05T22:48:54+00:00\",\"mainEntityOfPage\":{\"@id\":\"http:\/\/salmosbiblicos.com.br\/index.php\/2025\/05\/05\/reflexoes-celestiais-a-presenca-divina-em-nosso-cotidiano\/\"},\"wordCount\":138,\"articleSection\":[\"Poesias Religiosas\"],\"inLanguage\":\"pt-BR\"},{\"@type\":\"WebPage\",\"@id\":\"http:\/\/salmosbiblicos.com.br\/index.php\/2025\/05\/05\/reflexoes-celestiais-a-presenca-divina-em-nosso-cotidiano\/\",\"url\":\"http:\/\/salmosbiblicos.com.br\/index.php\/2025\/05\/05\/reflexoes-celestiais-a-presenca-divina-em-nosso-cotidiano\/\",\"name\":\"Reflex\u00f5es Celestiais: A Presen\u00e7a Divina em Nosso Cotidiano - Salmos B\u00edblicos\",\"isPartOf\":{\"@id\":\"https:\/\/salmosbiblicos.com.br\/#website\"},\"datePublished\":\"2025-05-05T22:48:54+00:00\",\"author\":{\"@id\":\"https:\/\/salmosbiblicos.com.br\/#\/schema\/person\/760735259ba35f1e44e89c71c72d79da\"},\"breadcrumb\":{\"@id\":\"http:\/\/salmosbiblicos.com.br\/index.php\/2025\/05\/05\/reflexoes-celestiais-a-presenca-divina-em-nosso-cotidiano\/#breadcrumb\"},\"inLanguage\":\"pt-BR\",\"potentialAction\":[{\"@type\":\"ReadAction\",\"target\":[\"http:\/\/salmosbiblicos.com.br\/index.php\/2025\/05\/05\/reflexoes-celestiais-a-presenca-divina-em-nosso-cotidiano\/\"]}]},{\"@type\":\"BreadcrumbList\",\"@id\":\"http:\/\/salmosbiblicos.com.br\/index.php\/2025\/05\/05\/reflexoes-celestiais-a-presenca-divina-em-nosso-cotidiano\/#breadcrumb\",\"itemListElement\":[{\"@type\":\"ListItem\",\"position\":1,\"name\":\"Home\",\"item\":\"https:\/\/salmosbiblicos.com.br\/\"},{\"@type\":\"ListItem\",\"position\":2,\"name\":\"Reflex\u00f5es Celestiais: A Presen\u00e7a Divina em Nosso Cotidiano\"}]},{\"@type\":\"WebSite\",\"@id\":\"https:\/\/salmosbiblicos.com.br\/#website\",\"url\":\"https:\/\/salmosbiblicos.com.br\/\",\"name\":\"Salmos B\u00edblicos\",\"description\":\"Uma e-Livraria com e-Books novos para voc\u00ea refletir.\",\"potentialAction\":[{\"@type\":\"SearchAction\",\"target\":{\"@type\":\"EntryPoint\",\"urlTemplate\":\"https:\/\/salmosbiblicos.com.br\/?s={search_term_string}\"},\"query-input\":{\"@type\":\"PropertyValueSpecification\",\"valueRequired\":true,\"valueName\":\"search_term_string\"}}],\"inLanguage\":\"pt-BR\"},{\"@type\":\"Person\",\"@id\":\"https:\/\/salmosbiblicos.com.br\/#\/schema\/person\/760735259ba35f1e44e89c71c72d79da\",\"name\":\"Irmao\",\"image\":{\"@type\":\"ImageObject\",\"inLanguage\":\"pt-BR\",\"@id\":\"https:\/\/secure.gravatar.com\/avatar\/?s=96&d=mm&r=g\",\"url\":\"https:\/\/secure.gravatar.com\/avatar\/?s=96&d=mm&r=g\",\"contentUrl\":\"https:\/\/secure.gravatar.com\/avatar\/?s=96&d=mm&r=g\",\"caption\":\"Irmao\"},\"url\":\"http:\/\/salmosbiblicos.com.br\/index.php\/author\/irmao\/\"}]}<\/script>\n<!-- \/ Yoast SEO plugin. -->","yoast_head_json":{"title":"Reflex\u00f5es Celestiais: A Presen\u00e7a Divina em Nosso Cotidiano - Salmos B\u00edblicos","robots":{"index":"index","follow":"follow","max-snippet":"max-snippet:-1","max-image-preview":"max-image-preview:large","max-video-preview":"max-video-preview:-1"},"canonical":"http:\/\/salmosbiblicos.com.br\/index.php\/2025\/05\/05\/reflexoes-celestiais-a-presenca-divina-em-nosso-cotidiano\/","og_locale":"pt_BR","og_type":"article","og_title":"Reflex\u00f5es Celestiais: A Presen\u00e7a Divina em Nosso Cotidiano - Salmos B\u00edblicos","og_description":"Nos c\u00e9us azuis, a paz reflete A luz divina que nos protege Em cada estrela, um sinal celeste De amor e esperan\u00e7a que nos segue No sil\u00eancio da noite estrelada O sussurro do vento nos fala Da presen\u00e7a divina, sempre ao nosso lado Guiando nossos passos pela estrada Na natureza, vemos a obra do Criador [&hellip;]","og_url":"http:\/\/salmosbiblicos.com.br\/index.php\/2025\/05\/05\/reflexoes-celestiais-a-presenca-divina-em-nosso-cotidiano\/","og_site_name":"Salmos B\u00edblicos","article_published_time":"2025-05-05T22:48:54+00:00","author":"Irmao","twitter_card":"summary_large_image","twitter_misc":{"Escrito por":"Irmao","Est. tempo de leitura":"1 minuto"},"schema":{"@context":"https:\/\/schema.org","@graph":[{"@type":"Article","@id":"http:\/\/salmosbiblicos.com.br\/index.php\/2025\/05\/05\/reflexoes-celestiais-a-presenca-divina-em-nosso-cotidiano\/#article","isPartOf":{"@id":"http:\/\/salmosbiblicos.com.br\/index.php\/2025\/05\/05\/reflexoes-celestiais-a-presenca-divina-em-nosso-cotidiano\/"},"author":{"name":"Irmao","@id":"https:\/\/salmosbiblicos.com.br\/#\/schema\/person\/760735259ba35f1e44e89c71c72d79da"},"headline":"Reflex\u00f5es Celestiais: A Presen\u00e7a Divina em Nosso Cotidiano","datePublished":"2025-05-05T22:48:54+00:00","mainEntityOfPage":{"@id":"http:\/\/salmosbiblicos.com.br\/index.php\/2025\/05\/05\/reflexoes-celestiais-a-presenca-divina-em-nosso-cotidiano\/"},"wordCount":138,"articleSection":["Poesias Religiosas"],"inLanguage":"pt-BR"},{"@type":"WebPage","@id":"http:\/\/salmosbiblicos.com.br\/index.php\/2025\/05\/05\/reflexoes-celestiais-a-presenca-divina-em-nosso-cotidiano\/","url":"http:\/\/salmosbiblicos.com.br\/index.php\/2025\/05\/05\/reflexoes-celestiais-a-presenca-divina-em-nosso-cotidiano\/","name":"Reflex\u00f5es Celestiais: A Presen\u00e7a Divina em Nosso Cotidiano - Salmos B\u00edblicos","isPartOf":{"@id":"https:\/\/salmosbiblicos.com.br\/#website"},"datePublished":"2025-05-05T22:48:54+00:00","author":{"@id":"https:\/\/salmosbiblicos.com.br\/#\/schema\/person\/760735259ba35f1e44e89c71c72d79da"},"breadcrumb":{"@id":"http:\/\/salmosbiblicos.com.br\/index.php\/2025\/05\/05\/reflexoes-celestiais-a-presenca-divina-em-nosso-cotidiano\/#breadcrumb"},"inLanguage":"pt-BR","potentialAction":[{"@type":"ReadAction","target":["http:\/\/salmosbiblicos.com.br\/index.php\/2025\/05\/05\/reflexoes-celestiais-a-presenca-divina-em-nosso-cotidiano\/"]}]},{"@type":"BreadcrumbList","@id":"http:\/\/salmosbiblicos.com.br\/index.php\/2025\/05\/05\/reflexoes-celestiais-a-presenca-divina-em-nosso-cotidiano\/#breadcrumb","itemListElement":[{"@type":"ListItem","position":1,"name":"Home","item":"https:\/\/salmosbiblicos.com.br\/"},{"@type":"ListItem","position":2,"name":"Reflex\u00f5es Celestiais: A Presen\u00e7a Divina em Nosso Cotidiano"}]},{"@type":"WebSite","@id":"https:\/\/salmosbiblicos.com.br\/#website","url":"https:\/\/salmosbiblicos.com.br\/","name":"Salmos B\u00edblicos","description":"Uma e-Livraria com e-Books novos para voc\u00ea refletir.","potentialAction":[{"@type":"SearchAction","target":{"@type":"EntryPoint","urlTemplate":"https:\/\/salmosbiblicos.com.br\/?s={search_term_string}"},"query-input":{"@type":"PropertyValueSpecification","valueRequired":true,"valueName":"search_term_string"}}],"inLanguage":"pt-BR"},{"@type":"Person","@id":"https:\/\/salmosbiblicos.com.br\/#\/schema\/person\/760735259ba35f1e44e89c71c72d79da","name":"Irmao","image":{"@type":"ImageObject","inLanguage":"pt-BR","@id":"https:\/\/secure.gravatar.com\/avatar\/?s=96&d=mm&r=g","url":"https:\/\/secure.gravatar.com\/avatar\/?s=96&d=mm&r=g","contentUrl":"https:\/\/secure.gravatar.com\/avatar\/?s=96&d=mm&r=g","caption":"Irmao"},"url":"http:\/\/salmosbiblicos.com.br\/index.php\/author\/irmao\/"}]}},"_links":{"self":[{"href":"http:\/\/salmosbiblicos.com.br\/index.php\/wp-json\/wp\/v2\/posts\/4831","targetHints":{"allow":["GET"]}}],"collection":[{"href":"http:\/\/salmosbiblicos.com.br\/index.php\/wp-json\/wp\/v2\/posts"}],"about":[{"href":"http:\/\/salmosbiblicos.com.br\/index.php\/wp-json\/wp\/v2\/types\/post"}],"author":[{"embeddable":true,"href":"http:\/\/salmosbiblicos.com.br\/index.php\/wp-json\/wp\/v2\/users\/2"}],"replies":[{"embeddable":true,"href":"http:\/\/salmosbiblicos.com.br\/index.php\/wp-json\/wp\/v2\/comments?post=4831"}],"version-history":[{"count":0,"href":"http:\/\/salmosbiblicos.com.br\/index.php\/wp-json\/wp\/v2\/posts\/4831\/revisions"}],"wp:attachment":[{"href":"http:\/\/salmosbiblicos.com.br\/index.php\/wp-json\/wp\/v2\/media?parent=4831"}],"wp:term":[{"taxonomy":"category","embeddable":true,"href":"http:\/\/salmosbiblicos.com.br\/index.php\/wp-json\/wp\/v2\/categories?post=4831"},{"taxonomy":"post_tag","embeddable":true,"href":"http:\/\/salmosbiblicos.com.br\/index.php\/wp-json\/wp\/v2\/tags?post=4831"}],"curies":[{"name":"wp","href":"https:\/\/api.w.org\/{rel}","templated":true}]}}