{"id":4851,"date":"2025-05-05T19:49:56","date_gmt":"2025-05-05T22:49:56","guid":{"rendered":"https:\/\/salmosbiblicos.com.br\/?p=4851"},"modified":"2025-05-05T19:49:56","modified_gmt":"2025-05-05T22:49:56","slug":"reflexoes-de-pascoa-renovacao-esperanca-e-transformacao","status":"publish","type":"post","link":"http:\/\/salmosbiblicos.com.br\/index.php\/2025\/05\/05\/reflexoes-de-pascoa-renovacao-esperanca-e-transformacao\/","title":{"rendered":"Reflex\u00f5es de P\u00e1scoa: Renova\u00e7\u00e3o, Esperan\u00e7a e Transforma\u00e7\u00e3o."},"content":{"rendered":"<p>Uma das datas mais simb\u00f3licas do calend\u00e1rio religioso Cat\u00f3lico \u00e9 a P\u00e1scoa, que celebra a ressurrei\u00e7\u00e3o de Jesus Cristo. A P\u00e1scoa \u00e9 comemorada no primeiro domingo ap\u00f3s a lua cheia que ocorre no equin\u00f3cio da primavera no hemisf\u00e9rio norte, o que geralmente acontece entre os dias 22 de mar\u00e7o e 25 de abril.<\/p>\n<p>A origem da P\u00e1scoa remonta \u00e0 tradi\u00e7\u00e3o judaica da celebra\u00e7\u00e3o da P\u00e1scoa, que comemora a liberta\u00e7\u00e3o do povo hebreu da escravid\u00e3o no Egito. No entanto, para os crist\u00e3os, a P\u00e1scoa adquire um significado ainda mais profundo, pois representa a vit\u00f3ria de Jesus sobre a morte e o pecado, oferecendo a todos a promessa da vida eterna.<\/p>\n<p>O simbolismo da P\u00e1scoa \u00e9 marcado pela ressurrei\u00e7\u00e3o de Jesus Cristo, que representa a esperan\u00e7a, a renova\u00e7\u00e3o e a transforma\u00e7\u00e3o. \u00c9 um momento de reflex\u00e3o sobre a import\u00e2ncia da f\u00e9, do perd\u00e3o e do amor incondicional que Jesus demonstrou por toda a humanidade ao sacrificar sua vida na cruz.<\/p>\n<p>A P\u00e1scoa nos convida a refletir sobre a nossa pr\u00f3pria jornada espiritual, a morte e ressurrei\u00e7\u00e3o de Cristo nos lembram que, assim como Ele venceu a morte, tamb\u00e9m podemos vencer os desafios e dificuldades que encontramos em nosso caminho. \u00c9 um momento de renovar nossa f\u00e9, de perdoar aqueles que nos magoaram e de estender a m\u00e3o aos que precisam de ajuda.<\/p>\n<p>Neste per\u00edodo de P\u00e1scoa, convido voc\u00ea a refletir sobre o verdadeiro significado desta data e a se abrir para a transforma\u00e7\u00e3o que a ressurrei\u00e7\u00e3o de Jesus pode trazer para a sua vida. Que possamos aprender com o exemplo de amor e compaix\u00e3o de Cristo e buscar viver de acordo com os seus ensinamentos, espalhando a luz e a esperan\u00e7a para aqueles ao nosso redor.<\/p>\n<p>Que a P\u00e1scoa seja um momento de renova\u00e7\u00e3o espiritual, de perd\u00e3o e de amor, que possamos nos conectar com a ess\u00eancia divina que habita em cada um de n\u00f3s e nos guiar no nosso caminho de evolu\u00e7\u00e3o espiritual. Que a ressurrei\u00e7\u00e3o de Jesus nos inspire a sermos melhores, a amarmos mais e a vivermos em paz e harmonia com o pr\u00f3ximo.<\/p>\n<p>Que a luz da P\u00e1scoa brilhe em nossos cora\u00e7\u00f5es e nos guie no caminho da felicidade e da paz. Que possamos ser portadores da esperan\u00e7a e do amor de Cristo para todos que cruzarem o nosso caminho.<\/p>\n<p>Feliz P\u00e1scoa! Que a ressurrei\u00e7\u00e3o de Jesus Cristo renove a nossa f\u00e9 e nos inspire a viver de acordo com os seus ensinamentos.<\/p>\n","protected":false},"excerpt":{"rendered":"<p>Uma das datas mais simb\u00f3licas do calend\u00e1rio religioso Cat\u00f3lico \u00e9 a P\u00e1scoa, que celebra a ressurrei\u00e7\u00e3o de Jesus Cristo. A P\u00e1scoa \u00e9 comemorada no primeiro domingo ap\u00f3s a lua cheia que ocorre no equin\u00f3cio da primavera no hemisf\u00e9rio norte, o que geralmente acontece entre os dias 22 de mar\u00e7o e 25 de abril. A origem [&hellip;]<\/p>\n","protected":false},"author":2,"featured_media":0,"comment_status":"closed","ping_status":"open","sticky":false,"template":"","format":"standard","meta":{"footnotes":""},"categories":[9],"tags":[],"class_list":["post-4851","post","type-post","status-publish","format-standard","hentry","category-data-religiosa"],"yoast_head":"<!-- This site is optimized with the Yoast SEO plugin v27.2 - https:\/\/yoast.com\/product\/yoast-seo-wordpress\/ -->\n<title>Reflex\u00f5es de P\u00e1scoa: Renova\u00e7\u00e3o, Esperan\u00e7a e Transforma\u00e7\u00e3o. - Salmos B\u00edblicos<\/title>\n<meta name=\"robots\" content=\"index, follow, max-snippet:-1, max-image-preview:large, max-video-preview:-1\" \/>\n<link rel=\"canonical\" href=\"https:\/\/salmosbiblicos.com.br\/index.php\/2025\/05\/05\/reflexoes-de-pascoa-renovacao-esperanca-e-transformacao\/\" \/>\n<meta property=\"og:locale\" content=\"pt_BR\" \/>\n<meta property=\"og:type\" content=\"article\" \/>\n<meta property=\"og:title\" content=\"Reflex\u00f5es de P\u00e1scoa: Renova\u00e7\u00e3o, Esperan\u00e7a e Transforma\u00e7\u00e3o. - Salmos B\u00edblicos\" \/>\n<meta property=\"og:description\" content=\"Uma das datas mais simb\u00f3licas do calend\u00e1rio religioso Cat\u00f3lico \u00e9 a P\u00e1scoa, que celebra a ressurrei\u00e7\u00e3o de Jesus Cristo. A P\u00e1scoa \u00e9 comemorada no primeiro domingo ap\u00f3s a lua cheia que ocorre no equin\u00f3cio da primavera no hemisf\u00e9rio norte, o que geralmente acontece entre os dias 22 de mar\u00e7o e 25 de abril. A origem [&hellip;]\" \/>\n<meta property=\"og:url\" content=\"https:\/\/salmosbiblicos.com.br\/index.php\/2025\/05\/05\/reflexoes-de-pascoa-renovacao-esperanca-e-transformacao\/\" \/>\n<meta property=\"og:site_name\" content=\"Salmos B\u00edblicos\" \/>\n<meta property=\"article:published_time\" content=\"2025-05-05T22:49:56+00:00\" \/>\n<meta name=\"author\" content=\"Irmao\" \/>\n<meta name=\"twitter:card\" content=\"summary_large_image\" \/>\n<meta name=\"twitter:label1\" content=\"Escrito por\" \/>\n\t<meta name=\"twitter:data1\" content=\"Irmao\" \/>\n\t<meta name=\"twitter:label2\" content=\"Est. tempo de leitura\" \/>\n\t<meta name=\"twitter:data2\" content=\"2 minutos\" \/>\n<script type=\"application\/ld+json\" class=\"yoast-schema-graph\">{\"@context\":\"https:\/\/schema.org\",\"@graph\":[{\"@type\":\"Article\",\"@id\":\"https:\/\/salmosbiblicos.com.br\/index.php\/2025\/05\/05\/reflexoes-de-pascoa-renovacao-esperanca-e-transformacao\/#article\",\"isPartOf\":{\"@id\":\"https:\/\/salmosbiblicos.com.br\/index.php\/2025\/05\/05\/reflexoes-de-pascoa-renovacao-esperanca-e-transformacao\/\"},\"author\":{\"name\":\"Irmao\",\"@id\":\"https:\/\/salmosbiblicos.com.br\/#\/schema\/person\/760735259ba35f1e44e89c71c72d79da\"},\"headline\":\"Reflex\u00f5es de P\u00e1scoa: Renova\u00e7\u00e3o, Esperan\u00e7a e Transforma\u00e7\u00e3o.\",\"datePublished\":\"2025-05-05T22:49:56+00:00\",\"mainEntityOfPage\":{\"@id\":\"https:\/\/salmosbiblicos.com.br\/index.php\/2025\/05\/05\/reflexoes-de-pascoa-renovacao-esperanca-e-transformacao\/\"},\"wordCount\":460,\"articleSection\":[\"Data Religiosa\"],\"inLanguage\":\"pt-BR\"},{\"@type\":\"WebPage\",\"@id\":\"https:\/\/salmosbiblicos.com.br\/index.php\/2025\/05\/05\/reflexoes-de-pascoa-renovacao-esperanca-e-transformacao\/\",\"url\":\"https:\/\/salmosbiblicos.com.br\/index.php\/2025\/05\/05\/reflexoes-de-pascoa-renovacao-esperanca-e-transformacao\/\",\"name\":\"Reflex\u00f5es de P\u00e1scoa: Renova\u00e7\u00e3o, Esperan\u00e7a e Transforma\u00e7\u00e3o. - Salmos B\u00edblicos\",\"isPartOf\":{\"@id\":\"https:\/\/salmosbiblicos.com.br\/#website\"},\"datePublished\":\"2025-05-05T22:49:56+00:00\",\"author\":{\"@id\":\"https:\/\/salmosbiblicos.com.br\/#\/schema\/person\/760735259ba35f1e44e89c71c72d79da\"},\"breadcrumb\":{\"@id\":\"https:\/\/salmosbiblicos.com.br\/index.php\/2025\/05\/05\/reflexoes-de-pascoa-renovacao-esperanca-e-transformacao\/#breadcrumb\"},\"inLanguage\":\"pt-BR\",\"potentialAction\":[{\"@type\":\"ReadAction\",\"target\":[\"https:\/\/salmosbiblicos.com.br\/index.php\/2025\/05\/05\/reflexoes-de-pascoa-renovacao-esperanca-e-transformacao\/\"]}]},{\"@type\":\"BreadcrumbList\",\"@id\":\"https:\/\/salmosbiblicos.com.br\/index.php\/2025\/05\/05\/reflexoes-de-pascoa-renovacao-esperanca-e-transformacao\/#breadcrumb\",\"itemListElement\":[{\"@type\":\"ListItem\",\"position\":1,\"name\":\"Home\",\"item\":\"https:\/\/salmosbiblicos.com.br\/\"},{\"@type\":\"ListItem\",\"position\":2,\"name\":\"Reflex\u00f5es de P\u00e1scoa: Renova\u00e7\u00e3o, Esperan\u00e7a e Transforma\u00e7\u00e3o.\"}]},{\"@type\":\"WebSite\",\"@id\":\"https:\/\/salmosbiblicos.com.br\/#website\",\"url\":\"https:\/\/salmosbiblicos.com.br\/\",\"name\":\"Salmos B\u00edblicos\",\"description\":\"Uma e-Livraria com e-Books novos para voc\u00ea refletir.\",\"potentialAction\":[{\"@type\":\"SearchAction\",\"target\":{\"@type\":\"EntryPoint\",\"urlTemplate\":\"https:\/\/salmosbiblicos.com.br\/?s={search_term_string}\"},\"query-input\":{\"@type\":\"PropertyValueSpecification\",\"valueRequired\":true,\"valueName\":\"search_term_string\"}}],\"inLanguage\":\"pt-BR\"},{\"@type\":\"Person\",\"@id\":\"https:\/\/salmosbiblicos.com.br\/#\/schema\/person\/760735259ba35f1e44e89c71c72d79da\",\"name\":\"Irmao\",\"image\":{\"@type\":\"ImageObject\",\"inLanguage\":\"pt-BR\",\"@id\":\"https:\/\/secure.gravatar.com\/avatar\/?s=96&d=mm&r=g\",\"url\":\"https:\/\/secure.gravatar.com\/avatar\/?s=96&d=mm&r=g\",\"contentUrl\":\"https:\/\/secure.gravatar.com\/avatar\/?s=96&d=mm&r=g\",\"caption\":\"Irmao\"},\"url\":\"http:\/\/salmosbiblicos.com.br\/index.php\/author\/irmao\/\"}]}<\/script>\n<!-- \/ Yoast SEO plugin. -->","yoast_head_json":{"title":"Reflex\u00f5es de P\u00e1scoa: Renova\u00e7\u00e3o, Esperan\u00e7a e Transforma\u00e7\u00e3o. - Salmos B\u00edblicos","robots":{"index":"index","follow":"follow","max-snippet":"max-snippet:-1","max-image-preview":"max-image-preview:large","max-video-preview":"max-video-preview:-1"},"canonical":"https:\/\/salmosbiblicos.com.br\/index.php\/2025\/05\/05\/reflexoes-de-pascoa-renovacao-esperanca-e-transformacao\/","og_locale":"pt_BR","og_type":"article","og_title":"Reflex\u00f5es de P\u00e1scoa: Renova\u00e7\u00e3o, Esperan\u00e7a e Transforma\u00e7\u00e3o. - Salmos B\u00edblicos","og_description":"Uma das datas mais simb\u00f3licas do calend\u00e1rio religioso Cat\u00f3lico \u00e9 a P\u00e1scoa, que celebra a ressurrei\u00e7\u00e3o de Jesus Cristo. A P\u00e1scoa \u00e9 comemorada no primeiro domingo ap\u00f3s a lua cheia que ocorre no equin\u00f3cio da primavera no hemisf\u00e9rio norte, o que geralmente acontece entre os dias 22 de mar\u00e7o e 25 de abril. A origem [&hellip;]","og_url":"https:\/\/salmosbiblicos.com.br\/index.php\/2025\/05\/05\/reflexoes-de-pascoa-renovacao-esperanca-e-transformacao\/","og_site_name":"Salmos B\u00edblicos","article_published_time":"2025-05-05T22:49:56+00:00","author":"Irmao","twitter_card":"summary_large_image","twitter_misc":{"Escrito por":"Irmao","Est. tempo de leitura":"2 minutos"},"schema":{"@context":"https:\/\/schema.org","@graph":[{"@type":"Article","@id":"https:\/\/salmosbiblicos.com.br\/index.php\/2025\/05\/05\/reflexoes-de-pascoa-renovacao-esperanca-e-transformacao\/#article","isPartOf":{"@id":"https:\/\/salmosbiblicos.com.br\/index.php\/2025\/05\/05\/reflexoes-de-pascoa-renovacao-esperanca-e-transformacao\/"},"author":{"name":"Irmao","@id":"https:\/\/salmosbiblicos.com.br\/#\/schema\/person\/760735259ba35f1e44e89c71c72d79da"},"headline":"Reflex\u00f5es de P\u00e1scoa: Renova\u00e7\u00e3o, Esperan\u00e7a e Transforma\u00e7\u00e3o.","datePublished":"2025-05-05T22:49:56+00:00","mainEntityOfPage":{"@id":"https:\/\/salmosbiblicos.com.br\/index.php\/2025\/05\/05\/reflexoes-de-pascoa-renovacao-esperanca-e-transformacao\/"},"wordCount":460,"articleSection":["Data Religiosa"],"inLanguage":"pt-BR"},{"@type":"WebPage","@id":"https:\/\/salmosbiblicos.com.br\/index.php\/2025\/05\/05\/reflexoes-de-pascoa-renovacao-esperanca-e-transformacao\/","url":"https:\/\/salmosbiblicos.com.br\/index.php\/2025\/05\/05\/reflexoes-de-pascoa-renovacao-esperanca-e-transformacao\/","name":"Reflex\u00f5es de P\u00e1scoa: Renova\u00e7\u00e3o, Esperan\u00e7a e Transforma\u00e7\u00e3o. - Salmos B\u00edblicos","isPartOf":{"@id":"https:\/\/salmosbiblicos.com.br\/#website"},"datePublished":"2025-05-05T22:49:56+00:00","author":{"@id":"https:\/\/salmosbiblicos.com.br\/#\/schema\/person\/760735259ba35f1e44e89c71c72d79da"},"breadcrumb":{"@id":"https:\/\/salmosbiblicos.com.br\/index.php\/2025\/05\/05\/reflexoes-de-pascoa-renovacao-esperanca-e-transformacao\/#breadcrumb"},"inLanguage":"pt-BR","potentialAction":[{"@type":"ReadAction","target":["https:\/\/salmosbiblicos.com.br\/index.php\/2025\/05\/05\/reflexoes-de-pascoa-renovacao-esperanca-e-transformacao\/"]}]},{"@type":"BreadcrumbList","@id":"https:\/\/salmosbiblicos.com.br\/index.php\/2025\/05\/05\/reflexoes-de-pascoa-renovacao-esperanca-e-transformacao\/#breadcrumb","itemListElement":[{"@type":"ListItem","position":1,"name":"Home","item":"https:\/\/salmosbiblicos.com.br\/"},{"@type":"ListItem","position":2,"name":"Reflex\u00f5es de P\u00e1scoa: Renova\u00e7\u00e3o, Esperan\u00e7a e Transforma\u00e7\u00e3o."}]},{"@type":"WebSite","@id":"https:\/\/salmosbiblicos.com.br\/#website","url":"https:\/\/salmosbiblicos.com.br\/","name":"Salmos B\u00edblicos","description":"Uma e-Livraria com e-Books novos para voc\u00ea refletir.","potentialAction":[{"@type":"SearchAction","target":{"@type":"EntryPoint","urlTemplate":"https:\/\/salmosbiblicos.com.br\/?s={search_term_string}"},"query-input":{"@type":"PropertyValueSpecification","valueRequired":true,"valueName":"search_term_string"}}],"inLanguage":"pt-BR"},{"@type":"Person","@id":"https:\/\/salmosbiblicos.com.br\/#\/schema\/person\/760735259ba35f1e44e89c71c72d79da","name":"Irmao","image":{"@type":"ImageObject","inLanguage":"pt-BR","@id":"https:\/\/secure.gravatar.com\/avatar\/?s=96&d=mm&r=g","url":"https:\/\/secure.gravatar.com\/avatar\/?s=96&d=mm&r=g","contentUrl":"https:\/\/secure.gravatar.com\/avatar\/?s=96&d=mm&r=g","caption":"Irmao"},"url":"http:\/\/salmosbiblicos.com.br\/index.php\/author\/irmao\/"}]}},"_links":{"self":[{"href":"http:\/\/salmosbiblicos.com.br\/index.php\/wp-json\/wp\/v2\/posts\/4851","targetHints":{"allow":["GET"]}}],"collection":[{"href":"http:\/\/salmosbiblicos.com.br\/index.php\/wp-json\/wp\/v2\/posts"}],"about":[{"href":"http:\/\/salmosbiblicos.com.br\/index.php\/wp-json\/wp\/v2\/types\/post"}],"author":[{"embeddable":true,"href":"http:\/\/salmosbiblicos.com.br\/index.php\/wp-json\/wp\/v2\/users\/2"}],"replies":[{"embeddable":true,"href":"http:\/\/salmosbiblicos.com.br\/index.php\/wp-json\/wp\/v2\/comments?post=4851"}],"version-history":[{"count":0,"href":"http:\/\/salmosbiblicos.com.br\/index.php\/wp-json\/wp\/v2\/posts\/4851\/revisions"}],"wp:attachment":[{"href":"http:\/\/salmosbiblicos.com.br\/index.php\/wp-json\/wp\/v2\/media?parent=4851"}],"wp:term":[{"taxonomy":"category","embeddable":true,"href":"http:\/\/salmosbiblicos.com.br\/index.php\/wp-json\/wp\/v2\/categories?post=4851"},{"taxonomy":"post_tag","embeddable":true,"href":"http:\/\/salmosbiblicos.com.br\/index.php\/wp-json\/wp\/v2\/tags?post=4851"}],"curies":[{"name":"wp","href":"https:\/\/api.w.org\/{rel}","templated":true}]}}