{"id":4859,"date":"2025-05-05T19:50:32","date_gmt":"2025-05-05T22:50:32","guid":{"rendered":"https:\/\/salmosbiblicos.com.br\/?p=4859"},"modified":"2025-05-05T19:50:32","modified_gmt":"2025-05-05T22:50:32","slug":"floresca-na-fe-um-jardim-de-bencaos-e-conexao-com-deus","status":"publish","type":"post","link":"http:\/\/salmosbiblicos.com.br\/index.php\/2025\/05\/05\/floresca-na-fe-um-jardim-de-bencaos-e-conexao-com-deus\/","title":{"rendered":"Flores\u00e7a na F\u00e9: Um Jardim de B\u00ean\u00e7\u00e3os e Conex\u00e3o com Deus"},"content":{"rendered":"<p>Hoje, quero te convidar a fazer uma pausa em meio \u00e0 correria do dia a dia e buscar um momento de paz e conex\u00e3o com Deus. Imagine-se em um jardim tranquilo, onde as flores desabrocham suavemente e o vento sopra suavemente, trazendo consigo a presen\u00e7a divina.<\/p>\n<p>Neste jardim, cada flor representa uma b\u00ean\u00e7\u00e3o que Deus derrama sobre sua vida. A flor da gratid\u00e3o, a flor da esperan\u00e7a, a flor da f\u00e9. Observe cada uma delas e permita-se sentir a presen\u00e7a do sagrado em cada detalhe.<\/p>\n<p>Enquanto caminha por este jardim, reflita sobre as b\u00ean\u00e7\u00e3os que tem recebido em sua vida. Lembre-se dos momentos em que Deus esteve ao seu lado, guiando seus passos e sustentando sua f\u00e9. Deixe que a gratid\u00e3o transborde de seu cora\u00e7\u00e3o e se transforme em ora\u00e7\u00e3o, agradecendo por tudo o que Ele tem feito por voc\u00ea.<\/p>\n<p>Assim como as flores precisam de cuidado e aten\u00e7\u00e3o para florescer, nossa conex\u00e3o com Deus tamb\u00e9m necessita de dedica\u00e7\u00e3o e const\u00e2ncia. Cultive sua rela\u00e7\u00e3o com o divino, regando-a com a leitura da Palavra, a ora\u00e7\u00e3o e a comunh\u00e3o com seus irm\u00e3os na f\u00e9. Permita que sua f\u00e9 cres\u00e7a como as flores neste jardim, desabrochando em beleza e fragr\u00e2ncia.<\/p>\n<p>Lembre-se de que, assim como as esta\u00e7\u00f5es do ano trazem mudan\u00e7as ao jardim, tamb\u00e9m passamos por diferentes fases em nossa vida espiritual. Em meio \u00e0s tempestades e aos dias ensolarados, confie que Deus est\u00e1 no controle de todas as coisas e que Ele jamais nos abandona.<\/p>\n<p>Que este momento de paz e conex\u00e3o com Deus renove suas for\u00e7as e traga consolo ao seu cora\u00e7\u00e3o. Saiba que Ele est\u00e1 sempre ao seu lado, pronto para ouvir suas ora\u00e7\u00f5es e guiar seus passos. Confie Nele e encontre a paz que excede todo entendimento.<\/p>\n<p>Lembre-se: &#8220;O Senhor \u00e9 o meu pastor; nada me faltar\u00e1&#8221; (Salmos 23:1). Que esta verdade te fortale\u00e7a e te sustente em todos os momentos de sua vida. Am\u00e9m.<\/p>\n","protected":false},"excerpt":{"rendered":"<p>Hoje, quero te convidar a fazer uma pausa em meio \u00e0 correria do dia a dia e buscar um momento de paz e conex\u00e3o com Deus. Imagine-se em um jardim tranquilo, onde as flores desabrocham suavemente e o vento sopra suavemente, trazendo consigo a presen\u00e7a divina. Neste jardim, cada flor representa uma b\u00ean\u00e7\u00e3o que Deus [&hellip;]<\/p>\n","protected":false},"author":2,"featured_media":0,"comment_status":"closed","ping_status":"open","sticky":false,"template":"","format":"standard","meta":{"footnotes":""},"categories":[10],"tags":[],"class_list":["post-4859","post","type-post","status-publish","format-standard","hentry","category-devocional"],"yoast_head":"<!-- This site is optimized with the Yoast SEO plugin v27.2 - https:\/\/yoast.com\/product\/yoast-seo-wordpress\/ -->\n<title>Flores\u00e7a na F\u00e9: Um Jardim de B\u00ean\u00e7\u00e3os e Conex\u00e3o com Deus - Salmos B\u00edblicos<\/title>\n<meta name=\"robots\" content=\"index, follow, max-snippet:-1, max-image-preview:large, max-video-preview:-1\" \/>\n<link rel=\"canonical\" href=\"https:\/\/salmosbiblicos.com.br\/index.php\/2025\/05\/05\/floresca-na-fe-um-jardim-de-bencaos-e-conexao-com-deus\/\" \/>\n<meta property=\"og:locale\" content=\"pt_BR\" \/>\n<meta property=\"og:type\" content=\"article\" \/>\n<meta property=\"og:title\" content=\"Flores\u00e7a na F\u00e9: Um Jardim de B\u00ean\u00e7\u00e3os e Conex\u00e3o com Deus - Salmos B\u00edblicos\" \/>\n<meta property=\"og:description\" content=\"Hoje, quero te convidar a fazer uma pausa em meio \u00e0 correria do dia a dia e buscar um momento de paz e conex\u00e3o com Deus. Imagine-se em um jardim tranquilo, onde as flores desabrocham suavemente e o vento sopra suavemente, trazendo consigo a presen\u00e7a divina. Neste jardim, cada flor representa uma b\u00ean\u00e7\u00e3o que Deus [&hellip;]\" \/>\n<meta property=\"og:url\" content=\"https:\/\/salmosbiblicos.com.br\/index.php\/2025\/05\/05\/floresca-na-fe-um-jardim-de-bencaos-e-conexao-com-deus\/\" \/>\n<meta property=\"og:site_name\" content=\"Salmos B\u00edblicos\" \/>\n<meta property=\"article:published_time\" content=\"2025-05-05T22:50:32+00:00\" \/>\n<meta name=\"author\" content=\"Irmao\" \/>\n<meta name=\"twitter:card\" content=\"summary_large_image\" \/>\n<meta name=\"twitter:label1\" content=\"Escrito por\" \/>\n\t<meta name=\"twitter:data1\" content=\"Irmao\" \/>\n\t<meta name=\"twitter:label2\" content=\"Est. tempo de leitura\" \/>\n\t<meta name=\"twitter:data2\" content=\"2 minutos\" \/>\n<script type=\"application\/ld+json\" class=\"yoast-schema-graph\">{\"@context\":\"https:\/\/schema.org\",\"@graph\":[{\"@type\":\"Article\",\"@id\":\"https:\/\/salmosbiblicos.com.br\/index.php\/2025\/05\/05\/floresca-na-fe-um-jardim-de-bencaos-e-conexao-com-deus\/#article\",\"isPartOf\":{\"@id\":\"https:\/\/salmosbiblicos.com.br\/index.php\/2025\/05\/05\/floresca-na-fe-um-jardim-de-bencaos-e-conexao-com-deus\/\"},\"author\":{\"name\":\"Irmao\",\"@id\":\"https:\/\/salmosbiblicos.com.br\/#\/schema\/person\/760735259ba35f1e44e89c71c72d79da\"},\"headline\":\"Flores\u00e7a na F\u00e9: Um Jardim de B\u00ean\u00e7\u00e3os e Conex\u00e3o com Deus\",\"datePublished\":\"2025-05-05T22:50:32+00:00\",\"mainEntityOfPage\":{\"@id\":\"https:\/\/salmosbiblicos.com.br\/index.php\/2025\/05\/05\/floresca-na-fe-um-jardim-de-bencaos-e-conexao-com-deus\/\"},\"wordCount\":361,\"articleSection\":[\"Devocional\"],\"inLanguage\":\"pt-BR\"},{\"@type\":\"WebPage\",\"@id\":\"https:\/\/salmosbiblicos.com.br\/index.php\/2025\/05\/05\/floresca-na-fe-um-jardim-de-bencaos-e-conexao-com-deus\/\",\"url\":\"https:\/\/salmosbiblicos.com.br\/index.php\/2025\/05\/05\/floresca-na-fe-um-jardim-de-bencaos-e-conexao-com-deus\/\",\"name\":\"Flores\u00e7a na F\u00e9: Um Jardim de B\u00ean\u00e7\u00e3os e Conex\u00e3o com Deus - Salmos B\u00edblicos\",\"isPartOf\":{\"@id\":\"https:\/\/salmosbiblicos.com.br\/#website\"},\"datePublished\":\"2025-05-05T22:50:32+00:00\",\"author\":{\"@id\":\"https:\/\/salmosbiblicos.com.br\/#\/schema\/person\/760735259ba35f1e44e89c71c72d79da\"},\"breadcrumb\":{\"@id\":\"https:\/\/salmosbiblicos.com.br\/index.php\/2025\/05\/05\/floresca-na-fe-um-jardim-de-bencaos-e-conexao-com-deus\/#breadcrumb\"},\"inLanguage\":\"pt-BR\",\"potentialAction\":[{\"@type\":\"ReadAction\",\"target\":[\"https:\/\/salmosbiblicos.com.br\/index.php\/2025\/05\/05\/floresca-na-fe-um-jardim-de-bencaos-e-conexao-com-deus\/\"]}]},{\"@type\":\"BreadcrumbList\",\"@id\":\"https:\/\/salmosbiblicos.com.br\/index.php\/2025\/05\/05\/floresca-na-fe-um-jardim-de-bencaos-e-conexao-com-deus\/#breadcrumb\",\"itemListElement\":[{\"@type\":\"ListItem\",\"position\":1,\"name\":\"Home\",\"item\":\"https:\/\/salmosbiblicos.com.br\/\"},{\"@type\":\"ListItem\",\"position\":2,\"name\":\"Flores\u00e7a na F\u00e9: Um Jardim de B\u00ean\u00e7\u00e3os e Conex\u00e3o com Deus\"}]},{\"@type\":\"WebSite\",\"@id\":\"https:\/\/salmosbiblicos.com.br\/#website\",\"url\":\"https:\/\/salmosbiblicos.com.br\/\",\"name\":\"Salmos B\u00edblicos\",\"description\":\"Uma e-Livraria com e-Books novos para voc\u00ea refletir.\",\"potentialAction\":[{\"@type\":\"SearchAction\",\"target\":{\"@type\":\"EntryPoint\",\"urlTemplate\":\"https:\/\/salmosbiblicos.com.br\/?s={search_term_string}\"},\"query-input\":{\"@type\":\"PropertyValueSpecification\",\"valueRequired\":true,\"valueName\":\"search_term_string\"}}],\"inLanguage\":\"pt-BR\"},{\"@type\":\"Person\",\"@id\":\"https:\/\/salmosbiblicos.com.br\/#\/schema\/person\/760735259ba35f1e44e89c71c72d79da\",\"name\":\"Irmao\",\"image\":{\"@type\":\"ImageObject\",\"inLanguage\":\"pt-BR\",\"@id\":\"https:\/\/secure.gravatar.com\/avatar\/?s=96&d=mm&r=g\",\"url\":\"https:\/\/secure.gravatar.com\/avatar\/?s=96&d=mm&r=g\",\"contentUrl\":\"https:\/\/secure.gravatar.com\/avatar\/?s=96&d=mm&r=g\",\"caption\":\"Irmao\"},\"url\":\"http:\/\/salmosbiblicos.com.br\/index.php\/author\/irmao\/\"}]}<\/script>\n<!-- \/ Yoast SEO plugin. -->","yoast_head_json":{"title":"Flores\u00e7a na F\u00e9: Um Jardim de B\u00ean\u00e7\u00e3os e Conex\u00e3o com Deus - Salmos B\u00edblicos","robots":{"index":"index","follow":"follow","max-snippet":"max-snippet:-1","max-image-preview":"max-image-preview:large","max-video-preview":"max-video-preview:-1"},"canonical":"https:\/\/salmosbiblicos.com.br\/index.php\/2025\/05\/05\/floresca-na-fe-um-jardim-de-bencaos-e-conexao-com-deus\/","og_locale":"pt_BR","og_type":"article","og_title":"Flores\u00e7a na F\u00e9: Um Jardim de B\u00ean\u00e7\u00e3os e Conex\u00e3o com Deus - Salmos B\u00edblicos","og_description":"Hoje, quero te convidar a fazer uma pausa em meio \u00e0 correria do dia a dia e buscar um momento de paz e conex\u00e3o com Deus. Imagine-se em um jardim tranquilo, onde as flores desabrocham suavemente e o vento sopra suavemente, trazendo consigo a presen\u00e7a divina. Neste jardim, cada flor representa uma b\u00ean\u00e7\u00e3o que Deus [&hellip;]","og_url":"https:\/\/salmosbiblicos.com.br\/index.php\/2025\/05\/05\/floresca-na-fe-um-jardim-de-bencaos-e-conexao-com-deus\/","og_site_name":"Salmos B\u00edblicos","article_published_time":"2025-05-05T22:50:32+00:00","author":"Irmao","twitter_card":"summary_large_image","twitter_misc":{"Escrito por":"Irmao","Est. tempo de leitura":"2 minutos"},"schema":{"@context":"https:\/\/schema.org","@graph":[{"@type":"Article","@id":"https:\/\/salmosbiblicos.com.br\/index.php\/2025\/05\/05\/floresca-na-fe-um-jardim-de-bencaos-e-conexao-com-deus\/#article","isPartOf":{"@id":"https:\/\/salmosbiblicos.com.br\/index.php\/2025\/05\/05\/floresca-na-fe-um-jardim-de-bencaos-e-conexao-com-deus\/"},"author":{"name":"Irmao","@id":"https:\/\/salmosbiblicos.com.br\/#\/schema\/person\/760735259ba35f1e44e89c71c72d79da"},"headline":"Flores\u00e7a na F\u00e9: Um Jardim de B\u00ean\u00e7\u00e3os e Conex\u00e3o com Deus","datePublished":"2025-05-05T22:50:32+00:00","mainEntityOfPage":{"@id":"https:\/\/salmosbiblicos.com.br\/index.php\/2025\/05\/05\/floresca-na-fe-um-jardim-de-bencaos-e-conexao-com-deus\/"},"wordCount":361,"articleSection":["Devocional"],"inLanguage":"pt-BR"},{"@type":"WebPage","@id":"https:\/\/salmosbiblicos.com.br\/index.php\/2025\/05\/05\/floresca-na-fe-um-jardim-de-bencaos-e-conexao-com-deus\/","url":"https:\/\/salmosbiblicos.com.br\/index.php\/2025\/05\/05\/floresca-na-fe-um-jardim-de-bencaos-e-conexao-com-deus\/","name":"Flores\u00e7a na F\u00e9: Um Jardim de B\u00ean\u00e7\u00e3os e Conex\u00e3o com Deus - Salmos B\u00edblicos","isPartOf":{"@id":"https:\/\/salmosbiblicos.com.br\/#website"},"datePublished":"2025-05-05T22:50:32+00:00","author":{"@id":"https:\/\/salmosbiblicos.com.br\/#\/schema\/person\/760735259ba35f1e44e89c71c72d79da"},"breadcrumb":{"@id":"https:\/\/salmosbiblicos.com.br\/index.php\/2025\/05\/05\/floresca-na-fe-um-jardim-de-bencaos-e-conexao-com-deus\/#breadcrumb"},"inLanguage":"pt-BR","potentialAction":[{"@type":"ReadAction","target":["https:\/\/salmosbiblicos.com.br\/index.php\/2025\/05\/05\/floresca-na-fe-um-jardim-de-bencaos-e-conexao-com-deus\/"]}]},{"@type":"BreadcrumbList","@id":"https:\/\/salmosbiblicos.com.br\/index.php\/2025\/05\/05\/floresca-na-fe-um-jardim-de-bencaos-e-conexao-com-deus\/#breadcrumb","itemListElement":[{"@type":"ListItem","position":1,"name":"Home","item":"https:\/\/salmosbiblicos.com.br\/"},{"@type":"ListItem","position":2,"name":"Flores\u00e7a na F\u00e9: Um Jardim de B\u00ean\u00e7\u00e3os e Conex\u00e3o com Deus"}]},{"@type":"WebSite","@id":"https:\/\/salmosbiblicos.com.br\/#website","url":"https:\/\/salmosbiblicos.com.br\/","name":"Salmos B\u00edblicos","description":"Uma e-Livraria com e-Books novos para voc\u00ea refletir.","potentialAction":[{"@type":"SearchAction","target":{"@type":"EntryPoint","urlTemplate":"https:\/\/salmosbiblicos.com.br\/?s={search_term_string}"},"query-input":{"@type":"PropertyValueSpecification","valueRequired":true,"valueName":"search_term_string"}}],"inLanguage":"pt-BR"},{"@type":"Person","@id":"https:\/\/salmosbiblicos.com.br\/#\/schema\/person\/760735259ba35f1e44e89c71c72d79da","name":"Irmao","image":{"@type":"ImageObject","inLanguage":"pt-BR","@id":"https:\/\/secure.gravatar.com\/avatar\/?s=96&d=mm&r=g","url":"https:\/\/secure.gravatar.com\/avatar\/?s=96&d=mm&r=g","contentUrl":"https:\/\/secure.gravatar.com\/avatar\/?s=96&d=mm&r=g","caption":"Irmao"},"url":"http:\/\/salmosbiblicos.com.br\/index.php\/author\/irmao\/"}]}},"_links":{"self":[{"href":"http:\/\/salmosbiblicos.com.br\/index.php\/wp-json\/wp\/v2\/posts\/4859","targetHints":{"allow":["GET"]}}],"collection":[{"href":"http:\/\/salmosbiblicos.com.br\/index.php\/wp-json\/wp\/v2\/posts"}],"about":[{"href":"http:\/\/salmosbiblicos.com.br\/index.php\/wp-json\/wp\/v2\/types\/post"}],"author":[{"embeddable":true,"href":"http:\/\/salmosbiblicos.com.br\/index.php\/wp-json\/wp\/v2\/users\/2"}],"replies":[{"embeddable":true,"href":"http:\/\/salmosbiblicos.com.br\/index.php\/wp-json\/wp\/v2\/comments?post=4859"}],"version-history":[{"count":0,"href":"http:\/\/salmosbiblicos.com.br\/index.php\/wp-json\/wp\/v2\/posts\/4859\/revisions"}],"wp:attachment":[{"href":"http:\/\/salmosbiblicos.com.br\/index.php\/wp-json\/wp\/v2\/media?parent=4859"}],"wp:term":[{"taxonomy":"category","embeddable":true,"href":"http:\/\/salmosbiblicos.com.br\/index.php\/wp-json\/wp\/v2\/categories?post=4859"},{"taxonomy":"post_tag","embeddable":true,"href":"http:\/\/salmosbiblicos.com.br\/index.php\/wp-json\/wp\/v2\/tags?post=4859"}],"curies":[{"name":"wp","href":"https:\/\/api.w.org\/{rel}","templated":true}]}}