{"id":4861,"date":"2025-05-05T19:50:42","date_gmt":"2025-05-05T22:50:42","guid":{"rendered":"https:\/\/salmosbiblicos.com.br\/?p=4861"},"modified":"2025-05-05T19:50:42","modified_gmt":"2025-05-05T22:50:42","slug":"reflexoes-sobre-a-presenca-divina-nutrindo-a-alma-e-fortalecendo-a-fe","status":"publish","type":"post","link":"http:\/\/salmosbiblicos.com.br\/index.php\/2025\/05\/05\/reflexoes-sobre-a-presenca-divina-nutrindo-a-alma-e-fortalecendo-a-fe\/","title":{"rendered":"Reflex\u00f5es sobre a presen\u00e7a divina: nutrindo a alma e fortalecendo a f\u00e9."},"content":{"rendered":"<p>Querido leitor,<\/p>\n<p>Hoje, quero convid\u00e1-lo a fazer uma pausa em sua agitada rotina e dedicar um momento para se conectar com o sagrado. \u00c9 t\u00e3o f\u00e1cil nos perdermos no frenesi do dia a dia, nas preocupa\u00e7\u00f5es e nas demandas que nos cercam, mas \u00e9 fundamental reservar um tempo para nutrir nossa alma e fortalecer nossa f\u00e9.<\/p>\n<p>Imagine-se em um jardim tranquilo, cercado pela beleza da natureza e envolvido pela paz que s\u00f3 o Senhor pode proporcionar. Feche os olhos por um instante e respire profundamente, permitindo que a presen\u00e7a de Deus o envolva e acalme seu cora\u00e7\u00e3o.<\/p>\n<p>Assim como as flores precisam de cuidado e aten\u00e7\u00e3o para florescer, nossa alma tamb\u00e9m precisa ser nutrida com amor, esperan\u00e7a e f\u00e9. \u00c9 importante lembrar que, assim como as plantas dependem da luz do sol para crescer, n\u00f3s tamb\u00e9m dependemos da luz divina para nos guiar em nosso caminho.<\/p>\n<p>Pense em uma \u00e1rea da sua vida que esteja precisando de cura, de renova\u00e7\u00e3o, de um toque do divino. Entregue essa situa\u00e7\u00e3o ao Senhor em ora\u00e7\u00e3o e confie que Ele est\u00e1 no controle, trabalhando todas as coisas para o seu bem.<\/p>\n<p>Lembre-se de que, assim como as \u00e1rvores permanecem firmes mesmo diante das tempestades, voc\u00ea tamb\u00e9m \u00e9 capaz de superar os desafios que surgirem em seu caminho. Mantenha sua f\u00e9 inabal\u00e1vel e sua confian\u00e7a no Senhor, sabendo que Ele \u00e9 seu ref\u00fagio e fortaleza em todos os momentos.<\/p>\n<p>Que este momento de conex\u00e3o com o sagrado traga paz ao seu cora\u00e7\u00e3o e esperan\u00e7a para o seu futuro. Que voc\u00ea se sinta renovado e fortalecido pela presen\u00e7a amorosa de Deus em sua vida.<\/p>\n<p>&#8220;Confie no Senhor de todo o seu cora\u00e7\u00e3o e n\u00e3o se apoie em seu pr\u00f3prio entendimento; reconhe\u00e7a o Senhor em todos os seus caminhos, e ele endireitar\u00e1 as suas veredas.&#8221; (Prov\u00e9rbios 3:5-6)<\/p>\n<p>Que a paz de Deus, que excede todo entendimento, guarde o seu cora\u00e7\u00e3o e a sua mente em Cristo Jesus.<\/p>\n<p>Com amor e gratid\u00e3o,<br \/>\nSeu irm\u00e3o em Cristo.<\/p>\n","protected":false},"excerpt":{"rendered":"<p>Querido leitor, Hoje, quero convid\u00e1-lo a fazer uma pausa em sua agitada rotina e dedicar um momento para se conectar com o sagrado. \u00c9 t\u00e3o f\u00e1cil nos perdermos no frenesi do dia a dia, nas preocupa\u00e7\u00f5es e nas demandas que nos cercam, mas \u00e9 fundamental reservar um tempo para nutrir nossa alma e fortalecer nossa [&hellip;]<\/p>\n","protected":false},"author":2,"featured_media":0,"comment_status":"closed","ping_status":"open","sticky":false,"template":"","format":"standard","meta":{"footnotes":""},"categories":[10],"tags":[],"class_list":["post-4861","post","type-post","status-publish","format-standard","hentry","category-devocional"],"yoast_head":"<!-- This site is optimized with the Yoast SEO plugin v27.2 - https:\/\/yoast.com\/product\/yoast-seo-wordpress\/ -->\n<title>Reflex\u00f5es sobre a presen\u00e7a divina: nutrindo a alma e fortalecendo a f\u00e9. - Salmos B\u00edblicos<\/title>\n<meta name=\"robots\" content=\"index, follow, max-snippet:-1, max-image-preview:large, max-video-preview:-1\" \/>\n<link rel=\"canonical\" href=\"http:\/\/salmosbiblicos.com.br\/index.php\/2025\/05\/05\/reflexoes-sobre-a-presenca-divina-nutrindo-a-alma-e-fortalecendo-a-fe\/\" \/>\n<meta property=\"og:locale\" content=\"pt_BR\" \/>\n<meta property=\"og:type\" content=\"article\" \/>\n<meta property=\"og:title\" content=\"Reflex\u00f5es sobre a presen\u00e7a divina: nutrindo a alma e fortalecendo a f\u00e9. - Salmos B\u00edblicos\" \/>\n<meta property=\"og:description\" content=\"Querido leitor, Hoje, quero convid\u00e1-lo a fazer uma pausa em sua agitada rotina e dedicar um momento para se conectar com o sagrado. \u00c9 t\u00e3o f\u00e1cil nos perdermos no frenesi do dia a dia, nas preocupa\u00e7\u00f5es e nas demandas que nos cercam, mas \u00e9 fundamental reservar um tempo para nutrir nossa alma e fortalecer nossa [&hellip;]\" \/>\n<meta property=\"og:url\" content=\"http:\/\/salmosbiblicos.com.br\/index.php\/2025\/05\/05\/reflexoes-sobre-a-presenca-divina-nutrindo-a-alma-e-fortalecendo-a-fe\/\" \/>\n<meta property=\"og:site_name\" content=\"Salmos B\u00edblicos\" \/>\n<meta property=\"article:published_time\" content=\"2025-05-05T22:50:42+00:00\" \/>\n<meta name=\"author\" content=\"Irmao\" \/>\n<meta name=\"twitter:card\" content=\"summary_large_image\" \/>\n<meta name=\"twitter:label1\" content=\"Escrito por\" \/>\n\t<meta name=\"twitter:data1\" content=\"Irmao\" \/>\n\t<meta name=\"twitter:label2\" content=\"Est. tempo de leitura\" \/>\n\t<meta name=\"twitter:data2\" content=\"2 minutos\" \/>\n<script type=\"application\/ld+json\" class=\"yoast-schema-graph\">{\"@context\":\"https:\/\/schema.org\",\"@graph\":[{\"@type\":\"Article\",\"@id\":\"http:\/\/salmosbiblicos.com.br\/index.php\/2025\/05\/05\/reflexoes-sobre-a-presenca-divina-nutrindo-a-alma-e-fortalecendo-a-fe\/#article\",\"isPartOf\":{\"@id\":\"http:\/\/salmosbiblicos.com.br\/index.php\/2025\/05\/05\/reflexoes-sobre-a-presenca-divina-nutrindo-a-alma-e-fortalecendo-a-fe\/\"},\"author\":{\"name\":\"Irmao\",\"@id\":\"https:\/\/salmosbiblicos.com.br\/#\/schema\/person\/760735259ba35f1e44e89c71c72d79da\"},\"headline\":\"Reflex\u00f5es sobre a presen\u00e7a divina: nutrindo a alma e fortalecendo a f\u00e9.\",\"datePublished\":\"2025-05-05T22:50:42+00:00\",\"mainEntityOfPage\":{\"@id\":\"http:\/\/salmosbiblicos.com.br\/index.php\/2025\/05\/05\/reflexoes-sobre-a-presenca-divina-nutrindo-a-alma-e-fortalecendo-a-fe\/\"},\"wordCount\":367,\"articleSection\":[\"Devocional\"],\"inLanguage\":\"pt-BR\"},{\"@type\":\"WebPage\",\"@id\":\"http:\/\/salmosbiblicos.com.br\/index.php\/2025\/05\/05\/reflexoes-sobre-a-presenca-divina-nutrindo-a-alma-e-fortalecendo-a-fe\/\",\"url\":\"http:\/\/salmosbiblicos.com.br\/index.php\/2025\/05\/05\/reflexoes-sobre-a-presenca-divina-nutrindo-a-alma-e-fortalecendo-a-fe\/\",\"name\":\"Reflex\u00f5es sobre a presen\u00e7a divina: nutrindo a alma e fortalecendo a f\u00e9. - Salmos B\u00edblicos\",\"isPartOf\":{\"@id\":\"https:\/\/salmosbiblicos.com.br\/#website\"},\"datePublished\":\"2025-05-05T22:50:42+00:00\",\"author\":{\"@id\":\"https:\/\/salmosbiblicos.com.br\/#\/schema\/person\/760735259ba35f1e44e89c71c72d79da\"},\"breadcrumb\":{\"@id\":\"http:\/\/salmosbiblicos.com.br\/index.php\/2025\/05\/05\/reflexoes-sobre-a-presenca-divina-nutrindo-a-alma-e-fortalecendo-a-fe\/#breadcrumb\"},\"inLanguage\":\"pt-BR\",\"potentialAction\":[{\"@type\":\"ReadAction\",\"target\":[\"http:\/\/salmosbiblicos.com.br\/index.php\/2025\/05\/05\/reflexoes-sobre-a-presenca-divina-nutrindo-a-alma-e-fortalecendo-a-fe\/\"]}]},{\"@type\":\"BreadcrumbList\",\"@id\":\"http:\/\/salmosbiblicos.com.br\/index.php\/2025\/05\/05\/reflexoes-sobre-a-presenca-divina-nutrindo-a-alma-e-fortalecendo-a-fe\/#breadcrumb\",\"itemListElement\":[{\"@type\":\"ListItem\",\"position\":1,\"name\":\"Home\",\"item\":\"https:\/\/salmosbiblicos.com.br\/\"},{\"@type\":\"ListItem\",\"position\":2,\"name\":\"Reflex\u00f5es sobre a presen\u00e7a divina: nutrindo a alma e fortalecendo a f\u00e9.\"}]},{\"@type\":\"WebSite\",\"@id\":\"https:\/\/salmosbiblicos.com.br\/#website\",\"url\":\"https:\/\/salmosbiblicos.com.br\/\",\"name\":\"Salmos B\u00edblicos\",\"description\":\"Uma e-Livraria com e-Books novos para voc\u00ea refletir.\",\"potentialAction\":[{\"@type\":\"SearchAction\",\"target\":{\"@type\":\"EntryPoint\",\"urlTemplate\":\"https:\/\/salmosbiblicos.com.br\/?s={search_term_string}\"},\"query-input\":{\"@type\":\"PropertyValueSpecification\",\"valueRequired\":true,\"valueName\":\"search_term_string\"}}],\"inLanguage\":\"pt-BR\"},{\"@type\":\"Person\",\"@id\":\"https:\/\/salmosbiblicos.com.br\/#\/schema\/person\/760735259ba35f1e44e89c71c72d79da\",\"name\":\"Irmao\",\"image\":{\"@type\":\"ImageObject\",\"inLanguage\":\"pt-BR\",\"@id\":\"https:\/\/secure.gravatar.com\/avatar\/?s=96&d=mm&r=g\",\"url\":\"https:\/\/secure.gravatar.com\/avatar\/?s=96&d=mm&r=g\",\"contentUrl\":\"https:\/\/secure.gravatar.com\/avatar\/?s=96&d=mm&r=g\",\"caption\":\"Irmao\"},\"url\":\"http:\/\/salmosbiblicos.com.br\/index.php\/author\/irmao\/\"}]}<\/script>\n<!-- \/ Yoast SEO plugin. -->","yoast_head_json":{"title":"Reflex\u00f5es sobre a presen\u00e7a divina: nutrindo a alma e fortalecendo a f\u00e9. - Salmos B\u00edblicos","robots":{"index":"index","follow":"follow","max-snippet":"max-snippet:-1","max-image-preview":"max-image-preview:large","max-video-preview":"max-video-preview:-1"},"canonical":"http:\/\/salmosbiblicos.com.br\/index.php\/2025\/05\/05\/reflexoes-sobre-a-presenca-divina-nutrindo-a-alma-e-fortalecendo-a-fe\/","og_locale":"pt_BR","og_type":"article","og_title":"Reflex\u00f5es sobre a presen\u00e7a divina: nutrindo a alma e fortalecendo a f\u00e9. - Salmos B\u00edblicos","og_description":"Querido leitor, Hoje, quero convid\u00e1-lo a fazer uma pausa em sua agitada rotina e dedicar um momento para se conectar com o sagrado. \u00c9 t\u00e3o f\u00e1cil nos perdermos no frenesi do dia a dia, nas preocupa\u00e7\u00f5es e nas demandas que nos cercam, mas \u00e9 fundamental reservar um tempo para nutrir nossa alma e fortalecer nossa [&hellip;]","og_url":"http:\/\/salmosbiblicos.com.br\/index.php\/2025\/05\/05\/reflexoes-sobre-a-presenca-divina-nutrindo-a-alma-e-fortalecendo-a-fe\/","og_site_name":"Salmos B\u00edblicos","article_published_time":"2025-05-05T22:50:42+00:00","author":"Irmao","twitter_card":"summary_large_image","twitter_misc":{"Escrito por":"Irmao","Est. tempo de leitura":"2 minutos"},"schema":{"@context":"https:\/\/schema.org","@graph":[{"@type":"Article","@id":"http:\/\/salmosbiblicos.com.br\/index.php\/2025\/05\/05\/reflexoes-sobre-a-presenca-divina-nutrindo-a-alma-e-fortalecendo-a-fe\/#article","isPartOf":{"@id":"http:\/\/salmosbiblicos.com.br\/index.php\/2025\/05\/05\/reflexoes-sobre-a-presenca-divina-nutrindo-a-alma-e-fortalecendo-a-fe\/"},"author":{"name":"Irmao","@id":"https:\/\/salmosbiblicos.com.br\/#\/schema\/person\/760735259ba35f1e44e89c71c72d79da"},"headline":"Reflex\u00f5es sobre a presen\u00e7a divina: nutrindo a alma e fortalecendo a f\u00e9.","datePublished":"2025-05-05T22:50:42+00:00","mainEntityOfPage":{"@id":"http:\/\/salmosbiblicos.com.br\/index.php\/2025\/05\/05\/reflexoes-sobre-a-presenca-divina-nutrindo-a-alma-e-fortalecendo-a-fe\/"},"wordCount":367,"articleSection":["Devocional"],"inLanguage":"pt-BR"},{"@type":"WebPage","@id":"http:\/\/salmosbiblicos.com.br\/index.php\/2025\/05\/05\/reflexoes-sobre-a-presenca-divina-nutrindo-a-alma-e-fortalecendo-a-fe\/","url":"http:\/\/salmosbiblicos.com.br\/index.php\/2025\/05\/05\/reflexoes-sobre-a-presenca-divina-nutrindo-a-alma-e-fortalecendo-a-fe\/","name":"Reflex\u00f5es sobre a presen\u00e7a divina: nutrindo a alma e fortalecendo a f\u00e9. - Salmos B\u00edblicos","isPartOf":{"@id":"https:\/\/salmosbiblicos.com.br\/#website"},"datePublished":"2025-05-05T22:50:42+00:00","author":{"@id":"https:\/\/salmosbiblicos.com.br\/#\/schema\/person\/760735259ba35f1e44e89c71c72d79da"},"breadcrumb":{"@id":"http:\/\/salmosbiblicos.com.br\/index.php\/2025\/05\/05\/reflexoes-sobre-a-presenca-divina-nutrindo-a-alma-e-fortalecendo-a-fe\/#breadcrumb"},"inLanguage":"pt-BR","potentialAction":[{"@type":"ReadAction","target":["http:\/\/salmosbiblicos.com.br\/index.php\/2025\/05\/05\/reflexoes-sobre-a-presenca-divina-nutrindo-a-alma-e-fortalecendo-a-fe\/"]}]},{"@type":"BreadcrumbList","@id":"http:\/\/salmosbiblicos.com.br\/index.php\/2025\/05\/05\/reflexoes-sobre-a-presenca-divina-nutrindo-a-alma-e-fortalecendo-a-fe\/#breadcrumb","itemListElement":[{"@type":"ListItem","position":1,"name":"Home","item":"https:\/\/salmosbiblicos.com.br\/"},{"@type":"ListItem","position":2,"name":"Reflex\u00f5es sobre a presen\u00e7a divina: nutrindo a alma e fortalecendo a f\u00e9."}]},{"@type":"WebSite","@id":"https:\/\/salmosbiblicos.com.br\/#website","url":"https:\/\/salmosbiblicos.com.br\/","name":"Salmos B\u00edblicos","description":"Uma e-Livraria com e-Books novos para voc\u00ea refletir.","potentialAction":[{"@type":"SearchAction","target":{"@type":"EntryPoint","urlTemplate":"https:\/\/salmosbiblicos.com.br\/?s={search_term_string}"},"query-input":{"@type":"PropertyValueSpecification","valueRequired":true,"valueName":"search_term_string"}}],"inLanguage":"pt-BR"},{"@type":"Person","@id":"https:\/\/salmosbiblicos.com.br\/#\/schema\/person\/760735259ba35f1e44e89c71c72d79da","name":"Irmao","image":{"@type":"ImageObject","inLanguage":"pt-BR","@id":"https:\/\/secure.gravatar.com\/avatar\/?s=96&d=mm&r=g","url":"https:\/\/secure.gravatar.com\/avatar\/?s=96&d=mm&r=g","contentUrl":"https:\/\/secure.gravatar.com\/avatar\/?s=96&d=mm&r=g","caption":"Irmao"},"url":"http:\/\/salmosbiblicos.com.br\/index.php\/author\/irmao\/"}]}},"_links":{"self":[{"href":"http:\/\/salmosbiblicos.com.br\/index.php\/wp-json\/wp\/v2\/posts\/4861","targetHints":{"allow":["GET"]}}],"collection":[{"href":"http:\/\/salmosbiblicos.com.br\/index.php\/wp-json\/wp\/v2\/posts"}],"about":[{"href":"http:\/\/salmosbiblicos.com.br\/index.php\/wp-json\/wp\/v2\/types\/post"}],"author":[{"embeddable":true,"href":"http:\/\/salmosbiblicos.com.br\/index.php\/wp-json\/wp\/v2\/users\/2"}],"replies":[{"embeddable":true,"href":"http:\/\/salmosbiblicos.com.br\/index.php\/wp-json\/wp\/v2\/comments?post=4861"}],"version-history":[{"count":0,"href":"http:\/\/salmosbiblicos.com.br\/index.php\/wp-json\/wp\/v2\/posts\/4861\/revisions"}],"wp:attachment":[{"href":"http:\/\/salmosbiblicos.com.br\/index.php\/wp-json\/wp\/v2\/media?parent=4861"}],"wp:term":[{"taxonomy":"category","embeddable":true,"href":"http:\/\/salmosbiblicos.com.br\/index.php\/wp-json\/wp\/v2\/categories?post=4861"},{"taxonomy":"post_tag","embeddable":true,"href":"http:\/\/salmosbiblicos.com.br\/index.php\/wp-json\/wp\/v2\/tags?post=4861"}],"curies":[{"name":"wp","href":"https:\/\/api.w.org\/{rel}","templated":true}]}}