{"id":4879,"date":"2025-05-07T12:28:41","date_gmt":"2025-05-07T15:28:41","guid":{"rendered":"https:\/\/salmosbiblicos.com.br\/?p=4879"},"modified":"2025-05-07T12:28:41","modified_gmt":"2025-05-07T15:28:41","slug":"o-poder-da-gratidao-conexao-divina-e-transformacao-de-vidas","status":"publish","type":"post","link":"http:\/\/salmosbiblicos.com.br\/index.php\/2025\/05\/07\/o-poder-da-gratidao-conexao-divina-e-transformacao-de-vidas\/","title":{"rendered":"O poder da gratid\u00e3o: conex\u00e3o divina e transforma\u00e7\u00e3o de vidas"},"content":{"rendered":"<p>Hoje gostaria de refletir sobre a import\u00e2ncia da gratid\u00e3o em nossas vidas. Muitas vezes, nos pegamos reclamando do que n\u00e3o temos, do que n\u00e3o conseguimos alcan\u00e7ar, das dificuldades que enfrentamos. Mas ser\u00e1 que paramos para agradecer por tudo aquilo que j\u00e1 temos, por todas as b\u00ean\u00e7\u00e3os que j\u00e1 recebemos?<\/p>\n<p>A gratid\u00e3o \u00e9 uma atitude poderosa que nos conecta com o divino, nos faz enxergar a beleza nas pequenas coisas e nos ajuda a cultivar um cora\u00e7\u00e3o cheio de amor e paz. Quando agradecemos, estamos reconhecendo a presen\u00e7a de Deus em nossas vidas, estamos mostrando que confiamos em Sua sabedoria e que somos gratos por tudo o que Ele nos proporciona.<\/p>\n<p>Mesmo nos momentos mais dif\u00edceis, mesmo quando tudo parece estar desmoronando ao nosso redor, a gratid\u00e3o \u00e9 um b\u00e1lsamo que acalma a alma e nos faz perceber que sempre h\u00e1 motivos para agradecer. Se olharmos com mais aten\u00e7\u00e3o, veremos que mesmo nos momentos de dor e sofrimento, h\u00e1 li\u00e7\u00f5es a serem aprendidas, crescimento a ser alcan\u00e7ado e for\u00e7a a ser desenvolvida.<\/p>\n<p>A gratid\u00e3o nos faz enxergar a vida de uma maneira mais positiva, nos ajuda a lidar com os desafios de forma mais tranquila e nos permite viver com mais plenitude e alegria. Quando agradecemos, estamos abrindo nossos cora\u00e7\u00f5es para a abund\u00e2ncia do universo, estamos atraindo mais motivos para agradecer e mais b\u00ean\u00e7\u00e3os para nossas vidas.<\/p>\n<p>Ent\u00e3o, que tal come\u00e7armos agora mesmo a praticar a gratid\u00e3o? Que tal fazermos uma lista de todas as coisas pelas quais somos gratos, desde as mais simples at\u00e9 as mais grandiosas? Que tal agradecermos por cada respira\u00e7\u00e3o, por cada novo amanhecer, por cada pessoa que cruza nosso caminho e nos ensina algo novo?<\/p>\n<p>Que possamos aprender a ser gratos n\u00e3o apenas pelos momentos felizes, mas tamb\u00e9m pelos momentos dif\u00edceis, pois \u00e9 neles que encontramos oportunidades de crescimento e transforma\u00e7\u00e3o. Que possamos cultivar um cora\u00e7\u00e3o cheio de gratid\u00e3o, que transborda amor e compaix\u00e3o por todos os seres vivos.<\/p>\n<p>E lembre-se: a gratid\u00e3o n\u00e3o \u00e9 apenas uma palavra bonita, \u00e9 uma atitude que transforma vidas e nos conecta com a ess\u00eancia divina que habita em cada um de n\u00f3s. Que possamos ser gratos, sempre e em todas as circunst\u00e2ncias, pois a gratid\u00e3o \u00e9 a chave para uma vida plena e abundante.<\/p>\n<p>&#8220;Que a gratid\u00e3o seja sempre a nossa companheira, nos momentos de alegria e nos momentos de dor, pois \u00e9 ela que nos conecta com o divino e nos faz enxergar a beleza da vida.&#8221;<\/p>\n","protected":false},"excerpt":{"rendered":"<p>Hoje gostaria de refletir sobre a import\u00e2ncia da gratid\u00e3o em nossas vidas. Muitas vezes, nos pegamos reclamando do que n\u00e3o temos, do que n\u00e3o conseguimos alcan\u00e7ar, das dificuldades que enfrentamos. Mas ser\u00e1 que paramos para agradecer por tudo aquilo que j\u00e1 temos, por todas as b\u00ean\u00e7\u00e3os que j\u00e1 recebemos? A gratid\u00e3o \u00e9 uma atitude poderosa [&hellip;]<\/p>\n","protected":false},"author":2,"featured_media":0,"comment_status":"closed","ping_status":"open","sticky":false,"template":"","format":"standard","meta":{"footnotes":""},"categories":[6],"tags":[],"class_list":["post-4879","post","type-post","status-publish","format-standard","hentry","category-reflexao-do-dia"],"yoast_head":"<!-- This site is optimized with the Yoast SEO plugin v27.2 - https:\/\/yoast.com\/product\/yoast-seo-wordpress\/ -->\n<title>O poder da gratid\u00e3o: conex\u00e3o divina e transforma\u00e7\u00e3o de vidas - Salmos B\u00edblicos<\/title>\n<meta name=\"robots\" content=\"index, follow, max-snippet:-1, max-image-preview:large, max-video-preview:-1\" \/>\n<link rel=\"canonical\" href=\"http:\/\/salmosbiblicos.com.br\/index.php\/2025\/05\/07\/o-poder-da-gratidao-conexao-divina-e-transformacao-de-vidas\/\" \/>\n<meta property=\"og:locale\" content=\"pt_BR\" \/>\n<meta property=\"og:type\" content=\"article\" \/>\n<meta property=\"og:title\" content=\"O poder da gratid\u00e3o: conex\u00e3o divina e transforma\u00e7\u00e3o de vidas - Salmos B\u00edblicos\" \/>\n<meta property=\"og:description\" content=\"Hoje gostaria de refletir sobre a import\u00e2ncia da gratid\u00e3o em nossas vidas. Muitas vezes, nos pegamos reclamando do que n\u00e3o temos, do que n\u00e3o conseguimos alcan\u00e7ar, das dificuldades que enfrentamos. Mas ser\u00e1 que paramos para agradecer por tudo aquilo que j\u00e1 temos, por todas as b\u00ean\u00e7\u00e3os que j\u00e1 recebemos? A gratid\u00e3o \u00e9 uma atitude poderosa [&hellip;]\" \/>\n<meta property=\"og:url\" content=\"http:\/\/salmosbiblicos.com.br\/index.php\/2025\/05\/07\/o-poder-da-gratidao-conexao-divina-e-transformacao-de-vidas\/\" \/>\n<meta property=\"og:site_name\" content=\"Salmos B\u00edblicos\" \/>\n<meta property=\"article:published_time\" content=\"2025-05-07T15:28:41+00:00\" \/>\n<meta name=\"author\" content=\"Irmao\" \/>\n<meta name=\"twitter:card\" content=\"summary_large_image\" \/>\n<meta name=\"twitter:label1\" content=\"Escrito por\" \/>\n\t<meta name=\"twitter:data1\" content=\"Irmao\" \/>\n\t<meta name=\"twitter:label2\" content=\"Est. tempo de leitura\" \/>\n\t<meta name=\"twitter:data2\" content=\"2 minutos\" \/>\n<script type=\"application\/ld+json\" class=\"yoast-schema-graph\">{\"@context\":\"https:\/\/schema.org\",\"@graph\":[{\"@type\":\"Article\",\"@id\":\"http:\/\/salmosbiblicos.com.br\/index.php\/2025\/05\/07\/o-poder-da-gratidao-conexao-divina-e-transformacao-de-vidas\/#article\",\"isPartOf\":{\"@id\":\"http:\/\/salmosbiblicos.com.br\/index.php\/2025\/05\/07\/o-poder-da-gratidao-conexao-divina-e-transformacao-de-vidas\/\"},\"author\":{\"name\":\"Irmao\",\"@id\":\"https:\/\/salmosbiblicos.com.br\/#\/schema\/person\/760735259ba35f1e44e89c71c72d79da\"},\"headline\":\"O poder da gratid\u00e3o: conex\u00e3o divina e transforma\u00e7\u00e3o de vidas\",\"datePublished\":\"2025-05-07T15:28:41+00:00\",\"mainEntityOfPage\":{\"@id\":\"http:\/\/salmosbiblicos.com.br\/index.php\/2025\/05\/07\/o-poder-da-gratidao-conexao-divina-e-transformacao-de-vidas\/\"},\"wordCount\":455,\"articleSection\":[\"Reflex\u00e3o do Dia\"],\"inLanguage\":\"pt-BR\"},{\"@type\":\"WebPage\",\"@id\":\"http:\/\/salmosbiblicos.com.br\/index.php\/2025\/05\/07\/o-poder-da-gratidao-conexao-divina-e-transformacao-de-vidas\/\",\"url\":\"http:\/\/salmosbiblicos.com.br\/index.php\/2025\/05\/07\/o-poder-da-gratidao-conexao-divina-e-transformacao-de-vidas\/\",\"name\":\"O poder da gratid\u00e3o: conex\u00e3o divina e transforma\u00e7\u00e3o de vidas - Salmos B\u00edblicos\",\"isPartOf\":{\"@id\":\"https:\/\/salmosbiblicos.com.br\/#website\"},\"datePublished\":\"2025-05-07T15:28:41+00:00\",\"author\":{\"@id\":\"https:\/\/salmosbiblicos.com.br\/#\/schema\/person\/760735259ba35f1e44e89c71c72d79da\"},\"breadcrumb\":{\"@id\":\"http:\/\/salmosbiblicos.com.br\/index.php\/2025\/05\/07\/o-poder-da-gratidao-conexao-divina-e-transformacao-de-vidas\/#breadcrumb\"},\"inLanguage\":\"pt-BR\",\"potentialAction\":[{\"@type\":\"ReadAction\",\"target\":[\"http:\/\/salmosbiblicos.com.br\/index.php\/2025\/05\/07\/o-poder-da-gratidao-conexao-divina-e-transformacao-de-vidas\/\"]}]},{\"@type\":\"BreadcrumbList\",\"@id\":\"http:\/\/salmosbiblicos.com.br\/index.php\/2025\/05\/07\/o-poder-da-gratidao-conexao-divina-e-transformacao-de-vidas\/#breadcrumb\",\"itemListElement\":[{\"@type\":\"ListItem\",\"position\":1,\"name\":\"Home\",\"item\":\"https:\/\/salmosbiblicos.com.br\/\"},{\"@type\":\"ListItem\",\"position\":2,\"name\":\"O poder da gratid\u00e3o: conex\u00e3o divina e transforma\u00e7\u00e3o de vidas\"}]},{\"@type\":\"WebSite\",\"@id\":\"https:\/\/salmosbiblicos.com.br\/#website\",\"url\":\"https:\/\/salmosbiblicos.com.br\/\",\"name\":\"Salmos B\u00edblicos\",\"description\":\"Uma e-Livraria com e-Books novos para voc\u00ea refletir.\",\"potentialAction\":[{\"@type\":\"SearchAction\",\"target\":{\"@type\":\"EntryPoint\",\"urlTemplate\":\"https:\/\/salmosbiblicos.com.br\/?s={search_term_string}\"},\"query-input\":{\"@type\":\"PropertyValueSpecification\",\"valueRequired\":true,\"valueName\":\"search_term_string\"}}],\"inLanguage\":\"pt-BR\"},{\"@type\":\"Person\",\"@id\":\"https:\/\/salmosbiblicos.com.br\/#\/schema\/person\/760735259ba35f1e44e89c71c72d79da\",\"name\":\"Irmao\",\"image\":{\"@type\":\"ImageObject\",\"inLanguage\":\"pt-BR\",\"@id\":\"https:\/\/secure.gravatar.com\/avatar\/?s=96&d=mm&r=g\",\"url\":\"https:\/\/secure.gravatar.com\/avatar\/?s=96&d=mm&r=g\",\"contentUrl\":\"https:\/\/secure.gravatar.com\/avatar\/?s=96&d=mm&r=g\",\"caption\":\"Irmao\"},\"url\":\"http:\/\/salmosbiblicos.com.br\/index.php\/author\/irmao\/\"}]}<\/script>\n<!-- \/ Yoast SEO plugin. -->","yoast_head_json":{"title":"O poder da gratid\u00e3o: conex\u00e3o divina e transforma\u00e7\u00e3o de vidas - Salmos B\u00edblicos","robots":{"index":"index","follow":"follow","max-snippet":"max-snippet:-1","max-image-preview":"max-image-preview:large","max-video-preview":"max-video-preview:-1"},"canonical":"http:\/\/salmosbiblicos.com.br\/index.php\/2025\/05\/07\/o-poder-da-gratidao-conexao-divina-e-transformacao-de-vidas\/","og_locale":"pt_BR","og_type":"article","og_title":"O poder da gratid\u00e3o: conex\u00e3o divina e transforma\u00e7\u00e3o de vidas - Salmos B\u00edblicos","og_description":"Hoje gostaria de refletir sobre a import\u00e2ncia da gratid\u00e3o em nossas vidas. Muitas vezes, nos pegamos reclamando do que n\u00e3o temos, do que n\u00e3o conseguimos alcan\u00e7ar, das dificuldades que enfrentamos. Mas ser\u00e1 que paramos para agradecer por tudo aquilo que j\u00e1 temos, por todas as b\u00ean\u00e7\u00e3os que j\u00e1 recebemos? A gratid\u00e3o \u00e9 uma atitude poderosa [&hellip;]","og_url":"http:\/\/salmosbiblicos.com.br\/index.php\/2025\/05\/07\/o-poder-da-gratidao-conexao-divina-e-transformacao-de-vidas\/","og_site_name":"Salmos B\u00edblicos","article_published_time":"2025-05-07T15:28:41+00:00","author":"Irmao","twitter_card":"summary_large_image","twitter_misc":{"Escrito por":"Irmao","Est. tempo de leitura":"2 minutos"},"schema":{"@context":"https:\/\/schema.org","@graph":[{"@type":"Article","@id":"http:\/\/salmosbiblicos.com.br\/index.php\/2025\/05\/07\/o-poder-da-gratidao-conexao-divina-e-transformacao-de-vidas\/#article","isPartOf":{"@id":"http:\/\/salmosbiblicos.com.br\/index.php\/2025\/05\/07\/o-poder-da-gratidao-conexao-divina-e-transformacao-de-vidas\/"},"author":{"name":"Irmao","@id":"https:\/\/salmosbiblicos.com.br\/#\/schema\/person\/760735259ba35f1e44e89c71c72d79da"},"headline":"O poder da gratid\u00e3o: conex\u00e3o divina e transforma\u00e7\u00e3o de vidas","datePublished":"2025-05-07T15:28:41+00:00","mainEntityOfPage":{"@id":"http:\/\/salmosbiblicos.com.br\/index.php\/2025\/05\/07\/o-poder-da-gratidao-conexao-divina-e-transformacao-de-vidas\/"},"wordCount":455,"articleSection":["Reflex\u00e3o do Dia"],"inLanguage":"pt-BR"},{"@type":"WebPage","@id":"http:\/\/salmosbiblicos.com.br\/index.php\/2025\/05\/07\/o-poder-da-gratidao-conexao-divina-e-transformacao-de-vidas\/","url":"http:\/\/salmosbiblicos.com.br\/index.php\/2025\/05\/07\/o-poder-da-gratidao-conexao-divina-e-transformacao-de-vidas\/","name":"O poder da gratid\u00e3o: conex\u00e3o divina e transforma\u00e7\u00e3o de vidas - Salmos B\u00edblicos","isPartOf":{"@id":"https:\/\/salmosbiblicos.com.br\/#website"},"datePublished":"2025-05-07T15:28:41+00:00","author":{"@id":"https:\/\/salmosbiblicos.com.br\/#\/schema\/person\/760735259ba35f1e44e89c71c72d79da"},"breadcrumb":{"@id":"http:\/\/salmosbiblicos.com.br\/index.php\/2025\/05\/07\/o-poder-da-gratidao-conexao-divina-e-transformacao-de-vidas\/#breadcrumb"},"inLanguage":"pt-BR","potentialAction":[{"@type":"ReadAction","target":["http:\/\/salmosbiblicos.com.br\/index.php\/2025\/05\/07\/o-poder-da-gratidao-conexao-divina-e-transformacao-de-vidas\/"]}]},{"@type":"BreadcrumbList","@id":"http:\/\/salmosbiblicos.com.br\/index.php\/2025\/05\/07\/o-poder-da-gratidao-conexao-divina-e-transformacao-de-vidas\/#breadcrumb","itemListElement":[{"@type":"ListItem","position":1,"name":"Home","item":"https:\/\/salmosbiblicos.com.br\/"},{"@type":"ListItem","position":2,"name":"O poder da gratid\u00e3o: conex\u00e3o divina e transforma\u00e7\u00e3o de vidas"}]},{"@type":"WebSite","@id":"https:\/\/salmosbiblicos.com.br\/#website","url":"https:\/\/salmosbiblicos.com.br\/","name":"Salmos B\u00edblicos","description":"Uma e-Livraria com e-Books novos para voc\u00ea refletir.","potentialAction":[{"@type":"SearchAction","target":{"@type":"EntryPoint","urlTemplate":"https:\/\/salmosbiblicos.com.br\/?s={search_term_string}"},"query-input":{"@type":"PropertyValueSpecification","valueRequired":true,"valueName":"search_term_string"}}],"inLanguage":"pt-BR"},{"@type":"Person","@id":"https:\/\/salmosbiblicos.com.br\/#\/schema\/person\/760735259ba35f1e44e89c71c72d79da","name":"Irmao","image":{"@type":"ImageObject","inLanguage":"pt-BR","@id":"https:\/\/secure.gravatar.com\/avatar\/?s=96&d=mm&r=g","url":"https:\/\/secure.gravatar.com\/avatar\/?s=96&d=mm&r=g","contentUrl":"https:\/\/secure.gravatar.com\/avatar\/?s=96&d=mm&r=g","caption":"Irmao"},"url":"http:\/\/salmosbiblicos.com.br\/index.php\/author\/irmao\/"}]}},"_links":{"self":[{"href":"http:\/\/salmosbiblicos.com.br\/index.php\/wp-json\/wp\/v2\/posts\/4879","targetHints":{"allow":["GET"]}}],"collection":[{"href":"http:\/\/salmosbiblicos.com.br\/index.php\/wp-json\/wp\/v2\/posts"}],"about":[{"href":"http:\/\/salmosbiblicos.com.br\/index.php\/wp-json\/wp\/v2\/types\/post"}],"author":[{"embeddable":true,"href":"http:\/\/salmosbiblicos.com.br\/index.php\/wp-json\/wp\/v2\/users\/2"}],"replies":[{"embeddable":true,"href":"http:\/\/salmosbiblicos.com.br\/index.php\/wp-json\/wp\/v2\/comments?post=4879"}],"version-history":[{"count":0,"href":"http:\/\/salmosbiblicos.com.br\/index.php\/wp-json\/wp\/v2\/posts\/4879\/revisions"}],"wp:attachment":[{"href":"http:\/\/salmosbiblicos.com.br\/index.php\/wp-json\/wp\/v2\/media?parent=4879"}],"wp:term":[{"taxonomy":"category","embeddable":true,"href":"http:\/\/salmosbiblicos.com.br\/index.php\/wp-json\/wp\/v2\/categories?post=4879"},{"taxonomy":"post_tag","embeddable":true,"href":"http:\/\/salmosbiblicos.com.br\/index.php\/wp-json\/wp\/v2\/tags?post=4879"}],"curies":[{"name":"wp","href":"https:\/\/api.w.org\/{rel}","templated":true}]}}