{"id":4881,"date":"2025-05-07T12:28:50","date_gmt":"2025-05-07T15:28:50","guid":{"rendered":"https:\/\/salmosbiblicos.com.br\/?p=4881"},"modified":"2025-05-07T12:28:50","modified_gmt":"2025-05-07T15:28:50","slug":"a-gratidao-a-chave-para-a-felicidade-e-a-paz-interior","status":"publish","type":"post","link":"http:\/\/salmosbiblicos.com.br\/index.php\/2025\/05\/07\/a-gratidao-a-chave-para-a-felicidade-e-a-paz-interior\/","title":{"rendered":"A Gratid\u00e3o: A Chave Para a Felicidade e a Paz Interior"},"content":{"rendered":"<p>Hoje quero falar com voc\u00ea sobre a import\u00e2ncia de cultivarmos a gratid\u00e3o em nossas vidas. Em meio \u00e0s dificuldades e desafios que enfrentamos diariamente, \u00e9 fundamental lembrarmos de tudo aquilo que temos a agradecer.<\/p>\n<p>A gratid\u00e3o \u00e9 uma atitude que nos conecta com o divino, nos fazendo enxergar as b\u00ean\u00e7\u00e3os que est\u00e3o presentes em nossa jornada. Quando olhamos ao nosso redor, podemos perceber tantos motivos para agradecer: a sa\u00fade que nos permite levantar todas as manh\u00e3s, a fam\u00edlia que nos ama incondicionalmente, os amigos que est\u00e3o sempre ao nosso lado nos momentos bons e ruins.<\/p>\n<p>Mesmo nos momentos mais dif\u00edceis, quando tudo parece desmoronar ao nosso redor, a gratid\u00e3o pode ser a luz que ilumina nosso caminho. Ao agradecer, reconhecemos que n\u00e3o estamos sozinhos, que h\u00e1 uma for\u00e7a maior que nos sustenta e nos guia. A gratid\u00e3o nos lembra que somos amados e cuidados, mesmo nos momentos de maior afli\u00e7\u00e3o.<\/p>\n<p>Portanto, que possamos cultivar a gratid\u00e3o em nossos cora\u00e7\u00f5es, mesmo nos dias mais dif\u00edceis. Que possamos olhar para al\u00e9m das dificuldades e encontrar motivos para agradecer. Que possamos lembrar que cada novo dia \u00e9 uma d\u00e1diva, uma oportunidade de recome\u00e7ar e de fazer a diferen\u00e7a no mundo.<\/p>\n<p>Que a gratid\u00e3o seja a nossa companheira constante, nos lembrando de que somos aben\u00e7oados em meio \u00e0s adversidades. Que possamos sempre olhar para o lado bom da vida, mesmo quando tudo parecer desmoronar. Que a gratid\u00e3o nos fortale\u00e7a, nos traga paz e nos fa\u00e7a enxergar a beleza que h\u00e1 em cada pequeno detalhe do nosso dia a dia.<\/p>\n<p>Portanto, querido amigo, lembre-se de agradecer. Agrade\u00e7a pela vida, pela sa\u00fade, pela fam\u00edlia, pelos amigos. Agrade\u00e7a por cada pequeno gesto de amor e generosidade que cruzar o seu caminho. Agrade\u00e7a por tudo aquilo que voc\u00ea \u00e9 e por tudo aquilo que voc\u00ea tem. E, acima de tudo, agrade\u00e7a pela presen\u00e7a constante do divino em sua vida, guiando seus passos e iluminando seu caminho.<\/p>\n<p>Que a gratid\u00e3o seja a chave que abre as portas da felicidade em sua vida. Que ela te fa\u00e7a perceber que, mesmo nos momentos mais sombrios, h\u00e1 motivos para sorrir e acreditar. Que a gratid\u00e3o te encha o cora\u00e7\u00e3o de paz e esperan\u00e7a, te lembrando de que o amor divino est\u00e1 sempre ao seu lado.<\/p>\n<p>Lembre-se: a gratid\u00e3o transforma o que temos em suficiente. Agrade\u00e7a e seja feliz!<\/p>\n","protected":false},"excerpt":{"rendered":"<p>Hoje quero falar com voc\u00ea sobre a import\u00e2ncia de cultivarmos a gratid\u00e3o em nossas vidas. Em meio \u00e0s dificuldades e desafios que enfrentamos diariamente, \u00e9 fundamental lembrarmos de tudo aquilo que temos a agradecer. A gratid\u00e3o \u00e9 uma atitude que nos conecta com o divino, nos fazendo enxergar as b\u00ean\u00e7\u00e3os que est\u00e3o presentes em nossa [&hellip;]<\/p>\n","protected":false},"author":2,"featured_media":0,"comment_status":"closed","ping_status":"open","sticky":false,"template":"","format":"standard","meta":{"footnotes":""},"categories":[6],"tags":[],"class_list":["post-4881","post","type-post","status-publish","format-standard","hentry","category-reflexao-do-dia"],"yoast_head":"<!-- This site is optimized with the Yoast SEO plugin v27.2 - https:\/\/yoast.com\/product\/yoast-seo-wordpress\/ -->\n<title>A Gratid\u00e3o: A Chave Para a Felicidade e a Paz Interior - Salmos B\u00edblicos<\/title>\n<meta name=\"robots\" content=\"index, follow, max-snippet:-1, max-image-preview:large, max-video-preview:-1\" \/>\n<link rel=\"canonical\" href=\"http:\/\/salmosbiblicos.com.br\/index.php\/2025\/05\/07\/a-gratidao-a-chave-para-a-felicidade-e-a-paz-interior\/\" \/>\n<meta property=\"og:locale\" content=\"pt_BR\" \/>\n<meta property=\"og:type\" content=\"article\" \/>\n<meta property=\"og:title\" content=\"A Gratid\u00e3o: A Chave Para a Felicidade e a Paz Interior - Salmos B\u00edblicos\" \/>\n<meta property=\"og:description\" content=\"Hoje quero falar com voc\u00ea sobre a import\u00e2ncia de cultivarmos a gratid\u00e3o em nossas vidas. Em meio \u00e0s dificuldades e desafios que enfrentamos diariamente, \u00e9 fundamental lembrarmos de tudo aquilo que temos a agradecer. A gratid\u00e3o \u00e9 uma atitude que nos conecta com o divino, nos fazendo enxergar as b\u00ean\u00e7\u00e3os que est\u00e3o presentes em nossa [&hellip;]\" \/>\n<meta property=\"og:url\" content=\"http:\/\/salmosbiblicos.com.br\/index.php\/2025\/05\/07\/a-gratidao-a-chave-para-a-felicidade-e-a-paz-interior\/\" \/>\n<meta property=\"og:site_name\" content=\"Salmos B\u00edblicos\" \/>\n<meta property=\"article:published_time\" content=\"2025-05-07T15:28:50+00:00\" \/>\n<meta name=\"author\" content=\"Irmao\" \/>\n<meta name=\"twitter:card\" content=\"summary_large_image\" \/>\n<meta name=\"twitter:label1\" content=\"Escrito por\" \/>\n\t<meta name=\"twitter:data1\" content=\"Irmao\" \/>\n\t<meta name=\"twitter:label2\" content=\"Est. tempo de leitura\" \/>\n\t<meta name=\"twitter:data2\" content=\"2 minutos\" \/>\n<script type=\"application\/ld+json\" class=\"yoast-schema-graph\">{\"@context\":\"https:\/\/schema.org\",\"@graph\":[{\"@type\":\"Article\",\"@id\":\"http:\/\/salmosbiblicos.com.br\/index.php\/2025\/05\/07\/a-gratidao-a-chave-para-a-felicidade-e-a-paz-interior\/#article\",\"isPartOf\":{\"@id\":\"http:\/\/salmosbiblicos.com.br\/index.php\/2025\/05\/07\/a-gratidao-a-chave-para-a-felicidade-e-a-paz-interior\/\"},\"author\":{\"name\":\"Irmao\",\"@id\":\"https:\/\/salmosbiblicos.com.br\/#\/schema\/person\/760735259ba35f1e44e89c71c72d79da\"},\"headline\":\"A Gratid\u00e3o: A Chave Para a Felicidade e a Paz Interior\",\"datePublished\":\"2025-05-07T15:28:50+00:00\",\"mainEntityOfPage\":{\"@id\":\"http:\/\/salmosbiblicos.com.br\/index.php\/2025\/05\/07\/a-gratidao-a-chave-para-a-felicidade-e-a-paz-interior\/\"},\"wordCount\":436,\"articleSection\":[\"Reflex\u00e3o do Dia\"],\"inLanguage\":\"pt-BR\"},{\"@type\":\"WebPage\",\"@id\":\"http:\/\/salmosbiblicos.com.br\/index.php\/2025\/05\/07\/a-gratidao-a-chave-para-a-felicidade-e-a-paz-interior\/\",\"url\":\"http:\/\/salmosbiblicos.com.br\/index.php\/2025\/05\/07\/a-gratidao-a-chave-para-a-felicidade-e-a-paz-interior\/\",\"name\":\"A Gratid\u00e3o: A Chave Para a Felicidade e a Paz Interior - Salmos B\u00edblicos\",\"isPartOf\":{\"@id\":\"https:\/\/salmosbiblicos.com.br\/#website\"},\"datePublished\":\"2025-05-07T15:28:50+00:00\",\"author\":{\"@id\":\"https:\/\/salmosbiblicos.com.br\/#\/schema\/person\/760735259ba35f1e44e89c71c72d79da\"},\"breadcrumb\":{\"@id\":\"http:\/\/salmosbiblicos.com.br\/index.php\/2025\/05\/07\/a-gratidao-a-chave-para-a-felicidade-e-a-paz-interior\/#breadcrumb\"},\"inLanguage\":\"pt-BR\",\"potentialAction\":[{\"@type\":\"ReadAction\",\"target\":[\"http:\/\/salmosbiblicos.com.br\/index.php\/2025\/05\/07\/a-gratidao-a-chave-para-a-felicidade-e-a-paz-interior\/\"]}]},{\"@type\":\"BreadcrumbList\",\"@id\":\"http:\/\/salmosbiblicos.com.br\/index.php\/2025\/05\/07\/a-gratidao-a-chave-para-a-felicidade-e-a-paz-interior\/#breadcrumb\",\"itemListElement\":[{\"@type\":\"ListItem\",\"position\":1,\"name\":\"Home\",\"item\":\"https:\/\/salmosbiblicos.com.br\/\"},{\"@type\":\"ListItem\",\"position\":2,\"name\":\"A Gratid\u00e3o: A Chave Para a Felicidade e a Paz Interior\"}]},{\"@type\":\"WebSite\",\"@id\":\"https:\/\/salmosbiblicos.com.br\/#website\",\"url\":\"https:\/\/salmosbiblicos.com.br\/\",\"name\":\"Salmos B\u00edblicos\",\"description\":\"Uma e-Livraria com e-Books novos para voc\u00ea refletir.\",\"potentialAction\":[{\"@type\":\"SearchAction\",\"target\":{\"@type\":\"EntryPoint\",\"urlTemplate\":\"https:\/\/salmosbiblicos.com.br\/?s={search_term_string}\"},\"query-input\":{\"@type\":\"PropertyValueSpecification\",\"valueRequired\":true,\"valueName\":\"search_term_string\"}}],\"inLanguage\":\"pt-BR\"},{\"@type\":\"Person\",\"@id\":\"https:\/\/salmosbiblicos.com.br\/#\/schema\/person\/760735259ba35f1e44e89c71c72d79da\",\"name\":\"Irmao\",\"image\":{\"@type\":\"ImageObject\",\"inLanguage\":\"pt-BR\",\"@id\":\"https:\/\/secure.gravatar.com\/avatar\/?s=96&d=mm&r=g\",\"url\":\"https:\/\/secure.gravatar.com\/avatar\/?s=96&d=mm&r=g\",\"contentUrl\":\"https:\/\/secure.gravatar.com\/avatar\/?s=96&d=mm&r=g\",\"caption\":\"Irmao\"},\"url\":\"http:\/\/salmosbiblicos.com.br\/index.php\/author\/irmao\/\"}]}<\/script>\n<!-- \/ Yoast SEO plugin. -->","yoast_head_json":{"title":"A Gratid\u00e3o: A Chave Para a Felicidade e a Paz Interior - Salmos B\u00edblicos","robots":{"index":"index","follow":"follow","max-snippet":"max-snippet:-1","max-image-preview":"max-image-preview:large","max-video-preview":"max-video-preview:-1"},"canonical":"http:\/\/salmosbiblicos.com.br\/index.php\/2025\/05\/07\/a-gratidao-a-chave-para-a-felicidade-e-a-paz-interior\/","og_locale":"pt_BR","og_type":"article","og_title":"A Gratid\u00e3o: A Chave Para a Felicidade e a Paz Interior - Salmos B\u00edblicos","og_description":"Hoje quero falar com voc\u00ea sobre a import\u00e2ncia de cultivarmos a gratid\u00e3o em nossas vidas. Em meio \u00e0s dificuldades e desafios que enfrentamos diariamente, \u00e9 fundamental lembrarmos de tudo aquilo que temos a agradecer. A gratid\u00e3o \u00e9 uma atitude que nos conecta com o divino, nos fazendo enxergar as b\u00ean\u00e7\u00e3os que est\u00e3o presentes em nossa [&hellip;]","og_url":"http:\/\/salmosbiblicos.com.br\/index.php\/2025\/05\/07\/a-gratidao-a-chave-para-a-felicidade-e-a-paz-interior\/","og_site_name":"Salmos B\u00edblicos","article_published_time":"2025-05-07T15:28:50+00:00","author":"Irmao","twitter_card":"summary_large_image","twitter_misc":{"Escrito por":"Irmao","Est. tempo de leitura":"2 minutos"},"schema":{"@context":"https:\/\/schema.org","@graph":[{"@type":"Article","@id":"http:\/\/salmosbiblicos.com.br\/index.php\/2025\/05\/07\/a-gratidao-a-chave-para-a-felicidade-e-a-paz-interior\/#article","isPartOf":{"@id":"http:\/\/salmosbiblicos.com.br\/index.php\/2025\/05\/07\/a-gratidao-a-chave-para-a-felicidade-e-a-paz-interior\/"},"author":{"name":"Irmao","@id":"https:\/\/salmosbiblicos.com.br\/#\/schema\/person\/760735259ba35f1e44e89c71c72d79da"},"headline":"A Gratid\u00e3o: A Chave Para a Felicidade e a Paz Interior","datePublished":"2025-05-07T15:28:50+00:00","mainEntityOfPage":{"@id":"http:\/\/salmosbiblicos.com.br\/index.php\/2025\/05\/07\/a-gratidao-a-chave-para-a-felicidade-e-a-paz-interior\/"},"wordCount":436,"articleSection":["Reflex\u00e3o do Dia"],"inLanguage":"pt-BR"},{"@type":"WebPage","@id":"http:\/\/salmosbiblicos.com.br\/index.php\/2025\/05\/07\/a-gratidao-a-chave-para-a-felicidade-e-a-paz-interior\/","url":"http:\/\/salmosbiblicos.com.br\/index.php\/2025\/05\/07\/a-gratidao-a-chave-para-a-felicidade-e-a-paz-interior\/","name":"A Gratid\u00e3o: A Chave Para a Felicidade e a Paz Interior - Salmos B\u00edblicos","isPartOf":{"@id":"https:\/\/salmosbiblicos.com.br\/#website"},"datePublished":"2025-05-07T15:28:50+00:00","author":{"@id":"https:\/\/salmosbiblicos.com.br\/#\/schema\/person\/760735259ba35f1e44e89c71c72d79da"},"breadcrumb":{"@id":"http:\/\/salmosbiblicos.com.br\/index.php\/2025\/05\/07\/a-gratidao-a-chave-para-a-felicidade-e-a-paz-interior\/#breadcrumb"},"inLanguage":"pt-BR","potentialAction":[{"@type":"ReadAction","target":["http:\/\/salmosbiblicos.com.br\/index.php\/2025\/05\/07\/a-gratidao-a-chave-para-a-felicidade-e-a-paz-interior\/"]}]},{"@type":"BreadcrumbList","@id":"http:\/\/salmosbiblicos.com.br\/index.php\/2025\/05\/07\/a-gratidao-a-chave-para-a-felicidade-e-a-paz-interior\/#breadcrumb","itemListElement":[{"@type":"ListItem","position":1,"name":"Home","item":"https:\/\/salmosbiblicos.com.br\/"},{"@type":"ListItem","position":2,"name":"A Gratid\u00e3o: A Chave Para a Felicidade e a Paz Interior"}]},{"@type":"WebSite","@id":"https:\/\/salmosbiblicos.com.br\/#website","url":"https:\/\/salmosbiblicos.com.br\/","name":"Salmos B\u00edblicos","description":"Uma e-Livraria com e-Books novos para voc\u00ea refletir.","potentialAction":[{"@type":"SearchAction","target":{"@type":"EntryPoint","urlTemplate":"https:\/\/salmosbiblicos.com.br\/?s={search_term_string}"},"query-input":{"@type":"PropertyValueSpecification","valueRequired":true,"valueName":"search_term_string"}}],"inLanguage":"pt-BR"},{"@type":"Person","@id":"https:\/\/salmosbiblicos.com.br\/#\/schema\/person\/760735259ba35f1e44e89c71c72d79da","name":"Irmao","image":{"@type":"ImageObject","inLanguage":"pt-BR","@id":"https:\/\/secure.gravatar.com\/avatar\/?s=96&d=mm&r=g","url":"https:\/\/secure.gravatar.com\/avatar\/?s=96&d=mm&r=g","contentUrl":"https:\/\/secure.gravatar.com\/avatar\/?s=96&d=mm&r=g","caption":"Irmao"},"url":"http:\/\/salmosbiblicos.com.br\/index.php\/author\/irmao\/"}]}},"_links":{"self":[{"href":"http:\/\/salmosbiblicos.com.br\/index.php\/wp-json\/wp\/v2\/posts\/4881","targetHints":{"allow":["GET"]}}],"collection":[{"href":"http:\/\/salmosbiblicos.com.br\/index.php\/wp-json\/wp\/v2\/posts"}],"about":[{"href":"http:\/\/salmosbiblicos.com.br\/index.php\/wp-json\/wp\/v2\/types\/post"}],"author":[{"embeddable":true,"href":"http:\/\/salmosbiblicos.com.br\/index.php\/wp-json\/wp\/v2\/users\/2"}],"replies":[{"embeddable":true,"href":"http:\/\/salmosbiblicos.com.br\/index.php\/wp-json\/wp\/v2\/comments?post=4881"}],"version-history":[{"count":0,"href":"http:\/\/salmosbiblicos.com.br\/index.php\/wp-json\/wp\/v2\/posts\/4881\/revisions"}],"wp:attachment":[{"href":"http:\/\/salmosbiblicos.com.br\/index.php\/wp-json\/wp\/v2\/media?parent=4881"}],"wp:term":[{"taxonomy":"category","embeddable":true,"href":"http:\/\/salmosbiblicos.com.br\/index.php\/wp-json\/wp\/v2\/categories?post=4881"},{"taxonomy":"post_tag","embeddable":true,"href":"http:\/\/salmosbiblicos.com.br\/index.php\/wp-json\/wp\/v2\/tags?post=4881"}],"curies":[{"name":"wp","href":"https:\/\/api.w.org\/{rel}","templated":true}]}}