{"id":4939,"date":"2025-05-08T18:45:45","date_gmt":"2025-05-08T21:45:45","guid":{"rendered":"https:\/\/salmosbiblicos.com.br\/?p=4939"},"modified":"2025-05-08T18:45:45","modified_gmt":"2025-05-08T21:45:45","slug":"encontre-a-paz-interior-a-jornada-de-autoconhecimento-e-equilibrio-espiritual","status":"publish","type":"post","link":"http:\/\/salmosbiblicos.com.br\/index.php\/2025\/05\/08\/encontre-a-paz-interior-a-jornada-de-autoconhecimento-e-equilibrio-espiritual\/","title":{"rendered":"Encontre a Paz Interior: A Jornada de Autoconhecimento e Equil\u00edbrio Espiritual"},"content":{"rendered":"<p>Hoje quero falar sobre a import\u00e2ncia de cultivar a paz interior em meio ao caos do mundo. Em um mundo cada vez mais agitado e cheio de preocupa\u00e7\u00f5es, \u00e9 fundamental buscarmos a serenidade em nosso cora\u00e7\u00e3o.<\/p>\n<p>Muitas vezes nos vemos envolvidos em situa\u00e7\u00f5es estressantes, seja no trabalho, em casa, ou at\u00e9 mesmo em nosso conv\u00edvio social. \u00c9 nessas horas que precisamos parar, respirar fundo e lembrar que a paz est\u00e1 dentro de n\u00f3s.<\/p>\n<p>A paz interior n\u00e3o \u00e9 algo que se conquista de uma hora para outra, \u00e9 um processo cont\u00ednuo de autoconhecimento e aceita\u00e7\u00e3o. \u00c9 preciso aprender a lidar com nossas emo\u00e7\u00f5es, reconhecer nossas limita\u00e7\u00f5es e buscar o equil\u00edbrio em meio ao turbilh\u00e3o de pensamentos que nos assolam diariamente.<\/p>\n<p>Quando nos conectamos com nossa ess\u00eancia, com aquilo que nos faz bem e nos traz paz, conseguimos enfrentar as adversidades com mais leveza e tranquilidade. A espiritualidade \u00e9 uma grande aliada nesse processo, pois nos conecta com algo maior do que n\u00f3s mesmos, nos lembrando que n\u00e3o estamos sozinhos em nossa jornada.<\/p>\n<p>Independentemente da sua cren\u00e7a ou religi\u00e3o, \u00e9 importante reservar um tempo para se conectar com o divino, seja atrav\u00e9s da ora\u00e7\u00e3o, da medita\u00e7\u00e3o, ou simplesmente contemplando a natureza. \u00c9 nesses momentos de recolhimento que encontramos a paz que tanto buscamos.<\/p>\n<p>Lembre-se que a paz n\u00e3o \u00e9 a aus\u00eancia de problemas, mas sim a capacidade de enfrent\u00e1-los com serenidade e confian\u00e7a. \u00c9 saber que, mesmo diante das tempestades da vida, podemos encontrar um porto seguro em nosso cora\u00e7\u00e3o.<\/p>\n<p>Portanto, hoje eu te convido a buscar a paz interior, a se conectar com aquilo que te faz bem e te traz tranquilidade. Que possamos nos lembrar que somos seres espirituais em uma jornada de aprendizado e evolu\u00e7\u00e3o, e que a paz est\u00e1 ao alcance de todos n\u00f3s, basta apenas abrir o cora\u00e7\u00e3o e permitir que ela entre.<\/p>\n<p>Que a paz que excede todo entendimento esteja contigo, te fortalecendo e te guiando em todos os momentos. Lembre-se sempre: a paz come\u00e7a dentro de voc\u00ea.<\/p>\n","protected":false},"excerpt":{"rendered":"<p>Hoje quero falar sobre a import\u00e2ncia de cultivar a paz interior em meio ao caos do mundo. Em um mundo cada vez mais agitado e cheio de preocupa\u00e7\u00f5es, \u00e9 fundamental buscarmos a serenidade em nosso cora\u00e7\u00e3o. Muitas vezes nos vemos envolvidos em situa\u00e7\u00f5es estressantes, seja no trabalho, em casa, ou at\u00e9 mesmo em nosso conv\u00edvio [&hellip;]<\/p>\n","protected":false},"author":2,"featured_media":0,"comment_status":"closed","ping_status":"open","sticky":false,"template":"","format":"standard","meta":{"footnotes":""},"categories":[6],"tags":[],"class_list":["post-4939","post","type-post","status-publish","format-standard","hentry","category-reflexao-do-dia"],"yoast_head":"<!-- This site is optimized with the Yoast SEO plugin v27.2 - https:\/\/yoast.com\/product\/yoast-seo-wordpress\/ -->\n<title>Encontre a Paz Interior: A Jornada de Autoconhecimento e Equil\u00edbrio Espiritual - Salmos B\u00edblicos<\/title>\n<meta name=\"robots\" content=\"index, follow, max-snippet:-1, max-image-preview:large, max-video-preview:-1\" \/>\n<link rel=\"canonical\" href=\"http:\/\/salmosbiblicos.com.br\/index.php\/2025\/05\/08\/encontre-a-paz-interior-a-jornada-de-autoconhecimento-e-equilibrio-espiritual\/\" \/>\n<meta property=\"og:locale\" content=\"pt_BR\" \/>\n<meta property=\"og:type\" content=\"article\" \/>\n<meta property=\"og:title\" content=\"Encontre a Paz Interior: A Jornada de Autoconhecimento e Equil\u00edbrio Espiritual - Salmos B\u00edblicos\" \/>\n<meta property=\"og:description\" content=\"Hoje quero falar sobre a import\u00e2ncia de cultivar a paz interior em meio ao caos do mundo. Em um mundo cada vez mais agitado e cheio de preocupa\u00e7\u00f5es, \u00e9 fundamental buscarmos a serenidade em nosso cora\u00e7\u00e3o. Muitas vezes nos vemos envolvidos em situa\u00e7\u00f5es estressantes, seja no trabalho, em casa, ou at\u00e9 mesmo em nosso conv\u00edvio [&hellip;]\" \/>\n<meta property=\"og:url\" content=\"http:\/\/salmosbiblicos.com.br\/index.php\/2025\/05\/08\/encontre-a-paz-interior-a-jornada-de-autoconhecimento-e-equilibrio-espiritual\/\" \/>\n<meta property=\"og:site_name\" content=\"Salmos B\u00edblicos\" \/>\n<meta property=\"article:published_time\" content=\"2025-05-08T21:45:45+00:00\" \/>\n<meta name=\"author\" content=\"Irmao\" \/>\n<meta name=\"twitter:card\" content=\"summary_large_image\" \/>\n<meta name=\"twitter:label1\" content=\"Escrito por\" \/>\n\t<meta name=\"twitter:data1\" content=\"Irmao\" \/>\n\t<meta name=\"twitter:label2\" content=\"Est. tempo de leitura\" \/>\n\t<meta name=\"twitter:data2\" content=\"2 minutos\" \/>\n<script type=\"application\/ld+json\" class=\"yoast-schema-graph\">{\"@context\":\"https:\/\/schema.org\",\"@graph\":[{\"@type\":\"Article\",\"@id\":\"http:\/\/salmosbiblicos.com.br\/index.php\/2025\/05\/08\/encontre-a-paz-interior-a-jornada-de-autoconhecimento-e-equilibrio-espiritual\/#article\",\"isPartOf\":{\"@id\":\"http:\/\/salmosbiblicos.com.br\/index.php\/2025\/05\/08\/encontre-a-paz-interior-a-jornada-de-autoconhecimento-e-equilibrio-espiritual\/\"},\"author\":{\"name\":\"Irmao\",\"@id\":\"https:\/\/salmosbiblicos.com.br\/#\/schema\/person\/760735259ba35f1e44e89c71c72d79da\"},\"headline\":\"Encontre a Paz Interior: A Jornada de Autoconhecimento e Equil\u00edbrio Espiritual\",\"datePublished\":\"2025-05-08T21:45:45+00:00\",\"mainEntityOfPage\":{\"@id\":\"http:\/\/salmosbiblicos.com.br\/index.php\/2025\/05\/08\/encontre-a-paz-interior-a-jornada-de-autoconhecimento-e-equilibrio-espiritual\/\"},\"wordCount\":365,\"articleSection\":[\"Reflex\u00e3o do Dia\"],\"inLanguage\":\"pt-BR\"},{\"@type\":\"WebPage\",\"@id\":\"http:\/\/salmosbiblicos.com.br\/index.php\/2025\/05\/08\/encontre-a-paz-interior-a-jornada-de-autoconhecimento-e-equilibrio-espiritual\/\",\"url\":\"http:\/\/salmosbiblicos.com.br\/index.php\/2025\/05\/08\/encontre-a-paz-interior-a-jornada-de-autoconhecimento-e-equilibrio-espiritual\/\",\"name\":\"Encontre a Paz Interior: A Jornada de Autoconhecimento e Equil\u00edbrio Espiritual - Salmos B\u00edblicos\",\"isPartOf\":{\"@id\":\"https:\/\/salmosbiblicos.com.br\/#website\"},\"datePublished\":\"2025-05-08T21:45:45+00:00\",\"author\":{\"@id\":\"https:\/\/salmosbiblicos.com.br\/#\/schema\/person\/760735259ba35f1e44e89c71c72d79da\"},\"breadcrumb\":{\"@id\":\"http:\/\/salmosbiblicos.com.br\/index.php\/2025\/05\/08\/encontre-a-paz-interior-a-jornada-de-autoconhecimento-e-equilibrio-espiritual\/#breadcrumb\"},\"inLanguage\":\"pt-BR\",\"potentialAction\":[{\"@type\":\"ReadAction\",\"target\":[\"http:\/\/salmosbiblicos.com.br\/index.php\/2025\/05\/08\/encontre-a-paz-interior-a-jornada-de-autoconhecimento-e-equilibrio-espiritual\/\"]}]},{\"@type\":\"BreadcrumbList\",\"@id\":\"http:\/\/salmosbiblicos.com.br\/index.php\/2025\/05\/08\/encontre-a-paz-interior-a-jornada-de-autoconhecimento-e-equilibrio-espiritual\/#breadcrumb\",\"itemListElement\":[{\"@type\":\"ListItem\",\"position\":1,\"name\":\"Home\",\"item\":\"https:\/\/salmosbiblicos.com.br\/\"},{\"@type\":\"ListItem\",\"position\":2,\"name\":\"Encontre a Paz Interior: A Jornada de Autoconhecimento e Equil\u00edbrio Espiritual\"}]},{\"@type\":\"WebSite\",\"@id\":\"https:\/\/salmosbiblicos.com.br\/#website\",\"url\":\"https:\/\/salmosbiblicos.com.br\/\",\"name\":\"Salmos B\u00edblicos\",\"description\":\"Uma e-Livraria com e-Books novos para voc\u00ea refletir.\",\"potentialAction\":[{\"@type\":\"SearchAction\",\"target\":{\"@type\":\"EntryPoint\",\"urlTemplate\":\"https:\/\/salmosbiblicos.com.br\/?s={search_term_string}\"},\"query-input\":{\"@type\":\"PropertyValueSpecification\",\"valueRequired\":true,\"valueName\":\"search_term_string\"}}],\"inLanguage\":\"pt-BR\"},{\"@type\":\"Person\",\"@id\":\"https:\/\/salmosbiblicos.com.br\/#\/schema\/person\/760735259ba35f1e44e89c71c72d79da\",\"name\":\"Irmao\",\"image\":{\"@type\":\"ImageObject\",\"inLanguage\":\"pt-BR\",\"@id\":\"https:\/\/secure.gravatar.com\/avatar\/?s=96&d=mm&r=g\",\"url\":\"https:\/\/secure.gravatar.com\/avatar\/?s=96&d=mm&r=g\",\"contentUrl\":\"https:\/\/secure.gravatar.com\/avatar\/?s=96&d=mm&r=g\",\"caption\":\"Irmao\"},\"url\":\"http:\/\/salmosbiblicos.com.br\/index.php\/author\/irmao\/\"}]}<\/script>\n<!-- \/ Yoast SEO plugin. -->","yoast_head_json":{"title":"Encontre a Paz Interior: A Jornada de Autoconhecimento e Equil\u00edbrio Espiritual - Salmos B\u00edblicos","robots":{"index":"index","follow":"follow","max-snippet":"max-snippet:-1","max-image-preview":"max-image-preview:large","max-video-preview":"max-video-preview:-1"},"canonical":"http:\/\/salmosbiblicos.com.br\/index.php\/2025\/05\/08\/encontre-a-paz-interior-a-jornada-de-autoconhecimento-e-equilibrio-espiritual\/","og_locale":"pt_BR","og_type":"article","og_title":"Encontre a Paz Interior: A Jornada de Autoconhecimento e Equil\u00edbrio Espiritual - Salmos B\u00edblicos","og_description":"Hoje quero falar sobre a import\u00e2ncia de cultivar a paz interior em meio ao caos do mundo. Em um mundo cada vez mais agitado e cheio de preocupa\u00e7\u00f5es, \u00e9 fundamental buscarmos a serenidade em nosso cora\u00e7\u00e3o. Muitas vezes nos vemos envolvidos em situa\u00e7\u00f5es estressantes, seja no trabalho, em casa, ou at\u00e9 mesmo em nosso conv\u00edvio [&hellip;]","og_url":"http:\/\/salmosbiblicos.com.br\/index.php\/2025\/05\/08\/encontre-a-paz-interior-a-jornada-de-autoconhecimento-e-equilibrio-espiritual\/","og_site_name":"Salmos B\u00edblicos","article_published_time":"2025-05-08T21:45:45+00:00","author":"Irmao","twitter_card":"summary_large_image","twitter_misc":{"Escrito por":"Irmao","Est. tempo de leitura":"2 minutos"},"schema":{"@context":"https:\/\/schema.org","@graph":[{"@type":"Article","@id":"http:\/\/salmosbiblicos.com.br\/index.php\/2025\/05\/08\/encontre-a-paz-interior-a-jornada-de-autoconhecimento-e-equilibrio-espiritual\/#article","isPartOf":{"@id":"http:\/\/salmosbiblicos.com.br\/index.php\/2025\/05\/08\/encontre-a-paz-interior-a-jornada-de-autoconhecimento-e-equilibrio-espiritual\/"},"author":{"name":"Irmao","@id":"https:\/\/salmosbiblicos.com.br\/#\/schema\/person\/760735259ba35f1e44e89c71c72d79da"},"headline":"Encontre a Paz Interior: A Jornada de Autoconhecimento e Equil\u00edbrio Espiritual","datePublished":"2025-05-08T21:45:45+00:00","mainEntityOfPage":{"@id":"http:\/\/salmosbiblicos.com.br\/index.php\/2025\/05\/08\/encontre-a-paz-interior-a-jornada-de-autoconhecimento-e-equilibrio-espiritual\/"},"wordCount":365,"articleSection":["Reflex\u00e3o do Dia"],"inLanguage":"pt-BR"},{"@type":"WebPage","@id":"http:\/\/salmosbiblicos.com.br\/index.php\/2025\/05\/08\/encontre-a-paz-interior-a-jornada-de-autoconhecimento-e-equilibrio-espiritual\/","url":"http:\/\/salmosbiblicos.com.br\/index.php\/2025\/05\/08\/encontre-a-paz-interior-a-jornada-de-autoconhecimento-e-equilibrio-espiritual\/","name":"Encontre a Paz Interior: A Jornada de Autoconhecimento e Equil\u00edbrio Espiritual - Salmos B\u00edblicos","isPartOf":{"@id":"https:\/\/salmosbiblicos.com.br\/#website"},"datePublished":"2025-05-08T21:45:45+00:00","author":{"@id":"https:\/\/salmosbiblicos.com.br\/#\/schema\/person\/760735259ba35f1e44e89c71c72d79da"},"breadcrumb":{"@id":"http:\/\/salmosbiblicos.com.br\/index.php\/2025\/05\/08\/encontre-a-paz-interior-a-jornada-de-autoconhecimento-e-equilibrio-espiritual\/#breadcrumb"},"inLanguage":"pt-BR","potentialAction":[{"@type":"ReadAction","target":["http:\/\/salmosbiblicos.com.br\/index.php\/2025\/05\/08\/encontre-a-paz-interior-a-jornada-de-autoconhecimento-e-equilibrio-espiritual\/"]}]},{"@type":"BreadcrumbList","@id":"http:\/\/salmosbiblicos.com.br\/index.php\/2025\/05\/08\/encontre-a-paz-interior-a-jornada-de-autoconhecimento-e-equilibrio-espiritual\/#breadcrumb","itemListElement":[{"@type":"ListItem","position":1,"name":"Home","item":"https:\/\/salmosbiblicos.com.br\/"},{"@type":"ListItem","position":2,"name":"Encontre a Paz Interior: A Jornada de Autoconhecimento e Equil\u00edbrio Espiritual"}]},{"@type":"WebSite","@id":"https:\/\/salmosbiblicos.com.br\/#website","url":"https:\/\/salmosbiblicos.com.br\/","name":"Salmos B\u00edblicos","description":"Uma e-Livraria com e-Books novos para voc\u00ea refletir.","potentialAction":[{"@type":"SearchAction","target":{"@type":"EntryPoint","urlTemplate":"https:\/\/salmosbiblicos.com.br\/?s={search_term_string}"},"query-input":{"@type":"PropertyValueSpecification","valueRequired":true,"valueName":"search_term_string"}}],"inLanguage":"pt-BR"},{"@type":"Person","@id":"https:\/\/salmosbiblicos.com.br\/#\/schema\/person\/760735259ba35f1e44e89c71c72d79da","name":"Irmao","image":{"@type":"ImageObject","inLanguage":"pt-BR","@id":"https:\/\/secure.gravatar.com\/avatar\/?s=96&d=mm&r=g","url":"https:\/\/secure.gravatar.com\/avatar\/?s=96&d=mm&r=g","contentUrl":"https:\/\/secure.gravatar.com\/avatar\/?s=96&d=mm&r=g","caption":"Irmao"},"url":"http:\/\/salmosbiblicos.com.br\/index.php\/author\/irmao\/"}]}},"_links":{"self":[{"href":"http:\/\/salmosbiblicos.com.br\/index.php\/wp-json\/wp\/v2\/posts\/4939","targetHints":{"allow":["GET"]}}],"collection":[{"href":"http:\/\/salmosbiblicos.com.br\/index.php\/wp-json\/wp\/v2\/posts"}],"about":[{"href":"http:\/\/salmosbiblicos.com.br\/index.php\/wp-json\/wp\/v2\/types\/post"}],"author":[{"embeddable":true,"href":"http:\/\/salmosbiblicos.com.br\/index.php\/wp-json\/wp\/v2\/users\/2"}],"replies":[{"embeddable":true,"href":"http:\/\/salmosbiblicos.com.br\/index.php\/wp-json\/wp\/v2\/comments?post=4939"}],"version-history":[{"count":0,"href":"http:\/\/salmosbiblicos.com.br\/index.php\/wp-json\/wp\/v2\/posts\/4939\/revisions"}],"wp:attachment":[{"href":"http:\/\/salmosbiblicos.com.br\/index.php\/wp-json\/wp\/v2\/media?parent=4939"}],"wp:term":[{"taxonomy":"category","embeddable":true,"href":"http:\/\/salmosbiblicos.com.br\/index.php\/wp-json\/wp\/v2\/categories?post=4939"},{"taxonomy":"post_tag","embeddable":true,"href":"http:\/\/salmosbiblicos.com.br\/index.php\/wp-json\/wp\/v2\/tags?post=4939"}],"curies":[{"name":"wp","href":"https:\/\/api.w.org\/{rel}","templated":true}]}}