{"id":4943,"date":"2025-05-08T18:46:03","date_gmt":"2025-05-08T21:46:03","guid":{"rendered":"https:\/\/salmosbiblicos.com.br\/?p=4943"},"modified":"2025-05-08T18:46:03","modified_gmt":"2025-05-08T21:46:03","slug":"o-poder-da-gratidao-conectando-se-com-a-presenca-divina-em-sua-vida","status":"publish","type":"post","link":"http:\/\/salmosbiblicos.com.br\/index.php\/2025\/05\/08\/o-poder-da-gratidao-conectando-se-com-a-presenca-divina-em-sua-vida\/","title":{"rendered":"O poder da gratid\u00e3o: conectando-se com a presen\u00e7a divina em sua vida"},"content":{"rendered":"<p>Hoje, gostaria de compartilhar com voc\u00ea uma reflex\u00e3o sobre a import\u00e2ncia da gratid\u00e3o em nossas vidas. Em meio aos desafios e turbul\u00eancias do dia a dia, muitas vezes esquecemos de agradecer pelas pequenas e grandes b\u00ean\u00e7\u00e3os que recebemos constantemente.<\/p>\n<p>A gratid\u00e3o \u00e9 uma atitude que nos conecta com algo maior do que n\u00f3s mesmos. Quando reconhecemos e valorizamos tudo aquilo que temos, abrimos espa\u00e7o para a abund\u00e2ncia e a positividade flu\u00edrem em nossas vidas. A gratid\u00e3o nos lembra de que n\u00e3o estamos sozinhos, que h\u00e1 uma for\u00e7a divina que nos sustenta e nos guia em todos os momentos.<\/p>\n<p>Mesmo nos momentos mais dif\u00edceis, \u00e9 importante cultivar a gratid\u00e3o. Pois, mesmo diante das adversidades, h\u00e1 sempre algo pelo qual podemos agradecer. Seja a sa\u00fade que nos permite viver mais um dia, o amor da fam\u00edlia e dos amigos, a beleza da natureza que nos cerca, ou simplesmente a oportunidade de aprender e crescer com as experi\u00eancias que a vida nos proporciona.<\/p>\n<p>A gratid\u00e3o nos ajuda a manter o cora\u00e7\u00e3o aberto para receber as gra\u00e7as divinas. Quando agradecemos, estamos reconhecendo a presen\u00e7a de Deus em nossas vidas e nos colocando em sintonia com a sua vontade. A gratid\u00e3o nos torna mais humildes, mais conscientes de que somos parte de algo muito maior e mais grandioso do que podemos imaginar.<\/p>\n<p>Ent\u00e3o, hoje, convido voc\u00ea a praticar a gratid\u00e3o. Pare por um momento, respire fundo e pense em todas as coisas pelas quais voc\u00ea \u00e9 grato. Sinta a alegria e a paz que essa pr\u00e1tica traz ao seu cora\u00e7\u00e3o. Agrade\u00e7a por cada sorriso, por cada abra\u00e7o, por cada desafio superado, por cada nova oportunidade que se apresenta em sua vida.<\/p>\n<p>Que a gratid\u00e3o seja a luz que ilumina o seu caminho, que a sua f\u00e9 seja fortalecida pela certeza de que Deus est\u00e1 sempre ao seu lado, cuidando de voc\u00ea e guiando os seus passos. Que a gratid\u00e3o seja a ponte que te conecta com o divino, trazendo paz, esperan\u00e7a e amor para a sua jornada.<\/p>\n<p>Lembre-se: a gratid\u00e3o transforma a nossa realidade, trazendo mais amor, mais paz e mais felicidade para a nossa vida. Que a sua alma se encha de gratid\u00e3o e que o seu cora\u00e7\u00e3o transborde de amor. Agrade\u00e7a, sempre, e ver\u00e1 como a sua vida se transformar\u00e1 para melhor.<\/p>\n<p>Que a gratid\u00e3o seja a sua b\u00fassola, guiando-o sempre em dire\u00e7\u00e3o \u00e0 luz.<\/p>\n<p>Que a paz que excede todo entendimento esteja sempre com voc\u00ea. Am\u00e9m.<\/p>\n","protected":false},"excerpt":{"rendered":"<p>Hoje, gostaria de compartilhar com voc\u00ea uma reflex\u00e3o sobre a import\u00e2ncia da gratid\u00e3o em nossas vidas. Em meio aos desafios e turbul\u00eancias do dia a dia, muitas vezes esquecemos de agradecer pelas pequenas e grandes b\u00ean\u00e7\u00e3os que recebemos constantemente. A gratid\u00e3o \u00e9 uma atitude que nos conecta com algo maior do que n\u00f3s mesmos. Quando [&hellip;]<\/p>\n","protected":false},"author":2,"featured_media":0,"comment_status":"closed","ping_status":"open","sticky":false,"template":"","format":"standard","meta":{"footnotes":""},"categories":[6],"tags":[],"class_list":["post-4943","post","type-post","status-publish","format-standard","hentry","category-reflexao-do-dia"],"yoast_head":"<!-- This site is optimized with the Yoast SEO plugin v27.2 - https:\/\/yoast.com\/product\/yoast-seo-wordpress\/ -->\n<title>O poder da gratid\u00e3o: conectando-se com a presen\u00e7a divina em sua vida - Salmos B\u00edblicos<\/title>\n<meta name=\"robots\" content=\"index, follow, max-snippet:-1, max-image-preview:large, max-video-preview:-1\" \/>\n<link rel=\"canonical\" href=\"http:\/\/salmosbiblicos.com.br\/index.php\/2025\/05\/08\/o-poder-da-gratidao-conectando-se-com-a-presenca-divina-em-sua-vida\/\" \/>\n<meta property=\"og:locale\" content=\"pt_BR\" \/>\n<meta property=\"og:type\" content=\"article\" \/>\n<meta property=\"og:title\" content=\"O poder da gratid\u00e3o: conectando-se com a presen\u00e7a divina em sua vida - Salmos B\u00edblicos\" \/>\n<meta property=\"og:description\" content=\"Hoje, gostaria de compartilhar com voc\u00ea uma reflex\u00e3o sobre a import\u00e2ncia da gratid\u00e3o em nossas vidas. Em meio aos desafios e turbul\u00eancias do dia a dia, muitas vezes esquecemos de agradecer pelas pequenas e grandes b\u00ean\u00e7\u00e3os que recebemos constantemente. A gratid\u00e3o \u00e9 uma atitude que nos conecta com algo maior do que n\u00f3s mesmos. Quando [&hellip;]\" \/>\n<meta property=\"og:url\" content=\"http:\/\/salmosbiblicos.com.br\/index.php\/2025\/05\/08\/o-poder-da-gratidao-conectando-se-com-a-presenca-divina-em-sua-vida\/\" \/>\n<meta property=\"og:site_name\" content=\"Salmos B\u00edblicos\" \/>\n<meta property=\"article:published_time\" content=\"2025-05-08T21:46:03+00:00\" \/>\n<meta name=\"author\" content=\"Irmao\" \/>\n<meta name=\"twitter:card\" content=\"summary_large_image\" \/>\n<meta name=\"twitter:label1\" content=\"Escrito por\" \/>\n\t<meta name=\"twitter:data1\" content=\"Irmao\" \/>\n\t<meta name=\"twitter:label2\" content=\"Est. tempo de leitura\" \/>\n\t<meta name=\"twitter:data2\" content=\"2 minutos\" \/>\n<script type=\"application\/ld+json\" class=\"yoast-schema-graph\">{\"@context\":\"https:\/\/schema.org\",\"@graph\":[{\"@type\":\"Article\",\"@id\":\"http:\/\/salmosbiblicos.com.br\/index.php\/2025\/05\/08\/o-poder-da-gratidao-conectando-se-com-a-presenca-divina-em-sua-vida\/#article\",\"isPartOf\":{\"@id\":\"http:\/\/salmosbiblicos.com.br\/index.php\/2025\/05\/08\/o-poder-da-gratidao-conectando-se-com-a-presenca-divina-em-sua-vida\/\"},\"author\":{\"name\":\"Irmao\",\"@id\":\"https:\/\/salmosbiblicos.com.br\/#\/schema\/person\/760735259ba35f1e44e89c71c72d79da\"},\"headline\":\"O poder da gratid\u00e3o: conectando-se com a presen\u00e7a divina em sua vida\",\"datePublished\":\"2025-05-08T21:46:03+00:00\",\"mainEntityOfPage\":{\"@id\":\"http:\/\/salmosbiblicos.com.br\/index.php\/2025\/05\/08\/o-poder-da-gratidao-conectando-se-com-a-presenca-divina-em-sua-vida\/\"},\"wordCount\":455,\"articleSection\":[\"Reflex\u00e3o do Dia\"],\"inLanguage\":\"pt-BR\"},{\"@type\":\"WebPage\",\"@id\":\"http:\/\/salmosbiblicos.com.br\/index.php\/2025\/05\/08\/o-poder-da-gratidao-conectando-se-com-a-presenca-divina-em-sua-vida\/\",\"url\":\"http:\/\/salmosbiblicos.com.br\/index.php\/2025\/05\/08\/o-poder-da-gratidao-conectando-se-com-a-presenca-divina-em-sua-vida\/\",\"name\":\"O poder da gratid\u00e3o: conectando-se com a presen\u00e7a divina em sua vida - Salmos B\u00edblicos\",\"isPartOf\":{\"@id\":\"https:\/\/salmosbiblicos.com.br\/#website\"},\"datePublished\":\"2025-05-08T21:46:03+00:00\",\"author\":{\"@id\":\"https:\/\/salmosbiblicos.com.br\/#\/schema\/person\/760735259ba35f1e44e89c71c72d79da\"},\"breadcrumb\":{\"@id\":\"http:\/\/salmosbiblicos.com.br\/index.php\/2025\/05\/08\/o-poder-da-gratidao-conectando-se-com-a-presenca-divina-em-sua-vida\/#breadcrumb\"},\"inLanguage\":\"pt-BR\",\"potentialAction\":[{\"@type\":\"ReadAction\",\"target\":[\"http:\/\/salmosbiblicos.com.br\/index.php\/2025\/05\/08\/o-poder-da-gratidao-conectando-se-com-a-presenca-divina-em-sua-vida\/\"]}]},{\"@type\":\"BreadcrumbList\",\"@id\":\"http:\/\/salmosbiblicos.com.br\/index.php\/2025\/05\/08\/o-poder-da-gratidao-conectando-se-com-a-presenca-divina-em-sua-vida\/#breadcrumb\",\"itemListElement\":[{\"@type\":\"ListItem\",\"position\":1,\"name\":\"Home\",\"item\":\"https:\/\/salmosbiblicos.com.br\/\"},{\"@type\":\"ListItem\",\"position\":2,\"name\":\"O poder da gratid\u00e3o: conectando-se com a presen\u00e7a divina em sua vida\"}]},{\"@type\":\"WebSite\",\"@id\":\"https:\/\/salmosbiblicos.com.br\/#website\",\"url\":\"https:\/\/salmosbiblicos.com.br\/\",\"name\":\"Salmos B\u00edblicos\",\"description\":\"Uma e-Livraria com e-Books novos para voc\u00ea refletir.\",\"potentialAction\":[{\"@type\":\"SearchAction\",\"target\":{\"@type\":\"EntryPoint\",\"urlTemplate\":\"https:\/\/salmosbiblicos.com.br\/?s={search_term_string}\"},\"query-input\":{\"@type\":\"PropertyValueSpecification\",\"valueRequired\":true,\"valueName\":\"search_term_string\"}}],\"inLanguage\":\"pt-BR\"},{\"@type\":\"Person\",\"@id\":\"https:\/\/salmosbiblicos.com.br\/#\/schema\/person\/760735259ba35f1e44e89c71c72d79da\",\"name\":\"Irmao\",\"image\":{\"@type\":\"ImageObject\",\"inLanguage\":\"pt-BR\",\"@id\":\"https:\/\/secure.gravatar.com\/avatar\/?s=96&d=mm&r=g\",\"url\":\"https:\/\/secure.gravatar.com\/avatar\/?s=96&d=mm&r=g\",\"contentUrl\":\"https:\/\/secure.gravatar.com\/avatar\/?s=96&d=mm&r=g\",\"caption\":\"Irmao\"},\"url\":\"http:\/\/salmosbiblicos.com.br\/index.php\/author\/irmao\/\"}]}<\/script>\n<!-- \/ Yoast SEO plugin. -->","yoast_head_json":{"title":"O poder da gratid\u00e3o: conectando-se com a presen\u00e7a divina em sua vida - Salmos B\u00edblicos","robots":{"index":"index","follow":"follow","max-snippet":"max-snippet:-1","max-image-preview":"max-image-preview:large","max-video-preview":"max-video-preview:-1"},"canonical":"http:\/\/salmosbiblicos.com.br\/index.php\/2025\/05\/08\/o-poder-da-gratidao-conectando-se-com-a-presenca-divina-em-sua-vida\/","og_locale":"pt_BR","og_type":"article","og_title":"O poder da gratid\u00e3o: conectando-se com a presen\u00e7a divina em sua vida - Salmos B\u00edblicos","og_description":"Hoje, gostaria de compartilhar com voc\u00ea uma reflex\u00e3o sobre a import\u00e2ncia da gratid\u00e3o em nossas vidas. Em meio aos desafios e turbul\u00eancias do dia a dia, muitas vezes esquecemos de agradecer pelas pequenas e grandes b\u00ean\u00e7\u00e3os que recebemos constantemente. A gratid\u00e3o \u00e9 uma atitude que nos conecta com algo maior do que n\u00f3s mesmos. Quando [&hellip;]","og_url":"http:\/\/salmosbiblicos.com.br\/index.php\/2025\/05\/08\/o-poder-da-gratidao-conectando-se-com-a-presenca-divina-em-sua-vida\/","og_site_name":"Salmos B\u00edblicos","article_published_time":"2025-05-08T21:46:03+00:00","author":"Irmao","twitter_card":"summary_large_image","twitter_misc":{"Escrito por":"Irmao","Est. tempo de leitura":"2 minutos"},"schema":{"@context":"https:\/\/schema.org","@graph":[{"@type":"Article","@id":"http:\/\/salmosbiblicos.com.br\/index.php\/2025\/05\/08\/o-poder-da-gratidao-conectando-se-com-a-presenca-divina-em-sua-vida\/#article","isPartOf":{"@id":"http:\/\/salmosbiblicos.com.br\/index.php\/2025\/05\/08\/o-poder-da-gratidao-conectando-se-com-a-presenca-divina-em-sua-vida\/"},"author":{"name":"Irmao","@id":"https:\/\/salmosbiblicos.com.br\/#\/schema\/person\/760735259ba35f1e44e89c71c72d79da"},"headline":"O poder da gratid\u00e3o: conectando-se com a presen\u00e7a divina em sua vida","datePublished":"2025-05-08T21:46:03+00:00","mainEntityOfPage":{"@id":"http:\/\/salmosbiblicos.com.br\/index.php\/2025\/05\/08\/o-poder-da-gratidao-conectando-se-com-a-presenca-divina-em-sua-vida\/"},"wordCount":455,"articleSection":["Reflex\u00e3o do Dia"],"inLanguage":"pt-BR"},{"@type":"WebPage","@id":"http:\/\/salmosbiblicos.com.br\/index.php\/2025\/05\/08\/o-poder-da-gratidao-conectando-se-com-a-presenca-divina-em-sua-vida\/","url":"http:\/\/salmosbiblicos.com.br\/index.php\/2025\/05\/08\/o-poder-da-gratidao-conectando-se-com-a-presenca-divina-em-sua-vida\/","name":"O poder da gratid\u00e3o: conectando-se com a presen\u00e7a divina em sua vida - Salmos B\u00edblicos","isPartOf":{"@id":"https:\/\/salmosbiblicos.com.br\/#website"},"datePublished":"2025-05-08T21:46:03+00:00","author":{"@id":"https:\/\/salmosbiblicos.com.br\/#\/schema\/person\/760735259ba35f1e44e89c71c72d79da"},"breadcrumb":{"@id":"http:\/\/salmosbiblicos.com.br\/index.php\/2025\/05\/08\/o-poder-da-gratidao-conectando-se-com-a-presenca-divina-em-sua-vida\/#breadcrumb"},"inLanguage":"pt-BR","potentialAction":[{"@type":"ReadAction","target":["http:\/\/salmosbiblicos.com.br\/index.php\/2025\/05\/08\/o-poder-da-gratidao-conectando-se-com-a-presenca-divina-em-sua-vida\/"]}]},{"@type":"BreadcrumbList","@id":"http:\/\/salmosbiblicos.com.br\/index.php\/2025\/05\/08\/o-poder-da-gratidao-conectando-se-com-a-presenca-divina-em-sua-vida\/#breadcrumb","itemListElement":[{"@type":"ListItem","position":1,"name":"Home","item":"https:\/\/salmosbiblicos.com.br\/"},{"@type":"ListItem","position":2,"name":"O poder da gratid\u00e3o: conectando-se com a presen\u00e7a divina em sua vida"}]},{"@type":"WebSite","@id":"https:\/\/salmosbiblicos.com.br\/#website","url":"https:\/\/salmosbiblicos.com.br\/","name":"Salmos B\u00edblicos","description":"Uma e-Livraria com e-Books novos para voc\u00ea refletir.","potentialAction":[{"@type":"SearchAction","target":{"@type":"EntryPoint","urlTemplate":"https:\/\/salmosbiblicos.com.br\/?s={search_term_string}"},"query-input":{"@type":"PropertyValueSpecification","valueRequired":true,"valueName":"search_term_string"}}],"inLanguage":"pt-BR"},{"@type":"Person","@id":"https:\/\/salmosbiblicos.com.br\/#\/schema\/person\/760735259ba35f1e44e89c71c72d79da","name":"Irmao","image":{"@type":"ImageObject","inLanguage":"pt-BR","@id":"https:\/\/secure.gravatar.com\/avatar\/?s=96&d=mm&r=g","url":"https:\/\/secure.gravatar.com\/avatar\/?s=96&d=mm&r=g","contentUrl":"https:\/\/secure.gravatar.com\/avatar\/?s=96&d=mm&r=g","caption":"Irmao"},"url":"http:\/\/salmosbiblicos.com.br\/index.php\/author\/irmao\/"}]}},"_links":{"self":[{"href":"http:\/\/salmosbiblicos.com.br\/index.php\/wp-json\/wp\/v2\/posts\/4943","targetHints":{"allow":["GET"]}}],"collection":[{"href":"http:\/\/salmosbiblicos.com.br\/index.php\/wp-json\/wp\/v2\/posts"}],"about":[{"href":"http:\/\/salmosbiblicos.com.br\/index.php\/wp-json\/wp\/v2\/types\/post"}],"author":[{"embeddable":true,"href":"http:\/\/salmosbiblicos.com.br\/index.php\/wp-json\/wp\/v2\/users\/2"}],"replies":[{"embeddable":true,"href":"http:\/\/salmosbiblicos.com.br\/index.php\/wp-json\/wp\/v2\/comments?post=4943"}],"version-history":[{"count":0,"href":"http:\/\/salmosbiblicos.com.br\/index.php\/wp-json\/wp\/v2\/posts\/4943\/revisions"}],"wp:attachment":[{"href":"http:\/\/salmosbiblicos.com.br\/index.php\/wp-json\/wp\/v2\/media?parent=4943"}],"wp:term":[{"taxonomy":"category","embeddable":true,"href":"http:\/\/salmosbiblicos.com.br\/index.php\/wp-json\/wp\/v2\/categories?post=4943"},{"taxonomy":"post_tag","embeddable":true,"href":"http:\/\/salmosbiblicos.com.br\/index.php\/wp-json\/wp\/v2\/tags?post=4943"}],"curies":[{"name":"wp","href":"https:\/\/api.w.org\/{rel}","templated":true}]}}