{"id":4947,"date":"2025-05-08T18:46:20","date_gmt":"2025-05-08T21:46:20","guid":{"rendered":"https:\/\/salmosbiblicos.com.br\/?p=4947"},"modified":"2025-05-08T18:46:20","modified_gmt":"2025-05-08T21:46:20","slug":"o-poder-transformador-da-gratidao-cultive-a-alegria-e-a-abundancia-em-sua-vida-espiritual","status":"publish","type":"post","link":"http:\/\/salmosbiblicos.com.br\/index.php\/2025\/05\/08\/o-poder-transformador-da-gratidao-cultive-a-alegria-e-a-abundancia-em-sua-vida-espiritual\/","title":{"rendered":"O Poder Transformador da Gratid\u00e3o: Cultive a Alegria e a Abund\u00e2ncia em Sua Vida Espiritual"},"content":{"rendered":"<p>Hoje quero falar sobre o poder da gratid\u00e3o em nossa vida espiritual. Muitas vezes, diante dos desafios do dia a dia, acabamos nos perdendo em preocupa\u00e7\u00f5es e esquecemos de agradecer pelas b\u00ean\u00e7\u00e3os que recebemos.<\/p>\n<p>A gratid\u00e3o \u00e9 uma ferramenta poderosa que nos conecta com o divino e nos ajuda a enxergar a beleza e a bondade ao nosso redor. Quando somos gratos, abrimos espa\u00e7o para que mais b\u00ean\u00e7\u00e3os fluam em nossa dire\u00e7\u00e3o, pois estamos vibrando na frequ\u00eancia do amor e da abund\u00e2ncia.<\/p>\n<p>Mesmo nos momentos dif\u00edceis, \u00e9 importante cultivar a gratid\u00e3o. Agrade\u00e7a pela oportunidade de aprendizado, pela for\u00e7a que surge em meio \u00e0s adversidades e pela presen\u00e7a de pessoas que te apoiam e te amparam. Agrade\u00e7a pela vida, pela sa\u00fade, pela natureza que nos presenteia com tanta beleza.<\/p>\n<p>Quando nos concentramos no que temos, em vez do que nos falta, nossa energia se transforma e somos capazes de atrair mais coisas boas para nossa jornada. A gratid\u00e3o nos ajuda a manter o cora\u00e7\u00e3o aberto e a mente positiva, mesmo nos momentos mais desafiadores.<\/p>\n<p>Ent\u00e3o, hoje, fa\u00e7a um exerc\u00edcio de gratid\u00e3o. Pare por um momento, respire fundo e agrade\u00e7a. Agrade\u00e7a pela luz do sol que ilumina seu dia, pelo ar que enche seus pulm\u00f5es, pela comida que nutre seu corpo. Agrade\u00e7a pelas pessoas que ama, pelos desafios que te fortalecem, pelas oportunidades de crescimento.<\/p>\n<p>E lembre-se: a gratid\u00e3o n\u00e3o \u00e9 apenas uma atitude, \u00e9 um estilo de vida. Cultive-a diariamente, seja grato pelas pequenas coisas, pelas grandes conquistas, pelos momentos de alegria e pelos instantes de paz.<\/p>\n<p>Que a gratid\u00e3o seja a sua companheira de jornada, guiando seus passos e iluminando seu caminho. E que a sua vida seja repleta de b\u00ean\u00e7\u00e3os, amor e harmonia.<\/p>\n<p>Lembre-se: a gratid\u00e3o transforma a nossa realidade e nos conecta com o divino. Agrade\u00e7a e seja feliz!<\/p>\n<p>Que a paz esteja sempre contigo.<\/p>\n","protected":false},"excerpt":{"rendered":"<p>Hoje quero falar sobre o poder da gratid\u00e3o em nossa vida espiritual. Muitas vezes, diante dos desafios do dia a dia, acabamos nos perdendo em preocupa\u00e7\u00f5es e esquecemos de agradecer pelas b\u00ean\u00e7\u00e3os que recebemos. A gratid\u00e3o \u00e9 uma ferramenta poderosa que nos conecta com o divino e nos ajuda a enxergar a beleza e a [&hellip;]<\/p>\n","protected":false},"author":2,"featured_media":0,"comment_status":"closed","ping_status":"open","sticky":false,"template":"","format":"standard","meta":{"footnotes":""},"categories":[6],"tags":[],"class_list":["post-4947","post","type-post","status-publish","format-standard","hentry","category-reflexao-do-dia"],"yoast_head":"<!-- This site is optimized with the Yoast SEO plugin v27.2 - https:\/\/yoast.com\/product\/yoast-seo-wordpress\/ -->\n<title>O Poder Transformador da Gratid\u00e3o: Cultive a Alegria e a Abund\u00e2ncia em Sua Vida Espiritual - Salmos B\u00edblicos<\/title>\n<meta name=\"robots\" content=\"index, follow, max-snippet:-1, max-image-preview:large, max-video-preview:-1\" \/>\n<link rel=\"canonical\" href=\"http:\/\/salmosbiblicos.com.br\/index.php\/2025\/05\/08\/o-poder-transformador-da-gratidao-cultive-a-alegria-e-a-abundancia-em-sua-vida-espiritual\/\" \/>\n<meta property=\"og:locale\" content=\"pt_BR\" \/>\n<meta property=\"og:type\" content=\"article\" \/>\n<meta property=\"og:title\" content=\"O Poder Transformador da Gratid\u00e3o: Cultive a Alegria e a Abund\u00e2ncia em Sua Vida Espiritual - Salmos B\u00edblicos\" \/>\n<meta property=\"og:description\" content=\"Hoje quero falar sobre o poder da gratid\u00e3o em nossa vida espiritual. Muitas vezes, diante dos desafios do dia a dia, acabamos nos perdendo em preocupa\u00e7\u00f5es e esquecemos de agradecer pelas b\u00ean\u00e7\u00e3os que recebemos. A gratid\u00e3o \u00e9 uma ferramenta poderosa que nos conecta com o divino e nos ajuda a enxergar a beleza e a [&hellip;]\" \/>\n<meta property=\"og:url\" content=\"http:\/\/salmosbiblicos.com.br\/index.php\/2025\/05\/08\/o-poder-transformador-da-gratidao-cultive-a-alegria-e-a-abundancia-em-sua-vida-espiritual\/\" \/>\n<meta property=\"og:site_name\" content=\"Salmos B\u00edblicos\" \/>\n<meta property=\"article:published_time\" content=\"2025-05-08T21:46:20+00:00\" \/>\n<meta name=\"author\" content=\"Irmao\" \/>\n<meta name=\"twitter:card\" content=\"summary_large_image\" \/>\n<meta name=\"twitter:label1\" content=\"Escrito por\" \/>\n\t<meta name=\"twitter:data1\" content=\"Irmao\" \/>\n\t<meta name=\"twitter:label2\" content=\"Est. tempo de leitura\" \/>\n\t<meta name=\"twitter:data2\" content=\"2 minutos\" \/>\n<script type=\"application\/ld+json\" class=\"yoast-schema-graph\">{\"@context\":\"https:\/\/schema.org\",\"@graph\":[{\"@type\":\"Article\",\"@id\":\"http:\/\/salmosbiblicos.com.br\/index.php\/2025\/05\/08\/o-poder-transformador-da-gratidao-cultive-a-alegria-e-a-abundancia-em-sua-vida-espiritual\/#article\",\"isPartOf\":{\"@id\":\"http:\/\/salmosbiblicos.com.br\/index.php\/2025\/05\/08\/o-poder-transformador-da-gratidao-cultive-a-alegria-e-a-abundancia-em-sua-vida-espiritual\/\"},\"author\":{\"name\":\"Irmao\",\"@id\":\"https:\/\/salmosbiblicos.com.br\/#\/schema\/person\/760735259ba35f1e44e89c71c72d79da\"},\"headline\":\"O Poder Transformador da Gratid\u00e3o: Cultive a Alegria e a Abund\u00e2ncia em Sua Vida Espiritual\",\"datePublished\":\"2025-05-08T21:46:20+00:00\",\"mainEntityOfPage\":{\"@id\":\"http:\/\/salmosbiblicos.com.br\/index.php\/2025\/05\/08\/o-poder-transformador-da-gratidao-cultive-a-alegria-e-a-abundancia-em-sua-vida-espiritual\/\"},\"wordCount\":355,\"articleSection\":[\"Reflex\u00e3o do Dia\"],\"inLanguage\":\"pt-BR\"},{\"@type\":\"WebPage\",\"@id\":\"http:\/\/salmosbiblicos.com.br\/index.php\/2025\/05\/08\/o-poder-transformador-da-gratidao-cultive-a-alegria-e-a-abundancia-em-sua-vida-espiritual\/\",\"url\":\"http:\/\/salmosbiblicos.com.br\/index.php\/2025\/05\/08\/o-poder-transformador-da-gratidao-cultive-a-alegria-e-a-abundancia-em-sua-vida-espiritual\/\",\"name\":\"O Poder Transformador da Gratid\u00e3o: Cultive a Alegria e a Abund\u00e2ncia em Sua Vida Espiritual - Salmos B\u00edblicos\",\"isPartOf\":{\"@id\":\"https:\/\/salmosbiblicos.com.br\/#website\"},\"datePublished\":\"2025-05-08T21:46:20+00:00\",\"author\":{\"@id\":\"https:\/\/salmosbiblicos.com.br\/#\/schema\/person\/760735259ba35f1e44e89c71c72d79da\"},\"breadcrumb\":{\"@id\":\"http:\/\/salmosbiblicos.com.br\/index.php\/2025\/05\/08\/o-poder-transformador-da-gratidao-cultive-a-alegria-e-a-abundancia-em-sua-vida-espiritual\/#breadcrumb\"},\"inLanguage\":\"pt-BR\",\"potentialAction\":[{\"@type\":\"ReadAction\",\"target\":[\"http:\/\/salmosbiblicos.com.br\/index.php\/2025\/05\/08\/o-poder-transformador-da-gratidao-cultive-a-alegria-e-a-abundancia-em-sua-vida-espiritual\/\"]}]},{\"@type\":\"BreadcrumbList\",\"@id\":\"http:\/\/salmosbiblicos.com.br\/index.php\/2025\/05\/08\/o-poder-transformador-da-gratidao-cultive-a-alegria-e-a-abundancia-em-sua-vida-espiritual\/#breadcrumb\",\"itemListElement\":[{\"@type\":\"ListItem\",\"position\":1,\"name\":\"Home\",\"item\":\"https:\/\/salmosbiblicos.com.br\/\"},{\"@type\":\"ListItem\",\"position\":2,\"name\":\"O Poder Transformador da Gratid\u00e3o: Cultive a Alegria e a Abund\u00e2ncia em Sua Vida Espiritual\"}]},{\"@type\":\"WebSite\",\"@id\":\"https:\/\/salmosbiblicos.com.br\/#website\",\"url\":\"https:\/\/salmosbiblicos.com.br\/\",\"name\":\"Salmos B\u00edblicos\",\"description\":\"Uma e-Livraria com e-Books novos para voc\u00ea refletir.\",\"potentialAction\":[{\"@type\":\"SearchAction\",\"target\":{\"@type\":\"EntryPoint\",\"urlTemplate\":\"https:\/\/salmosbiblicos.com.br\/?s={search_term_string}\"},\"query-input\":{\"@type\":\"PropertyValueSpecification\",\"valueRequired\":true,\"valueName\":\"search_term_string\"}}],\"inLanguage\":\"pt-BR\"},{\"@type\":\"Person\",\"@id\":\"https:\/\/salmosbiblicos.com.br\/#\/schema\/person\/760735259ba35f1e44e89c71c72d79da\",\"name\":\"Irmao\",\"image\":{\"@type\":\"ImageObject\",\"inLanguage\":\"pt-BR\",\"@id\":\"https:\/\/secure.gravatar.com\/avatar\/?s=96&d=mm&r=g\",\"url\":\"https:\/\/secure.gravatar.com\/avatar\/?s=96&d=mm&r=g\",\"contentUrl\":\"https:\/\/secure.gravatar.com\/avatar\/?s=96&d=mm&r=g\",\"caption\":\"Irmao\"},\"url\":\"http:\/\/salmosbiblicos.com.br\/index.php\/author\/irmao\/\"}]}<\/script>\n<!-- \/ Yoast SEO plugin. -->","yoast_head_json":{"title":"O Poder Transformador da Gratid\u00e3o: Cultive a Alegria e a Abund\u00e2ncia em Sua Vida Espiritual - Salmos B\u00edblicos","robots":{"index":"index","follow":"follow","max-snippet":"max-snippet:-1","max-image-preview":"max-image-preview:large","max-video-preview":"max-video-preview:-1"},"canonical":"http:\/\/salmosbiblicos.com.br\/index.php\/2025\/05\/08\/o-poder-transformador-da-gratidao-cultive-a-alegria-e-a-abundancia-em-sua-vida-espiritual\/","og_locale":"pt_BR","og_type":"article","og_title":"O Poder Transformador da Gratid\u00e3o: Cultive a Alegria e a Abund\u00e2ncia em Sua Vida Espiritual - Salmos B\u00edblicos","og_description":"Hoje quero falar sobre o poder da gratid\u00e3o em nossa vida espiritual. Muitas vezes, diante dos desafios do dia a dia, acabamos nos perdendo em preocupa\u00e7\u00f5es e esquecemos de agradecer pelas b\u00ean\u00e7\u00e3os que recebemos. A gratid\u00e3o \u00e9 uma ferramenta poderosa que nos conecta com o divino e nos ajuda a enxergar a beleza e a [&hellip;]","og_url":"http:\/\/salmosbiblicos.com.br\/index.php\/2025\/05\/08\/o-poder-transformador-da-gratidao-cultive-a-alegria-e-a-abundancia-em-sua-vida-espiritual\/","og_site_name":"Salmos B\u00edblicos","article_published_time":"2025-05-08T21:46:20+00:00","author":"Irmao","twitter_card":"summary_large_image","twitter_misc":{"Escrito por":"Irmao","Est. tempo de leitura":"2 minutos"},"schema":{"@context":"https:\/\/schema.org","@graph":[{"@type":"Article","@id":"http:\/\/salmosbiblicos.com.br\/index.php\/2025\/05\/08\/o-poder-transformador-da-gratidao-cultive-a-alegria-e-a-abundancia-em-sua-vida-espiritual\/#article","isPartOf":{"@id":"http:\/\/salmosbiblicos.com.br\/index.php\/2025\/05\/08\/o-poder-transformador-da-gratidao-cultive-a-alegria-e-a-abundancia-em-sua-vida-espiritual\/"},"author":{"name":"Irmao","@id":"https:\/\/salmosbiblicos.com.br\/#\/schema\/person\/760735259ba35f1e44e89c71c72d79da"},"headline":"O Poder Transformador da Gratid\u00e3o: Cultive a Alegria e a Abund\u00e2ncia em Sua Vida Espiritual","datePublished":"2025-05-08T21:46:20+00:00","mainEntityOfPage":{"@id":"http:\/\/salmosbiblicos.com.br\/index.php\/2025\/05\/08\/o-poder-transformador-da-gratidao-cultive-a-alegria-e-a-abundancia-em-sua-vida-espiritual\/"},"wordCount":355,"articleSection":["Reflex\u00e3o do Dia"],"inLanguage":"pt-BR"},{"@type":"WebPage","@id":"http:\/\/salmosbiblicos.com.br\/index.php\/2025\/05\/08\/o-poder-transformador-da-gratidao-cultive-a-alegria-e-a-abundancia-em-sua-vida-espiritual\/","url":"http:\/\/salmosbiblicos.com.br\/index.php\/2025\/05\/08\/o-poder-transformador-da-gratidao-cultive-a-alegria-e-a-abundancia-em-sua-vida-espiritual\/","name":"O Poder Transformador da Gratid\u00e3o: Cultive a Alegria e a Abund\u00e2ncia em Sua Vida Espiritual - Salmos B\u00edblicos","isPartOf":{"@id":"https:\/\/salmosbiblicos.com.br\/#website"},"datePublished":"2025-05-08T21:46:20+00:00","author":{"@id":"https:\/\/salmosbiblicos.com.br\/#\/schema\/person\/760735259ba35f1e44e89c71c72d79da"},"breadcrumb":{"@id":"http:\/\/salmosbiblicos.com.br\/index.php\/2025\/05\/08\/o-poder-transformador-da-gratidao-cultive-a-alegria-e-a-abundancia-em-sua-vida-espiritual\/#breadcrumb"},"inLanguage":"pt-BR","potentialAction":[{"@type":"ReadAction","target":["http:\/\/salmosbiblicos.com.br\/index.php\/2025\/05\/08\/o-poder-transformador-da-gratidao-cultive-a-alegria-e-a-abundancia-em-sua-vida-espiritual\/"]}]},{"@type":"BreadcrumbList","@id":"http:\/\/salmosbiblicos.com.br\/index.php\/2025\/05\/08\/o-poder-transformador-da-gratidao-cultive-a-alegria-e-a-abundancia-em-sua-vida-espiritual\/#breadcrumb","itemListElement":[{"@type":"ListItem","position":1,"name":"Home","item":"https:\/\/salmosbiblicos.com.br\/"},{"@type":"ListItem","position":2,"name":"O Poder Transformador da Gratid\u00e3o: Cultive a Alegria e a Abund\u00e2ncia em Sua Vida Espiritual"}]},{"@type":"WebSite","@id":"https:\/\/salmosbiblicos.com.br\/#website","url":"https:\/\/salmosbiblicos.com.br\/","name":"Salmos B\u00edblicos","description":"Uma e-Livraria com e-Books novos para voc\u00ea refletir.","potentialAction":[{"@type":"SearchAction","target":{"@type":"EntryPoint","urlTemplate":"https:\/\/salmosbiblicos.com.br\/?s={search_term_string}"},"query-input":{"@type":"PropertyValueSpecification","valueRequired":true,"valueName":"search_term_string"}}],"inLanguage":"pt-BR"},{"@type":"Person","@id":"https:\/\/salmosbiblicos.com.br\/#\/schema\/person\/760735259ba35f1e44e89c71c72d79da","name":"Irmao","image":{"@type":"ImageObject","inLanguage":"pt-BR","@id":"https:\/\/secure.gravatar.com\/avatar\/?s=96&d=mm&r=g","url":"https:\/\/secure.gravatar.com\/avatar\/?s=96&d=mm&r=g","contentUrl":"https:\/\/secure.gravatar.com\/avatar\/?s=96&d=mm&r=g","caption":"Irmao"},"url":"http:\/\/salmosbiblicos.com.br\/index.php\/author\/irmao\/"}]}},"_links":{"self":[{"href":"http:\/\/salmosbiblicos.com.br\/index.php\/wp-json\/wp\/v2\/posts\/4947","targetHints":{"allow":["GET"]}}],"collection":[{"href":"http:\/\/salmosbiblicos.com.br\/index.php\/wp-json\/wp\/v2\/posts"}],"about":[{"href":"http:\/\/salmosbiblicos.com.br\/index.php\/wp-json\/wp\/v2\/types\/post"}],"author":[{"embeddable":true,"href":"http:\/\/salmosbiblicos.com.br\/index.php\/wp-json\/wp\/v2\/users\/2"}],"replies":[{"embeddable":true,"href":"http:\/\/salmosbiblicos.com.br\/index.php\/wp-json\/wp\/v2\/comments?post=4947"}],"version-history":[{"count":0,"href":"http:\/\/salmosbiblicos.com.br\/index.php\/wp-json\/wp\/v2\/posts\/4947\/revisions"}],"wp:attachment":[{"href":"http:\/\/salmosbiblicos.com.br\/index.php\/wp-json\/wp\/v2\/media?parent=4947"}],"wp:term":[{"taxonomy":"category","embeddable":true,"href":"http:\/\/salmosbiblicos.com.br\/index.php\/wp-json\/wp\/v2\/categories?post=4947"},{"taxonomy":"post_tag","embeddable":true,"href":"http:\/\/salmosbiblicos.com.br\/index.php\/wp-json\/wp\/v2\/tags?post=4947"}],"curies":[{"name":"wp","href":"https:\/\/api.w.org\/{rel}","templated":true}]}}