{"id":5003,"date":"2025-05-10T17:49:22","date_gmt":"2025-05-10T20:49:22","guid":{"rendered":"https:\/\/salmosbiblicos.com.br\/?p=5003"},"modified":"2025-05-10T17:49:22","modified_gmt":"2025-05-10T20:49:22","slug":"descubra-a-paz-interior-um-guia-para-cultivar-serenidade-em-meio-ao-caos-do-mundo","status":"publish","type":"post","link":"http:\/\/salmosbiblicos.com.br\/index.php\/2025\/05\/10\/descubra-a-paz-interior-um-guia-para-cultivar-serenidade-em-meio-ao-caos-do-mundo\/","title":{"rendered":"Descubra a paz interior: um guia para cultivar serenidade em meio ao caos do mundo"},"content":{"rendered":"<p>Hoje, meu amigo, quero compartilhar com voc\u00ea uma reflex\u00e3o sobre a import\u00e2ncia de cultivar a paz interior em meio ao caos do mundo. Em um mundo t\u00e3o agitado e cheio de preocupa\u00e7\u00f5es, muitas vezes nos vemos perdidos em meio a tantas demandas e responsabilidades, esquecendo-nos de cuidar do nosso pr\u00f3prio bem-estar espiritual.<\/p>\n<p>\u00c9 fundamental lembrar que a paz interior n\u00e3o \u00e9 um luxo, mas sim uma necessidade. Quando cultivamos a paz em nosso cora\u00e7\u00e3o, somos capazes de lidar com os desafios da vida de uma forma mais equilibrada e serena. A paz interior nos ajuda a manter a calma em meio \u00e0s tempestades, a enxergar as situa\u00e7\u00f5es com clareza e a agir com sabedoria.<\/p>\n<p>Para cultivar a paz interior, \u00e9 importante reservar um tempo para si mesmo todos os dias. Seja atrav\u00e9s da medita\u00e7\u00e3o, da ora\u00e7\u00e3o, da leitura de textos inspiradores ou simplesmente dedicando alguns minutos para respirar profundamente e se conectar consigo mesmo. \u00c9 importante tamb\u00e9m cuidar do corpo, da mente e do esp\u00edrito, praticando exerc\u00edcios f\u00edsicos, alimentando-se de forma saud\u00e1vel e cercando-se de pessoas que nos fazem bem.<\/p>\n<p>Al\u00e9m disso, a pr\u00e1tica da gratid\u00e3o tamb\u00e9m \u00e9 fundamental para cultivar a paz interior. Agradecer pelas pequenas coisas do dia a dia nos ajuda a enxergar as b\u00ean\u00e7\u00e3os que recebemos constantemente e a valorizar o que realmente importa. Ao cultivarmos a gratid\u00e3o, abrimos espa\u00e7o para o amor e a compaix\u00e3o em nosso cora\u00e7\u00e3o, tornando-nos mais tolerantes e pacientes com n\u00f3s mesmos e com os outros.<\/p>\n<p>Lembre-se, meu amigo, que a paz interior \u00e9 um presente que podemos nos dar a n\u00f3s mesmos a cada dia. N\u00e3o espere as circunst\u00e2ncias externas mudarem para buscar a paz, pois ela est\u00e1 dentro de voc\u00ea, esperando para ser descoberta e cultivada. Confie em si mesmo, confie no poder do amor e da compaix\u00e3o, e saiba que, mesmo nos momentos mais dif\u00edceis, a paz interior \u00e9 a luz que guiar\u00e1 o seu caminho.<\/p>\n<p>Que possamos todos cultivar a paz em nossos cora\u00e7\u00f5es, para que possamos ser fontes de luz e amor neste mundo t\u00e3o carente de esperan\u00e7a. Lembre-se: a paz come\u00e7a em voc\u00ea.<\/p>\n<p>Que a paz do Senhor, a serenidade de Buda e o amor de Cristo estejam sempre contigo. Acredite na sua for\u00e7a e no poder da paz interior. Voc\u00ea \u00e9 capaz de superar qualquer desafio. A paz come\u00e7a em voc\u00ea.<\/p>\n","protected":false},"excerpt":{"rendered":"<p>Hoje, meu amigo, quero compartilhar com voc\u00ea uma reflex\u00e3o sobre a import\u00e2ncia de cultivar a paz interior em meio ao caos do mundo. Em um mundo t\u00e3o agitado e cheio de preocupa\u00e7\u00f5es, muitas vezes nos vemos perdidos em meio a tantas demandas e responsabilidades, esquecendo-nos de cuidar do nosso pr\u00f3prio bem-estar espiritual. \u00c9 fundamental lembrar [&hellip;]<\/p>\n","protected":false},"author":2,"featured_media":0,"comment_status":"closed","ping_status":"open","sticky":false,"template":"","format":"standard","meta":{"footnotes":""},"categories":[6],"tags":[],"class_list":["post-5003","post","type-post","status-publish","format-standard","hentry","category-reflexao-do-dia"],"yoast_head":"<!-- This site is optimized with the Yoast SEO plugin v27.2 - https:\/\/yoast.com\/product\/yoast-seo-wordpress\/ -->\n<title>Descubra a paz interior: um guia para cultivar serenidade em meio ao caos do mundo - Salmos B\u00edblicos<\/title>\n<meta name=\"robots\" content=\"index, follow, max-snippet:-1, max-image-preview:large, max-video-preview:-1\" \/>\n<link rel=\"canonical\" href=\"http:\/\/salmosbiblicos.com.br\/index.php\/2025\/05\/10\/descubra-a-paz-interior-um-guia-para-cultivar-serenidade-em-meio-ao-caos-do-mundo\/\" \/>\n<meta property=\"og:locale\" content=\"pt_BR\" \/>\n<meta property=\"og:type\" content=\"article\" \/>\n<meta property=\"og:title\" content=\"Descubra a paz interior: um guia para cultivar serenidade em meio ao caos do mundo - Salmos B\u00edblicos\" \/>\n<meta property=\"og:description\" content=\"Hoje, meu amigo, quero compartilhar com voc\u00ea uma reflex\u00e3o sobre a import\u00e2ncia de cultivar a paz interior em meio ao caos do mundo. Em um mundo t\u00e3o agitado e cheio de preocupa\u00e7\u00f5es, muitas vezes nos vemos perdidos em meio a tantas demandas e responsabilidades, esquecendo-nos de cuidar do nosso pr\u00f3prio bem-estar espiritual. \u00c9 fundamental lembrar [&hellip;]\" \/>\n<meta property=\"og:url\" content=\"http:\/\/salmosbiblicos.com.br\/index.php\/2025\/05\/10\/descubra-a-paz-interior-um-guia-para-cultivar-serenidade-em-meio-ao-caos-do-mundo\/\" \/>\n<meta property=\"og:site_name\" content=\"Salmos B\u00edblicos\" \/>\n<meta property=\"article:published_time\" content=\"2025-05-10T20:49:22+00:00\" \/>\n<meta name=\"author\" content=\"Irmao\" \/>\n<meta name=\"twitter:card\" content=\"summary_large_image\" \/>\n<meta name=\"twitter:label1\" content=\"Escrito por\" \/>\n\t<meta name=\"twitter:data1\" content=\"Irmao\" \/>\n\t<meta name=\"twitter:label2\" content=\"Est. tempo de leitura\" \/>\n\t<meta name=\"twitter:data2\" content=\"2 minutos\" \/>\n<script type=\"application\/ld+json\" class=\"yoast-schema-graph\">{\"@context\":\"https:\/\/schema.org\",\"@graph\":[{\"@type\":\"Article\",\"@id\":\"http:\/\/salmosbiblicos.com.br\/index.php\/2025\/05\/10\/descubra-a-paz-interior-um-guia-para-cultivar-serenidade-em-meio-ao-caos-do-mundo\/#article\",\"isPartOf\":{\"@id\":\"http:\/\/salmosbiblicos.com.br\/index.php\/2025\/05\/10\/descubra-a-paz-interior-um-guia-para-cultivar-serenidade-em-meio-ao-caos-do-mundo\/\"},\"author\":{\"name\":\"Irmao\",\"@id\":\"https:\/\/salmosbiblicos.com.br\/#\/schema\/person\/760735259ba35f1e44e89c71c72d79da\"},\"headline\":\"Descubra a paz interior: um guia para cultivar serenidade em meio ao caos do mundo\",\"datePublished\":\"2025-05-10T20:49:22+00:00\",\"mainEntityOfPage\":{\"@id\":\"http:\/\/salmosbiblicos.com.br\/index.php\/2025\/05\/10\/descubra-a-paz-interior-um-guia-para-cultivar-serenidade-em-meio-ao-caos-do-mundo\/\"},\"wordCount\":432,\"articleSection\":[\"Reflex\u00e3o do Dia\"],\"inLanguage\":\"pt-BR\"},{\"@type\":\"WebPage\",\"@id\":\"http:\/\/salmosbiblicos.com.br\/index.php\/2025\/05\/10\/descubra-a-paz-interior-um-guia-para-cultivar-serenidade-em-meio-ao-caos-do-mundo\/\",\"url\":\"http:\/\/salmosbiblicos.com.br\/index.php\/2025\/05\/10\/descubra-a-paz-interior-um-guia-para-cultivar-serenidade-em-meio-ao-caos-do-mundo\/\",\"name\":\"Descubra a paz interior: um guia para cultivar serenidade em meio ao caos do mundo - Salmos B\u00edblicos\",\"isPartOf\":{\"@id\":\"https:\/\/salmosbiblicos.com.br\/#website\"},\"datePublished\":\"2025-05-10T20:49:22+00:00\",\"author\":{\"@id\":\"https:\/\/salmosbiblicos.com.br\/#\/schema\/person\/760735259ba35f1e44e89c71c72d79da\"},\"breadcrumb\":{\"@id\":\"http:\/\/salmosbiblicos.com.br\/index.php\/2025\/05\/10\/descubra-a-paz-interior-um-guia-para-cultivar-serenidade-em-meio-ao-caos-do-mundo\/#breadcrumb\"},\"inLanguage\":\"pt-BR\",\"potentialAction\":[{\"@type\":\"ReadAction\",\"target\":[\"http:\/\/salmosbiblicos.com.br\/index.php\/2025\/05\/10\/descubra-a-paz-interior-um-guia-para-cultivar-serenidade-em-meio-ao-caos-do-mundo\/\"]}]},{\"@type\":\"BreadcrumbList\",\"@id\":\"http:\/\/salmosbiblicos.com.br\/index.php\/2025\/05\/10\/descubra-a-paz-interior-um-guia-para-cultivar-serenidade-em-meio-ao-caos-do-mundo\/#breadcrumb\",\"itemListElement\":[{\"@type\":\"ListItem\",\"position\":1,\"name\":\"Home\",\"item\":\"https:\/\/salmosbiblicos.com.br\/\"},{\"@type\":\"ListItem\",\"position\":2,\"name\":\"Descubra a paz interior: um guia para cultivar serenidade em meio ao caos do mundo\"}]},{\"@type\":\"WebSite\",\"@id\":\"https:\/\/salmosbiblicos.com.br\/#website\",\"url\":\"https:\/\/salmosbiblicos.com.br\/\",\"name\":\"Salmos B\u00edblicos\",\"description\":\"Uma e-Livraria com e-Books novos para voc\u00ea refletir.\",\"potentialAction\":[{\"@type\":\"SearchAction\",\"target\":{\"@type\":\"EntryPoint\",\"urlTemplate\":\"https:\/\/salmosbiblicos.com.br\/?s={search_term_string}\"},\"query-input\":{\"@type\":\"PropertyValueSpecification\",\"valueRequired\":true,\"valueName\":\"search_term_string\"}}],\"inLanguage\":\"pt-BR\"},{\"@type\":\"Person\",\"@id\":\"https:\/\/salmosbiblicos.com.br\/#\/schema\/person\/760735259ba35f1e44e89c71c72d79da\",\"name\":\"Irmao\",\"image\":{\"@type\":\"ImageObject\",\"inLanguage\":\"pt-BR\",\"@id\":\"https:\/\/secure.gravatar.com\/avatar\/?s=96&d=mm&r=g\",\"url\":\"https:\/\/secure.gravatar.com\/avatar\/?s=96&d=mm&r=g\",\"contentUrl\":\"https:\/\/secure.gravatar.com\/avatar\/?s=96&d=mm&r=g\",\"caption\":\"Irmao\"},\"url\":\"http:\/\/salmosbiblicos.com.br\/index.php\/author\/irmao\/\"}]}<\/script>\n<!-- \/ Yoast SEO plugin. -->","yoast_head_json":{"title":"Descubra a paz interior: um guia para cultivar serenidade em meio ao caos do mundo - Salmos B\u00edblicos","robots":{"index":"index","follow":"follow","max-snippet":"max-snippet:-1","max-image-preview":"max-image-preview:large","max-video-preview":"max-video-preview:-1"},"canonical":"http:\/\/salmosbiblicos.com.br\/index.php\/2025\/05\/10\/descubra-a-paz-interior-um-guia-para-cultivar-serenidade-em-meio-ao-caos-do-mundo\/","og_locale":"pt_BR","og_type":"article","og_title":"Descubra a paz interior: um guia para cultivar serenidade em meio ao caos do mundo - Salmos B\u00edblicos","og_description":"Hoje, meu amigo, quero compartilhar com voc\u00ea uma reflex\u00e3o sobre a import\u00e2ncia de cultivar a paz interior em meio ao caos do mundo. Em um mundo t\u00e3o agitado e cheio de preocupa\u00e7\u00f5es, muitas vezes nos vemos perdidos em meio a tantas demandas e responsabilidades, esquecendo-nos de cuidar do nosso pr\u00f3prio bem-estar espiritual. \u00c9 fundamental lembrar [&hellip;]","og_url":"http:\/\/salmosbiblicos.com.br\/index.php\/2025\/05\/10\/descubra-a-paz-interior-um-guia-para-cultivar-serenidade-em-meio-ao-caos-do-mundo\/","og_site_name":"Salmos B\u00edblicos","article_published_time":"2025-05-10T20:49:22+00:00","author":"Irmao","twitter_card":"summary_large_image","twitter_misc":{"Escrito por":"Irmao","Est. tempo de leitura":"2 minutos"},"schema":{"@context":"https:\/\/schema.org","@graph":[{"@type":"Article","@id":"http:\/\/salmosbiblicos.com.br\/index.php\/2025\/05\/10\/descubra-a-paz-interior-um-guia-para-cultivar-serenidade-em-meio-ao-caos-do-mundo\/#article","isPartOf":{"@id":"http:\/\/salmosbiblicos.com.br\/index.php\/2025\/05\/10\/descubra-a-paz-interior-um-guia-para-cultivar-serenidade-em-meio-ao-caos-do-mundo\/"},"author":{"name":"Irmao","@id":"https:\/\/salmosbiblicos.com.br\/#\/schema\/person\/760735259ba35f1e44e89c71c72d79da"},"headline":"Descubra a paz interior: um guia para cultivar serenidade em meio ao caos do mundo","datePublished":"2025-05-10T20:49:22+00:00","mainEntityOfPage":{"@id":"http:\/\/salmosbiblicos.com.br\/index.php\/2025\/05\/10\/descubra-a-paz-interior-um-guia-para-cultivar-serenidade-em-meio-ao-caos-do-mundo\/"},"wordCount":432,"articleSection":["Reflex\u00e3o do Dia"],"inLanguage":"pt-BR"},{"@type":"WebPage","@id":"http:\/\/salmosbiblicos.com.br\/index.php\/2025\/05\/10\/descubra-a-paz-interior-um-guia-para-cultivar-serenidade-em-meio-ao-caos-do-mundo\/","url":"http:\/\/salmosbiblicos.com.br\/index.php\/2025\/05\/10\/descubra-a-paz-interior-um-guia-para-cultivar-serenidade-em-meio-ao-caos-do-mundo\/","name":"Descubra a paz interior: um guia para cultivar serenidade em meio ao caos do mundo - Salmos B\u00edblicos","isPartOf":{"@id":"https:\/\/salmosbiblicos.com.br\/#website"},"datePublished":"2025-05-10T20:49:22+00:00","author":{"@id":"https:\/\/salmosbiblicos.com.br\/#\/schema\/person\/760735259ba35f1e44e89c71c72d79da"},"breadcrumb":{"@id":"http:\/\/salmosbiblicos.com.br\/index.php\/2025\/05\/10\/descubra-a-paz-interior-um-guia-para-cultivar-serenidade-em-meio-ao-caos-do-mundo\/#breadcrumb"},"inLanguage":"pt-BR","potentialAction":[{"@type":"ReadAction","target":["http:\/\/salmosbiblicos.com.br\/index.php\/2025\/05\/10\/descubra-a-paz-interior-um-guia-para-cultivar-serenidade-em-meio-ao-caos-do-mundo\/"]}]},{"@type":"BreadcrumbList","@id":"http:\/\/salmosbiblicos.com.br\/index.php\/2025\/05\/10\/descubra-a-paz-interior-um-guia-para-cultivar-serenidade-em-meio-ao-caos-do-mundo\/#breadcrumb","itemListElement":[{"@type":"ListItem","position":1,"name":"Home","item":"https:\/\/salmosbiblicos.com.br\/"},{"@type":"ListItem","position":2,"name":"Descubra a paz interior: um guia para cultivar serenidade em meio ao caos do mundo"}]},{"@type":"WebSite","@id":"https:\/\/salmosbiblicos.com.br\/#website","url":"https:\/\/salmosbiblicos.com.br\/","name":"Salmos B\u00edblicos","description":"Uma e-Livraria com e-Books novos para voc\u00ea refletir.","potentialAction":[{"@type":"SearchAction","target":{"@type":"EntryPoint","urlTemplate":"https:\/\/salmosbiblicos.com.br\/?s={search_term_string}"},"query-input":{"@type":"PropertyValueSpecification","valueRequired":true,"valueName":"search_term_string"}}],"inLanguage":"pt-BR"},{"@type":"Person","@id":"https:\/\/salmosbiblicos.com.br\/#\/schema\/person\/760735259ba35f1e44e89c71c72d79da","name":"Irmao","image":{"@type":"ImageObject","inLanguage":"pt-BR","@id":"https:\/\/secure.gravatar.com\/avatar\/?s=96&d=mm&r=g","url":"https:\/\/secure.gravatar.com\/avatar\/?s=96&d=mm&r=g","contentUrl":"https:\/\/secure.gravatar.com\/avatar\/?s=96&d=mm&r=g","caption":"Irmao"},"url":"http:\/\/salmosbiblicos.com.br\/index.php\/author\/irmao\/"}]}},"_links":{"self":[{"href":"http:\/\/salmosbiblicos.com.br\/index.php\/wp-json\/wp\/v2\/posts\/5003","targetHints":{"allow":["GET"]}}],"collection":[{"href":"http:\/\/salmosbiblicos.com.br\/index.php\/wp-json\/wp\/v2\/posts"}],"about":[{"href":"http:\/\/salmosbiblicos.com.br\/index.php\/wp-json\/wp\/v2\/types\/post"}],"author":[{"embeddable":true,"href":"http:\/\/salmosbiblicos.com.br\/index.php\/wp-json\/wp\/v2\/users\/2"}],"replies":[{"embeddable":true,"href":"http:\/\/salmosbiblicos.com.br\/index.php\/wp-json\/wp\/v2\/comments?post=5003"}],"version-history":[{"count":0,"href":"http:\/\/salmosbiblicos.com.br\/index.php\/wp-json\/wp\/v2\/posts\/5003\/revisions"}],"wp:attachment":[{"href":"http:\/\/salmosbiblicos.com.br\/index.php\/wp-json\/wp\/v2\/media?parent=5003"}],"wp:term":[{"taxonomy":"category","embeddable":true,"href":"http:\/\/salmosbiblicos.com.br\/index.php\/wp-json\/wp\/v2\/categories?post=5003"},{"taxonomy":"post_tag","embeddable":true,"href":"http:\/\/salmosbiblicos.com.br\/index.php\/wp-json\/wp\/v2\/tags?post=5003"}],"curies":[{"name":"wp","href":"https:\/\/api.w.org\/{rel}","templated":true}]}}