{"id":5007,"date":"2025-05-10T17:49:37","date_gmt":"2025-05-10T20:49:37","guid":{"rendered":"https:\/\/salmosbiblicos.com.br\/?p=5007"},"modified":"2025-05-10T17:49:37","modified_gmt":"2025-05-10T20:49:37","slug":"como-cultivar-a-paz-interior-em-meio-ao-caos-dicas-para-fortalecer-sua-serenidade-e-equilibrio","status":"publish","type":"post","link":"http:\/\/salmosbiblicos.com.br\/index.php\/2025\/05\/10\/como-cultivar-a-paz-interior-em-meio-ao-caos-dicas-para-fortalecer-sua-serenidade-e-equilibrio\/","title":{"rendered":"Como cultivar a paz interior em meio ao caos: dicas para fortalecer sua serenidade e equil\u00edbrio"},"content":{"rendered":"<p>Hoje, quero conversar com voc\u00ea sobre a import\u00e2ncia de cultivar a paz interior em meio ao caos do mundo. Em tempos turbulentos e cheios de incertezas, \u00e9 fundamental encontrar um ref\u00fagio de tranquilidade dentro de n\u00f3s mesmos.<\/p>\n<p>Muitas vezes, nos deixamos levar pelas preocupa\u00e7\u00f5es do dia a dia, pelas not\u00edcias negativas que bombardeiam nossas mentes e pelos desafios que surgem em nosso caminho. E, nesses momentos, \u00e9 f\u00e1cil perder a paz interior e se deixar levar pela ansiedade e pelo medo.<\/p>\n<p>No entanto, \u00e9 preciso lembrar que a paz n\u00e3o \u00e9 algo que encontramos fora de n\u00f3s, mas sim algo que cultivamos dentro de n\u00f3s mesmos. \u00c9 como um jardim que precisa ser regado e cuidado todos os dias para florescer e trazer beleza e serenidade.<\/p>\n<p>Ent\u00e3o, como podemos cultivar essa paz interior? Primeiramente, \u00e9 importante reservar um tempo para estar em sil\u00eancio, para meditar e conectar-se com nossa ess\u00eancia mais profunda. Atrav\u00e9s da medita\u00e7\u00e3o, podemos acalmar a mente agitada, encontrar clareza e equil\u00edbrio, e fortalecer nossa conex\u00e3o com o divino.<\/p>\n<p>Al\u00e9m disso, \u00e9 essencial praticar a gratid\u00e3o diariamente. Agradecer pelas pequenas coisas da vida, pelos momentos de alegria, pelos desafios que nos fazem crescer, nos ajuda a manter o cora\u00e7\u00e3o aberto e a enxergar o lado positivo em todas as situa\u00e7\u00f5es.<\/p>\n<p>Tamb\u00e9m devemos praticar o perd\u00e3o, tanto a n\u00f3s mesmos quanto aos outros. O perd\u00e3o nos liberta do peso do ressentimento e nos permite seguir em frente com leveza e compaix\u00e3o em nosso cora\u00e7\u00e3o.<\/p>\n<p>E, por fim, \u00e9 fundamental cultivar a f\u00e9. Ter f\u00e9 nos planos do universo, na sabedoria divina, e na nossa capacidade de superar os desafios que surgem em nosso caminho. A f\u00e9 nos fortalece, nos d\u00e1 esperan\u00e7a e nos lembra que n\u00e3o estamos sozinhos nesta jornada.<\/p>\n<p>Portanto, querido amigo, lembre-se de que a paz interior \u00e9 um tesouro precioso que est\u00e1 ao alcance de todos n\u00f3s. Cultive-a com carinho, dedica\u00e7\u00e3o e amor, e ela se tornar\u00e1 sua maior fortaleza nos momentos de dificuldade.<\/p>\n<p>Que a paz que excede todo entendimento guarde o seu cora\u00e7\u00e3o e a sua mente, trazendo-lhe tranquilidade e serenidade em todos os momentos da sua vida. Acredite no poder da paz interior e deixe-a guiar o seu caminho rumo \u00e0 felicidade e ao equil\u00edbrio. A paz est\u00e1 dentro de voc\u00ea, basta cultiv\u00e1-la com amor e gratid\u00e3o.<\/p>\n","protected":false},"excerpt":{"rendered":"<p>Hoje, quero conversar com voc\u00ea sobre a import\u00e2ncia de cultivar a paz interior em meio ao caos do mundo. Em tempos turbulentos e cheios de incertezas, \u00e9 fundamental encontrar um ref\u00fagio de tranquilidade dentro de n\u00f3s mesmos. Muitas vezes, nos deixamos levar pelas preocupa\u00e7\u00f5es do dia a dia, pelas not\u00edcias negativas que bombardeiam nossas mentes [&hellip;]<\/p>\n","protected":false},"author":2,"featured_media":0,"comment_status":"closed","ping_status":"open","sticky":false,"template":"","format":"standard","meta":{"footnotes":""},"categories":[6],"tags":[],"class_list":["post-5007","post","type-post","status-publish","format-standard","hentry","category-reflexao-do-dia"],"yoast_head":"<!-- This site is optimized with the Yoast SEO plugin v27.2 - https:\/\/yoast.com\/product\/yoast-seo-wordpress\/ -->\n<title>Como cultivar a paz interior em meio ao caos: dicas para fortalecer sua serenidade e equil\u00edbrio - Salmos B\u00edblicos<\/title>\n<meta name=\"robots\" content=\"index, follow, max-snippet:-1, max-image-preview:large, max-video-preview:-1\" \/>\n<link rel=\"canonical\" href=\"http:\/\/salmosbiblicos.com.br\/index.php\/2025\/05\/10\/como-cultivar-a-paz-interior-em-meio-ao-caos-dicas-para-fortalecer-sua-serenidade-e-equilibrio\/\" \/>\n<meta property=\"og:locale\" content=\"pt_BR\" \/>\n<meta property=\"og:type\" content=\"article\" \/>\n<meta property=\"og:title\" content=\"Como cultivar a paz interior em meio ao caos: dicas para fortalecer sua serenidade e equil\u00edbrio - Salmos B\u00edblicos\" \/>\n<meta property=\"og:description\" content=\"Hoje, quero conversar com voc\u00ea sobre a import\u00e2ncia de cultivar a paz interior em meio ao caos do mundo. Em tempos turbulentos e cheios de incertezas, \u00e9 fundamental encontrar um ref\u00fagio de tranquilidade dentro de n\u00f3s mesmos. Muitas vezes, nos deixamos levar pelas preocupa\u00e7\u00f5es do dia a dia, pelas not\u00edcias negativas que bombardeiam nossas mentes [&hellip;]\" \/>\n<meta property=\"og:url\" content=\"http:\/\/salmosbiblicos.com.br\/index.php\/2025\/05\/10\/como-cultivar-a-paz-interior-em-meio-ao-caos-dicas-para-fortalecer-sua-serenidade-e-equilibrio\/\" \/>\n<meta property=\"og:site_name\" content=\"Salmos B\u00edblicos\" \/>\n<meta property=\"article:published_time\" content=\"2025-05-10T20:49:37+00:00\" \/>\n<meta name=\"author\" content=\"Irmao\" \/>\n<meta name=\"twitter:card\" content=\"summary_large_image\" \/>\n<meta name=\"twitter:label1\" content=\"Escrito por\" \/>\n\t<meta name=\"twitter:data1\" content=\"Irmao\" \/>\n\t<meta name=\"twitter:label2\" content=\"Est. tempo de leitura\" \/>\n\t<meta name=\"twitter:data2\" content=\"2 minutos\" \/>\n<script type=\"application\/ld+json\" class=\"yoast-schema-graph\">{\"@context\":\"https:\/\/schema.org\",\"@graph\":[{\"@type\":\"Article\",\"@id\":\"http:\/\/salmosbiblicos.com.br\/index.php\/2025\/05\/10\/como-cultivar-a-paz-interior-em-meio-ao-caos-dicas-para-fortalecer-sua-serenidade-e-equilibrio\/#article\",\"isPartOf\":{\"@id\":\"http:\/\/salmosbiblicos.com.br\/index.php\/2025\/05\/10\/como-cultivar-a-paz-interior-em-meio-ao-caos-dicas-para-fortalecer-sua-serenidade-e-equilibrio\/\"},\"author\":{\"name\":\"Irmao\",\"@id\":\"https:\/\/salmosbiblicos.com.br\/#\/schema\/person\/760735259ba35f1e44e89c71c72d79da\"},\"headline\":\"Como cultivar a paz interior em meio ao caos: dicas para fortalecer sua serenidade e equil\u00edbrio\",\"datePublished\":\"2025-05-10T20:49:37+00:00\",\"mainEntityOfPage\":{\"@id\":\"http:\/\/salmosbiblicos.com.br\/index.php\/2025\/05\/10\/como-cultivar-a-paz-interior-em-meio-ao-caos-dicas-para-fortalecer-sua-serenidade-e-equilibrio\/\"},\"wordCount\":425,\"articleSection\":[\"Reflex\u00e3o do Dia\"],\"inLanguage\":\"pt-BR\"},{\"@type\":\"WebPage\",\"@id\":\"http:\/\/salmosbiblicos.com.br\/index.php\/2025\/05\/10\/como-cultivar-a-paz-interior-em-meio-ao-caos-dicas-para-fortalecer-sua-serenidade-e-equilibrio\/\",\"url\":\"http:\/\/salmosbiblicos.com.br\/index.php\/2025\/05\/10\/como-cultivar-a-paz-interior-em-meio-ao-caos-dicas-para-fortalecer-sua-serenidade-e-equilibrio\/\",\"name\":\"Como cultivar a paz interior em meio ao caos: dicas para fortalecer sua serenidade e equil\u00edbrio - Salmos B\u00edblicos\",\"isPartOf\":{\"@id\":\"https:\/\/salmosbiblicos.com.br\/#website\"},\"datePublished\":\"2025-05-10T20:49:37+00:00\",\"author\":{\"@id\":\"https:\/\/salmosbiblicos.com.br\/#\/schema\/person\/760735259ba35f1e44e89c71c72d79da\"},\"breadcrumb\":{\"@id\":\"http:\/\/salmosbiblicos.com.br\/index.php\/2025\/05\/10\/como-cultivar-a-paz-interior-em-meio-ao-caos-dicas-para-fortalecer-sua-serenidade-e-equilibrio\/#breadcrumb\"},\"inLanguage\":\"pt-BR\",\"potentialAction\":[{\"@type\":\"ReadAction\",\"target\":[\"http:\/\/salmosbiblicos.com.br\/index.php\/2025\/05\/10\/como-cultivar-a-paz-interior-em-meio-ao-caos-dicas-para-fortalecer-sua-serenidade-e-equilibrio\/\"]}]},{\"@type\":\"BreadcrumbList\",\"@id\":\"http:\/\/salmosbiblicos.com.br\/index.php\/2025\/05\/10\/como-cultivar-a-paz-interior-em-meio-ao-caos-dicas-para-fortalecer-sua-serenidade-e-equilibrio\/#breadcrumb\",\"itemListElement\":[{\"@type\":\"ListItem\",\"position\":1,\"name\":\"Home\",\"item\":\"https:\/\/salmosbiblicos.com.br\/\"},{\"@type\":\"ListItem\",\"position\":2,\"name\":\"Como cultivar a paz interior em meio ao caos: dicas para fortalecer sua serenidade e equil\u00edbrio\"}]},{\"@type\":\"WebSite\",\"@id\":\"https:\/\/salmosbiblicos.com.br\/#website\",\"url\":\"https:\/\/salmosbiblicos.com.br\/\",\"name\":\"Salmos B\u00edblicos\",\"description\":\"Uma e-Livraria com e-Books novos para voc\u00ea refletir.\",\"potentialAction\":[{\"@type\":\"SearchAction\",\"target\":{\"@type\":\"EntryPoint\",\"urlTemplate\":\"https:\/\/salmosbiblicos.com.br\/?s={search_term_string}\"},\"query-input\":{\"@type\":\"PropertyValueSpecification\",\"valueRequired\":true,\"valueName\":\"search_term_string\"}}],\"inLanguage\":\"pt-BR\"},{\"@type\":\"Person\",\"@id\":\"https:\/\/salmosbiblicos.com.br\/#\/schema\/person\/760735259ba35f1e44e89c71c72d79da\",\"name\":\"Irmao\",\"image\":{\"@type\":\"ImageObject\",\"inLanguage\":\"pt-BR\",\"@id\":\"https:\/\/secure.gravatar.com\/avatar\/?s=96&d=mm&r=g\",\"url\":\"https:\/\/secure.gravatar.com\/avatar\/?s=96&d=mm&r=g\",\"contentUrl\":\"https:\/\/secure.gravatar.com\/avatar\/?s=96&d=mm&r=g\",\"caption\":\"Irmao\"},\"url\":\"http:\/\/salmosbiblicos.com.br\/index.php\/author\/irmao\/\"}]}<\/script>\n<!-- \/ Yoast SEO plugin. -->","yoast_head_json":{"title":"Como cultivar a paz interior em meio ao caos: dicas para fortalecer sua serenidade e equil\u00edbrio - Salmos B\u00edblicos","robots":{"index":"index","follow":"follow","max-snippet":"max-snippet:-1","max-image-preview":"max-image-preview:large","max-video-preview":"max-video-preview:-1"},"canonical":"http:\/\/salmosbiblicos.com.br\/index.php\/2025\/05\/10\/como-cultivar-a-paz-interior-em-meio-ao-caos-dicas-para-fortalecer-sua-serenidade-e-equilibrio\/","og_locale":"pt_BR","og_type":"article","og_title":"Como cultivar a paz interior em meio ao caos: dicas para fortalecer sua serenidade e equil\u00edbrio - Salmos B\u00edblicos","og_description":"Hoje, quero conversar com voc\u00ea sobre a import\u00e2ncia de cultivar a paz interior em meio ao caos do mundo. Em tempos turbulentos e cheios de incertezas, \u00e9 fundamental encontrar um ref\u00fagio de tranquilidade dentro de n\u00f3s mesmos. Muitas vezes, nos deixamos levar pelas preocupa\u00e7\u00f5es do dia a dia, pelas not\u00edcias negativas que bombardeiam nossas mentes [&hellip;]","og_url":"http:\/\/salmosbiblicos.com.br\/index.php\/2025\/05\/10\/como-cultivar-a-paz-interior-em-meio-ao-caos-dicas-para-fortalecer-sua-serenidade-e-equilibrio\/","og_site_name":"Salmos B\u00edblicos","article_published_time":"2025-05-10T20:49:37+00:00","author":"Irmao","twitter_card":"summary_large_image","twitter_misc":{"Escrito por":"Irmao","Est. tempo de leitura":"2 minutos"},"schema":{"@context":"https:\/\/schema.org","@graph":[{"@type":"Article","@id":"http:\/\/salmosbiblicos.com.br\/index.php\/2025\/05\/10\/como-cultivar-a-paz-interior-em-meio-ao-caos-dicas-para-fortalecer-sua-serenidade-e-equilibrio\/#article","isPartOf":{"@id":"http:\/\/salmosbiblicos.com.br\/index.php\/2025\/05\/10\/como-cultivar-a-paz-interior-em-meio-ao-caos-dicas-para-fortalecer-sua-serenidade-e-equilibrio\/"},"author":{"name":"Irmao","@id":"https:\/\/salmosbiblicos.com.br\/#\/schema\/person\/760735259ba35f1e44e89c71c72d79da"},"headline":"Como cultivar a paz interior em meio ao caos: dicas para fortalecer sua serenidade e equil\u00edbrio","datePublished":"2025-05-10T20:49:37+00:00","mainEntityOfPage":{"@id":"http:\/\/salmosbiblicos.com.br\/index.php\/2025\/05\/10\/como-cultivar-a-paz-interior-em-meio-ao-caos-dicas-para-fortalecer-sua-serenidade-e-equilibrio\/"},"wordCount":425,"articleSection":["Reflex\u00e3o do Dia"],"inLanguage":"pt-BR"},{"@type":"WebPage","@id":"http:\/\/salmosbiblicos.com.br\/index.php\/2025\/05\/10\/como-cultivar-a-paz-interior-em-meio-ao-caos-dicas-para-fortalecer-sua-serenidade-e-equilibrio\/","url":"http:\/\/salmosbiblicos.com.br\/index.php\/2025\/05\/10\/como-cultivar-a-paz-interior-em-meio-ao-caos-dicas-para-fortalecer-sua-serenidade-e-equilibrio\/","name":"Como cultivar a paz interior em meio ao caos: dicas para fortalecer sua serenidade e equil\u00edbrio - Salmos B\u00edblicos","isPartOf":{"@id":"https:\/\/salmosbiblicos.com.br\/#website"},"datePublished":"2025-05-10T20:49:37+00:00","author":{"@id":"https:\/\/salmosbiblicos.com.br\/#\/schema\/person\/760735259ba35f1e44e89c71c72d79da"},"breadcrumb":{"@id":"http:\/\/salmosbiblicos.com.br\/index.php\/2025\/05\/10\/como-cultivar-a-paz-interior-em-meio-ao-caos-dicas-para-fortalecer-sua-serenidade-e-equilibrio\/#breadcrumb"},"inLanguage":"pt-BR","potentialAction":[{"@type":"ReadAction","target":["http:\/\/salmosbiblicos.com.br\/index.php\/2025\/05\/10\/como-cultivar-a-paz-interior-em-meio-ao-caos-dicas-para-fortalecer-sua-serenidade-e-equilibrio\/"]}]},{"@type":"BreadcrumbList","@id":"http:\/\/salmosbiblicos.com.br\/index.php\/2025\/05\/10\/como-cultivar-a-paz-interior-em-meio-ao-caos-dicas-para-fortalecer-sua-serenidade-e-equilibrio\/#breadcrumb","itemListElement":[{"@type":"ListItem","position":1,"name":"Home","item":"https:\/\/salmosbiblicos.com.br\/"},{"@type":"ListItem","position":2,"name":"Como cultivar a paz interior em meio ao caos: dicas para fortalecer sua serenidade e equil\u00edbrio"}]},{"@type":"WebSite","@id":"https:\/\/salmosbiblicos.com.br\/#website","url":"https:\/\/salmosbiblicos.com.br\/","name":"Salmos B\u00edblicos","description":"Uma e-Livraria com e-Books novos para voc\u00ea refletir.","potentialAction":[{"@type":"SearchAction","target":{"@type":"EntryPoint","urlTemplate":"https:\/\/salmosbiblicos.com.br\/?s={search_term_string}"},"query-input":{"@type":"PropertyValueSpecification","valueRequired":true,"valueName":"search_term_string"}}],"inLanguage":"pt-BR"},{"@type":"Person","@id":"https:\/\/salmosbiblicos.com.br\/#\/schema\/person\/760735259ba35f1e44e89c71c72d79da","name":"Irmao","image":{"@type":"ImageObject","inLanguage":"pt-BR","@id":"https:\/\/secure.gravatar.com\/avatar\/?s=96&d=mm&r=g","url":"https:\/\/secure.gravatar.com\/avatar\/?s=96&d=mm&r=g","contentUrl":"https:\/\/secure.gravatar.com\/avatar\/?s=96&d=mm&r=g","caption":"Irmao"},"url":"http:\/\/salmosbiblicos.com.br\/index.php\/author\/irmao\/"}]}},"_links":{"self":[{"href":"http:\/\/salmosbiblicos.com.br\/index.php\/wp-json\/wp\/v2\/posts\/5007","targetHints":{"allow":["GET"]}}],"collection":[{"href":"http:\/\/salmosbiblicos.com.br\/index.php\/wp-json\/wp\/v2\/posts"}],"about":[{"href":"http:\/\/salmosbiblicos.com.br\/index.php\/wp-json\/wp\/v2\/types\/post"}],"author":[{"embeddable":true,"href":"http:\/\/salmosbiblicos.com.br\/index.php\/wp-json\/wp\/v2\/users\/2"}],"replies":[{"embeddable":true,"href":"http:\/\/salmosbiblicos.com.br\/index.php\/wp-json\/wp\/v2\/comments?post=5007"}],"version-history":[{"count":0,"href":"http:\/\/salmosbiblicos.com.br\/index.php\/wp-json\/wp\/v2\/posts\/5007\/revisions"}],"wp:attachment":[{"href":"http:\/\/salmosbiblicos.com.br\/index.php\/wp-json\/wp\/v2\/media?parent=5007"}],"wp:term":[{"taxonomy":"category","embeddable":true,"href":"http:\/\/salmosbiblicos.com.br\/index.php\/wp-json\/wp\/v2\/categories?post=5007"},{"taxonomy":"post_tag","embeddable":true,"href":"http:\/\/salmosbiblicos.com.br\/index.php\/wp-json\/wp\/v2\/tags?post=5007"}],"curies":[{"name":"wp","href":"https:\/\/api.w.org\/{rel}","templated":true}]}}