{"id":5015,"date":"2025-05-10T17:49:55","date_gmt":"2025-05-10T20:49:55","guid":{"rendered":"https:\/\/salmosbiblicos.com.br\/?p=5015"},"modified":"2025-05-10T17:49:55","modified_gmt":"2025-05-10T20:49:55","slug":"reflexoes-de-fe-encontrando-a-paz-no-caos-e-a-luz-divina-na-oracao","status":"publish","type":"post","link":"http:\/\/salmosbiblicos.com.br\/index.php\/2025\/05\/10\/reflexoes-de-fe-encontrando-a-paz-no-caos-e-a-luz-divina-na-oracao\/","title":{"rendered":"Reflex\u00f5es de f\u00e9: encontrando a paz no caos e a luz divina na ora\u00e7\u00e3o"},"content":{"rendered":"<p>Em meio ao caos deste mundo passageiro,<br \/>\nBusco a paz no sil\u00eancio verdadeiro.<br \/>\nNa ora\u00e7\u00e3o encontro a luz divina,<br \/>\nQue guia minha alma, que me ilumina.<\/p>\n<p>Ao olhar para o c\u00e9u estrelado,<br \/>\nSinto a presen\u00e7a do Ser amado.<br \/>\nEm cada flor, em cada brisa suave,<br \/>\nSinto o toque de Deus, que me envolve.<\/p>\n<p>Que a f\u00e9 me fortale\u00e7a a cada dia,<br \/>\nQue a esperan\u00e7a nunca se esvazie.<br \/>\nQue a bondade seja minha guia,<br \/>\nE a humildade minha companhia.<\/p>\n<p>Que eu possa ser instrumento de amor,<br \/>\nEspalhando a paz, alegria e calor.<br \/>\nQue minha vida seja uma can\u00e7\u00e3o,<br \/>\nDe louvor e gratid\u00e3o ao Criador.<\/p>\n","protected":false},"excerpt":{"rendered":"<p>Em meio ao caos deste mundo passageiro, Busco a paz no sil\u00eancio verdadeiro. Na ora\u00e7\u00e3o encontro a luz divina, Que guia minha alma, que me ilumina. Ao olhar para o c\u00e9u estrelado, Sinto a presen\u00e7a do Ser amado. Em cada flor, em cada brisa suave, Sinto o toque de Deus, que me envolve. Que a [&hellip;]<\/p>\n","protected":false},"author":2,"featured_media":0,"comment_status":"closed","ping_status":"open","sticky":false,"template":"","format":"standard","meta":{"footnotes":""},"categories":[7],"tags":[],"class_list":["post-5015","post","type-post","status-publish","format-standard","hentry","category-estudo-religioso"],"yoast_head":"<!-- This site is optimized with the Yoast SEO plugin v27.2 - https:\/\/yoast.com\/product\/yoast-seo-wordpress\/ -->\n<title>Reflex\u00f5es de f\u00e9: encontrando a paz no caos e a luz divina na ora\u00e7\u00e3o - Salmos B\u00edblicos<\/title>\n<meta name=\"robots\" content=\"index, follow, max-snippet:-1, max-image-preview:large, max-video-preview:-1\" \/>\n<link rel=\"canonical\" href=\"http:\/\/salmosbiblicos.com.br\/index.php\/2025\/05\/10\/reflexoes-de-fe-encontrando-a-paz-no-caos-e-a-luz-divina-na-oracao\/\" \/>\n<meta property=\"og:locale\" content=\"pt_BR\" \/>\n<meta property=\"og:type\" content=\"article\" \/>\n<meta property=\"og:title\" content=\"Reflex\u00f5es de f\u00e9: encontrando a paz no caos e a luz divina na ora\u00e7\u00e3o - Salmos B\u00edblicos\" \/>\n<meta property=\"og:description\" content=\"Em meio ao caos deste mundo passageiro, Busco a paz no sil\u00eancio verdadeiro. Na ora\u00e7\u00e3o encontro a luz divina, Que guia minha alma, que me ilumina. Ao olhar para o c\u00e9u estrelado, Sinto a presen\u00e7a do Ser amado. Em cada flor, em cada brisa suave, Sinto o toque de Deus, que me envolve. Que a [&hellip;]\" \/>\n<meta property=\"og:url\" content=\"http:\/\/salmosbiblicos.com.br\/index.php\/2025\/05\/10\/reflexoes-de-fe-encontrando-a-paz-no-caos-e-a-luz-divina-na-oracao\/\" \/>\n<meta property=\"og:site_name\" content=\"Salmos B\u00edblicos\" \/>\n<meta property=\"article:published_time\" content=\"2025-05-10T20:49:55+00:00\" \/>\n<meta name=\"author\" content=\"Irmao\" \/>\n<meta name=\"twitter:card\" content=\"summary_large_image\" \/>\n<meta name=\"twitter:label1\" content=\"Escrito por\" \/>\n\t<meta name=\"twitter:data1\" content=\"Irmao\" \/>\n\t<meta name=\"twitter:label2\" content=\"Est. tempo de leitura\" \/>\n\t<meta name=\"twitter:data2\" content=\"1 minuto\" \/>\n<script type=\"application\/ld+json\" class=\"yoast-schema-graph\">{\"@context\":\"https:\/\/schema.org\",\"@graph\":[{\"@type\":\"Article\",\"@id\":\"http:\/\/salmosbiblicos.com.br\/index.php\/2025\/05\/10\/reflexoes-de-fe-encontrando-a-paz-no-caos-e-a-luz-divina-na-oracao\/#article\",\"isPartOf\":{\"@id\":\"http:\/\/salmosbiblicos.com.br\/index.php\/2025\/05\/10\/reflexoes-de-fe-encontrando-a-paz-no-caos-e-a-luz-divina-na-oracao\/\"},\"author\":{\"name\":\"Irmao\",\"@id\":\"https:\/\/salmosbiblicos.com.br\/#\/schema\/person\/760735259ba35f1e44e89c71c72d79da\"},\"headline\":\"Reflex\u00f5es de f\u00e9: encontrando a paz no caos e a luz divina na ora\u00e7\u00e3o\",\"datePublished\":\"2025-05-10T20:49:55+00:00\",\"mainEntityOfPage\":{\"@id\":\"http:\/\/salmosbiblicos.com.br\/index.php\/2025\/05\/10\/reflexoes-de-fe-encontrando-a-paz-no-caos-e-a-luz-divina-na-oracao\/\"},\"wordCount\":127,\"articleSection\":[\"Poesias Religiosas\"],\"inLanguage\":\"pt-BR\"},{\"@type\":\"WebPage\",\"@id\":\"http:\/\/salmosbiblicos.com.br\/index.php\/2025\/05\/10\/reflexoes-de-fe-encontrando-a-paz-no-caos-e-a-luz-divina-na-oracao\/\",\"url\":\"http:\/\/salmosbiblicos.com.br\/index.php\/2025\/05\/10\/reflexoes-de-fe-encontrando-a-paz-no-caos-e-a-luz-divina-na-oracao\/\",\"name\":\"Reflex\u00f5es de f\u00e9: encontrando a paz no caos e a luz divina na ora\u00e7\u00e3o - Salmos B\u00edblicos\",\"isPartOf\":{\"@id\":\"https:\/\/salmosbiblicos.com.br\/#website\"},\"datePublished\":\"2025-05-10T20:49:55+00:00\",\"author\":{\"@id\":\"https:\/\/salmosbiblicos.com.br\/#\/schema\/person\/760735259ba35f1e44e89c71c72d79da\"},\"breadcrumb\":{\"@id\":\"http:\/\/salmosbiblicos.com.br\/index.php\/2025\/05\/10\/reflexoes-de-fe-encontrando-a-paz-no-caos-e-a-luz-divina-na-oracao\/#breadcrumb\"},\"inLanguage\":\"pt-BR\",\"potentialAction\":[{\"@type\":\"ReadAction\",\"target\":[\"http:\/\/salmosbiblicos.com.br\/index.php\/2025\/05\/10\/reflexoes-de-fe-encontrando-a-paz-no-caos-e-a-luz-divina-na-oracao\/\"]}]},{\"@type\":\"BreadcrumbList\",\"@id\":\"http:\/\/salmosbiblicos.com.br\/index.php\/2025\/05\/10\/reflexoes-de-fe-encontrando-a-paz-no-caos-e-a-luz-divina-na-oracao\/#breadcrumb\",\"itemListElement\":[{\"@type\":\"ListItem\",\"position\":1,\"name\":\"Home\",\"item\":\"https:\/\/salmosbiblicos.com.br\/\"},{\"@type\":\"ListItem\",\"position\":2,\"name\":\"Reflex\u00f5es de f\u00e9: encontrando a paz no caos e a luz divina na ora\u00e7\u00e3o\"}]},{\"@type\":\"WebSite\",\"@id\":\"https:\/\/salmosbiblicos.com.br\/#website\",\"url\":\"https:\/\/salmosbiblicos.com.br\/\",\"name\":\"Salmos B\u00edblicos\",\"description\":\"Uma e-Livraria com e-Books novos para voc\u00ea refletir.\",\"potentialAction\":[{\"@type\":\"SearchAction\",\"target\":{\"@type\":\"EntryPoint\",\"urlTemplate\":\"https:\/\/salmosbiblicos.com.br\/?s={search_term_string}\"},\"query-input\":{\"@type\":\"PropertyValueSpecification\",\"valueRequired\":true,\"valueName\":\"search_term_string\"}}],\"inLanguage\":\"pt-BR\"},{\"@type\":\"Person\",\"@id\":\"https:\/\/salmosbiblicos.com.br\/#\/schema\/person\/760735259ba35f1e44e89c71c72d79da\",\"name\":\"Irmao\",\"image\":{\"@type\":\"ImageObject\",\"inLanguage\":\"pt-BR\",\"@id\":\"https:\/\/secure.gravatar.com\/avatar\/?s=96&d=mm&r=g\",\"url\":\"https:\/\/secure.gravatar.com\/avatar\/?s=96&d=mm&r=g\",\"contentUrl\":\"https:\/\/secure.gravatar.com\/avatar\/?s=96&d=mm&r=g\",\"caption\":\"Irmao\"},\"url\":\"http:\/\/salmosbiblicos.com.br\/index.php\/author\/irmao\/\"}]}<\/script>\n<!-- \/ Yoast SEO plugin. -->","yoast_head_json":{"title":"Reflex\u00f5es de f\u00e9: encontrando a paz no caos e a luz divina na ora\u00e7\u00e3o - Salmos B\u00edblicos","robots":{"index":"index","follow":"follow","max-snippet":"max-snippet:-1","max-image-preview":"max-image-preview:large","max-video-preview":"max-video-preview:-1"},"canonical":"http:\/\/salmosbiblicos.com.br\/index.php\/2025\/05\/10\/reflexoes-de-fe-encontrando-a-paz-no-caos-e-a-luz-divina-na-oracao\/","og_locale":"pt_BR","og_type":"article","og_title":"Reflex\u00f5es de f\u00e9: encontrando a paz no caos e a luz divina na ora\u00e7\u00e3o - Salmos B\u00edblicos","og_description":"Em meio ao caos deste mundo passageiro, Busco a paz no sil\u00eancio verdadeiro. Na ora\u00e7\u00e3o encontro a luz divina, Que guia minha alma, que me ilumina. Ao olhar para o c\u00e9u estrelado, Sinto a presen\u00e7a do Ser amado. Em cada flor, em cada brisa suave, Sinto o toque de Deus, que me envolve. Que a [&hellip;]","og_url":"http:\/\/salmosbiblicos.com.br\/index.php\/2025\/05\/10\/reflexoes-de-fe-encontrando-a-paz-no-caos-e-a-luz-divina-na-oracao\/","og_site_name":"Salmos B\u00edblicos","article_published_time":"2025-05-10T20:49:55+00:00","author":"Irmao","twitter_card":"summary_large_image","twitter_misc":{"Escrito por":"Irmao","Est. tempo de leitura":"1 minuto"},"schema":{"@context":"https:\/\/schema.org","@graph":[{"@type":"Article","@id":"http:\/\/salmosbiblicos.com.br\/index.php\/2025\/05\/10\/reflexoes-de-fe-encontrando-a-paz-no-caos-e-a-luz-divina-na-oracao\/#article","isPartOf":{"@id":"http:\/\/salmosbiblicos.com.br\/index.php\/2025\/05\/10\/reflexoes-de-fe-encontrando-a-paz-no-caos-e-a-luz-divina-na-oracao\/"},"author":{"name":"Irmao","@id":"https:\/\/salmosbiblicos.com.br\/#\/schema\/person\/760735259ba35f1e44e89c71c72d79da"},"headline":"Reflex\u00f5es de f\u00e9: encontrando a paz no caos e a luz divina na ora\u00e7\u00e3o","datePublished":"2025-05-10T20:49:55+00:00","mainEntityOfPage":{"@id":"http:\/\/salmosbiblicos.com.br\/index.php\/2025\/05\/10\/reflexoes-de-fe-encontrando-a-paz-no-caos-e-a-luz-divina-na-oracao\/"},"wordCount":127,"articleSection":["Poesias Religiosas"],"inLanguage":"pt-BR"},{"@type":"WebPage","@id":"http:\/\/salmosbiblicos.com.br\/index.php\/2025\/05\/10\/reflexoes-de-fe-encontrando-a-paz-no-caos-e-a-luz-divina-na-oracao\/","url":"http:\/\/salmosbiblicos.com.br\/index.php\/2025\/05\/10\/reflexoes-de-fe-encontrando-a-paz-no-caos-e-a-luz-divina-na-oracao\/","name":"Reflex\u00f5es de f\u00e9: encontrando a paz no caos e a luz divina na ora\u00e7\u00e3o - Salmos B\u00edblicos","isPartOf":{"@id":"https:\/\/salmosbiblicos.com.br\/#website"},"datePublished":"2025-05-10T20:49:55+00:00","author":{"@id":"https:\/\/salmosbiblicos.com.br\/#\/schema\/person\/760735259ba35f1e44e89c71c72d79da"},"breadcrumb":{"@id":"http:\/\/salmosbiblicos.com.br\/index.php\/2025\/05\/10\/reflexoes-de-fe-encontrando-a-paz-no-caos-e-a-luz-divina-na-oracao\/#breadcrumb"},"inLanguage":"pt-BR","potentialAction":[{"@type":"ReadAction","target":["http:\/\/salmosbiblicos.com.br\/index.php\/2025\/05\/10\/reflexoes-de-fe-encontrando-a-paz-no-caos-e-a-luz-divina-na-oracao\/"]}]},{"@type":"BreadcrumbList","@id":"http:\/\/salmosbiblicos.com.br\/index.php\/2025\/05\/10\/reflexoes-de-fe-encontrando-a-paz-no-caos-e-a-luz-divina-na-oracao\/#breadcrumb","itemListElement":[{"@type":"ListItem","position":1,"name":"Home","item":"https:\/\/salmosbiblicos.com.br\/"},{"@type":"ListItem","position":2,"name":"Reflex\u00f5es de f\u00e9: encontrando a paz no caos e a luz divina na ora\u00e7\u00e3o"}]},{"@type":"WebSite","@id":"https:\/\/salmosbiblicos.com.br\/#website","url":"https:\/\/salmosbiblicos.com.br\/","name":"Salmos B\u00edblicos","description":"Uma e-Livraria com e-Books novos para voc\u00ea refletir.","potentialAction":[{"@type":"SearchAction","target":{"@type":"EntryPoint","urlTemplate":"https:\/\/salmosbiblicos.com.br\/?s={search_term_string}"},"query-input":{"@type":"PropertyValueSpecification","valueRequired":true,"valueName":"search_term_string"}}],"inLanguage":"pt-BR"},{"@type":"Person","@id":"https:\/\/salmosbiblicos.com.br\/#\/schema\/person\/760735259ba35f1e44e89c71c72d79da","name":"Irmao","image":{"@type":"ImageObject","inLanguage":"pt-BR","@id":"https:\/\/secure.gravatar.com\/avatar\/?s=96&d=mm&r=g","url":"https:\/\/secure.gravatar.com\/avatar\/?s=96&d=mm&r=g","contentUrl":"https:\/\/secure.gravatar.com\/avatar\/?s=96&d=mm&r=g","caption":"Irmao"},"url":"http:\/\/salmosbiblicos.com.br\/index.php\/author\/irmao\/"}]}},"_links":{"self":[{"href":"http:\/\/salmosbiblicos.com.br\/index.php\/wp-json\/wp\/v2\/posts\/5015","targetHints":{"allow":["GET"]}}],"collection":[{"href":"http:\/\/salmosbiblicos.com.br\/index.php\/wp-json\/wp\/v2\/posts"}],"about":[{"href":"http:\/\/salmosbiblicos.com.br\/index.php\/wp-json\/wp\/v2\/types\/post"}],"author":[{"embeddable":true,"href":"http:\/\/salmosbiblicos.com.br\/index.php\/wp-json\/wp\/v2\/users\/2"}],"replies":[{"embeddable":true,"href":"http:\/\/salmosbiblicos.com.br\/index.php\/wp-json\/wp\/v2\/comments?post=5015"}],"version-history":[{"count":0,"href":"http:\/\/salmosbiblicos.com.br\/index.php\/wp-json\/wp\/v2\/posts\/5015\/revisions"}],"wp:attachment":[{"href":"http:\/\/salmosbiblicos.com.br\/index.php\/wp-json\/wp\/v2\/media?parent=5015"}],"wp:term":[{"taxonomy":"category","embeddable":true,"href":"http:\/\/salmosbiblicos.com.br\/index.php\/wp-json\/wp\/v2\/categories?post=5015"},{"taxonomy":"post_tag","embeddable":true,"href":"http:\/\/salmosbiblicos.com.br\/index.php\/wp-json\/wp\/v2\/tags?post=5015"}],"curies":[{"name":"wp","href":"https:\/\/api.w.org\/{rel}","templated":true}]}}