{"id":5059,"date":"2025-05-13T19:02:54","date_gmt":"2025-05-13T22:02:54","guid":{"rendered":"https:\/\/salmosbiblicos.com.br\/?p=5059"},"modified":"2025-05-13T19:02:54","modified_gmt":"2025-05-13T22:02:54","slug":"a-chave-da-gratidao-abra-as-portas-do-ceu-em-sua-vida","status":"publish","type":"post","link":"http:\/\/salmosbiblicos.com.br\/index.php\/2025\/05\/13\/a-chave-da-gratidao-abra-as-portas-do-ceu-em-sua-vida\/","title":{"rendered":"A Chave da Gratid\u00e3o: Abra as Portas do C\u00e9u em Sua Vida"},"content":{"rendered":"<p>Hoje quero falar sobre a import\u00e2ncia da gratid\u00e3o em nossas vidas. Em meio \u00e0s turbul\u00eancias do dia a dia, \u00e9 f\u00e1cil nos perdermos nos problemas e nos esquecermos de agradecer pelas b\u00ean\u00e7\u00e3os que recebemos. A gratid\u00e3o \u00e9 uma atitude poderosa que nos conecta com o divino e nos enche de paz interior.<\/p>\n<p>Quando paramos para refletir sobre tudo o que temos, percebemos que somos verdadeiramente aben\u00e7oados. Desde o ar que respiramos at\u00e9 as pessoas que amamos, cada detalhe de nossas vidas merece nossa gratid\u00e3o. A gratid\u00e3o nos faz enxergar o mundo com olhos de amor e nos ajuda a superar os desafios com mais serenidade.<\/p>\n<p>Mesmo nos momentos mais dif\u00edceis, \u00e9 poss\u00edvel encontrar motivos para agradecer. A gratid\u00e3o n\u00e3o depende das circunst\u00e2ncias, mas sim da nossa disposi\u00e7\u00e3o de reconhecer as pequenas coisas que fazem a diferen\u00e7a. Quando agradecemos, abrimos espa\u00e7o para que mais b\u00ean\u00e7\u00e3os cheguem at\u00e9 n\u00f3s, criando um ciclo de generosidade e amor.<\/p>\n<p>Ao cultivar a gratid\u00e3o em nosso cora\u00e7\u00e3o, estamos fortalecendo nossa f\u00e9 e nossa conex\u00e3o com o divino. Agradecer \u00e9 um ato de humildade que nos lembra da nossa depend\u00eancia de algo maior do que n\u00f3s mesmos. \u00c9 reconhecer que n\u00e3o estamos sozinhos no mundo e que somos parte de algo muito maior e mais grandioso.<\/p>\n<p>Ent\u00e3o, hoje eu te convido a praticar a gratid\u00e3o em sua vida. Comece o dia agradecendo pelo dom da vida, pela oportunidade de recome\u00e7ar, pela sa\u00fade que te sustenta e pelas pessoas que te cercam com amor. Agrade\u00e7a pelo sol que brilha, pela chuva que alimenta a terra, pelo vento que refresca. Agrade\u00e7a pelo sorriso de um estranho, pelo abra\u00e7o de um amigo, pela compreens\u00e3o de um familiar.<\/p>\n<p>Quando nos abrimos para a gratid\u00e3o, estamos convidando a paz para habitar em nosso cora\u00e7\u00e3o. A gratid\u00e3o nos liberta do peso da ingratid\u00e3o, do ressentimento e da amargura. Ela nos ensina a ver o mundo com olhos de bondade e a viver com o cora\u00e7\u00e3o cheio de amor.<\/p>\n<p>Que a gratid\u00e3o seja a luz que ilumina o seu caminho, a for\u00e7a que te sustenta nos momentos dif\u00edceis e a esperan\u00e7a que renova a sua f\u00e9. Agrade\u00e7a, celebre e compartilhe as b\u00ean\u00e7\u00e3os que recebe, e ver\u00e1 como a sua vida se transformar\u00e1 em um verdadeiro jardim de alegria e paz.<\/p>\n<p>Lembre-se: a gratid\u00e3o \u00e9 a chave que abre as portas do c\u00e9u em nossa vida. Que ela seja sempre o seu guia e a sua prote\u00e7\u00e3o. Agrade\u00e7a e viva em paz.<\/p>\n","protected":false},"excerpt":{"rendered":"<p>Hoje quero falar sobre a import\u00e2ncia da gratid\u00e3o em nossas vidas. Em meio \u00e0s turbul\u00eancias do dia a dia, \u00e9 f\u00e1cil nos perdermos nos problemas e nos esquecermos de agradecer pelas b\u00ean\u00e7\u00e3os que recebemos. A gratid\u00e3o \u00e9 uma atitude poderosa que nos conecta com o divino e nos enche de paz interior. Quando paramos para [&hellip;]<\/p>\n","protected":false},"author":2,"featured_media":0,"comment_status":"closed","ping_status":"open","sticky":false,"template":"","format":"standard","meta":{"footnotes":""},"categories":[6],"tags":[],"class_list":["post-5059","post","type-post","status-publish","format-standard","hentry","category-reflexao-do-dia"],"yoast_head":"<!-- This site is optimized with the Yoast SEO plugin v27.2 - https:\/\/yoast.com\/product\/yoast-seo-wordpress\/ -->\n<title>A Chave da Gratid\u00e3o: Abra as Portas do C\u00e9u em Sua Vida - Salmos B\u00edblicos<\/title>\n<meta name=\"robots\" content=\"index, follow, max-snippet:-1, max-image-preview:large, max-video-preview:-1\" \/>\n<link rel=\"canonical\" href=\"http:\/\/salmosbiblicos.com.br\/index.php\/2025\/05\/13\/a-chave-da-gratidao-abra-as-portas-do-ceu-em-sua-vida\/\" \/>\n<meta property=\"og:locale\" content=\"pt_BR\" \/>\n<meta property=\"og:type\" content=\"article\" \/>\n<meta property=\"og:title\" content=\"A Chave da Gratid\u00e3o: Abra as Portas do C\u00e9u em Sua Vida - Salmos B\u00edblicos\" \/>\n<meta property=\"og:description\" content=\"Hoje quero falar sobre a import\u00e2ncia da gratid\u00e3o em nossas vidas. Em meio \u00e0s turbul\u00eancias do dia a dia, \u00e9 f\u00e1cil nos perdermos nos problemas e nos esquecermos de agradecer pelas b\u00ean\u00e7\u00e3os que recebemos. A gratid\u00e3o \u00e9 uma atitude poderosa que nos conecta com o divino e nos enche de paz interior. Quando paramos para [&hellip;]\" \/>\n<meta property=\"og:url\" content=\"http:\/\/salmosbiblicos.com.br\/index.php\/2025\/05\/13\/a-chave-da-gratidao-abra-as-portas-do-ceu-em-sua-vida\/\" \/>\n<meta property=\"og:site_name\" content=\"Salmos B\u00edblicos\" \/>\n<meta property=\"article:published_time\" content=\"2025-05-13T22:02:54+00:00\" \/>\n<meta name=\"author\" content=\"Irmao\" \/>\n<meta name=\"twitter:card\" content=\"summary_large_image\" \/>\n<meta name=\"twitter:label1\" content=\"Escrito por\" \/>\n\t<meta name=\"twitter:data1\" content=\"Irmao\" \/>\n\t<meta name=\"twitter:label2\" content=\"Est. tempo de leitura\" \/>\n\t<meta name=\"twitter:data2\" content=\"2 minutos\" \/>\n<script type=\"application\/ld+json\" class=\"yoast-schema-graph\">{\"@context\":\"https:\/\/schema.org\",\"@graph\":[{\"@type\":\"Article\",\"@id\":\"http:\/\/salmosbiblicos.com.br\/index.php\/2025\/05\/13\/a-chave-da-gratidao-abra-as-portas-do-ceu-em-sua-vida\/#article\",\"isPartOf\":{\"@id\":\"http:\/\/salmosbiblicos.com.br\/index.php\/2025\/05\/13\/a-chave-da-gratidao-abra-as-portas-do-ceu-em-sua-vida\/\"},\"author\":{\"name\":\"Irmao\",\"@id\":\"https:\/\/salmosbiblicos.com.br\/#\/schema\/person\/760735259ba35f1e44e89c71c72d79da\"},\"headline\":\"A Chave da Gratid\u00e3o: Abra as Portas do C\u00e9u em Sua Vida\",\"datePublished\":\"2025-05-13T22:02:54+00:00\",\"mainEntityOfPage\":{\"@id\":\"http:\/\/salmosbiblicos.com.br\/index.php\/2025\/05\/13\/a-chave-da-gratidao-abra-as-portas-do-ceu-em-sua-vida\/\"},\"wordCount\":466,\"articleSection\":[\"Reflex\u00e3o do Dia\"],\"inLanguage\":\"pt-BR\"},{\"@type\":\"WebPage\",\"@id\":\"http:\/\/salmosbiblicos.com.br\/index.php\/2025\/05\/13\/a-chave-da-gratidao-abra-as-portas-do-ceu-em-sua-vida\/\",\"url\":\"http:\/\/salmosbiblicos.com.br\/index.php\/2025\/05\/13\/a-chave-da-gratidao-abra-as-portas-do-ceu-em-sua-vida\/\",\"name\":\"A Chave da Gratid\u00e3o: Abra as Portas do C\u00e9u em Sua Vida - Salmos B\u00edblicos\",\"isPartOf\":{\"@id\":\"https:\/\/salmosbiblicos.com.br\/#website\"},\"datePublished\":\"2025-05-13T22:02:54+00:00\",\"author\":{\"@id\":\"https:\/\/salmosbiblicos.com.br\/#\/schema\/person\/760735259ba35f1e44e89c71c72d79da\"},\"breadcrumb\":{\"@id\":\"http:\/\/salmosbiblicos.com.br\/index.php\/2025\/05\/13\/a-chave-da-gratidao-abra-as-portas-do-ceu-em-sua-vida\/#breadcrumb\"},\"inLanguage\":\"pt-BR\",\"potentialAction\":[{\"@type\":\"ReadAction\",\"target\":[\"http:\/\/salmosbiblicos.com.br\/index.php\/2025\/05\/13\/a-chave-da-gratidao-abra-as-portas-do-ceu-em-sua-vida\/\"]}]},{\"@type\":\"BreadcrumbList\",\"@id\":\"http:\/\/salmosbiblicos.com.br\/index.php\/2025\/05\/13\/a-chave-da-gratidao-abra-as-portas-do-ceu-em-sua-vida\/#breadcrumb\",\"itemListElement\":[{\"@type\":\"ListItem\",\"position\":1,\"name\":\"Home\",\"item\":\"https:\/\/salmosbiblicos.com.br\/\"},{\"@type\":\"ListItem\",\"position\":2,\"name\":\"A Chave da Gratid\u00e3o: Abra as Portas do C\u00e9u em Sua Vida\"}]},{\"@type\":\"WebSite\",\"@id\":\"https:\/\/salmosbiblicos.com.br\/#website\",\"url\":\"https:\/\/salmosbiblicos.com.br\/\",\"name\":\"Salmos B\u00edblicos\",\"description\":\"Uma e-Livraria com e-Books novos para voc\u00ea refletir.\",\"potentialAction\":[{\"@type\":\"SearchAction\",\"target\":{\"@type\":\"EntryPoint\",\"urlTemplate\":\"https:\/\/salmosbiblicos.com.br\/?s={search_term_string}\"},\"query-input\":{\"@type\":\"PropertyValueSpecification\",\"valueRequired\":true,\"valueName\":\"search_term_string\"}}],\"inLanguage\":\"pt-BR\"},{\"@type\":\"Person\",\"@id\":\"https:\/\/salmosbiblicos.com.br\/#\/schema\/person\/760735259ba35f1e44e89c71c72d79da\",\"name\":\"Irmao\",\"image\":{\"@type\":\"ImageObject\",\"inLanguage\":\"pt-BR\",\"@id\":\"https:\/\/secure.gravatar.com\/avatar\/?s=96&d=mm&r=g\",\"url\":\"https:\/\/secure.gravatar.com\/avatar\/?s=96&d=mm&r=g\",\"contentUrl\":\"https:\/\/secure.gravatar.com\/avatar\/?s=96&d=mm&r=g\",\"caption\":\"Irmao\"},\"url\":\"http:\/\/salmosbiblicos.com.br\/index.php\/author\/irmao\/\"}]}<\/script>\n<!-- \/ Yoast SEO plugin. -->","yoast_head_json":{"title":"A Chave da Gratid\u00e3o: Abra as Portas do C\u00e9u em Sua Vida - Salmos B\u00edblicos","robots":{"index":"index","follow":"follow","max-snippet":"max-snippet:-1","max-image-preview":"max-image-preview:large","max-video-preview":"max-video-preview:-1"},"canonical":"http:\/\/salmosbiblicos.com.br\/index.php\/2025\/05\/13\/a-chave-da-gratidao-abra-as-portas-do-ceu-em-sua-vida\/","og_locale":"pt_BR","og_type":"article","og_title":"A Chave da Gratid\u00e3o: Abra as Portas do C\u00e9u em Sua Vida - Salmos B\u00edblicos","og_description":"Hoje quero falar sobre a import\u00e2ncia da gratid\u00e3o em nossas vidas. Em meio \u00e0s turbul\u00eancias do dia a dia, \u00e9 f\u00e1cil nos perdermos nos problemas e nos esquecermos de agradecer pelas b\u00ean\u00e7\u00e3os que recebemos. A gratid\u00e3o \u00e9 uma atitude poderosa que nos conecta com o divino e nos enche de paz interior. Quando paramos para [&hellip;]","og_url":"http:\/\/salmosbiblicos.com.br\/index.php\/2025\/05\/13\/a-chave-da-gratidao-abra-as-portas-do-ceu-em-sua-vida\/","og_site_name":"Salmos B\u00edblicos","article_published_time":"2025-05-13T22:02:54+00:00","author":"Irmao","twitter_card":"summary_large_image","twitter_misc":{"Escrito por":"Irmao","Est. tempo de leitura":"2 minutos"},"schema":{"@context":"https:\/\/schema.org","@graph":[{"@type":"Article","@id":"http:\/\/salmosbiblicos.com.br\/index.php\/2025\/05\/13\/a-chave-da-gratidao-abra-as-portas-do-ceu-em-sua-vida\/#article","isPartOf":{"@id":"http:\/\/salmosbiblicos.com.br\/index.php\/2025\/05\/13\/a-chave-da-gratidao-abra-as-portas-do-ceu-em-sua-vida\/"},"author":{"name":"Irmao","@id":"https:\/\/salmosbiblicos.com.br\/#\/schema\/person\/760735259ba35f1e44e89c71c72d79da"},"headline":"A Chave da Gratid\u00e3o: Abra as Portas do C\u00e9u em Sua Vida","datePublished":"2025-05-13T22:02:54+00:00","mainEntityOfPage":{"@id":"http:\/\/salmosbiblicos.com.br\/index.php\/2025\/05\/13\/a-chave-da-gratidao-abra-as-portas-do-ceu-em-sua-vida\/"},"wordCount":466,"articleSection":["Reflex\u00e3o do Dia"],"inLanguage":"pt-BR"},{"@type":"WebPage","@id":"http:\/\/salmosbiblicos.com.br\/index.php\/2025\/05\/13\/a-chave-da-gratidao-abra-as-portas-do-ceu-em-sua-vida\/","url":"http:\/\/salmosbiblicos.com.br\/index.php\/2025\/05\/13\/a-chave-da-gratidao-abra-as-portas-do-ceu-em-sua-vida\/","name":"A Chave da Gratid\u00e3o: Abra as Portas do C\u00e9u em Sua Vida - Salmos B\u00edblicos","isPartOf":{"@id":"https:\/\/salmosbiblicos.com.br\/#website"},"datePublished":"2025-05-13T22:02:54+00:00","author":{"@id":"https:\/\/salmosbiblicos.com.br\/#\/schema\/person\/760735259ba35f1e44e89c71c72d79da"},"breadcrumb":{"@id":"http:\/\/salmosbiblicos.com.br\/index.php\/2025\/05\/13\/a-chave-da-gratidao-abra-as-portas-do-ceu-em-sua-vida\/#breadcrumb"},"inLanguage":"pt-BR","potentialAction":[{"@type":"ReadAction","target":["http:\/\/salmosbiblicos.com.br\/index.php\/2025\/05\/13\/a-chave-da-gratidao-abra-as-portas-do-ceu-em-sua-vida\/"]}]},{"@type":"BreadcrumbList","@id":"http:\/\/salmosbiblicos.com.br\/index.php\/2025\/05\/13\/a-chave-da-gratidao-abra-as-portas-do-ceu-em-sua-vida\/#breadcrumb","itemListElement":[{"@type":"ListItem","position":1,"name":"Home","item":"https:\/\/salmosbiblicos.com.br\/"},{"@type":"ListItem","position":2,"name":"A Chave da Gratid\u00e3o: Abra as Portas do C\u00e9u em Sua Vida"}]},{"@type":"WebSite","@id":"https:\/\/salmosbiblicos.com.br\/#website","url":"https:\/\/salmosbiblicos.com.br\/","name":"Salmos B\u00edblicos","description":"Uma e-Livraria com e-Books novos para voc\u00ea refletir.","potentialAction":[{"@type":"SearchAction","target":{"@type":"EntryPoint","urlTemplate":"https:\/\/salmosbiblicos.com.br\/?s={search_term_string}"},"query-input":{"@type":"PropertyValueSpecification","valueRequired":true,"valueName":"search_term_string"}}],"inLanguage":"pt-BR"},{"@type":"Person","@id":"https:\/\/salmosbiblicos.com.br\/#\/schema\/person\/760735259ba35f1e44e89c71c72d79da","name":"Irmao","image":{"@type":"ImageObject","inLanguage":"pt-BR","@id":"https:\/\/secure.gravatar.com\/avatar\/?s=96&d=mm&r=g","url":"https:\/\/secure.gravatar.com\/avatar\/?s=96&d=mm&r=g","contentUrl":"https:\/\/secure.gravatar.com\/avatar\/?s=96&d=mm&r=g","caption":"Irmao"},"url":"http:\/\/salmosbiblicos.com.br\/index.php\/author\/irmao\/"}]}},"_links":{"self":[{"href":"http:\/\/salmosbiblicos.com.br\/index.php\/wp-json\/wp\/v2\/posts\/5059","targetHints":{"allow":["GET"]}}],"collection":[{"href":"http:\/\/salmosbiblicos.com.br\/index.php\/wp-json\/wp\/v2\/posts"}],"about":[{"href":"http:\/\/salmosbiblicos.com.br\/index.php\/wp-json\/wp\/v2\/types\/post"}],"author":[{"embeddable":true,"href":"http:\/\/salmosbiblicos.com.br\/index.php\/wp-json\/wp\/v2\/users\/2"}],"replies":[{"embeddable":true,"href":"http:\/\/salmosbiblicos.com.br\/index.php\/wp-json\/wp\/v2\/comments?post=5059"}],"version-history":[{"count":0,"href":"http:\/\/salmosbiblicos.com.br\/index.php\/wp-json\/wp\/v2\/posts\/5059\/revisions"}],"wp:attachment":[{"href":"http:\/\/salmosbiblicos.com.br\/index.php\/wp-json\/wp\/v2\/media?parent=5059"}],"wp:term":[{"taxonomy":"category","embeddable":true,"href":"http:\/\/salmosbiblicos.com.br\/index.php\/wp-json\/wp\/v2\/categories?post=5059"},{"taxonomy":"post_tag","embeddable":true,"href":"http:\/\/salmosbiblicos.com.br\/index.php\/wp-json\/wp\/v2\/tags?post=5059"}],"curies":[{"name":"wp","href":"https:\/\/api.w.org\/{rel}","templated":true}]}}