{"id":5063,"date":"2025-05-13T19:03:10","date_gmt":"2025-05-13T22:03:10","guid":{"rendered":"https:\/\/salmosbiblicos.com.br\/?p=5063"},"modified":"2025-05-13T19:03:10","modified_gmt":"2025-05-13T22:03:10","slug":"a-importancia-da-gratidao-a-chave-para-uma-jornada-espiritual-abencoada","status":"publish","type":"post","link":"http:\/\/salmosbiblicos.com.br\/index.php\/2025\/05\/13\/a-importancia-da-gratidao-a-chave-para-uma-jornada-espiritual-abencoada\/","title":{"rendered":"A Import\u00e2ncia da Gratid\u00e3o: A Chave para uma Jornada Espiritual Aben\u00e7oada"},"content":{"rendered":"<p>Hoje, quero falar com voc\u00ea sobre a import\u00e2ncia da gratid\u00e3o em nossa jornada espiritual. Em meio \u00e0s tribula\u00e7\u00f5es do dia a dia, \u00e9 f\u00e1cil nos perdermos nos problemas e nos esquecermos de todas as b\u00ean\u00e7\u00e3os que recebemos constantemente.<\/p>\n<p>\u00c9 natural que, diante dos desafios, sintamos medo, ansiedade e at\u00e9 mesmo desespero. Mas \u00e9 justamente nestes momentos que devemos nos lembrar de todas as gra\u00e7as que Deus, o Universo, ou o Buda nos proporciona diariamente.<\/p>\n<p>A gratid\u00e3o \u00e9 uma das chaves para manter nossa f\u00e9 inabal\u00e1vel. Ao reconhecer e agradecer por todas as pequenas e grandes d\u00e1divas que recebemos, abrimos espa\u00e7o para que mais b\u00ean\u00e7\u00e3os cheguem at\u00e9 n\u00f3s. \u00c9 como se estiv\u00e9ssemos sintonizando nossa frequ\u00eancia espiritual com a abund\u00e2ncia do Universo.<\/p>\n<p>Mesmo nos momentos mais dif\u00edceis, \u00e9 poss\u00edvel encontrar motivos para agradecer. Seja pela sa\u00fade que nos permite seguir em frente, pela fam\u00edlia que nos apoia, pelos amigos que nos confortam, ou mesmo pela beleza da natureza que nos cerca. A gratid\u00e3o nos conecta com o divino e nos lembra de que n\u00e3o estamos sozinhos nesta jornada.<\/p>\n<p>E que tal come\u00e7ar agora mesmo a praticar a gratid\u00e3o em sua vida? Reserve um tempo todos os dias para refletir sobre as b\u00ean\u00e7\u00e3os que recebeu e agradecer por elas. Pode ser atrav\u00e9s de uma ora\u00e7\u00e3o, de um di\u00e1rio de gratid\u00e3o, ou simplesmente em pensamento. O importante \u00e9 cultivar esse sentimento em seu cora\u00e7\u00e3o.<\/p>\n<p>Lembre-se de que a gratid\u00e3o n\u00e3o \u00e9 apenas uma forma de reconhecer as b\u00ean\u00e7\u00e3os que recebemos, mas tamb\u00e9m uma maneira de transformar nossa perspectiva diante dos desafios. Quando agradecemos, passamos a enxergar a vida com mais leveza, amor e esperan\u00e7a.<\/p>\n<p>Portanto, em meio \u00e0s tempestades da vida, n\u00e3o se esque\u00e7a de olhar para o c\u00e9u e agradecer pela chuva que irriga a terra, pelas estrelas que iluminam a noite escura, e pelo sol que aquece nossos dias. A gratid\u00e3o \u00e9 a chave que abre as portas da felicidade e da paz interior.<\/p>\n<p>Que a luz da gratid\u00e3o ilumine o seu caminho e traga paz ao seu cora\u00e7\u00e3o. Lembre-se sempre: a vida \u00e9 um presente divino, e a gratid\u00e3o \u00e9 a forma mais sincera de celebrar essa d\u00e1diva.<\/p>\n<p>Que a gratid\u00e3o seja a luz que guia seus passos e o amor que aquece sua alma. Agrade\u00e7a, sempre.<\/p>\n","protected":false},"excerpt":{"rendered":"<p>Hoje, quero falar com voc\u00ea sobre a import\u00e2ncia da gratid\u00e3o em nossa jornada espiritual. Em meio \u00e0s tribula\u00e7\u00f5es do dia a dia, \u00e9 f\u00e1cil nos perdermos nos problemas e nos esquecermos de todas as b\u00ean\u00e7\u00e3os que recebemos constantemente. \u00c9 natural que, diante dos desafios, sintamos medo, ansiedade e at\u00e9 mesmo desespero. Mas \u00e9 justamente nestes [&hellip;]<\/p>\n","protected":false},"author":2,"featured_media":0,"comment_status":"closed","ping_status":"open","sticky":false,"template":"","format":"standard","meta":{"footnotes":""},"categories":[6],"tags":[],"class_list":["post-5063","post","type-post","status-publish","format-standard","hentry","category-reflexao-do-dia"],"yoast_head":"<!-- This site is optimized with the Yoast SEO plugin v27.2 - https:\/\/yoast.com\/product\/yoast-seo-wordpress\/ -->\n<title>A Import\u00e2ncia da Gratid\u00e3o: A Chave para uma Jornada Espiritual Aben\u00e7oada - Salmos B\u00edblicos<\/title>\n<meta name=\"robots\" content=\"index, follow, max-snippet:-1, max-image-preview:large, max-video-preview:-1\" \/>\n<link rel=\"canonical\" href=\"http:\/\/salmosbiblicos.com.br\/index.php\/2025\/05\/13\/a-importancia-da-gratidao-a-chave-para-uma-jornada-espiritual-abencoada\/\" \/>\n<meta property=\"og:locale\" content=\"pt_BR\" \/>\n<meta property=\"og:type\" content=\"article\" \/>\n<meta property=\"og:title\" content=\"A Import\u00e2ncia da Gratid\u00e3o: A Chave para uma Jornada Espiritual Aben\u00e7oada - Salmos B\u00edblicos\" \/>\n<meta property=\"og:description\" content=\"Hoje, quero falar com voc\u00ea sobre a import\u00e2ncia da gratid\u00e3o em nossa jornada espiritual. Em meio \u00e0s tribula\u00e7\u00f5es do dia a dia, \u00e9 f\u00e1cil nos perdermos nos problemas e nos esquecermos de todas as b\u00ean\u00e7\u00e3os que recebemos constantemente. \u00c9 natural que, diante dos desafios, sintamos medo, ansiedade e at\u00e9 mesmo desespero. Mas \u00e9 justamente nestes [&hellip;]\" \/>\n<meta property=\"og:url\" content=\"http:\/\/salmosbiblicos.com.br\/index.php\/2025\/05\/13\/a-importancia-da-gratidao-a-chave-para-uma-jornada-espiritual-abencoada\/\" \/>\n<meta property=\"og:site_name\" content=\"Salmos B\u00edblicos\" \/>\n<meta property=\"article:published_time\" content=\"2025-05-13T22:03:10+00:00\" \/>\n<meta name=\"author\" content=\"Irmao\" \/>\n<meta name=\"twitter:card\" content=\"summary_large_image\" \/>\n<meta name=\"twitter:label1\" content=\"Escrito por\" \/>\n\t<meta name=\"twitter:data1\" content=\"Irmao\" \/>\n\t<meta name=\"twitter:label2\" content=\"Est. tempo de leitura\" \/>\n\t<meta name=\"twitter:data2\" content=\"2 minutos\" \/>\n<script type=\"application\/ld+json\" class=\"yoast-schema-graph\">{\"@context\":\"https:\/\/schema.org\",\"@graph\":[{\"@type\":\"Article\",\"@id\":\"http:\/\/salmosbiblicos.com.br\/index.php\/2025\/05\/13\/a-importancia-da-gratidao-a-chave-para-uma-jornada-espiritual-abencoada\/#article\",\"isPartOf\":{\"@id\":\"http:\/\/salmosbiblicos.com.br\/index.php\/2025\/05\/13\/a-importancia-da-gratidao-a-chave-para-uma-jornada-espiritual-abencoada\/\"},\"author\":{\"name\":\"Irmao\",\"@id\":\"https:\/\/salmosbiblicos.com.br\/#\/schema\/person\/760735259ba35f1e44e89c71c72d79da\"},\"headline\":\"A Import\u00e2ncia da Gratid\u00e3o: A Chave para uma Jornada Espiritual Aben\u00e7oada\",\"datePublished\":\"2025-05-13T22:03:10+00:00\",\"mainEntityOfPage\":{\"@id\":\"http:\/\/salmosbiblicos.com.br\/index.php\/2025\/05\/13\/a-importancia-da-gratidao-a-chave-para-uma-jornada-espiritual-abencoada\/\"},\"wordCount\":427,\"articleSection\":[\"Reflex\u00e3o do Dia\"],\"inLanguage\":\"pt-BR\"},{\"@type\":\"WebPage\",\"@id\":\"http:\/\/salmosbiblicos.com.br\/index.php\/2025\/05\/13\/a-importancia-da-gratidao-a-chave-para-uma-jornada-espiritual-abencoada\/\",\"url\":\"http:\/\/salmosbiblicos.com.br\/index.php\/2025\/05\/13\/a-importancia-da-gratidao-a-chave-para-uma-jornada-espiritual-abencoada\/\",\"name\":\"A Import\u00e2ncia da Gratid\u00e3o: A Chave para uma Jornada Espiritual Aben\u00e7oada - Salmos B\u00edblicos\",\"isPartOf\":{\"@id\":\"https:\/\/salmosbiblicos.com.br\/#website\"},\"datePublished\":\"2025-05-13T22:03:10+00:00\",\"author\":{\"@id\":\"https:\/\/salmosbiblicos.com.br\/#\/schema\/person\/760735259ba35f1e44e89c71c72d79da\"},\"breadcrumb\":{\"@id\":\"http:\/\/salmosbiblicos.com.br\/index.php\/2025\/05\/13\/a-importancia-da-gratidao-a-chave-para-uma-jornada-espiritual-abencoada\/#breadcrumb\"},\"inLanguage\":\"pt-BR\",\"potentialAction\":[{\"@type\":\"ReadAction\",\"target\":[\"http:\/\/salmosbiblicos.com.br\/index.php\/2025\/05\/13\/a-importancia-da-gratidao-a-chave-para-uma-jornada-espiritual-abencoada\/\"]}]},{\"@type\":\"BreadcrumbList\",\"@id\":\"http:\/\/salmosbiblicos.com.br\/index.php\/2025\/05\/13\/a-importancia-da-gratidao-a-chave-para-uma-jornada-espiritual-abencoada\/#breadcrumb\",\"itemListElement\":[{\"@type\":\"ListItem\",\"position\":1,\"name\":\"Home\",\"item\":\"https:\/\/salmosbiblicos.com.br\/\"},{\"@type\":\"ListItem\",\"position\":2,\"name\":\"A Import\u00e2ncia da Gratid\u00e3o: A Chave para uma Jornada Espiritual Aben\u00e7oada\"}]},{\"@type\":\"WebSite\",\"@id\":\"https:\/\/salmosbiblicos.com.br\/#website\",\"url\":\"https:\/\/salmosbiblicos.com.br\/\",\"name\":\"Salmos B\u00edblicos\",\"description\":\"Uma e-Livraria com e-Books novos para voc\u00ea refletir.\",\"potentialAction\":[{\"@type\":\"SearchAction\",\"target\":{\"@type\":\"EntryPoint\",\"urlTemplate\":\"https:\/\/salmosbiblicos.com.br\/?s={search_term_string}\"},\"query-input\":{\"@type\":\"PropertyValueSpecification\",\"valueRequired\":true,\"valueName\":\"search_term_string\"}}],\"inLanguage\":\"pt-BR\"},{\"@type\":\"Person\",\"@id\":\"https:\/\/salmosbiblicos.com.br\/#\/schema\/person\/760735259ba35f1e44e89c71c72d79da\",\"name\":\"Irmao\",\"image\":{\"@type\":\"ImageObject\",\"inLanguage\":\"pt-BR\",\"@id\":\"https:\/\/secure.gravatar.com\/avatar\/?s=96&d=mm&r=g\",\"url\":\"https:\/\/secure.gravatar.com\/avatar\/?s=96&d=mm&r=g\",\"contentUrl\":\"https:\/\/secure.gravatar.com\/avatar\/?s=96&d=mm&r=g\",\"caption\":\"Irmao\"},\"url\":\"http:\/\/salmosbiblicos.com.br\/index.php\/author\/irmao\/\"}]}<\/script>\n<!-- \/ Yoast SEO plugin. -->","yoast_head_json":{"title":"A Import\u00e2ncia da Gratid\u00e3o: A Chave para uma Jornada Espiritual Aben\u00e7oada - Salmos B\u00edblicos","robots":{"index":"index","follow":"follow","max-snippet":"max-snippet:-1","max-image-preview":"max-image-preview:large","max-video-preview":"max-video-preview:-1"},"canonical":"http:\/\/salmosbiblicos.com.br\/index.php\/2025\/05\/13\/a-importancia-da-gratidao-a-chave-para-uma-jornada-espiritual-abencoada\/","og_locale":"pt_BR","og_type":"article","og_title":"A Import\u00e2ncia da Gratid\u00e3o: A Chave para uma Jornada Espiritual Aben\u00e7oada - Salmos B\u00edblicos","og_description":"Hoje, quero falar com voc\u00ea sobre a import\u00e2ncia da gratid\u00e3o em nossa jornada espiritual. Em meio \u00e0s tribula\u00e7\u00f5es do dia a dia, \u00e9 f\u00e1cil nos perdermos nos problemas e nos esquecermos de todas as b\u00ean\u00e7\u00e3os que recebemos constantemente. \u00c9 natural que, diante dos desafios, sintamos medo, ansiedade e at\u00e9 mesmo desespero. Mas \u00e9 justamente nestes [&hellip;]","og_url":"http:\/\/salmosbiblicos.com.br\/index.php\/2025\/05\/13\/a-importancia-da-gratidao-a-chave-para-uma-jornada-espiritual-abencoada\/","og_site_name":"Salmos B\u00edblicos","article_published_time":"2025-05-13T22:03:10+00:00","author":"Irmao","twitter_card":"summary_large_image","twitter_misc":{"Escrito por":"Irmao","Est. tempo de leitura":"2 minutos"},"schema":{"@context":"https:\/\/schema.org","@graph":[{"@type":"Article","@id":"http:\/\/salmosbiblicos.com.br\/index.php\/2025\/05\/13\/a-importancia-da-gratidao-a-chave-para-uma-jornada-espiritual-abencoada\/#article","isPartOf":{"@id":"http:\/\/salmosbiblicos.com.br\/index.php\/2025\/05\/13\/a-importancia-da-gratidao-a-chave-para-uma-jornada-espiritual-abencoada\/"},"author":{"name":"Irmao","@id":"https:\/\/salmosbiblicos.com.br\/#\/schema\/person\/760735259ba35f1e44e89c71c72d79da"},"headline":"A Import\u00e2ncia da Gratid\u00e3o: A Chave para uma Jornada Espiritual Aben\u00e7oada","datePublished":"2025-05-13T22:03:10+00:00","mainEntityOfPage":{"@id":"http:\/\/salmosbiblicos.com.br\/index.php\/2025\/05\/13\/a-importancia-da-gratidao-a-chave-para-uma-jornada-espiritual-abencoada\/"},"wordCount":427,"articleSection":["Reflex\u00e3o do Dia"],"inLanguage":"pt-BR"},{"@type":"WebPage","@id":"http:\/\/salmosbiblicos.com.br\/index.php\/2025\/05\/13\/a-importancia-da-gratidao-a-chave-para-uma-jornada-espiritual-abencoada\/","url":"http:\/\/salmosbiblicos.com.br\/index.php\/2025\/05\/13\/a-importancia-da-gratidao-a-chave-para-uma-jornada-espiritual-abencoada\/","name":"A Import\u00e2ncia da Gratid\u00e3o: A Chave para uma Jornada Espiritual Aben\u00e7oada - Salmos B\u00edblicos","isPartOf":{"@id":"https:\/\/salmosbiblicos.com.br\/#website"},"datePublished":"2025-05-13T22:03:10+00:00","author":{"@id":"https:\/\/salmosbiblicos.com.br\/#\/schema\/person\/760735259ba35f1e44e89c71c72d79da"},"breadcrumb":{"@id":"http:\/\/salmosbiblicos.com.br\/index.php\/2025\/05\/13\/a-importancia-da-gratidao-a-chave-para-uma-jornada-espiritual-abencoada\/#breadcrumb"},"inLanguage":"pt-BR","potentialAction":[{"@type":"ReadAction","target":["http:\/\/salmosbiblicos.com.br\/index.php\/2025\/05\/13\/a-importancia-da-gratidao-a-chave-para-uma-jornada-espiritual-abencoada\/"]}]},{"@type":"BreadcrumbList","@id":"http:\/\/salmosbiblicos.com.br\/index.php\/2025\/05\/13\/a-importancia-da-gratidao-a-chave-para-uma-jornada-espiritual-abencoada\/#breadcrumb","itemListElement":[{"@type":"ListItem","position":1,"name":"Home","item":"https:\/\/salmosbiblicos.com.br\/"},{"@type":"ListItem","position":2,"name":"A Import\u00e2ncia da Gratid\u00e3o: A Chave para uma Jornada Espiritual Aben\u00e7oada"}]},{"@type":"WebSite","@id":"https:\/\/salmosbiblicos.com.br\/#website","url":"https:\/\/salmosbiblicos.com.br\/","name":"Salmos B\u00edblicos","description":"Uma e-Livraria com e-Books novos para voc\u00ea refletir.","potentialAction":[{"@type":"SearchAction","target":{"@type":"EntryPoint","urlTemplate":"https:\/\/salmosbiblicos.com.br\/?s={search_term_string}"},"query-input":{"@type":"PropertyValueSpecification","valueRequired":true,"valueName":"search_term_string"}}],"inLanguage":"pt-BR"},{"@type":"Person","@id":"https:\/\/salmosbiblicos.com.br\/#\/schema\/person\/760735259ba35f1e44e89c71c72d79da","name":"Irmao","image":{"@type":"ImageObject","inLanguage":"pt-BR","@id":"https:\/\/secure.gravatar.com\/avatar\/?s=96&d=mm&r=g","url":"https:\/\/secure.gravatar.com\/avatar\/?s=96&d=mm&r=g","contentUrl":"https:\/\/secure.gravatar.com\/avatar\/?s=96&d=mm&r=g","caption":"Irmao"},"url":"http:\/\/salmosbiblicos.com.br\/index.php\/author\/irmao\/"}]}},"_links":{"self":[{"href":"http:\/\/salmosbiblicos.com.br\/index.php\/wp-json\/wp\/v2\/posts\/5063","targetHints":{"allow":["GET"]}}],"collection":[{"href":"http:\/\/salmosbiblicos.com.br\/index.php\/wp-json\/wp\/v2\/posts"}],"about":[{"href":"http:\/\/salmosbiblicos.com.br\/index.php\/wp-json\/wp\/v2\/types\/post"}],"author":[{"embeddable":true,"href":"http:\/\/salmosbiblicos.com.br\/index.php\/wp-json\/wp\/v2\/users\/2"}],"replies":[{"embeddable":true,"href":"http:\/\/salmosbiblicos.com.br\/index.php\/wp-json\/wp\/v2\/comments?post=5063"}],"version-history":[{"count":0,"href":"http:\/\/salmosbiblicos.com.br\/index.php\/wp-json\/wp\/v2\/posts\/5063\/revisions"}],"wp:attachment":[{"href":"http:\/\/salmosbiblicos.com.br\/index.php\/wp-json\/wp\/v2\/media?parent=5063"}],"wp:term":[{"taxonomy":"category","embeddable":true,"href":"http:\/\/salmosbiblicos.com.br\/index.php\/wp-json\/wp\/v2\/categories?post=5063"},{"taxonomy":"post_tag","embeddable":true,"href":"http:\/\/salmosbiblicos.com.br\/index.php\/wp-json\/wp\/v2\/tags?post=5063"}],"curies":[{"name":"wp","href":"https:\/\/api.w.org\/{rel}","templated":true}]}}