{"id":5075,"date":"2025-05-13T19:03:45","date_gmt":"2025-05-13T22:03:45","guid":{"rendered":"https:\/\/salmosbiblicos.com.br\/?p=5075"},"modified":"2025-05-13T19:03:45","modified_gmt":"2025-05-13T22:03:45","slug":"reflexoes-celestiais-encontre-paz-e-esperanca-na-fe","status":"publish","type":"post","link":"http:\/\/salmosbiblicos.com.br\/index.php\/2025\/05\/13\/reflexoes-celestiais-encontre-paz-e-esperanca-na-fe\/","title":{"rendered":"Reflex\u00f5es Celestiais: Encontre Paz e Esperan\u00e7a na F\u00e9"},"content":{"rendered":"<p>Em meio ao sil\u00eancio da manh\u00e3 serena,<br \/>\nA alma se eleva em ora\u00e7\u00e3o serena.<br \/>\nDeus est\u00e1 presente em cada momento,<br \/>\nNas estrelas, no vento, no firmamento.<\/p>\n<p>Jesus caminha ao nosso lado,<br \/>\nNos momentos de dor e de pecado.<br \/>\nMaria, m\u00e3e amorosa e fiel,<br \/>\nIntercede por n\u00f3s, no c\u00e9u.<\/p>\n<p>Que a esperan\u00e7a nos guie sempre,<br \/>\nQue a f\u00e9 nos fortale\u00e7a, eternamente.<br \/>\nQue a paz do divino nos envolva,<br \/>\nE a luz da verdade nos resolva.<\/p>\n","protected":false},"excerpt":{"rendered":"<p>Em meio ao sil\u00eancio da manh\u00e3 serena, A alma se eleva em ora\u00e7\u00e3o serena. Deus est\u00e1 presente em cada momento, Nas estrelas, no vento, no firmamento. Jesus caminha ao nosso lado, Nos momentos de dor e de pecado. Maria, m\u00e3e amorosa e fiel, Intercede por n\u00f3s, no c\u00e9u. Que a esperan\u00e7a nos guie sempre, Que [&hellip;]<\/p>\n","protected":false},"author":2,"featured_media":0,"comment_status":"closed","ping_status":"open","sticky":false,"template":"","format":"standard","meta":{"footnotes":""},"categories":[7],"tags":[],"class_list":["post-5075","post","type-post","status-publish","format-standard","hentry","category-estudo-religioso"],"yoast_head":"<!-- This site is optimized with the Yoast SEO plugin v27.2 - https:\/\/yoast.com\/product\/yoast-seo-wordpress\/ -->\n<title>Reflex\u00f5es Celestiais: Encontre Paz e Esperan\u00e7a na F\u00e9 - Salmos B\u00edblicos<\/title>\n<meta name=\"robots\" content=\"index, follow, max-snippet:-1, max-image-preview:large, max-video-preview:-1\" \/>\n<link rel=\"canonical\" href=\"http:\/\/salmosbiblicos.com.br\/index.php\/2025\/05\/13\/reflexoes-celestiais-encontre-paz-e-esperanca-na-fe\/\" \/>\n<meta property=\"og:locale\" content=\"pt_BR\" \/>\n<meta property=\"og:type\" content=\"article\" \/>\n<meta property=\"og:title\" content=\"Reflex\u00f5es Celestiais: Encontre Paz e Esperan\u00e7a na F\u00e9 - Salmos B\u00edblicos\" \/>\n<meta property=\"og:description\" content=\"Em meio ao sil\u00eancio da manh\u00e3 serena, A alma se eleva em ora\u00e7\u00e3o serena. Deus est\u00e1 presente em cada momento, Nas estrelas, no vento, no firmamento. Jesus caminha ao nosso lado, Nos momentos de dor e de pecado. Maria, m\u00e3e amorosa e fiel, Intercede por n\u00f3s, no c\u00e9u. Que a esperan\u00e7a nos guie sempre, Que [&hellip;]\" \/>\n<meta property=\"og:url\" content=\"http:\/\/salmosbiblicos.com.br\/index.php\/2025\/05\/13\/reflexoes-celestiais-encontre-paz-e-esperanca-na-fe\/\" \/>\n<meta property=\"og:site_name\" content=\"Salmos B\u00edblicos\" \/>\n<meta property=\"article:published_time\" content=\"2025-05-13T22:03:45+00:00\" \/>\n<meta name=\"author\" content=\"Irmao\" \/>\n<meta name=\"twitter:card\" content=\"summary_large_image\" \/>\n<meta name=\"twitter:label1\" content=\"Escrito por\" \/>\n\t<meta name=\"twitter:data1\" content=\"Irmao\" \/>\n<script type=\"application\/ld+json\" class=\"yoast-schema-graph\">{\"@context\":\"https:\/\/schema.org\",\"@graph\":[{\"@type\":\"Article\",\"@id\":\"http:\/\/salmosbiblicos.com.br\/index.php\/2025\/05\/13\/reflexoes-celestiais-encontre-paz-e-esperanca-na-fe\/#article\",\"isPartOf\":{\"@id\":\"http:\/\/salmosbiblicos.com.br\/index.php\/2025\/05\/13\/reflexoes-celestiais-encontre-paz-e-esperanca-na-fe\/\"},\"author\":{\"name\":\"Irmao\",\"@id\":\"https:\/\/salmosbiblicos.com.br\/#\/schema\/person\/760735259ba35f1e44e89c71c72d79da\"},\"headline\":\"Reflex\u00f5es Celestiais: Encontre Paz e Esperan\u00e7a na F\u00e9\",\"datePublished\":\"2025-05-13T22:03:45+00:00\",\"mainEntityOfPage\":{\"@id\":\"http:\/\/salmosbiblicos.com.br\/index.php\/2025\/05\/13\/reflexoes-celestiais-encontre-paz-e-esperanca-na-fe\/\"},\"wordCount\":91,\"articleSection\":[\"Poesias Religiosas\"],\"inLanguage\":\"pt-BR\"},{\"@type\":\"WebPage\",\"@id\":\"http:\/\/salmosbiblicos.com.br\/index.php\/2025\/05\/13\/reflexoes-celestiais-encontre-paz-e-esperanca-na-fe\/\",\"url\":\"http:\/\/salmosbiblicos.com.br\/index.php\/2025\/05\/13\/reflexoes-celestiais-encontre-paz-e-esperanca-na-fe\/\",\"name\":\"Reflex\u00f5es Celestiais: Encontre Paz e Esperan\u00e7a na F\u00e9 - Salmos B\u00edblicos\",\"isPartOf\":{\"@id\":\"https:\/\/salmosbiblicos.com.br\/#website\"},\"datePublished\":\"2025-05-13T22:03:45+00:00\",\"author\":{\"@id\":\"https:\/\/salmosbiblicos.com.br\/#\/schema\/person\/760735259ba35f1e44e89c71c72d79da\"},\"breadcrumb\":{\"@id\":\"http:\/\/salmosbiblicos.com.br\/index.php\/2025\/05\/13\/reflexoes-celestiais-encontre-paz-e-esperanca-na-fe\/#breadcrumb\"},\"inLanguage\":\"pt-BR\",\"potentialAction\":[{\"@type\":\"ReadAction\",\"target\":[\"http:\/\/salmosbiblicos.com.br\/index.php\/2025\/05\/13\/reflexoes-celestiais-encontre-paz-e-esperanca-na-fe\/\"]}]},{\"@type\":\"BreadcrumbList\",\"@id\":\"http:\/\/salmosbiblicos.com.br\/index.php\/2025\/05\/13\/reflexoes-celestiais-encontre-paz-e-esperanca-na-fe\/#breadcrumb\",\"itemListElement\":[{\"@type\":\"ListItem\",\"position\":1,\"name\":\"Home\",\"item\":\"https:\/\/salmosbiblicos.com.br\/\"},{\"@type\":\"ListItem\",\"position\":2,\"name\":\"Reflex\u00f5es Celestiais: Encontre Paz e Esperan\u00e7a na F\u00e9\"}]},{\"@type\":\"WebSite\",\"@id\":\"https:\/\/salmosbiblicos.com.br\/#website\",\"url\":\"https:\/\/salmosbiblicos.com.br\/\",\"name\":\"Salmos B\u00edblicos\",\"description\":\"Uma e-Livraria com e-Books novos para voc\u00ea refletir.\",\"potentialAction\":[{\"@type\":\"SearchAction\",\"target\":{\"@type\":\"EntryPoint\",\"urlTemplate\":\"https:\/\/salmosbiblicos.com.br\/?s={search_term_string}\"},\"query-input\":{\"@type\":\"PropertyValueSpecification\",\"valueRequired\":true,\"valueName\":\"search_term_string\"}}],\"inLanguage\":\"pt-BR\"},{\"@type\":\"Person\",\"@id\":\"https:\/\/salmosbiblicos.com.br\/#\/schema\/person\/760735259ba35f1e44e89c71c72d79da\",\"name\":\"Irmao\",\"image\":{\"@type\":\"ImageObject\",\"inLanguage\":\"pt-BR\",\"@id\":\"https:\/\/secure.gravatar.com\/avatar\/?s=96&d=mm&r=g\",\"url\":\"https:\/\/secure.gravatar.com\/avatar\/?s=96&d=mm&r=g\",\"contentUrl\":\"https:\/\/secure.gravatar.com\/avatar\/?s=96&d=mm&r=g\",\"caption\":\"Irmao\"},\"url\":\"http:\/\/salmosbiblicos.com.br\/index.php\/author\/irmao\/\"}]}<\/script>\n<!-- \/ Yoast SEO plugin. -->","yoast_head_json":{"title":"Reflex\u00f5es Celestiais: Encontre Paz e Esperan\u00e7a na F\u00e9 - Salmos B\u00edblicos","robots":{"index":"index","follow":"follow","max-snippet":"max-snippet:-1","max-image-preview":"max-image-preview:large","max-video-preview":"max-video-preview:-1"},"canonical":"http:\/\/salmosbiblicos.com.br\/index.php\/2025\/05\/13\/reflexoes-celestiais-encontre-paz-e-esperanca-na-fe\/","og_locale":"pt_BR","og_type":"article","og_title":"Reflex\u00f5es Celestiais: Encontre Paz e Esperan\u00e7a na F\u00e9 - Salmos B\u00edblicos","og_description":"Em meio ao sil\u00eancio da manh\u00e3 serena, A alma se eleva em ora\u00e7\u00e3o serena. Deus est\u00e1 presente em cada momento, Nas estrelas, no vento, no firmamento. Jesus caminha ao nosso lado, Nos momentos de dor e de pecado. Maria, m\u00e3e amorosa e fiel, Intercede por n\u00f3s, no c\u00e9u. Que a esperan\u00e7a nos guie sempre, Que [&hellip;]","og_url":"http:\/\/salmosbiblicos.com.br\/index.php\/2025\/05\/13\/reflexoes-celestiais-encontre-paz-e-esperanca-na-fe\/","og_site_name":"Salmos B\u00edblicos","article_published_time":"2025-05-13T22:03:45+00:00","author":"Irmao","twitter_card":"summary_large_image","twitter_misc":{"Escrito por":"Irmao"},"schema":{"@context":"https:\/\/schema.org","@graph":[{"@type":"Article","@id":"http:\/\/salmosbiblicos.com.br\/index.php\/2025\/05\/13\/reflexoes-celestiais-encontre-paz-e-esperanca-na-fe\/#article","isPartOf":{"@id":"http:\/\/salmosbiblicos.com.br\/index.php\/2025\/05\/13\/reflexoes-celestiais-encontre-paz-e-esperanca-na-fe\/"},"author":{"name":"Irmao","@id":"https:\/\/salmosbiblicos.com.br\/#\/schema\/person\/760735259ba35f1e44e89c71c72d79da"},"headline":"Reflex\u00f5es Celestiais: Encontre Paz e Esperan\u00e7a na F\u00e9","datePublished":"2025-05-13T22:03:45+00:00","mainEntityOfPage":{"@id":"http:\/\/salmosbiblicos.com.br\/index.php\/2025\/05\/13\/reflexoes-celestiais-encontre-paz-e-esperanca-na-fe\/"},"wordCount":91,"articleSection":["Poesias Religiosas"],"inLanguage":"pt-BR"},{"@type":"WebPage","@id":"http:\/\/salmosbiblicos.com.br\/index.php\/2025\/05\/13\/reflexoes-celestiais-encontre-paz-e-esperanca-na-fe\/","url":"http:\/\/salmosbiblicos.com.br\/index.php\/2025\/05\/13\/reflexoes-celestiais-encontre-paz-e-esperanca-na-fe\/","name":"Reflex\u00f5es Celestiais: Encontre Paz e Esperan\u00e7a na F\u00e9 - Salmos B\u00edblicos","isPartOf":{"@id":"https:\/\/salmosbiblicos.com.br\/#website"},"datePublished":"2025-05-13T22:03:45+00:00","author":{"@id":"https:\/\/salmosbiblicos.com.br\/#\/schema\/person\/760735259ba35f1e44e89c71c72d79da"},"breadcrumb":{"@id":"http:\/\/salmosbiblicos.com.br\/index.php\/2025\/05\/13\/reflexoes-celestiais-encontre-paz-e-esperanca-na-fe\/#breadcrumb"},"inLanguage":"pt-BR","potentialAction":[{"@type":"ReadAction","target":["http:\/\/salmosbiblicos.com.br\/index.php\/2025\/05\/13\/reflexoes-celestiais-encontre-paz-e-esperanca-na-fe\/"]}]},{"@type":"BreadcrumbList","@id":"http:\/\/salmosbiblicos.com.br\/index.php\/2025\/05\/13\/reflexoes-celestiais-encontre-paz-e-esperanca-na-fe\/#breadcrumb","itemListElement":[{"@type":"ListItem","position":1,"name":"Home","item":"https:\/\/salmosbiblicos.com.br\/"},{"@type":"ListItem","position":2,"name":"Reflex\u00f5es Celestiais: Encontre Paz e Esperan\u00e7a na F\u00e9"}]},{"@type":"WebSite","@id":"https:\/\/salmosbiblicos.com.br\/#website","url":"https:\/\/salmosbiblicos.com.br\/","name":"Salmos B\u00edblicos","description":"Uma e-Livraria com e-Books novos para voc\u00ea refletir.","potentialAction":[{"@type":"SearchAction","target":{"@type":"EntryPoint","urlTemplate":"https:\/\/salmosbiblicos.com.br\/?s={search_term_string}"},"query-input":{"@type":"PropertyValueSpecification","valueRequired":true,"valueName":"search_term_string"}}],"inLanguage":"pt-BR"},{"@type":"Person","@id":"https:\/\/salmosbiblicos.com.br\/#\/schema\/person\/760735259ba35f1e44e89c71c72d79da","name":"Irmao","image":{"@type":"ImageObject","inLanguage":"pt-BR","@id":"https:\/\/secure.gravatar.com\/avatar\/?s=96&d=mm&r=g","url":"https:\/\/secure.gravatar.com\/avatar\/?s=96&d=mm&r=g","contentUrl":"https:\/\/secure.gravatar.com\/avatar\/?s=96&d=mm&r=g","caption":"Irmao"},"url":"http:\/\/salmosbiblicos.com.br\/index.php\/author\/irmao\/"}]}},"_links":{"self":[{"href":"http:\/\/salmosbiblicos.com.br\/index.php\/wp-json\/wp\/v2\/posts\/5075","targetHints":{"allow":["GET"]}}],"collection":[{"href":"http:\/\/salmosbiblicos.com.br\/index.php\/wp-json\/wp\/v2\/posts"}],"about":[{"href":"http:\/\/salmosbiblicos.com.br\/index.php\/wp-json\/wp\/v2\/types\/post"}],"author":[{"embeddable":true,"href":"http:\/\/salmosbiblicos.com.br\/index.php\/wp-json\/wp\/v2\/users\/2"}],"replies":[{"embeddable":true,"href":"http:\/\/salmosbiblicos.com.br\/index.php\/wp-json\/wp\/v2\/comments?post=5075"}],"version-history":[{"count":0,"href":"http:\/\/salmosbiblicos.com.br\/index.php\/wp-json\/wp\/v2\/posts\/5075\/revisions"}],"wp:attachment":[{"href":"http:\/\/salmosbiblicos.com.br\/index.php\/wp-json\/wp\/v2\/media?parent=5075"}],"wp:term":[{"taxonomy":"category","embeddable":true,"href":"http:\/\/salmosbiblicos.com.br\/index.php\/wp-json\/wp\/v2\/categories?post=5075"},{"taxonomy":"post_tag","embeddable":true,"href":"http:\/\/salmosbiblicos.com.br\/index.php\/wp-json\/wp\/v2\/tags?post=5075"}],"curies":[{"name":"wp","href":"https:\/\/api.w.org\/{rel}","templated":true}]}}