{"id":5125,"date":"2025-05-14T18:18:25","date_gmt":"2025-05-14T21:18:25","guid":{"rendered":"https:\/\/salmosbiblicos.com.br\/?p=5125"},"modified":"2025-05-14T18:18:25","modified_gmt":"2025-05-14T21:18:25","slug":"encontre-a-paz-interior-em-meio-ao-caos-cultivando-a-serenidade-em-tempos-de-adversidade","status":"publish","type":"post","link":"http:\/\/salmosbiblicos.com.br\/index.php\/2025\/05\/14\/encontre-a-paz-interior-em-meio-ao-caos-cultivando-a-serenidade-em-tempos-de-adversidade\/","title":{"rendered":"Encontre a Paz Interior em Meio ao Caos: Cultivando a Serenidade em Tempos de Adversidade"},"content":{"rendered":"<p>Hoje, quero falar com voc\u00ea sobre a import\u00e2ncia de cultivar a paz interior em meio ao caos do mundo. Em tempos de incertezas, de not\u00edcias ruins e de desafios que parecem insuper\u00e1veis, \u00e9 fundamental encontrar um ref\u00fagio de tranquilidade dentro de n\u00f3s mesmos.<\/p>\n<p>\u00c9 f\u00e1cil se deixar levar pela ansiedade, pelo medo e pela ang\u00fastia diante de tantas adversidades que se apresentam diante de n\u00f3s. Mas \u00e9 preciso lembrar que a paz n\u00e3o est\u00e1 apenas nas circunst\u00e2ncias externas, mas sim dentro de n\u00f3s mesmos. Ela \u00e9 um presente que podemos nos dar, independente do que esteja acontecendo ao nosso redor.<\/p>\n<p>Quando nos conectamos com nossa ess\u00eancia espiritual, quando buscamos a presen\u00e7a de Deus, do universo, ou do que quer que seja nossa fonte de for\u00e7a e amor, encontramos a paz que tanto buscamos. \u00c9 como se fosse uma \u00e2ncora que nos mant\u00e9m firmes em meio \u00e0 tempestade, nos lembrando de que somos mais do que nossos problemas e que somos capazes de enfrentar qualquer desafio que surgir em nosso caminho.<\/p>\n<p>N\u00e3o \u00e9 f\u00e1cil manter a paz interior, especialmente quando somos bombardeados por not\u00edcias negativas, por press\u00f5es do trabalho, por conflitos familiares ou por qualquer outra situa\u00e7\u00e3o que nos tire a tranquilidade. Mas \u00e9 justamente nos momentos de maior dificuldade que precisamos nos lembrar de respirar fundo, de nos conectar com nossa espiritualidade e de encontrar a serenidade que tanto buscamos.<\/p>\n<p>Cultivar a paz interior n\u00e3o significa ignorar os problemas, mas sim lidar com eles de uma maneira mais equilibrada, mais centrada, mais consciente. Significa n\u00e3o se deixar levar pelo desespero, pela raiva, pelo desespero, mas sim manter a calma e a confian\u00e7a de que tudo dar\u00e1 certo no final.<\/p>\n<p>Ent\u00e3o, hoje, eu te convido a se conectar com a sua paz interior. Reserve alguns minutos do seu dia para meditar, para orar, para simplesmente estar em sil\u00eancio consigo mesmo. Lembre-se de que a paz est\u00e1 dentro de voc\u00ea, esperando para ser encontrada e cultivada.<\/p>\n<p>Que essa paz te acompanhe em todos os momentos, te fortalecendo, te acalmando e te lembrando de que voc\u00ea \u00e9 amado, protegido e capaz de superar qualquer desafio que surgir em seu caminho.<\/p>\n<p>Lembre-se: a paz que procuramos est\u00e1 dentro de n\u00f3s. Basta nos conectarmos com ela e permitir que ela guie nossos passos. Que a sua paz interior seja a sua maior fortaleza.<\/p>\n","protected":false},"excerpt":{"rendered":"<p>Hoje, quero falar com voc\u00ea sobre a import\u00e2ncia de cultivar a paz interior em meio ao caos do mundo. Em tempos de incertezas, de not\u00edcias ruins e de desafios que parecem insuper\u00e1veis, \u00e9 fundamental encontrar um ref\u00fagio de tranquilidade dentro de n\u00f3s mesmos. \u00c9 f\u00e1cil se deixar levar pela ansiedade, pelo medo e pela ang\u00fastia [&hellip;]<\/p>\n","protected":false},"author":2,"featured_media":0,"comment_status":"closed","ping_status":"open","sticky":false,"template":"","format":"standard","meta":{"footnotes":""},"categories":[6],"tags":[],"class_list":["post-5125","post","type-post","status-publish","format-standard","hentry","category-reflexao-do-dia"],"yoast_head":"<!-- This site is optimized with the Yoast SEO plugin v27.2 - https:\/\/yoast.com\/product\/yoast-seo-wordpress\/ -->\n<title>Encontre a Paz Interior em Meio ao Caos: Cultivando a Serenidade em Tempos de Adversidade - Salmos B\u00edblicos<\/title>\n<meta name=\"robots\" content=\"index, follow, max-snippet:-1, max-image-preview:large, max-video-preview:-1\" \/>\n<link rel=\"canonical\" href=\"http:\/\/salmosbiblicos.com.br\/index.php\/2025\/05\/14\/encontre-a-paz-interior-em-meio-ao-caos-cultivando-a-serenidade-em-tempos-de-adversidade\/\" \/>\n<meta property=\"og:locale\" content=\"pt_BR\" \/>\n<meta property=\"og:type\" content=\"article\" \/>\n<meta property=\"og:title\" content=\"Encontre a Paz Interior em Meio ao Caos: Cultivando a Serenidade em Tempos de Adversidade - Salmos B\u00edblicos\" \/>\n<meta property=\"og:description\" content=\"Hoje, quero falar com voc\u00ea sobre a import\u00e2ncia de cultivar a paz interior em meio ao caos do mundo. Em tempos de incertezas, de not\u00edcias ruins e de desafios que parecem insuper\u00e1veis, \u00e9 fundamental encontrar um ref\u00fagio de tranquilidade dentro de n\u00f3s mesmos. \u00c9 f\u00e1cil se deixar levar pela ansiedade, pelo medo e pela ang\u00fastia [&hellip;]\" \/>\n<meta property=\"og:url\" content=\"http:\/\/salmosbiblicos.com.br\/index.php\/2025\/05\/14\/encontre-a-paz-interior-em-meio-ao-caos-cultivando-a-serenidade-em-tempos-de-adversidade\/\" \/>\n<meta property=\"og:site_name\" content=\"Salmos B\u00edblicos\" \/>\n<meta property=\"article:published_time\" content=\"2025-05-14T21:18:25+00:00\" \/>\n<meta name=\"author\" content=\"Irmao\" \/>\n<meta name=\"twitter:card\" content=\"summary_large_image\" \/>\n<meta name=\"twitter:label1\" content=\"Escrito por\" \/>\n\t<meta name=\"twitter:data1\" content=\"Irmao\" \/>\n\t<meta name=\"twitter:label2\" content=\"Est. tempo de leitura\" \/>\n\t<meta name=\"twitter:data2\" content=\"2 minutos\" \/>\n<script type=\"application\/ld+json\" class=\"yoast-schema-graph\">{\"@context\":\"https:\/\/schema.org\",\"@graph\":[{\"@type\":\"Article\",\"@id\":\"http:\/\/salmosbiblicos.com.br\/index.php\/2025\/05\/14\/encontre-a-paz-interior-em-meio-ao-caos-cultivando-a-serenidade-em-tempos-de-adversidade\/#article\",\"isPartOf\":{\"@id\":\"http:\/\/salmosbiblicos.com.br\/index.php\/2025\/05\/14\/encontre-a-paz-interior-em-meio-ao-caos-cultivando-a-serenidade-em-tempos-de-adversidade\/\"},\"author\":{\"name\":\"Irmao\",\"@id\":\"https:\/\/salmosbiblicos.com.br\/#\/schema\/person\/760735259ba35f1e44e89c71c72d79da\"},\"headline\":\"Encontre a Paz Interior em Meio ao Caos: Cultivando a Serenidade em Tempos de Adversidade\",\"datePublished\":\"2025-05-14T21:18:25+00:00\",\"mainEntityOfPage\":{\"@id\":\"http:\/\/salmosbiblicos.com.br\/index.php\/2025\/05\/14\/encontre-a-paz-interior-em-meio-ao-caos-cultivando-a-serenidade-em-tempos-de-adversidade\/\"},\"wordCount\":420,\"articleSection\":[\"Reflex\u00e3o do Dia\"],\"inLanguage\":\"pt-BR\"},{\"@type\":\"WebPage\",\"@id\":\"http:\/\/salmosbiblicos.com.br\/index.php\/2025\/05\/14\/encontre-a-paz-interior-em-meio-ao-caos-cultivando-a-serenidade-em-tempos-de-adversidade\/\",\"url\":\"http:\/\/salmosbiblicos.com.br\/index.php\/2025\/05\/14\/encontre-a-paz-interior-em-meio-ao-caos-cultivando-a-serenidade-em-tempos-de-adversidade\/\",\"name\":\"Encontre a Paz Interior em Meio ao Caos: Cultivando a Serenidade em Tempos de Adversidade - Salmos B\u00edblicos\",\"isPartOf\":{\"@id\":\"https:\/\/salmosbiblicos.com.br\/#website\"},\"datePublished\":\"2025-05-14T21:18:25+00:00\",\"author\":{\"@id\":\"https:\/\/salmosbiblicos.com.br\/#\/schema\/person\/760735259ba35f1e44e89c71c72d79da\"},\"breadcrumb\":{\"@id\":\"http:\/\/salmosbiblicos.com.br\/index.php\/2025\/05\/14\/encontre-a-paz-interior-em-meio-ao-caos-cultivando-a-serenidade-em-tempos-de-adversidade\/#breadcrumb\"},\"inLanguage\":\"pt-BR\",\"potentialAction\":[{\"@type\":\"ReadAction\",\"target\":[\"http:\/\/salmosbiblicos.com.br\/index.php\/2025\/05\/14\/encontre-a-paz-interior-em-meio-ao-caos-cultivando-a-serenidade-em-tempos-de-adversidade\/\"]}]},{\"@type\":\"BreadcrumbList\",\"@id\":\"http:\/\/salmosbiblicos.com.br\/index.php\/2025\/05\/14\/encontre-a-paz-interior-em-meio-ao-caos-cultivando-a-serenidade-em-tempos-de-adversidade\/#breadcrumb\",\"itemListElement\":[{\"@type\":\"ListItem\",\"position\":1,\"name\":\"Home\",\"item\":\"https:\/\/salmosbiblicos.com.br\/\"},{\"@type\":\"ListItem\",\"position\":2,\"name\":\"Encontre a Paz Interior em Meio ao Caos: Cultivando a Serenidade em Tempos de Adversidade\"}]},{\"@type\":\"WebSite\",\"@id\":\"https:\/\/salmosbiblicos.com.br\/#website\",\"url\":\"https:\/\/salmosbiblicos.com.br\/\",\"name\":\"Salmos B\u00edblicos\",\"description\":\"Uma e-Livraria com e-Books novos para voc\u00ea refletir.\",\"potentialAction\":[{\"@type\":\"SearchAction\",\"target\":{\"@type\":\"EntryPoint\",\"urlTemplate\":\"https:\/\/salmosbiblicos.com.br\/?s={search_term_string}\"},\"query-input\":{\"@type\":\"PropertyValueSpecification\",\"valueRequired\":true,\"valueName\":\"search_term_string\"}}],\"inLanguage\":\"pt-BR\"},{\"@type\":\"Person\",\"@id\":\"https:\/\/salmosbiblicos.com.br\/#\/schema\/person\/760735259ba35f1e44e89c71c72d79da\",\"name\":\"Irmao\",\"image\":{\"@type\":\"ImageObject\",\"inLanguage\":\"pt-BR\",\"@id\":\"https:\/\/secure.gravatar.com\/avatar\/?s=96&d=mm&r=g\",\"url\":\"https:\/\/secure.gravatar.com\/avatar\/?s=96&d=mm&r=g\",\"contentUrl\":\"https:\/\/secure.gravatar.com\/avatar\/?s=96&d=mm&r=g\",\"caption\":\"Irmao\"},\"url\":\"http:\/\/salmosbiblicos.com.br\/index.php\/author\/irmao\/\"}]}<\/script>\n<!-- \/ Yoast SEO plugin. -->","yoast_head_json":{"title":"Encontre a Paz Interior em Meio ao Caos: Cultivando a Serenidade em Tempos de Adversidade - Salmos B\u00edblicos","robots":{"index":"index","follow":"follow","max-snippet":"max-snippet:-1","max-image-preview":"max-image-preview:large","max-video-preview":"max-video-preview:-1"},"canonical":"http:\/\/salmosbiblicos.com.br\/index.php\/2025\/05\/14\/encontre-a-paz-interior-em-meio-ao-caos-cultivando-a-serenidade-em-tempos-de-adversidade\/","og_locale":"pt_BR","og_type":"article","og_title":"Encontre a Paz Interior em Meio ao Caos: Cultivando a Serenidade em Tempos de Adversidade - Salmos B\u00edblicos","og_description":"Hoje, quero falar com voc\u00ea sobre a import\u00e2ncia de cultivar a paz interior em meio ao caos do mundo. Em tempos de incertezas, de not\u00edcias ruins e de desafios que parecem insuper\u00e1veis, \u00e9 fundamental encontrar um ref\u00fagio de tranquilidade dentro de n\u00f3s mesmos. \u00c9 f\u00e1cil se deixar levar pela ansiedade, pelo medo e pela ang\u00fastia [&hellip;]","og_url":"http:\/\/salmosbiblicos.com.br\/index.php\/2025\/05\/14\/encontre-a-paz-interior-em-meio-ao-caos-cultivando-a-serenidade-em-tempos-de-adversidade\/","og_site_name":"Salmos B\u00edblicos","article_published_time":"2025-05-14T21:18:25+00:00","author":"Irmao","twitter_card":"summary_large_image","twitter_misc":{"Escrito por":"Irmao","Est. tempo de leitura":"2 minutos"},"schema":{"@context":"https:\/\/schema.org","@graph":[{"@type":"Article","@id":"http:\/\/salmosbiblicos.com.br\/index.php\/2025\/05\/14\/encontre-a-paz-interior-em-meio-ao-caos-cultivando-a-serenidade-em-tempos-de-adversidade\/#article","isPartOf":{"@id":"http:\/\/salmosbiblicos.com.br\/index.php\/2025\/05\/14\/encontre-a-paz-interior-em-meio-ao-caos-cultivando-a-serenidade-em-tempos-de-adversidade\/"},"author":{"name":"Irmao","@id":"https:\/\/salmosbiblicos.com.br\/#\/schema\/person\/760735259ba35f1e44e89c71c72d79da"},"headline":"Encontre a Paz Interior em Meio ao Caos: Cultivando a Serenidade em Tempos de Adversidade","datePublished":"2025-05-14T21:18:25+00:00","mainEntityOfPage":{"@id":"http:\/\/salmosbiblicos.com.br\/index.php\/2025\/05\/14\/encontre-a-paz-interior-em-meio-ao-caos-cultivando-a-serenidade-em-tempos-de-adversidade\/"},"wordCount":420,"articleSection":["Reflex\u00e3o do Dia"],"inLanguage":"pt-BR"},{"@type":"WebPage","@id":"http:\/\/salmosbiblicos.com.br\/index.php\/2025\/05\/14\/encontre-a-paz-interior-em-meio-ao-caos-cultivando-a-serenidade-em-tempos-de-adversidade\/","url":"http:\/\/salmosbiblicos.com.br\/index.php\/2025\/05\/14\/encontre-a-paz-interior-em-meio-ao-caos-cultivando-a-serenidade-em-tempos-de-adversidade\/","name":"Encontre a Paz Interior em Meio ao Caos: Cultivando a Serenidade em Tempos de Adversidade - Salmos B\u00edblicos","isPartOf":{"@id":"https:\/\/salmosbiblicos.com.br\/#website"},"datePublished":"2025-05-14T21:18:25+00:00","author":{"@id":"https:\/\/salmosbiblicos.com.br\/#\/schema\/person\/760735259ba35f1e44e89c71c72d79da"},"breadcrumb":{"@id":"http:\/\/salmosbiblicos.com.br\/index.php\/2025\/05\/14\/encontre-a-paz-interior-em-meio-ao-caos-cultivando-a-serenidade-em-tempos-de-adversidade\/#breadcrumb"},"inLanguage":"pt-BR","potentialAction":[{"@type":"ReadAction","target":["http:\/\/salmosbiblicos.com.br\/index.php\/2025\/05\/14\/encontre-a-paz-interior-em-meio-ao-caos-cultivando-a-serenidade-em-tempos-de-adversidade\/"]}]},{"@type":"BreadcrumbList","@id":"http:\/\/salmosbiblicos.com.br\/index.php\/2025\/05\/14\/encontre-a-paz-interior-em-meio-ao-caos-cultivando-a-serenidade-em-tempos-de-adversidade\/#breadcrumb","itemListElement":[{"@type":"ListItem","position":1,"name":"Home","item":"https:\/\/salmosbiblicos.com.br\/"},{"@type":"ListItem","position":2,"name":"Encontre a Paz Interior em Meio ao Caos: Cultivando a Serenidade em Tempos de Adversidade"}]},{"@type":"WebSite","@id":"https:\/\/salmosbiblicos.com.br\/#website","url":"https:\/\/salmosbiblicos.com.br\/","name":"Salmos B\u00edblicos","description":"Uma e-Livraria com e-Books novos para voc\u00ea refletir.","potentialAction":[{"@type":"SearchAction","target":{"@type":"EntryPoint","urlTemplate":"https:\/\/salmosbiblicos.com.br\/?s={search_term_string}"},"query-input":{"@type":"PropertyValueSpecification","valueRequired":true,"valueName":"search_term_string"}}],"inLanguage":"pt-BR"},{"@type":"Person","@id":"https:\/\/salmosbiblicos.com.br\/#\/schema\/person\/760735259ba35f1e44e89c71c72d79da","name":"Irmao","image":{"@type":"ImageObject","inLanguage":"pt-BR","@id":"https:\/\/secure.gravatar.com\/avatar\/?s=96&d=mm&r=g","url":"https:\/\/secure.gravatar.com\/avatar\/?s=96&d=mm&r=g","contentUrl":"https:\/\/secure.gravatar.com\/avatar\/?s=96&d=mm&r=g","caption":"Irmao"},"url":"http:\/\/salmosbiblicos.com.br\/index.php\/author\/irmao\/"}]}},"_links":{"self":[{"href":"http:\/\/salmosbiblicos.com.br\/index.php\/wp-json\/wp\/v2\/posts\/5125","targetHints":{"allow":["GET"]}}],"collection":[{"href":"http:\/\/salmosbiblicos.com.br\/index.php\/wp-json\/wp\/v2\/posts"}],"about":[{"href":"http:\/\/salmosbiblicos.com.br\/index.php\/wp-json\/wp\/v2\/types\/post"}],"author":[{"embeddable":true,"href":"http:\/\/salmosbiblicos.com.br\/index.php\/wp-json\/wp\/v2\/users\/2"}],"replies":[{"embeddable":true,"href":"http:\/\/salmosbiblicos.com.br\/index.php\/wp-json\/wp\/v2\/comments?post=5125"}],"version-history":[{"count":0,"href":"http:\/\/salmosbiblicos.com.br\/index.php\/wp-json\/wp\/v2\/posts\/5125\/revisions"}],"wp:attachment":[{"href":"http:\/\/salmosbiblicos.com.br\/index.php\/wp-json\/wp\/v2\/media?parent=5125"}],"wp:term":[{"taxonomy":"category","embeddable":true,"href":"http:\/\/salmosbiblicos.com.br\/index.php\/wp-json\/wp\/v2\/categories?post=5125"},{"taxonomy":"post_tag","embeddable":true,"href":"http:\/\/salmosbiblicos.com.br\/index.php\/wp-json\/wp\/v2\/tags?post=5125"}],"curies":[{"name":"wp","href":"https:\/\/api.w.org\/{rel}","templated":true}]}}