{"id":5127,"date":"2025-05-14T18:18:32","date_gmt":"2025-05-14T21:18:32","guid":{"rendered":"https:\/\/salmosbiblicos.com.br\/?p=5127"},"modified":"2025-05-14T18:18:32","modified_gmt":"2025-05-14T21:18:32","slug":"o-poder-da-gratidao-cultive-a-e-transforme-sua-vida","status":"publish","type":"post","link":"http:\/\/salmosbiblicos.com.br\/index.php\/2025\/05\/14\/o-poder-da-gratidao-cultive-a-e-transforme-sua-vida\/","title":{"rendered":"O Poder da Gratid\u00e3o: Cultive-a e Transforme sua Vida"},"content":{"rendered":"<p>Hoje quero falar sobre a import\u00e2ncia de cultivar a gratid\u00e3o em nossas vidas. Em meio \u00e0s adversidades e desafios do dia a dia, \u00e9 f\u00e1cil nos perdermos nas preocupa\u00e7\u00f5es e nos esquecermos de todas as b\u00ean\u00e7\u00e3os que recebemos diariamente.<\/p>\n<p>A gratid\u00e3o \u00e9 um sentimento poderoso que nos conecta com o divino e nos ajuda a enxergar a beleza e a bondade que nos cercam. Quando agradecemos, estamos reconhecendo a presen\u00e7a amorosa de Deus em nossas vidas e abrindo espa\u00e7o para mais b\u00ean\u00e7\u00e3os flu\u00edrem at\u00e9 n\u00f3s.<\/p>\n<p>Mesmo nos momentos dif\u00edceis, \u00e9 poss\u00edvel encontrar motivos para agradecer. Pode ser um sorriso gentil de um estranho, uma palavra de conforto de um amigo ou at\u00e9 mesmo a simples beleza da natureza ao nosso redor. Cada pequeno gesto de bondade merece nossa gratid\u00e3o, pois nos lembra que n\u00e3o estamos sozinhos e que sempre h\u00e1 motivos para ter esperan\u00e7a.<\/p>\n<p>Quando nos concentramos na gratid\u00e3o, nossa perspectiva muda e somos capazes de enfrentar os desafios com mais coragem e f\u00e9. A gratid\u00e3o nos lembra de que somos amados incondicionalmente por um Deus que nunca nos abandona, mesmo nos momentos mais sombrios.<\/p>\n<p>Ent\u00e3o, hoje, quero te encorajar a cultivar a gratid\u00e3o em seu cora\u00e7\u00e3o. Comece o dia agradecendo pela vida que voc\u00ea tem, pelas pessoas que te cercam, pela sa\u00fade que te sustenta. Agrade\u00e7a pelas li\u00e7\u00f5es que aprendeu com os desafios, pelas oportunidades que surgiram no seu caminho, pelas pequenas alegrias que alegram seu cora\u00e7\u00e3o.<\/p>\n<p>A gratid\u00e3o \u00e9 como um raio de sol que ilumina os cantos mais escuros da nossa alma. Ela nos renova, nos fortalece e nos conecta com o divino. Quando somos gratos, abrimos espa\u00e7o para a abund\u00e2ncia e a paz se manifestarem em nossas vidas.<\/p>\n<p>Ent\u00e3o, n\u00e3o deixe a gratid\u00e3o ser apenas uma palavra vazia em sua vida. Cultive-a como uma semente preciosa, regando-a diariamente com pensamentos positivos e a\u00e7\u00f5es amorosas. Permita que a gratid\u00e3o transforme sua vida e te guie rumo \u00e0 paz e \u00e0 plenitude.<\/p>\n<p>Lembre-se: a gratid\u00e3o \u00e9 a chave que abre as portas do cora\u00e7\u00e3o para a presen\u00e7a amorosa de Deus. Que ela seja sua companheira constante, trazendo luz e esperan\u00e7a em todos os momentos.<\/p>\n<p>Que a gratid\u00e3o seja sua b\u00fassola, guiando-o para um caminho de amor e paz. Agrade\u00e7a, celebre e viva cada dia com um cora\u00e7\u00e3o cheio de gratid\u00e3o.<\/p>\n<p>Que a paz de Deus esteja sempre contigo. Am\u00e9m.<\/p>\n","protected":false},"excerpt":{"rendered":"<p>Hoje quero falar sobre a import\u00e2ncia de cultivar a gratid\u00e3o em nossas vidas. Em meio \u00e0s adversidades e desafios do dia a dia, \u00e9 f\u00e1cil nos perdermos nas preocupa\u00e7\u00f5es e nos esquecermos de todas as b\u00ean\u00e7\u00e3os que recebemos diariamente. A gratid\u00e3o \u00e9 um sentimento poderoso que nos conecta com o divino e nos ajuda a [&hellip;]<\/p>\n","protected":false},"author":2,"featured_media":0,"comment_status":"closed","ping_status":"open","sticky":false,"template":"","format":"standard","meta":{"footnotes":""},"categories":[6],"tags":[],"class_list":["post-5127","post","type-post","status-publish","format-standard","hentry","category-reflexao-do-dia"],"yoast_head":"<!-- This site is optimized with the Yoast SEO plugin v27.2 - https:\/\/yoast.com\/product\/yoast-seo-wordpress\/ -->\n<title>O Poder da Gratid\u00e3o: Cultive-a e Transforme sua Vida - Salmos B\u00edblicos<\/title>\n<meta name=\"robots\" content=\"index, follow, max-snippet:-1, max-image-preview:large, max-video-preview:-1\" \/>\n<link rel=\"canonical\" href=\"http:\/\/salmosbiblicos.com.br\/index.php\/2025\/05\/14\/o-poder-da-gratidao-cultive-a-e-transforme-sua-vida\/\" \/>\n<meta property=\"og:locale\" content=\"pt_BR\" \/>\n<meta property=\"og:type\" content=\"article\" \/>\n<meta property=\"og:title\" content=\"O Poder da Gratid\u00e3o: Cultive-a e Transforme sua Vida - Salmos B\u00edblicos\" \/>\n<meta property=\"og:description\" content=\"Hoje quero falar sobre a import\u00e2ncia de cultivar a gratid\u00e3o em nossas vidas. Em meio \u00e0s adversidades e desafios do dia a dia, \u00e9 f\u00e1cil nos perdermos nas preocupa\u00e7\u00f5es e nos esquecermos de todas as b\u00ean\u00e7\u00e3os que recebemos diariamente. A gratid\u00e3o \u00e9 um sentimento poderoso que nos conecta com o divino e nos ajuda a [&hellip;]\" \/>\n<meta property=\"og:url\" content=\"http:\/\/salmosbiblicos.com.br\/index.php\/2025\/05\/14\/o-poder-da-gratidao-cultive-a-e-transforme-sua-vida\/\" \/>\n<meta property=\"og:site_name\" content=\"Salmos B\u00edblicos\" \/>\n<meta property=\"article:published_time\" content=\"2025-05-14T21:18:32+00:00\" \/>\n<meta name=\"author\" content=\"Irmao\" \/>\n<meta name=\"twitter:card\" content=\"summary_large_image\" \/>\n<meta name=\"twitter:label1\" content=\"Escrito por\" \/>\n\t<meta name=\"twitter:data1\" content=\"Irmao\" \/>\n\t<meta name=\"twitter:label2\" content=\"Est. tempo de leitura\" \/>\n\t<meta name=\"twitter:data2\" content=\"2 minutos\" \/>\n<script type=\"application\/ld+json\" class=\"yoast-schema-graph\">{\"@context\":\"https:\/\/schema.org\",\"@graph\":[{\"@type\":\"Article\",\"@id\":\"http:\/\/salmosbiblicos.com.br\/index.php\/2025\/05\/14\/o-poder-da-gratidao-cultive-a-e-transforme-sua-vida\/#article\",\"isPartOf\":{\"@id\":\"http:\/\/salmosbiblicos.com.br\/index.php\/2025\/05\/14\/o-poder-da-gratidao-cultive-a-e-transforme-sua-vida\/\"},\"author\":{\"name\":\"Irmao\",\"@id\":\"https:\/\/salmosbiblicos.com.br\/#\/schema\/person\/760735259ba35f1e44e89c71c72d79da\"},\"headline\":\"O Poder da Gratid\u00e3o: Cultive-a e Transforme sua Vida\",\"datePublished\":\"2025-05-14T21:18:32+00:00\",\"mainEntityOfPage\":{\"@id\":\"http:\/\/salmosbiblicos.com.br\/index.php\/2025\/05\/14\/o-poder-da-gratidao-cultive-a-e-transforme-sua-vida\/\"},\"wordCount\":439,\"articleSection\":[\"Reflex\u00e3o do Dia\"],\"inLanguage\":\"pt-BR\"},{\"@type\":\"WebPage\",\"@id\":\"http:\/\/salmosbiblicos.com.br\/index.php\/2025\/05\/14\/o-poder-da-gratidao-cultive-a-e-transforme-sua-vida\/\",\"url\":\"http:\/\/salmosbiblicos.com.br\/index.php\/2025\/05\/14\/o-poder-da-gratidao-cultive-a-e-transforme-sua-vida\/\",\"name\":\"O Poder da Gratid\u00e3o: Cultive-a e Transforme sua Vida - Salmos B\u00edblicos\",\"isPartOf\":{\"@id\":\"https:\/\/salmosbiblicos.com.br\/#website\"},\"datePublished\":\"2025-05-14T21:18:32+00:00\",\"author\":{\"@id\":\"https:\/\/salmosbiblicos.com.br\/#\/schema\/person\/760735259ba35f1e44e89c71c72d79da\"},\"breadcrumb\":{\"@id\":\"http:\/\/salmosbiblicos.com.br\/index.php\/2025\/05\/14\/o-poder-da-gratidao-cultive-a-e-transforme-sua-vida\/#breadcrumb\"},\"inLanguage\":\"pt-BR\",\"potentialAction\":[{\"@type\":\"ReadAction\",\"target\":[\"http:\/\/salmosbiblicos.com.br\/index.php\/2025\/05\/14\/o-poder-da-gratidao-cultive-a-e-transforme-sua-vida\/\"]}]},{\"@type\":\"BreadcrumbList\",\"@id\":\"http:\/\/salmosbiblicos.com.br\/index.php\/2025\/05\/14\/o-poder-da-gratidao-cultive-a-e-transforme-sua-vida\/#breadcrumb\",\"itemListElement\":[{\"@type\":\"ListItem\",\"position\":1,\"name\":\"Home\",\"item\":\"https:\/\/salmosbiblicos.com.br\/\"},{\"@type\":\"ListItem\",\"position\":2,\"name\":\"O Poder da Gratid\u00e3o: Cultive-a e Transforme sua Vida\"}]},{\"@type\":\"WebSite\",\"@id\":\"https:\/\/salmosbiblicos.com.br\/#website\",\"url\":\"https:\/\/salmosbiblicos.com.br\/\",\"name\":\"Salmos B\u00edblicos\",\"description\":\"Uma e-Livraria com e-Books novos para voc\u00ea refletir.\",\"potentialAction\":[{\"@type\":\"SearchAction\",\"target\":{\"@type\":\"EntryPoint\",\"urlTemplate\":\"https:\/\/salmosbiblicos.com.br\/?s={search_term_string}\"},\"query-input\":{\"@type\":\"PropertyValueSpecification\",\"valueRequired\":true,\"valueName\":\"search_term_string\"}}],\"inLanguage\":\"pt-BR\"},{\"@type\":\"Person\",\"@id\":\"https:\/\/salmosbiblicos.com.br\/#\/schema\/person\/760735259ba35f1e44e89c71c72d79da\",\"name\":\"Irmao\",\"image\":{\"@type\":\"ImageObject\",\"inLanguage\":\"pt-BR\",\"@id\":\"https:\/\/secure.gravatar.com\/avatar\/?s=96&d=mm&r=g\",\"url\":\"https:\/\/secure.gravatar.com\/avatar\/?s=96&d=mm&r=g\",\"contentUrl\":\"https:\/\/secure.gravatar.com\/avatar\/?s=96&d=mm&r=g\",\"caption\":\"Irmao\"},\"url\":\"http:\/\/salmosbiblicos.com.br\/index.php\/author\/irmao\/\"}]}<\/script>\n<!-- \/ Yoast SEO plugin. -->","yoast_head_json":{"title":"O Poder da Gratid\u00e3o: Cultive-a e Transforme sua Vida - Salmos B\u00edblicos","robots":{"index":"index","follow":"follow","max-snippet":"max-snippet:-1","max-image-preview":"max-image-preview:large","max-video-preview":"max-video-preview:-1"},"canonical":"http:\/\/salmosbiblicos.com.br\/index.php\/2025\/05\/14\/o-poder-da-gratidao-cultive-a-e-transforme-sua-vida\/","og_locale":"pt_BR","og_type":"article","og_title":"O Poder da Gratid\u00e3o: Cultive-a e Transforme sua Vida - Salmos B\u00edblicos","og_description":"Hoje quero falar sobre a import\u00e2ncia de cultivar a gratid\u00e3o em nossas vidas. Em meio \u00e0s adversidades e desafios do dia a dia, \u00e9 f\u00e1cil nos perdermos nas preocupa\u00e7\u00f5es e nos esquecermos de todas as b\u00ean\u00e7\u00e3os que recebemos diariamente. A gratid\u00e3o \u00e9 um sentimento poderoso que nos conecta com o divino e nos ajuda a [&hellip;]","og_url":"http:\/\/salmosbiblicos.com.br\/index.php\/2025\/05\/14\/o-poder-da-gratidao-cultive-a-e-transforme-sua-vida\/","og_site_name":"Salmos B\u00edblicos","article_published_time":"2025-05-14T21:18:32+00:00","author":"Irmao","twitter_card":"summary_large_image","twitter_misc":{"Escrito por":"Irmao","Est. tempo de leitura":"2 minutos"},"schema":{"@context":"https:\/\/schema.org","@graph":[{"@type":"Article","@id":"http:\/\/salmosbiblicos.com.br\/index.php\/2025\/05\/14\/o-poder-da-gratidao-cultive-a-e-transforme-sua-vida\/#article","isPartOf":{"@id":"http:\/\/salmosbiblicos.com.br\/index.php\/2025\/05\/14\/o-poder-da-gratidao-cultive-a-e-transforme-sua-vida\/"},"author":{"name":"Irmao","@id":"https:\/\/salmosbiblicos.com.br\/#\/schema\/person\/760735259ba35f1e44e89c71c72d79da"},"headline":"O Poder da Gratid\u00e3o: Cultive-a e Transforme sua Vida","datePublished":"2025-05-14T21:18:32+00:00","mainEntityOfPage":{"@id":"http:\/\/salmosbiblicos.com.br\/index.php\/2025\/05\/14\/o-poder-da-gratidao-cultive-a-e-transforme-sua-vida\/"},"wordCount":439,"articleSection":["Reflex\u00e3o do Dia"],"inLanguage":"pt-BR"},{"@type":"WebPage","@id":"http:\/\/salmosbiblicos.com.br\/index.php\/2025\/05\/14\/o-poder-da-gratidao-cultive-a-e-transforme-sua-vida\/","url":"http:\/\/salmosbiblicos.com.br\/index.php\/2025\/05\/14\/o-poder-da-gratidao-cultive-a-e-transforme-sua-vida\/","name":"O Poder da Gratid\u00e3o: Cultive-a e Transforme sua Vida - Salmos B\u00edblicos","isPartOf":{"@id":"https:\/\/salmosbiblicos.com.br\/#website"},"datePublished":"2025-05-14T21:18:32+00:00","author":{"@id":"https:\/\/salmosbiblicos.com.br\/#\/schema\/person\/760735259ba35f1e44e89c71c72d79da"},"breadcrumb":{"@id":"http:\/\/salmosbiblicos.com.br\/index.php\/2025\/05\/14\/o-poder-da-gratidao-cultive-a-e-transforme-sua-vida\/#breadcrumb"},"inLanguage":"pt-BR","potentialAction":[{"@type":"ReadAction","target":["http:\/\/salmosbiblicos.com.br\/index.php\/2025\/05\/14\/o-poder-da-gratidao-cultive-a-e-transforme-sua-vida\/"]}]},{"@type":"BreadcrumbList","@id":"http:\/\/salmosbiblicos.com.br\/index.php\/2025\/05\/14\/o-poder-da-gratidao-cultive-a-e-transforme-sua-vida\/#breadcrumb","itemListElement":[{"@type":"ListItem","position":1,"name":"Home","item":"https:\/\/salmosbiblicos.com.br\/"},{"@type":"ListItem","position":2,"name":"O Poder da Gratid\u00e3o: Cultive-a e Transforme sua Vida"}]},{"@type":"WebSite","@id":"https:\/\/salmosbiblicos.com.br\/#website","url":"https:\/\/salmosbiblicos.com.br\/","name":"Salmos B\u00edblicos","description":"Uma e-Livraria com e-Books novos para voc\u00ea refletir.","potentialAction":[{"@type":"SearchAction","target":{"@type":"EntryPoint","urlTemplate":"https:\/\/salmosbiblicos.com.br\/?s={search_term_string}"},"query-input":{"@type":"PropertyValueSpecification","valueRequired":true,"valueName":"search_term_string"}}],"inLanguage":"pt-BR"},{"@type":"Person","@id":"https:\/\/salmosbiblicos.com.br\/#\/schema\/person\/760735259ba35f1e44e89c71c72d79da","name":"Irmao","image":{"@type":"ImageObject","inLanguage":"pt-BR","@id":"https:\/\/secure.gravatar.com\/avatar\/?s=96&d=mm&r=g","url":"https:\/\/secure.gravatar.com\/avatar\/?s=96&d=mm&r=g","contentUrl":"https:\/\/secure.gravatar.com\/avatar\/?s=96&d=mm&r=g","caption":"Irmao"},"url":"http:\/\/salmosbiblicos.com.br\/index.php\/author\/irmao\/"}]}},"_links":{"self":[{"href":"http:\/\/salmosbiblicos.com.br\/index.php\/wp-json\/wp\/v2\/posts\/5127","targetHints":{"allow":["GET"]}}],"collection":[{"href":"http:\/\/salmosbiblicos.com.br\/index.php\/wp-json\/wp\/v2\/posts"}],"about":[{"href":"http:\/\/salmosbiblicos.com.br\/index.php\/wp-json\/wp\/v2\/types\/post"}],"author":[{"embeddable":true,"href":"http:\/\/salmosbiblicos.com.br\/index.php\/wp-json\/wp\/v2\/users\/2"}],"replies":[{"embeddable":true,"href":"http:\/\/salmosbiblicos.com.br\/index.php\/wp-json\/wp\/v2\/comments?post=5127"}],"version-history":[{"count":0,"href":"http:\/\/salmosbiblicos.com.br\/index.php\/wp-json\/wp\/v2\/posts\/5127\/revisions"}],"wp:attachment":[{"href":"http:\/\/salmosbiblicos.com.br\/index.php\/wp-json\/wp\/v2\/media?parent=5127"}],"wp:term":[{"taxonomy":"category","embeddable":true,"href":"http:\/\/salmosbiblicos.com.br\/index.php\/wp-json\/wp\/v2\/categories?post=5127"},{"taxonomy":"post_tag","embeddable":true,"href":"http:\/\/salmosbiblicos.com.br\/index.php\/wp-json\/wp\/v2\/tags?post=5127"}],"curies":[{"name":"wp","href":"https:\/\/api.w.org\/{rel}","templated":true}]}}