{"id":5129,"date":"2025-05-14T18:18:36","date_gmt":"2025-05-14T21:18:36","guid":{"rendered":"https:\/\/salmosbiblicos.com.br\/?p=5129"},"modified":"2025-05-14T18:18:36","modified_gmt":"2025-05-14T21:18:36","slug":"nas-asas-da-fe-inspiracoes-e-reflexoes-para-fortalecer-a-espiritualidade","status":"publish","type":"post","link":"http:\/\/salmosbiblicos.com.br\/index.php\/2025\/05\/14\/nas-asas-da-fe-inspiracoes-e-reflexoes-para-fortalecer-a-espiritualidade\/","title":{"rendered":"Nas asas da f\u00e9: inspira\u00e7\u00f5es e reflex\u00f5es para fortalecer a espiritualidade"},"content":{"rendered":"<p>Nas asas da f\u00e9, voamos para o alto,<br \/>\nEm busca da luz que ilumina o caminho.<br \/>\nNa paz do sil\u00eancio, encontramos o pranto,<br \/>\nDa alma que busca abrigo no Divino.<\/p>\n<p>Em cada momento de dor e sofrimento,<br \/>\nA esperan\u00e7a se faz presente e nos sustenta.<br \/>\nNa ora\u00e7\u00e3o, encontramos al\u00edvio e alento,<br \/>\nE a certeza de que Deus nos representa.<\/p>\n<p>Que Maria, m\u00e3e de amor e compaix\u00e3o,<br \/>\nInterceda por n\u00f3s com seu manto de prote\u00e7\u00e3o.<br \/>\nQue os Santos nos guiem pela reta dire\u00e7\u00e3o,<br \/>\nE nos conduzam \u00e0 paz do cora\u00e7\u00e3o.<\/p>\n<p>Que a espiritualidade nos una em amor,<br \/>\nE nos fa\u00e7a enxergar a divindade em cada flor.<br \/>\nQue a f\u00e9 nos fortale\u00e7a em cada amanhecer,<br \/>\nE nos inspire a viver com gratid\u00e3o e prazer.<\/p>\n","protected":false},"excerpt":{"rendered":"<p>Nas asas da f\u00e9, voamos para o alto, Em busca da luz que ilumina o caminho. Na paz do sil\u00eancio, encontramos o pranto, Da alma que busca abrigo no Divino. Em cada momento de dor e sofrimento, A esperan\u00e7a se faz presente e nos sustenta. Na ora\u00e7\u00e3o, encontramos al\u00edvio e alento, E a certeza de [&hellip;]<\/p>\n","protected":false},"author":2,"featured_media":0,"comment_status":"closed","ping_status":"open","sticky":false,"template":"","format":"standard","meta":{"footnotes":""},"categories":[7],"tags":[],"class_list":["post-5129","post","type-post","status-publish","format-standard","hentry","category-estudo-religioso"],"yoast_head":"<!-- This site is optimized with the Yoast SEO plugin v27.2 - https:\/\/yoast.com\/product\/yoast-seo-wordpress\/ -->\n<title>Nas asas da f\u00e9: inspira\u00e7\u00f5es e reflex\u00f5es para fortalecer a espiritualidade - Salmos B\u00edblicos<\/title>\n<meta name=\"robots\" content=\"index, follow, max-snippet:-1, max-image-preview:large, max-video-preview:-1\" \/>\n<link rel=\"canonical\" href=\"http:\/\/salmosbiblicos.com.br\/index.php\/2025\/05\/14\/nas-asas-da-fe-inspiracoes-e-reflexoes-para-fortalecer-a-espiritualidade\/\" \/>\n<meta property=\"og:locale\" content=\"pt_BR\" \/>\n<meta property=\"og:type\" content=\"article\" \/>\n<meta property=\"og:title\" content=\"Nas asas da f\u00e9: inspira\u00e7\u00f5es e reflex\u00f5es para fortalecer a espiritualidade - Salmos B\u00edblicos\" \/>\n<meta property=\"og:description\" content=\"Nas asas da f\u00e9, voamos para o alto, Em busca da luz que ilumina o caminho. Na paz do sil\u00eancio, encontramos o pranto, Da alma que busca abrigo no Divino. Em cada momento de dor e sofrimento, A esperan\u00e7a se faz presente e nos sustenta. Na ora\u00e7\u00e3o, encontramos al\u00edvio e alento, E a certeza de [&hellip;]\" \/>\n<meta property=\"og:url\" content=\"http:\/\/salmosbiblicos.com.br\/index.php\/2025\/05\/14\/nas-asas-da-fe-inspiracoes-e-reflexoes-para-fortalecer-a-espiritualidade\/\" \/>\n<meta property=\"og:site_name\" content=\"Salmos B\u00edblicos\" \/>\n<meta property=\"article:published_time\" content=\"2025-05-14T21:18:36+00:00\" \/>\n<meta name=\"author\" content=\"Irmao\" \/>\n<meta name=\"twitter:card\" content=\"summary_large_image\" \/>\n<meta name=\"twitter:label1\" content=\"Escrito por\" \/>\n\t<meta name=\"twitter:data1\" content=\"Irmao\" \/>\n\t<meta name=\"twitter:label2\" content=\"Est. tempo de leitura\" \/>\n\t<meta name=\"twitter:data2\" content=\"1 minuto\" \/>\n<script type=\"application\/ld+json\" class=\"yoast-schema-graph\">{\"@context\":\"https:\/\/schema.org\",\"@graph\":[{\"@type\":\"Article\",\"@id\":\"http:\/\/salmosbiblicos.com.br\/index.php\/2025\/05\/14\/nas-asas-da-fe-inspiracoes-e-reflexoes-para-fortalecer-a-espiritualidade\/#article\",\"isPartOf\":{\"@id\":\"http:\/\/salmosbiblicos.com.br\/index.php\/2025\/05\/14\/nas-asas-da-fe-inspiracoes-e-reflexoes-para-fortalecer-a-espiritualidade\/\"},\"author\":{\"name\":\"Irmao\",\"@id\":\"https:\/\/salmosbiblicos.com.br\/#\/schema\/person\/760735259ba35f1e44e89c71c72d79da\"},\"headline\":\"Nas asas da f\u00e9: inspira\u00e7\u00f5es e reflex\u00f5es para fortalecer a espiritualidade\",\"datePublished\":\"2025-05-14T21:18:36+00:00\",\"mainEntityOfPage\":{\"@id\":\"http:\/\/salmosbiblicos.com.br\/index.php\/2025\/05\/14\/nas-asas-da-fe-inspiracoes-e-reflexoes-para-fortalecer-a-espiritualidade\/\"},\"wordCount\":147,\"articleSection\":[\"Poesias Religiosas\"],\"inLanguage\":\"pt-BR\"},{\"@type\":\"WebPage\",\"@id\":\"http:\/\/salmosbiblicos.com.br\/index.php\/2025\/05\/14\/nas-asas-da-fe-inspiracoes-e-reflexoes-para-fortalecer-a-espiritualidade\/\",\"url\":\"http:\/\/salmosbiblicos.com.br\/index.php\/2025\/05\/14\/nas-asas-da-fe-inspiracoes-e-reflexoes-para-fortalecer-a-espiritualidade\/\",\"name\":\"Nas asas da f\u00e9: inspira\u00e7\u00f5es e reflex\u00f5es para fortalecer a espiritualidade - Salmos B\u00edblicos\",\"isPartOf\":{\"@id\":\"https:\/\/salmosbiblicos.com.br\/#website\"},\"datePublished\":\"2025-05-14T21:18:36+00:00\",\"author\":{\"@id\":\"https:\/\/salmosbiblicos.com.br\/#\/schema\/person\/760735259ba35f1e44e89c71c72d79da\"},\"breadcrumb\":{\"@id\":\"http:\/\/salmosbiblicos.com.br\/index.php\/2025\/05\/14\/nas-asas-da-fe-inspiracoes-e-reflexoes-para-fortalecer-a-espiritualidade\/#breadcrumb\"},\"inLanguage\":\"pt-BR\",\"potentialAction\":[{\"@type\":\"ReadAction\",\"target\":[\"http:\/\/salmosbiblicos.com.br\/index.php\/2025\/05\/14\/nas-asas-da-fe-inspiracoes-e-reflexoes-para-fortalecer-a-espiritualidade\/\"]}]},{\"@type\":\"BreadcrumbList\",\"@id\":\"http:\/\/salmosbiblicos.com.br\/index.php\/2025\/05\/14\/nas-asas-da-fe-inspiracoes-e-reflexoes-para-fortalecer-a-espiritualidade\/#breadcrumb\",\"itemListElement\":[{\"@type\":\"ListItem\",\"position\":1,\"name\":\"Home\",\"item\":\"https:\/\/salmosbiblicos.com.br\/\"},{\"@type\":\"ListItem\",\"position\":2,\"name\":\"Nas asas da f\u00e9: inspira\u00e7\u00f5es e reflex\u00f5es para fortalecer a espiritualidade\"}]},{\"@type\":\"WebSite\",\"@id\":\"https:\/\/salmosbiblicos.com.br\/#website\",\"url\":\"https:\/\/salmosbiblicos.com.br\/\",\"name\":\"Salmos B\u00edblicos\",\"description\":\"Uma e-Livraria com e-Books novos para voc\u00ea refletir.\",\"potentialAction\":[{\"@type\":\"SearchAction\",\"target\":{\"@type\":\"EntryPoint\",\"urlTemplate\":\"https:\/\/salmosbiblicos.com.br\/?s={search_term_string}\"},\"query-input\":{\"@type\":\"PropertyValueSpecification\",\"valueRequired\":true,\"valueName\":\"search_term_string\"}}],\"inLanguage\":\"pt-BR\"},{\"@type\":\"Person\",\"@id\":\"https:\/\/salmosbiblicos.com.br\/#\/schema\/person\/760735259ba35f1e44e89c71c72d79da\",\"name\":\"Irmao\",\"image\":{\"@type\":\"ImageObject\",\"inLanguage\":\"pt-BR\",\"@id\":\"https:\/\/secure.gravatar.com\/avatar\/?s=96&d=mm&r=g\",\"url\":\"https:\/\/secure.gravatar.com\/avatar\/?s=96&d=mm&r=g\",\"contentUrl\":\"https:\/\/secure.gravatar.com\/avatar\/?s=96&d=mm&r=g\",\"caption\":\"Irmao\"},\"url\":\"http:\/\/salmosbiblicos.com.br\/index.php\/author\/irmao\/\"}]}<\/script>\n<!-- \/ Yoast SEO plugin. -->","yoast_head_json":{"title":"Nas asas da f\u00e9: inspira\u00e7\u00f5es e reflex\u00f5es para fortalecer a espiritualidade - Salmos B\u00edblicos","robots":{"index":"index","follow":"follow","max-snippet":"max-snippet:-1","max-image-preview":"max-image-preview:large","max-video-preview":"max-video-preview:-1"},"canonical":"http:\/\/salmosbiblicos.com.br\/index.php\/2025\/05\/14\/nas-asas-da-fe-inspiracoes-e-reflexoes-para-fortalecer-a-espiritualidade\/","og_locale":"pt_BR","og_type":"article","og_title":"Nas asas da f\u00e9: inspira\u00e7\u00f5es e reflex\u00f5es para fortalecer a espiritualidade - Salmos B\u00edblicos","og_description":"Nas asas da f\u00e9, voamos para o alto, Em busca da luz que ilumina o caminho. Na paz do sil\u00eancio, encontramos o pranto, Da alma que busca abrigo no Divino. Em cada momento de dor e sofrimento, A esperan\u00e7a se faz presente e nos sustenta. Na ora\u00e7\u00e3o, encontramos al\u00edvio e alento, E a certeza de [&hellip;]","og_url":"http:\/\/salmosbiblicos.com.br\/index.php\/2025\/05\/14\/nas-asas-da-fe-inspiracoes-e-reflexoes-para-fortalecer-a-espiritualidade\/","og_site_name":"Salmos B\u00edblicos","article_published_time":"2025-05-14T21:18:36+00:00","author":"Irmao","twitter_card":"summary_large_image","twitter_misc":{"Escrito por":"Irmao","Est. tempo de leitura":"1 minuto"},"schema":{"@context":"https:\/\/schema.org","@graph":[{"@type":"Article","@id":"http:\/\/salmosbiblicos.com.br\/index.php\/2025\/05\/14\/nas-asas-da-fe-inspiracoes-e-reflexoes-para-fortalecer-a-espiritualidade\/#article","isPartOf":{"@id":"http:\/\/salmosbiblicos.com.br\/index.php\/2025\/05\/14\/nas-asas-da-fe-inspiracoes-e-reflexoes-para-fortalecer-a-espiritualidade\/"},"author":{"name":"Irmao","@id":"https:\/\/salmosbiblicos.com.br\/#\/schema\/person\/760735259ba35f1e44e89c71c72d79da"},"headline":"Nas asas da f\u00e9: inspira\u00e7\u00f5es e reflex\u00f5es para fortalecer a espiritualidade","datePublished":"2025-05-14T21:18:36+00:00","mainEntityOfPage":{"@id":"http:\/\/salmosbiblicos.com.br\/index.php\/2025\/05\/14\/nas-asas-da-fe-inspiracoes-e-reflexoes-para-fortalecer-a-espiritualidade\/"},"wordCount":147,"articleSection":["Poesias Religiosas"],"inLanguage":"pt-BR"},{"@type":"WebPage","@id":"http:\/\/salmosbiblicos.com.br\/index.php\/2025\/05\/14\/nas-asas-da-fe-inspiracoes-e-reflexoes-para-fortalecer-a-espiritualidade\/","url":"http:\/\/salmosbiblicos.com.br\/index.php\/2025\/05\/14\/nas-asas-da-fe-inspiracoes-e-reflexoes-para-fortalecer-a-espiritualidade\/","name":"Nas asas da f\u00e9: inspira\u00e7\u00f5es e reflex\u00f5es para fortalecer a espiritualidade - Salmos B\u00edblicos","isPartOf":{"@id":"https:\/\/salmosbiblicos.com.br\/#website"},"datePublished":"2025-05-14T21:18:36+00:00","author":{"@id":"https:\/\/salmosbiblicos.com.br\/#\/schema\/person\/760735259ba35f1e44e89c71c72d79da"},"breadcrumb":{"@id":"http:\/\/salmosbiblicos.com.br\/index.php\/2025\/05\/14\/nas-asas-da-fe-inspiracoes-e-reflexoes-para-fortalecer-a-espiritualidade\/#breadcrumb"},"inLanguage":"pt-BR","potentialAction":[{"@type":"ReadAction","target":["http:\/\/salmosbiblicos.com.br\/index.php\/2025\/05\/14\/nas-asas-da-fe-inspiracoes-e-reflexoes-para-fortalecer-a-espiritualidade\/"]}]},{"@type":"BreadcrumbList","@id":"http:\/\/salmosbiblicos.com.br\/index.php\/2025\/05\/14\/nas-asas-da-fe-inspiracoes-e-reflexoes-para-fortalecer-a-espiritualidade\/#breadcrumb","itemListElement":[{"@type":"ListItem","position":1,"name":"Home","item":"https:\/\/salmosbiblicos.com.br\/"},{"@type":"ListItem","position":2,"name":"Nas asas da f\u00e9: inspira\u00e7\u00f5es e reflex\u00f5es para fortalecer a espiritualidade"}]},{"@type":"WebSite","@id":"https:\/\/salmosbiblicos.com.br\/#website","url":"https:\/\/salmosbiblicos.com.br\/","name":"Salmos B\u00edblicos","description":"Uma e-Livraria com e-Books novos para voc\u00ea refletir.","potentialAction":[{"@type":"SearchAction","target":{"@type":"EntryPoint","urlTemplate":"https:\/\/salmosbiblicos.com.br\/?s={search_term_string}"},"query-input":{"@type":"PropertyValueSpecification","valueRequired":true,"valueName":"search_term_string"}}],"inLanguage":"pt-BR"},{"@type":"Person","@id":"https:\/\/salmosbiblicos.com.br\/#\/schema\/person\/760735259ba35f1e44e89c71c72d79da","name":"Irmao","image":{"@type":"ImageObject","inLanguage":"pt-BR","@id":"https:\/\/secure.gravatar.com\/avatar\/?s=96&d=mm&r=g","url":"https:\/\/secure.gravatar.com\/avatar\/?s=96&d=mm&r=g","contentUrl":"https:\/\/secure.gravatar.com\/avatar\/?s=96&d=mm&r=g","caption":"Irmao"},"url":"http:\/\/salmosbiblicos.com.br\/index.php\/author\/irmao\/"}]}},"_links":{"self":[{"href":"http:\/\/salmosbiblicos.com.br\/index.php\/wp-json\/wp\/v2\/posts\/5129","targetHints":{"allow":["GET"]}}],"collection":[{"href":"http:\/\/salmosbiblicos.com.br\/index.php\/wp-json\/wp\/v2\/posts"}],"about":[{"href":"http:\/\/salmosbiblicos.com.br\/index.php\/wp-json\/wp\/v2\/types\/post"}],"author":[{"embeddable":true,"href":"http:\/\/salmosbiblicos.com.br\/index.php\/wp-json\/wp\/v2\/users\/2"}],"replies":[{"embeddable":true,"href":"http:\/\/salmosbiblicos.com.br\/index.php\/wp-json\/wp\/v2\/comments?post=5129"}],"version-history":[{"count":0,"href":"http:\/\/salmosbiblicos.com.br\/index.php\/wp-json\/wp\/v2\/posts\/5129\/revisions"}],"wp:attachment":[{"href":"http:\/\/salmosbiblicos.com.br\/index.php\/wp-json\/wp\/v2\/media?parent=5129"}],"wp:term":[{"taxonomy":"category","embeddable":true,"href":"http:\/\/salmosbiblicos.com.br\/index.php\/wp-json\/wp\/v2\/categories?post=5129"},{"taxonomy":"post_tag","embeddable":true,"href":"http:\/\/salmosbiblicos.com.br\/index.php\/wp-json\/wp\/v2\/tags?post=5129"}],"curies":[{"name":"wp","href":"https:\/\/api.w.org\/{rel}","templated":true}]}}