{"id":5137,"date":"2025-05-14T18:18:54","date_gmt":"2025-05-14T21:18:54","guid":{"rendered":"https:\/\/salmosbiblicos.com.br\/?p=5137"},"modified":"2025-05-14T18:18:54","modified_gmt":"2025-05-14T21:18:54","slug":"reflexoes-divinas-caminhando-na-luz-da-fe","status":"publish","type":"post","link":"http:\/\/salmosbiblicos.com.br\/index.php\/2025\/05\/14\/reflexoes-divinas-caminhando-na-luz-da-fe\/","title":{"rendered":"Reflex\u00f5es divinas: caminhando na luz da f\u00e9"},"content":{"rendered":"<p>Nas asas da f\u00e9, voamos para o alto,<br \/>\nEm busca da paz, do amor e do encanto.<br \/>\nNa luz divina, encontramos o caminho,<br \/>\nQue nos guia com carinho, sem desalinho.<\/p>\n<p>Em cada passo, uma nova li\u00e7\u00e3o,<br \/>\nNo sil\u00eancio da alma, a conex\u00e3o.<br \/>\nCom Deus, com Jesus, com Maria, nossa M\u00e3e,<br \/>\nQue nos acolhe, nos protege, nos tem.<\/p>\n<p>Que a esperan\u00e7a flores\u00e7a em cada cora\u00e7\u00e3o,<br \/>\nQue a f\u00e9 nos guie na escurid\u00e3o.<br \/>\nQue a luz divina brilhe em cada olhar,<br \/>\nE que a paz interior nos fa\u00e7a sempre caminhar.<\/p>\n","protected":false},"excerpt":{"rendered":"<p>Nas asas da f\u00e9, voamos para o alto, Em busca da paz, do amor e do encanto. Na luz divina, encontramos o caminho, Que nos guia com carinho, sem desalinho. Em cada passo, uma nova li\u00e7\u00e3o, No sil\u00eancio da alma, a conex\u00e3o. Com Deus, com Jesus, com Maria, nossa M\u00e3e, Que nos acolhe, nos protege, [&hellip;]<\/p>\n","protected":false},"author":2,"featured_media":0,"comment_status":"closed","ping_status":"open","sticky":false,"template":"","format":"standard","meta":{"footnotes":""},"categories":[7],"tags":[],"class_list":["post-5137","post","type-post","status-publish","format-standard","hentry","category-estudo-religioso"],"yoast_head":"<!-- This site is optimized with the Yoast SEO plugin v27.2 - https:\/\/yoast.com\/product\/yoast-seo-wordpress\/ -->\n<title>Reflex\u00f5es divinas: caminhando na luz da f\u00e9 - Salmos B\u00edblicos<\/title>\n<meta name=\"robots\" content=\"index, follow, max-snippet:-1, max-image-preview:large, max-video-preview:-1\" \/>\n<link rel=\"canonical\" href=\"http:\/\/salmosbiblicos.com.br\/index.php\/2025\/05\/14\/reflexoes-divinas-caminhando-na-luz-da-fe\/\" \/>\n<meta property=\"og:locale\" content=\"pt_BR\" \/>\n<meta property=\"og:type\" content=\"article\" \/>\n<meta property=\"og:title\" content=\"Reflex\u00f5es divinas: caminhando na luz da f\u00e9 - Salmos B\u00edblicos\" \/>\n<meta property=\"og:description\" content=\"Nas asas da f\u00e9, voamos para o alto, Em busca da paz, do amor e do encanto. Na luz divina, encontramos o caminho, Que nos guia com carinho, sem desalinho. Em cada passo, uma nova li\u00e7\u00e3o, No sil\u00eancio da alma, a conex\u00e3o. Com Deus, com Jesus, com Maria, nossa M\u00e3e, Que nos acolhe, nos protege, [&hellip;]\" \/>\n<meta property=\"og:url\" content=\"http:\/\/salmosbiblicos.com.br\/index.php\/2025\/05\/14\/reflexoes-divinas-caminhando-na-luz-da-fe\/\" \/>\n<meta property=\"og:site_name\" content=\"Salmos B\u00edblicos\" \/>\n<meta property=\"article:published_time\" content=\"2025-05-14T21:18:54+00:00\" \/>\n<meta name=\"author\" content=\"Irmao\" \/>\n<meta name=\"twitter:card\" content=\"summary_large_image\" \/>\n<meta name=\"twitter:label1\" content=\"Escrito por\" \/>\n\t<meta name=\"twitter:data1\" content=\"Irmao\" \/>\n<script type=\"application\/ld+json\" class=\"yoast-schema-graph\">{\"@context\":\"https:\/\/schema.org\",\"@graph\":[{\"@type\":\"Article\",\"@id\":\"http:\/\/salmosbiblicos.com.br\/index.php\/2025\/05\/14\/reflexoes-divinas-caminhando-na-luz-da-fe\/#article\",\"isPartOf\":{\"@id\":\"http:\/\/salmosbiblicos.com.br\/index.php\/2025\/05\/14\/reflexoes-divinas-caminhando-na-luz-da-fe\/\"},\"author\":{\"name\":\"Irmao\",\"@id\":\"https:\/\/salmosbiblicos.com.br\/#\/schema\/person\/760735259ba35f1e44e89c71c72d79da\"},\"headline\":\"Reflex\u00f5es divinas: caminhando na luz da f\u00e9\",\"datePublished\":\"2025-05-14T21:18:54+00:00\",\"mainEntityOfPage\":{\"@id\":\"http:\/\/salmosbiblicos.com.br\/index.php\/2025\/05\/14\/reflexoes-divinas-caminhando-na-luz-da-fe\/\"},\"wordCount\":105,\"articleSection\":[\"Poesias Religiosas\"],\"inLanguage\":\"pt-BR\"},{\"@type\":\"WebPage\",\"@id\":\"http:\/\/salmosbiblicos.com.br\/index.php\/2025\/05\/14\/reflexoes-divinas-caminhando-na-luz-da-fe\/\",\"url\":\"http:\/\/salmosbiblicos.com.br\/index.php\/2025\/05\/14\/reflexoes-divinas-caminhando-na-luz-da-fe\/\",\"name\":\"Reflex\u00f5es divinas: caminhando na luz da f\u00e9 - Salmos B\u00edblicos\",\"isPartOf\":{\"@id\":\"https:\/\/salmosbiblicos.com.br\/#website\"},\"datePublished\":\"2025-05-14T21:18:54+00:00\",\"author\":{\"@id\":\"https:\/\/salmosbiblicos.com.br\/#\/schema\/person\/760735259ba35f1e44e89c71c72d79da\"},\"breadcrumb\":{\"@id\":\"http:\/\/salmosbiblicos.com.br\/index.php\/2025\/05\/14\/reflexoes-divinas-caminhando-na-luz-da-fe\/#breadcrumb\"},\"inLanguage\":\"pt-BR\",\"potentialAction\":[{\"@type\":\"ReadAction\",\"target\":[\"http:\/\/salmosbiblicos.com.br\/index.php\/2025\/05\/14\/reflexoes-divinas-caminhando-na-luz-da-fe\/\"]}]},{\"@type\":\"BreadcrumbList\",\"@id\":\"http:\/\/salmosbiblicos.com.br\/index.php\/2025\/05\/14\/reflexoes-divinas-caminhando-na-luz-da-fe\/#breadcrumb\",\"itemListElement\":[{\"@type\":\"ListItem\",\"position\":1,\"name\":\"Home\",\"item\":\"https:\/\/salmosbiblicos.com.br\/\"},{\"@type\":\"ListItem\",\"position\":2,\"name\":\"Reflex\u00f5es divinas: caminhando na luz da f\u00e9\"}]},{\"@type\":\"WebSite\",\"@id\":\"https:\/\/salmosbiblicos.com.br\/#website\",\"url\":\"https:\/\/salmosbiblicos.com.br\/\",\"name\":\"Salmos B\u00edblicos\",\"description\":\"Uma e-Livraria com e-Books novos para voc\u00ea refletir.\",\"potentialAction\":[{\"@type\":\"SearchAction\",\"target\":{\"@type\":\"EntryPoint\",\"urlTemplate\":\"https:\/\/salmosbiblicos.com.br\/?s={search_term_string}\"},\"query-input\":{\"@type\":\"PropertyValueSpecification\",\"valueRequired\":true,\"valueName\":\"search_term_string\"}}],\"inLanguage\":\"pt-BR\"},{\"@type\":\"Person\",\"@id\":\"https:\/\/salmosbiblicos.com.br\/#\/schema\/person\/760735259ba35f1e44e89c71c72d79da\",\"name\":\"Irmao\",\"image\":{\"@type\":\"ImageObject\",\"inLanguage\":\"pt-BR\",\"@id\":\"https:\/\/secure.gravatar.com\/avatar\/?s=96&d=mm&r=g\",\"url\":\"https:\/\/secure.gravatar.com\/avatar\/?s=96&d=mm&r=g\",\"contentUrl\":\"https:\/\/secure.gravatar.com\/avatar\/?s=96&d=mm&r=g\",\"caption\":\"Irmao\"},\"url\":\"http:\/\/salmosbiblicos.com.br\/index.php\/author\/irmao\/\"}]}<\/script>\n<!-- \/ Yoast SEO plugin. -->","yoast_head_json":{"title":"Reflex\u00f5es divinas: caminhando na luz da f\u00e9 - Salmos B\u00edblicos","robots":{"index":"index","follow":"follow","max-snippet":"max-snippet:-1","max-image-preview":"max-image-preview:large","max-video-preview":"max-video-preview:-1"},"canonical":"http:\/\/salmosbiblicos.com.br\/index.php\/2025\/05\/14\/reflexoes-divinas-caminhando-na-luz-da-fe\/","og_locale":"pt_BR","og_type":"article","og_title":"Reflex\u00f5es divinas: caminhando na luz da f\u00e9 - Salmos B\u00edblicos","og_description":"Nas asas da f\u00e9, voamos para o alto, Em busca da paz, do amor e do encanto. Na luz divina, encontramos o caminho, Que nos guia com carinho, sem desalinho. Em cada passo, uma nova li\u00e7\u00e3o, No sil\u00eancio da alma, a conex\u00e3o. Com Deus, com Jesus, com Maria, nossa M\u00e3e, Que nos acolhe, nos protege, [&hellip;]","og_url":"http:\/\/salmosbiblicos.com.br\/index.php\/2025\/05\/14\/reflexoes-divinas-caminhando-na-luz-da-fe\/","og_site_name":"Salmos B\u00edblicos","article_published_time":"2025-05-14T21:18:54+00:00","author":"Irmao","twitter_card":"summary_large_image","twitter_misc":{"Escrito por":"Irmao"},"schema":{"@context":"https:\/\/schema.org","@graph":[{"@type":"Article","@id":"http:\/\/salmosbiblicos.com.br\/index.php\/2025\/05\/14\/reflexoes-divinas-caminhando-na-luz-da-fe\/#article","isPartOf":{"@id":"http:\/\/salmosbiblicos.com.br\/index.php\/2025\/05\/14\/reflexoes-divinas-caminhando-na-luz-da-fe\/"},"author":{"name":"Irmao","@id":"https:\/\/salmosbiblicos.com.br\/#\/schema\/person\/760735259ba35f1e44e89c71c72d79da"},"headline":"Reflex\u00f5es divinas: caminhando na luz da f\u00e9","datePublished":"2025-05-14T21:18:54+00:00","mainEntityOfPage":{"@id":"http:\/\/salmosbiblicos.com.br\/index.php\/2025\/05\/14\/reflexoes-divinas-caminhando-na-luz-da-fe\/"},"wordCount":105,"articleSection":["Poesias Religiosas"],"inLanguage":"pt-BR"},{"@type":"WebPage","@id":"http:\/\/salmosbiblicos.com.br\/index.php\/2025\/05\/14\/reflexoes-divinas-caminhando-na-luz-da-fe\/","url":"http:\/\/salmosbiblicos.com.br\/index.php\/2025\/05\/14\/reflexoes-divinas-caminhando-na-luz-da-fe\/","name":"Reflex\u00f5es divinas: caminhando na luz da f\u00e9 - Salmos B\u00edblicos","isPartOf":{"@id":"https:\/\/salmosbiblicos.com.br\/#website"},"datePublished":"2025-05-14T21:18:54+00:00","author":{"@id":"https:\/\/salmosbiblicos.com.br\/#\/schema\/person\/760735259ba35f1e44e89c71c72d79da"},"breadcrumb":{"@id":"http:\/\/salmosbiblicos.com.br\/index.php\/2025\/05\/14\/reflexoes-divinas-caminhando-na-luz-da-fe\/#breadcrumb"},"inLanguage":"pt-BR","potentialAction":[{"@type":"ReadAction","target":["http:\/\/salmosbiblicos.com.br\/index.php\/2025\/05\/14\/reflexoes-divinas-caminhando-na-luz-da-fe\/"]}]},{"@type":"BreadcrumbList","@id":"http:\/\/salmosbiblicos.com.br\/index.php\/2025\/05\/14\/reflexoes-divinas-caminhando-na-luz-da-fe\/#breadcrumb","itemListElement":[{"@type":"ListItem","position":1,"name":"Home","item":"https:\/\/salmosbiblicos.com.br\/"},{"@type":"ListItem","position":2,"name":"Reflex\u00f5es divinas: caminhando na luz da f\u00e9"}]},{"@type":"WebSite","@id":"https:\/\/salmosbiblicos.com.br\/#website","url":"https:\/\/salmosbiblicos.com.br\/","name":"Salmos B\u00edblicos","description":"Uma e-Livraria com e-Books novos para voc\u00ea refletir.","potentialAction":[{"@type":"SearchAction","target":{"@type":"EntryPoint","urlTemplate":"https:\/\/salmosbiblicos.com.br\/?s={search_term_string}"},"query-input":{"@type":"PropertyValueSpecification","valueRequired":true,"valueName":"search_term_string"}}],"inLanguage":"pt-BR"},{"@type":"Person","@id":"https:\/\/salmosbiblicos.com.br\/#\/schema\/person\/760735259ba35f1e44e89c71c72d79da","name":"Irmao","image":{"@type":"ImageObject","inLanguage":"pt-BR","@id":"https:\/\/secure.gravatar.com\/avatar\/?s=96&d=mm&r=g","url":"https:\/\/secure.gravatar.com\/avatar\/?s=96&d=mm&r=g","contentUrl":"https:\/\/secure.gravatar.com\/avatar\/?s=96&d=mm&r=g","caption":"Irmao"},"url":"http:\/\/salmosbiblicos.com.br\/index.php\/author\/irmao\/"}]}},"_links":{"self":[{"href":"http:\/\/salmosbiblicos.com.br\/index.php\/wp-json\/wp\/v2\/posts\/5137","targetHints":{"allow":["GET"]}}],"collection":[{"href":"http:\/\/salmosbiblicos.com.br\/index.php\/wp-json\/wp\/v2\/posts"}],"about":[{"href":"http:\/\/salmosbiblicos.com.br\/index.php\/wp-json\/wp\/v2\/types\/post"}],"author":[{"embeddable":true,"href":"http:\/\/salmosbiblicos.com.br\/index.php\/wp-json\/wp\/v2\/users\/2"}],"replies":[{"embeddable":true,"href":"http:\/\/salmosbiblicos.com.br\/index.php\/wp-json\/wp\/v2\/comments?post=5137"}],"version-history":[{"count":0,"href":"http:\/\/salmosbiblicos.com.br\/index.php\/wp-json\/wp\/v2\/posts\/5137\/revisions"}],"wp:attachment":[{"href":"http:\/\/salmosbiblicos.com.br\/index.php\/wp-json\/wp\/v2\/media?parent=5137"}],"wp:term":[{"taxonomy":"category","embeddable":true,"href":"http:\/\/salmosbiblicos.com.br\/index.php\/wp-json\/wp\/v2\/categories?post=5137"},{"taxonomy":"post_tag","embeddable":true,"href":"http:\/\/salmosbiblicos.com.br\/index.php\/wp-json\/wp\/v2\/tags?post=5137"}],"curies":[{"name":"wp","href":"https:\/\/api.w.org\/{rel}","templated":true}]}}