{"id":5179,"date":"2025-05-16T05:53:17","date_gmt":"2025-05-16T08:53:17","guid":{"rendered":"https:\/\/salmosbiblicos.com.br\/?p=5179"},"modified":"2025-05-16T05:53:17","modified_gmt":"2025-05-16T08:53:17","slug":"o-poder-transformador-da-gratidao-cultivando-um-coracao-grato-em-todas-as-circunstancias","status":"publish","type":"post","link":"http:\/\/salmosbiblicos.com.br\/index.php\/2025\/05\/16\/o-poder-transformador-da-gratidao-cultivando-um-coracao-grato-em-todas-as-circunstancias\/","title":{"rendered":"O poder transformador da gratid\u00e3o: cultivando um cora\u00e7\u00e3o grato em todas as circunst\u00e2ncias"},"content":{"rendered":"<p>Hoje, gostaria de compartilhar com voc\u00ea uma reflex\u00e3o sobre a import\u00e2ncia da gratid\u00e3o em nossas vidas. Sabemos que nem sempre \u00e9 f\u00e1cil manter uma atitude de gratid\u00e3o, especialmente quando as circunst\u00e2ncias ao nosso redor parecem desafiadoras e dif\u00edceis. Mas \u00e9 justamente nessas horas que a gratid\u00e3o se torna ainda mais essencial.<\/p>\n<p>A gratid\u00e3o \u00e9 como um b\u00e1lsamo para a alma, capaz de nos trazer paz e serenidade, mesmo nos momentos mais turbulentos. Quando cultivamos um cora\u00e7\u00e3o grato, somos capazes de enxergar as b\u00ean\u00e7\u00e3os que est\u00e3o ao nosso redor, mesmo que estejam disfar\u00e7adas de desafios. A gratid\u00e3o nos ensina a ver a beleza nas pequenas coisas, a valorizar cada momento de alegria e a reconhecer a m\u00e3o amorosa de Deus em nossa vida.<\/p>\n<p>Ao agradecer, estamos reconhecendo que n\u00e3o estamos sozinhos nesta jornada. Estamos reconhecendo que h\u00e1 uma for\u00e7a maior que nos sustenta, que nos ampara e que nos guia em meio \u00e0s tempestades. A gratid\u00e3o nos conecta com o divino, nos lembrando de que somos parte de algo muito maior do que n\u00f3s mesmos.<\/p>\n<p>Quando nos sentimos desanimados, quando o peso do mundo parece grande demais para suportar, \u00e9 hora de nos voltarmos para a gratid\u00e3o. Agradecer pelas pequenas vit\u00f3rias, pelos momentos de alegria, pela presen\u00e7a daqueles que nos amam. Agradecer pela oportunidade de aprender e crescer, mesmo nos momentos de dor. Agradecer pela vida, pela sa\u00fade, pela f\u00e9 que nos sustenta.<\/p>\n<p>Lembre-se: a gratid\u00e3o n\u00e3o \u00e9 apenas uma quest\u00e3o de palavras, mas de atitudes. \u00c9 preciso cultivar um cora\u00e7\u00e3o grato em todos os momentos, n\u00e3o apenas quando as coisas est\u00e3o indo bem. \u00c9 nos momentos de dificuldade que a gratid\u00e3o se torna mais valiosa, mais transformadora.<\/p>\n<p>Ent\u00e3o, hoje, convido voc\u00ea a olhar ao seu redor e encontrar motivos para agradecer. Mesmo que tudo pare\u00e7a sombrio, mesmo que o medo tente se instalar em seu cora\u00e7\u00e3o, lembre-se de que a gratid\u00e3o \u00e9 uma luz que pode dissipar as trevas. Agrade\u00e7a pela oportunidade de recome\u00e7ar, pela chance de aprender com os desafios, pela presen\u00e7a amorosa de Deus em sua vida.<\/p>\n<p>Que a gratid\u00e3o seja a sua companheira de jornada, iluminando o caminho e trazendo paz ao seu cora\u00e7\u00e3o. Que a sua vida seja um testemunho vivo do poder transformador da gratid\u00e3o.<\/p>\n<p>Lembre-se: a gratid\u00e3o \u00e9 a chave para a paz interior. Cultive-a todos os dias, em todos os momentos, e ver\u00e1 como a sua vida se transformar\u00e1.<\/p>\n<p>Que a gratid\u00e3o seja a sua b\u00fassola, guiando-o sempre na dire\u00e7\u00e3o do amor e da paz.<\/p>\n<p>Agrade\u00e7a. Ame. Confie.<\/p>\n","protected":false},"excerpt":{"rendered":"<p>Hoje, gostaria de compartilhar com voc\u00ea uma reflex\u00e3o sobre a import\u00e2ncia da gratid\u00e3o em nossas vidas. Sabemos que nem sempre \u00e9 f\u00e1cil manter uma atitude de gratid\u00e3o, especialmente quando as circunst\u00e2ncias ao nosso redor parecem desafiadoras e dif\u00edceis. Mas \u00e9 justamente nessas horas que a gratid\u00e3o se torna ainda mais essencial. A gratid\u00e3o \u00e9 como [&hellip;]<\/p>\n","protected":false},"author":2,"featured_media":0,"comment_status":"closed","ping_status":"open","sticky":false,"template":"","format":"standard","meta":{"footnotes":""},"categories":[6],"tags":[],"class_list":["post-5179","post","type-post","status-publish","format-standard","hentry","category-reflexao-do-dia"],"yoast_head":"<!-- This site is optimized with the Yoast SEO plugin v27.2 - https:\/\/yoast.com\/product\/yoast-seo-wordpress\/ -->\n<title>O poder transformador da gratid\u00e3o: cultivando um cora\u00e7\u00e3o grato em todas as circunst\u00e2ncias - Salmos B\u00edblicos<\/title>\n<meta name=\"robots\" content=\"index, follow, max-snippet:-1, max-image-preview:large, max-video-preview:-1\" \/>\n<link rel=\"canonical\" href=\"http:\/\/salmosbiblicos.com.br\/index.php\/2025\/05\/16\/o-poder-transformador-da-gratidao-cultivando-um-coracao-grato-em-todas-as-circunstancias\/\" \/>\n<meta property=\"og:locale\" content=\"pt_BR\" \/>\n<meta property=\"og:type\" content=\"article\" \/>\n<meta property=\"og:title\" content=\"O poder transformador da gratid\u00e3o: cultivando um cora\u00e7\u00e3o grato em todas as circunst\u00e2ncias - Salmos B\u00edblicos\" \/>\n<meta property=\"og:description\" content=\"Hoje, gostaria de compartilhar com voc\u00ea uma reflex\u00e3o sobre a import\u00e2ncia da gratid\u00e3o em nossas vidas. Sabemos que nem sempre \u00e9 f\u00e1cil manter uma atitude de gratid\u00e3o, especialmente quando as circunst\u00e2ncias ao nosso redor parecem desafiadoras e dif\u00edceis. Mas \u00e9 justamente nessas horas que a gratid\u00e3o se torna ainda mais essencial. A gratid\u00e3o \u00e9 como [&hellip;]\" \/>\n<meta property=\"og:url\" content=\"http:\/\/salmosbiblicos.com.br\/index.php\/2025\/05\/16\/o-poder-transformador-da-gratidao-cultivando-um-coracao-grato-em-todas-as-circunstancias\/\" \/>\n<meta property=\"og:site_name\" content=\"Salmos B\u00edblicos\" \/>\n<meta property=\"article:published_time\" content=\"2025-05-16T08:53:17+00:00\" \/>\n<meta name=\"author\" content=\"Irmao\" \/>\n<meta name=\"twitter:card\" content=\"summary_large_image\" \/>\n<meta name=\"twitter:label1\" content=\"Escrito por\" \/>\n\t<meta name=\"twitter:data1\" content=\"Irmao\" \/>\n\t<meta name=\"twitter:label2\" content=\"Est. tempo de leitura\" \/>\n\t<meta name=\"twitter:data2\" content=\"2 minutos\" \/>\n<script type=\"application\/ld+json\" class=\"yoast-schema-graph\">{\"@context\":\"https:\/\/schema.org\",\"@graph\":[{\"@type\":\"Article\",\"@id\":\"http:\/\/salmosbiblicos.com.br\/index.php\/2025\/05\/16\/o-poder-transformador-da-gratidao-cultivando-um-coracao-grato-em-todas-as-circunstancias\/#article\",\"isPartOf\":{\"@id\":\"http:\/\/salmosbiblicos.com.br\/index.php\/2025\/05\/16\/o-poder-transformador-da-gratidao-cultivando-um-coracao-grato-em-todas-as-circunstancias\/\"},\"author\":{\"name\":\"Irmao\",\"@id\":\"https:\/\/salmosbiblicos.com.br\/#\/schema\/person\/760735259ba35f1e44e89c71c72d79da\"},\"headline\":\"O poder transformador da gratid\u00e3o: cultivando um cora\u00e7\u00e3o grato em todas as circunst\u00e2ncias\",\"datePublished\":\"2025-05-16T08:53:17+00:00\",\"mainEntityOfPage\":{\"@id\":\"http:\/\/salmosbiblicos.com.br\/index.php\/2025\/05\/16\/o-poder-transformador-da-gratidao-cultivando-um-coracao-grato-em-todas-as-circunstancias\/\"},\"wordCount\":469,\"articleSection\":[\"Reflex\u00e3o do Dia\"],\"inLanguage\":\"pt-BR\"},{\"@type\":\"WebPage\",\"@id\":\"http:\/\/salmosbiblicos.com.br\/index.php\/2025\/05\/16\/o-poder-transformador-da-gratidao-cultivando-um-coracao-grato-em-todas-as-circunstancias\/\",\"url\":\"http:\/\/salmosbiblicos.com.br\/index.php\/2025\/05\/16\/o-poder-transformador-da-gratidao-cultivando-um-coracao-grato-em-todas-as-circunstancias\/\",\"name\":\"O poder transformador da gratid\u00e3o: cultivando um cora\u00e7\u00e3o grato em todas as circunst\u00e2ncias - Salmos B\u00edblicos\",\"isPartOf\":{\"@id\":\"https:\/\/salmosbiblicos.com.br\/#website\"},\"datePublished\":\"2025-05-16T08:53:17+00:00\",\"author\":{\"@id\":\"https:\/\/salmosbiblicos.com.br\/#\/schema\/person\/760735259ba35f1e44e89c71c72d79da\"},\"breadcrumb\":{\"@id\":\"http:\/\/salmosbiblicos.com.br\/index.php\/2025\/05\/16\/o-poder-transformador-da-gratidao-cultivando-um-coracao-grato-em-todas-as-circunstancias\/#breadcrumb\"},\"inLanguage\":\"pt-BR\",\"potentialAction\":[{\"@type\":\"ReadAction\",\"target\":[\"http:\/\/salmosbiblicos.com.br\/index.php\/2025\/05\/16\/o-poder-transformador-da-gratidao-cultivando-um-coracao-grato-em-todas-as-circunstancias\/\"]}]},{\"@type\":\"BreadcrumbList\",\"@id\":\"http:\/\/salmosbiblicos.com.br\/index.php\/2025\/05\/16\/o-poder-transformador-da-gratidao-cultivando-um-coracao-grato-em-todas-as-circunstancias\/#breadcrumb\",\"itemListElement\":[{\"@type\":\"ListItem\",\"position\":1,\"name\":\"Home\",\"item\":\"https:\/\/salmosbiblicos.com.br\/\"},{\"@type\":\"ListItem\",\"position\":2,\"name\":\"O poder transformador da gratid\u00e3o: cultivando um cora\u00e7\u00e3o grato em todas as circunst\u00e2ncias\"}]},{\"@type\":\"WebSite\",\"@id\":\"https:\/\/salmosbiblicos.com.br\/#website\",\"url\":\"https:\/\/salmosbiblicos.com.br\/\",\"name\":\"Salmos B\u00edblicos\",\"description\":\"Uma e-Livraria com e-Books novos para voc\u00ea refletir.\",\"potentialAction\":[{\"@type\":\"SearchAction\",\"target\":{\"@type\":\"EntryPoint\",\"urlTemplate\":\"https:\/\/salmosbiblicos.com.br\/?s={search_term_string}\"},\"query-input\":{\"@type\":\"PropertyValueSpecification\",\"valueRequired\":true,\"valueName\":\"search_term_string\"}}],\"inLanguage\":\"pt-BR\"},{\"@type\":\"Person\",\"@id\":\"https:\/\/salmosbiblicos.com.br\/#\/schema\/person\/760735259ba35f1e44e89c71c72d79da\",\"name\":\"Irmao\",\"image\":{\"@type\":\"ImageObject\",\"inLanguage\":\"pt-BR\",\"@id\":\"https:\/\/secure.gravatar.com\/avatar\/?s=96&d=mm&r=g\",\"url\":\"https:\/\/secure.gravatar.com\/avatar\/?s=96&d=mm&r=g\",\"contentUrl\":\"https:\/\/secure.gravatar.com\/avatar\/?s=96&d=mm&r=g\",\"caption\":\"Irmao\"},\"url\":\"http:\/\/salmosbiblicos.com.br\/index.php\/author\/irmao\/\"}]}<\/script>\n<!-- \/ Yoast SEO plugin. -->","yoast_head_json":{"title":"O poder transformador da gratid\u00e3o: cultivando um cora\u00e7\u00e3o grato em todas as circunst\u00e2ncias - Salmos B\u00edblicos","robots":{"index":"index","follow":"follow","max-snippet":"max-snippet:-1","max-image-preview":"max-image-preview:large","max-video-preview":"max-video-preview:-1"},"canonical":"http:\/\/salmosbiblicos.com.br\/index.php\/2025\/05\/16\/o-poder-transformador-da-gratidao-cultivando-um-coracao-grato-em-todas-as-circunstancias\/","og_locale":"pt_BR","og_type":"article","og_title":"O poder transformador da gratid\u00e3o: cultivando um cora\u00e7\u00e3o grato em todas as circunst\u00e2ncias - Salmos B\u00edblicos","og_description":"Hoje, gostaria de compartilhar com voc\u00ea uma reflex\u00e3o sobre a import\u00e2ncia da gratid\u00e3o em nossas vidas. Sabemos que nem sempre \u00e9 f\u00e1cil manter uma atitude de gratid\u00e3o, especialmente quando as circunst\u00e2ncias ao nosso redor parecem desafiadoras e dif\u00edceis. Mas \u00e9 justamente nessas horas que a gratid\u00e3o se torna ainda mais essencial. A gratid\u00e3o \u00e9 como [&hellip;]","og_url":"http:\/\/salmosbiblicos.com.br\/index.php\/2025\/05\/16\/o-poder-transformador-da-gratidao-cultivando-um-coracao-grato-em-todas-as-circunstancias\/","og_site_name":"Salmos B\u00edblicos","article_published_time":"2025-05-16T08:53:17+00:00","author":"Irmao","twitter_card":"summary_large_image","twitter_misc":{"Escrito por":"Irmao","Est. tempo de leitura":"2 minutos"},"schema":{"@context":"https:\/\/schema.org","@graph":[{"@type":"Article","@id":"http:\/\/salmosbiblicos.com.br\/index.php\/2025\/05\/16\/o-poder-transformador-da-gratidao-cultivando-um-coracao-grato-em-todas-as-circunstancias\/#article","isPartOf":{"@id":"http:\/\/salmosbiblicos.com.br\/index.php\/2025\/05\/16\/o-poder-transformador-da-gratidao-cultivando-um-coracao-grato-em-todas-as-circunstancias\/"},"author":{"name":"Irmao","@id":"https:\/\/salmosbiblicos.com.br\/#\/schema\/person\/760735259ba35f1e44e89c71c72d79da"},"headline":"O poder transformador da gratid\u00e3o: cultivando um cora\u00e7\u00e3o grato em todas as circunst\u00e2ncias","datePublished":"2025-05-16T08:53:17+00:00","mainEntityOfPage":{"@id":"http:\/\/salmosbiblicos.com.br\/index.php\/2025\/05\/16\/o-poder-transformador-da-gratidao-cultivando-um-coracao-grato-em-todas-as-circunstancias\/"},"wordCount":469,"articleSection":["Reflex\u00e3o do Dia"],"inLanguage":"pt-BR"},{"@type":"WebPage","@id":"http:\/\/salmosbiblicos.com.br\/index.php\/2025\/05\/16\/o-poder-transformador-da-gratidao-cultivando-um-coracao-grato-em-todas-as-circunstancias\/","url":"http:\/\/salmosbiblicos.com.br\/index.php\/2025\/05\/16\/o-poder-transformador-da-gratidao-cultivando-um-coracao-grato-em-todas-as-circunstancias\/","name":"O poder transformador da gratid\u00e3o: cultivando um cora\u00e7\u00e3o grato em todas as circunst\u00e2ncias - Salmos B\u00edblicos","isPartOf":{"@id":"https:\/\/salmosbiblicos.com.br\/#website"},"datePublished":"2025-05-16T08:53:17+00:00","author":{"@id":"https:\/\/salmosbiblicos.com.br\/#\/schema\/person\/760735259ba35f1e44e89c71c72d79da"},"breadcrumb":{"@id":"http:\/\/salmosbiblicos.com.br\/index.php\/2025\/05\/16\/o-poder-transformador-da-gratidao-cultivando-um-coracao-grato-em-todas-as-circunstancias\/#breadcrumb"},"inLanguage":"pt-BR","potentialAction":[{"@type":"ReadAction","target":["http:\/\/salmosbiblicos.com.br\/index.php\/2025\/05\/16\/o-poder-transformador-da-gratidao-cultivando-um-coracao-grato-em-todas-as-circunstancias\/"]}]},{"@type":"BreadcrumbList","@id":"http:\/\/salmosbiblicos.com.br\/index.php\/2025\/05\/16\/o-poder-transformador-da-gratidao-cultivando-um-coracao-grato-em-todas-as-circunstancias\/#breadcrumb","itemListElement":[{"@type":"ListItem","position":1,"name":"Home","item":"https:\/\/salmosbiblicos.com.br\/"},{"@type":"ListItem","position":2,"name":"O poder transformador da gratid\u00e3o: cultivando um cora\u00e7\u00e3o grato em todas as circunst\u00e2ncias"}]},{"@type":"WebSite","@id":"https:\/\/salmosbiblicos.com.br\/#website","url":"https:\/\/salmosbiblicos.com.br\/","name":"Salmos B\u00edblicos","description":"Uma e-Livraria com e-Books novos para voc\u00ea refletir.","potentialAction":[{"@type":"SearchAction","target":{"@type":"EntryPoint","urlTemplate":"https:\/\/salmosbiblicos.com.br\/?s={search_term_string}"},"query-input":{"@type":"PropertyValueSpecification","valueRequired":true,"valueName":"search_term_string"}}],"inLanguage":"pt-BR"},{"@type":"Person","@id":"https:\/\/salmosbiblicos.com.br\/#\/schema\/person\/760735259ba35f1e44e89c71c72d79da","name":"Irmao","image":{"@type":"ImageObject","inLanguage":"pt-BR","@id":"https:\/\/secure.gravatar.com\/avatar\/?s=96&d=mm&r=g","url":"https:\/\/secure.gravatar.com\/avatar\/?s=96&d=mm&r=g","contentUrl":"https:\/\/secure.gravatar.com\/avatar\/?s=96&d=mm&r=g","caption":"Irmao"},"url":"http:\/\/salmosbiblicos.com.br\/index.php\/author\/irmao\/"}]}},"_links":{"self":[{"href":"http:\/\/salmosbiblicos.com.br\/index.php\/wp-json\/wp\/v2\/posts\/5179","targetHints":{"allow":["GET"]}}],"collection":[{"href":"http:\/\/salmosbiblicos.com.br\/index.php\/wp-json\/wp\/v2\/posts"}],"about":[{"href":"http:\/\/salmosbiblicos.com.br\/index.php\/wp-json\/wp\/v2\/types\/post"}],"author":[{"embeddable":true,"href":"http:\/\/salmosbiblicos.com.br\/index.php\/wp-json\/wp\/v2\/users\/2"}],"replies":[{"embeddable":true,"href":"http:\/\/salmosbiblicos.com.br\/index.php\/wp-json\/wp\/v2\/comments?post=5179"}],"version-history":[{"count":0,"href":"http:\/\/salmosbiblicos.com.br\/index.php\/wp-json\/wp\/v2\/posts\/5179\/revisions"}],"wp:attachment":[{"href":"http:\/\/salmosbiblicos.com.br\/index.php\/wp-json\/wp\/v2\/media?parent=5179"}],"wp:term":[{"taxonomy":"category","embeddable":true,"href":"http:\/\/salmosbiblicos.com.br\/index.php\/wp-json\/wp\/v2\/categories?post=5179"},{"taxonomy":"post_tag","embeddable":true,"href":"http:\/\/salmosbiblicos.com.br\/index.php\/wp-json\/wp\/v2\/tags?post=5179"}],"curies":[{"name":"wp","href":"https:\/\/api.w.org\/{rel}","templated":true}]}}