{"id":5185,"date":"2025-05-16T05:53:42","date_gmt":"2025-05-16T08:53:42","guid":{"rendered":"https:\/\/salmosbiblicos.com.br\/?p=5185"},"modified":"2025-05-16T05:53:42","modified_gmt":"2025-05-16T08:53:42","slug":"reflexao-sobre-a-importancia-da-gratidao-cultivando-bencaos-em-nossa-vida","status":"publish","type":"post","link":"http:\/\/salmosbiblicos.com.br\/index.php\/2025\/05\/16\/reflexao-sobre-a-importancia-da-gratidao-cultivando-bencaos-em-nossa-vida\/","title":{"rendered":"Reflex\u00e3o sobre a import\u00e2ncia da gratid\u00e3o: cultivando b\u00ean\u00e7\u00e3os em nossa vida."},"content":{"rendered":"<p>Hoje, gostaria de compartilhar com voc\u00ea uma reflex\u00e3o sobre a import\u00e2ncia de cultivar a gratid\u00e3o em nossas vidas. Em meio \u00e0s correrias do dia a dia, \u00e9 f\u00e1cil nos perdermos nos problemas e nos desafios que surgem em nosso caminho, esquecendo-nos de reconhecer as b\u00ean\u00e7\u00e3os que recebemos constantemente.<\/p>\n<p>A gratid\u00e3o \u00e9 um sentimento poderoso que nos conecta com algo maior do que n\u00f3s mesmos. Ao reconhecer e agradecer pelas coisas boas que acontecem em nossa vida, abrimos espa\u00e7o para que mais coisas positivas aconte\u00e7am. A gratid\u00e3o nos ensina a valorizar o que temos, em vez de nos lamentarmos pelo que nos falta.<\/p>\n<p>Mesmo nos momentos dif\u00edceis, \u00e9 poss\u00edvel encontrar motivos para agradecer. Agrade\u00e7a pela sa\u00fade que voc\u00ea tem, mesmo que n\u00e3o esteja perfeita. Agrade\u00e7a pela fam\u00edlia e amigos que est\u00e3o ao seu lado, mesmo que nem sempre concordem com voc\u00ea. Agrade\u00e7a pela oportunidade de aprender e crescer com os desafios que surgem em seu caminho.<\/p>\n<p>A gratid\u00e3o tamb\u00e9m nos ajuda a manter o cora\u00e7\u00e3o aberto para receber mais amor e bondade em nossas vidas. Quando somos gratos, estamos mais receptivos \u00e0s b\u00ean\u00e7\u00e3os que o universo tem a nos oferecer. A gratid\u00e3o nos ensina a viver no presente, apreciando cada momento como \u00fanico e especial.<\/p>\n<p>Por isso, hoje te convido a praticar a gratid\u00e3o em sua vida. Ao acordar de manh\u00e3, agrade\u00e7a pelo novo dia que se inicia. Ao longo do dia, encontre pequenos momentos para agradecer pelas coisas simples, como um sorriso de um estranho ou um raio de sol que ilumina o seu caminho. Antes de dormir, fa\u00e7a uma breve reflex\u00e3o sobre os momentos positivos que viveu durante o dia e agrade\u00e7a por cada um deles.<\/p>\n<p>Lembre-se: a gratid\u00e3o \u00e9 uma escolha que podemos fazer a cada dia. Mesmo nos momentos mais desafiadores, podemos escolher enxergar a luz no fim do t\u00fanel e agradecer por cada li\u00e7\u00e3o que aprendemos ao longo do caminho. A gratid\u00e3o nos fortalece, nos inspira e nos conecta com algo maior do que n\u00f3s mesmos.<\/p>\n<p>Que a gratid\u00e3o seja a luz que ilumina o seu caminho, trazendo paz e serenidade ao seu cora\u00e7\u00e3o. Agrade\u00e7a, todos os dias, pelas b\u00ean\u00e7\u00e3os que recebe e pelas oportunidades de crescimento que surgem em seu caminho. A gratid\u00e3o transforma a nossa vida e nos ensina a viver de forma mais plena e feliz.<\/p>\n<p>Lembre-se: a gratid\u00e3o \u00e9 a chave para uma vida plena e feliz. Agrade\u00e7a sempre e ver\u00e1 como o universo conspira a seu favor. Que a gratid\u00e3o seja a sua companheira de jornada, guiando-o sempre para o caminho da paz e da felicidade. Que assim seja.<\/p>\n","protected":false},"excerpt":{"rendered":"<p>Hoje, gostaria de compartilhar com voc\u00ea uma reflex\u00e3o sobre a import\u00e2ncia de cultivar a gratid\u00e3o em nossas vidas. Em meio \u00e0s correrias do dia a dia, \u00e9 f\u00e1cil nos perdermos nos problemas e nos desafios que surgem em nosso caminho, esquecendo-nos de reconhecer as b\u00ean\u00e7\u00e3os que recebemos constantemente. A gratid\u00e3o \u00e9 um sentimento poderoso que [&hellip;]<\/p>\n","protected":false},"author":2,"featured_media":0,"comment_status":"closed","ping_status":"open","sticky":false,"template":"","format":"standard","meta":{"footnotes":""},"categories":[6],"tags":[],"class_list":["post-5185","post","type-post","status-publish","format-standard","hentry","category-reflexao-do-dia"],"yoast_head":"<!-- This site is optimized with the Yoast SEO plugin v27.2 - https:\/\/yoast.com\/product\/yoast-seo-wordpress\/ -->\n<title>Reflex\u00e3o sobre a import\u00e2ncia da gratid\u00e3o: cultivando b\u00ean\u00e7\u00e3os em nossa vida. - Salmos B\u00edblicos<\/title>\n<meta name=\"robots\" content=\"index, follow, max-snippet:-1, max-image-preview:large, max-video-preview:-1\" \/>\n<link rel=\"canonical\" href=\"http:\/\/salmosbiblicos.com.br\/index.php\/2025\/05\/16\/reflexao-sobre-a-importancia-da-gratidao-cultivando-bencaos-em-nossa-vida\/\" \/>\n<meta property=\"og:locale\" content=\"pt_BR\" \/>\n<meta property=\"og:type\" content=\"article\" \/>\n<meta property=\"og:title\" content=\"Reflex\u00e3o sobre a import\u00e2ncia da gratid\u00e3o: cultivando b\u00ean\u00e7\u00e3os em nossa vida. - Salmos B\u00edblicos\" \/>\n<meta property=\"og:description\" content=\"Hoje, gostaria de compartilhar com voc\u00ea uma reflex\u00e3o sobre a import\u00e2ncia de cultivar a gratid\u00e3o em nossas vidas. Em meio \u00e0s correrias do dia a dia, \u00e9 f\u00e1cil nos perdermos nos problemas e nos desafios que surgem em nosso caminho, esquecendo-nos de reconhecer as b\u00ean\u00e7\u00e3os que recebemos constantemente. A gratid\u00e3o \u00e9 um sentimento poderoso que [&hellip;]\" \/>\n<meta property=\"og:url\" content=\"http:\/\/salmosbiblicos.com.br\/index.php\/2025\/05\/16\/reflexao-sobre-a-importancia-da-gratidao-cultivando-bencaos-em-nossa-vida\/\" \/>\n<meta property=\"og:site_name\" content=\"Salmos B\u00edblicos\" \/>\n<meta property=\"article:published_time\" content=\"2025-05-16T08:53:42+00:00\" \/>\n<meta name=\"author\" content=\"Irmao\" \/>\n<meta name=\"twitter:card\" content=\"summary_large_image\" \/>\n<meta name=\"twitter:label1\" content=\"Escrito por\" \/>\n\t<meta name=\"twitter:data1\" content=\"Irmao\" \/>\n\t<meta name=\"twitter:label2\" content=\"Est. tempo de leitura\" \/>\n\t<meta name=\"twitter:data2\" content=\"2 minutos\" \/>\n<script type=\"application\/ld+json\" class=\"yoast-schema-graph\">{\"@context\":\"https:\/\/schema.org\",\"@graph\":[{\"@type\":\"Article\",\"@id\":\"http:\/\/salmosbiblicos.com.br\/index.php\/2025\/05\/16\/reflexao-sobre-a-importancia-da-gratidao-cultivando-bencaos-em-nossa-vida\/#article\",\"isPartOf\":{\"@id\":\"http:\/\/salmosbiblicos.com.br\/index.php\/2025\/05\/16\/reflexao-sobre-a-importancia-da-gratidao-cultivando-bencaos-em-nossa-vida\/\"},\"author\":{\"name\":\"Irmao\",\"@id\":\"https:\/\/salmosbiblicos.com.br\/#\/schema\/person\/760735259ba35f1e44e89c71c72d79da\"},\"headline\":\"Reflex\u00e3o sobre a import\u00e2ncia da gratid\u00e3o: cultivando b\u00ean\u00e7\u00e3os em nossa vida.\",\"datePublished\":\"2025-05-16T08:53:42+00:00\",\"mainEntityOfPage\":{\"@id\":\"http:\/\/salmosbiblicos.com.br\/index.php\/2025\/05\/16\/reflexao-sobre-a-importancia-da-gratidao-cultivando-bencaos-em-nossa-vida\/\"},\"wordCount\":484,\"articleSection\":[\"Reflex\u00e3o do Dia\"],\"inLanguage\":\"pt-BR\"},{\"@type\":\"WebPage\",\"@id\":\"http:\/\/salmosbiblicos.com.br\/index.php\/2025\/05\/16\/reflexao-sobre-a-importancia-da-gratidao-cultivando-bencaos-em-nossa-vida\/\",\"url\":\"http:\/\/salmosbiblicos.com.br\/index.php\/2025\/05\/16\/reflexao-sobre-a-importancia-da-gratidao-cultivando-bencaos-em-nossa-vida\/\",\"name\":\"Reflex\u00e3o sobre a import\u00e2ncia da gratid\u00e3o: cultivando b\u00ean\u00e7\u00e3os em nossa vida. - Salmos B\u00edblicos\",\"isPartOf\":{\"@id\":\"https:\/\/salmosbiblicos.com.br\/#website\"},\"datePublished\":\"2025-05-16T08:53:42+00:00\",\"author\":{\"@id\":\"https:\/\/salmosbiblicos.com.br\/#\/schema\/person\/760735259ba35f1e44e89c71c72d79da\"},\"breadcrumb\":{\"@id\":\"http:\/\/salmosbiblicos.com.br\/index.php\/2025\/05\/16\/reflexao-sobre-a-importancia-da-gratidao-cultivando-bencaos-em-nossa-vida\/#breadcrumb\"},\"inLanguage\":\"pt-BR\",\"potentialAction\":[{\"@type\":\"ReadAction\",\"target\":[\"http:\/\/salmosbiblicos.com.br\/index.php\/2025\/05\/16\/reflexao-sobre-a-importancia-da-gratidao-cultivando-bencaos-em-nossa-vida\/\"]}]},{\"@type\":\"BreadcrumbList\",\"@id\":\"http:\/\/salmosbiblicos.com.br\/index.php\/2025\/05\/16\/reflexao-sobre-a-importancia-da-gratidao-cultivando-bencaos-em-nossa-vida\/#breadcrumb\",\"itemListElement\":[{\"@type\":\"ListItem\",\"position\":1,\"name\":\"Home\",\"item\":\"https:\/\/salmosbiblicos.com.br\/\"},{\"@type\":\"ListItem\",\"position\":2,\"name\":\"Reflex\u00e3o sobre a import\u00e2ncia da gratid\u00e3o: cultivando b\u00ean\u00e7\u00e3os em nossa vida.\"}]},{\"@type\":\"WebSite\",\"@id\":\"https:\/\/salmosbiblicos.com.br\/#website\",\"url\":\"https:\/\/salmosbiblicos.com.br\/\",\"name\":\"Salmos B\u00edblicos\",\"description\":\"Uma e-Livraria com e-Books novos para voc\u00ea refletir.\",\"potentialAction\":[{\"@type\":\"SearchAction\",\"target\":{\"@type\":\"EntryPoint\",\"urlTemplate\":\"https:\/\/salmosbiblicos.com.br\/?s={search_term_string}\"},\"query-input\":{\"@type\":\"PropertyValueSpecification\",\"valueRequired\":true,\"valueName\":\"search_term_string\"}}],\"inLanguage\":\"pt-BR\"},{\"@type\":\"Person\",\"@id\":\"https:\/\/salmosbiblicos.com.br\/#\/schema\/person\/760735259ba35f1e44e89c71c72d79da\",\"name\":\"Irmao\",\"image\":{\"@type\":\"ImageObject\",\"inLanguage\":\"pt-BR\",\"@id\":\"https:\/\/secure.gravatar.com\/avatar\/?s=96&d=mm&r=g\",\"url\":\"https:\/\/secure.gravatar.com\/avatar\/?s=96&d=mm&r=g\",\"contentUrl\":\"https:\/\/secure.gravatar.com\/avatar\/?s=96&d=mm&r=g\",\"caption\":\"Irmao\"},\"url\":\"http:\/\/salmosbiblicos.com.br\/index.php\/author\/irmao\/\"}]}<\/script>\n<!-- \/ Yoast SEO plugin. -->","yoast_head_json":{"title":"Reflex\u00e3o sobre a import\u00e2ncia da gratid\u00e3o: cultivando b\u00ean\u00e7\u00e3os em nossa vida. - Salmos B\u00edblicos","robots":{"index":"index","follow":"follow","max-snippet":"max-snippet:-1","max-image-preview":"max-image-preview:large","max-video-preview":"max-video-preview:-1"},"canonical":"http:\/\/salmosbiblicos.com.br\/index.php\/2025\/05\/16\/reflexao-sobre-a-importancia-da-gratidao-cultivando-bencaos-em-nossa-vida\/","og_locale":"pt_BR","og_type":"article","og_title":"Reflex\u00e3o sobre a import\u00e2ncia da gratid\u00e3o: cultivando b\u00ean\u00e7\u00e3os em nossa vida. - Salmos B\u00edblicos","og_description":"Hoje, gostaria de compartilhar com voc\u00ea uma reflex\u00e3o sobre a import\u00e2ncia de cultivar a gratid\u00e3o em nossas vidas. Em meio \u00e0s correrias do dia a dia, \u00e9 f\u00e1cil nos perdermos nos problemas e nos desafios que surgem em nosso caminho, esquecendo-nos de reconhecer as b\u00ean\u00e7\u00e3os que recebemos constantemente. A gratid\u00e3o \u00e9 um sentimento poderoso que [&hellip;]","og_url":"http:\/\/salmosbiblicos.com.br\/index.php\/2025\/05\/16\/reflexao-sobre-a-importancia-da-gratidao-cultivando-bencaos-em-nossa-vida\/","og_site_name":"Salmos B\u00edblicos","article_published_time":"2025-05-16T08:53:42+00:00","author":"Irmao","twitter_card":"summary_large_image","twitter_misc":{"Escrito por":"Irmao","Est. tempo de leitura":"2 minutos"},"schema":{"@context":"https:\/\/schema.org","@graph":[{"@type":"Article","@id":"http:\/\/salmosbiblicos.com.br\/index.php\/2025\/05\/16\/reflexao-sobre-a-importancia-da-gratidao-cultivando-bencaos-em-nossa-vida\/#article","isPartOf":{"@id":"http:\/\/salmosbiblicos.com.br\/index.php\/2025\/05\/16\/reflexao-sobre-a-importancia-da-gratidao-cultivando-bencaos-em-nossa-vida\/"},"author":{"name":"Irmao","@id":"https:\/\/salmosbiblicos.com.br\/#\/schema\/person\/760735259ba35f1e44e89c71c72d79da"},"headline":"Reflex\u00e3o sobre a import\u00e2ncia da gratid\u00e3o: cultivando b\u00ean\u00e7\u00e3os em nossa vida.","datePublished":"2025-05-16T08:53:42+00:00","mainEntityOfPage":{"@id":"http:\/\/salmosbiblicos.com.br\/index.php\/2025\/05\/16\/reflexao-sobre-a-importancia-da-gratidao-cultivando-bencaos-em-nossa-vida\/"},"wordCount":484,"articleSection":["Reflex\u00e3o do Dia"],"inLanguage":"pt-BR"},{"@type":"WebPage","@id":"http:\/\/salmosbiblicos.com.br\/index.php\/2025\/05\/16\/reflexao-sobre-a-importancia-da-gratidao-cultivando-bencaos-em-nossa-vida\/","url":"http:\/\/salmosbiblicos.com.br\/index.php\/2025\/05\/16\/reflexao-sobre-a-importancia-da-gratidao-cultivando-bencaos-em-nossa-vida\/","name":"Reflex\u00e3o sobre a import\u00e2ncia da gratid\u00e3o: cultivando b\u00ean\u00e7\u00e3os em nossa vida. - Salmos B\u00edblicos","isPartOf":{"@id":"https:\/\/salmosbiblicos.com.br\/#website"},"datePublished":"2025-05-16T08:53:42+00:00","author":{"@id":"https:\/\/salmosbiblicos.com.br\/#\/schema\/person\/760735259ba35f1e44e89c71c72d79da"},"breadcrumb":{"@id":"http:\/\/salmosbiblicos.com.br\/index.php\/2025\/05\/16\/reflexao-sobre-a-importancia-da-gratidao-cultivando-bencaos-em-nossa-vida\/#breadcrumb"},"inLanguage":"pt-BR","potentialAction":[{"@type":"ReadAction","target":["http:\/\/salmosbiblicos.com.br\/index.php\/2025\/05\/16\/reflexao-sobre-a-importancia-da-gratidao-cultivando-bencaos-em-nossa-vida\/"]}]},{"@type":"BreadcrumbList","@id":"http:\/\/salmosbiblicos.com.br\/index.php\/2025\/05\/16\/reflexao-sobre-a-importancia-da-gratidao-cultivando-bencaos-em-nossa-vida\/#breadcrumb","itemListElement":[{"@type":"ListItem","position":1,"name":"Home","item":"https:\/\/salmosbiblicos.com.br\/"},{"@type":"ListItem","position":2,"name":"Reflex\u00e3o sobre a import\u00e2ncia da gratid\u00e3o: cultivando b\u00ean\u00e7\u00e3os em nossa vida."}]},{"@type":"WebSite","@id":"https:\/\/salmosbiblicos.com.br\/#website","url":"https:\/\/salmosbiblicos.com.br\/","name":"Salmos B\u00edblicos","description":"Uma e-Livraria com e-Books novos para voc\u00ea refletir.","potentialAction":[{"@type":"SearchAction","target":{"@type":"EntryPoint","urlTemplate":"https:\/\/salmosbiblicos.com.br\/?s={search_term_string}"},"query-input":{"@type":"PropertyValueSpecification","valueRequired":true,"valueName":"search_term_string"}}],"inLanguage":"pt-BR"},{"@type":"Person","@id":"https:\/\/salmosbiblicos.com.br\/#\/schema\/person\/760735259ba35f1e44e89c71c72d79da","name":"Irmao","image":{"@type":"ImageObject","inLanguage":"pt-BR","@id":"https:\/\/secure.gravatar.com\/avatar\/?s=96&d=mm&r=g","url":"https:\/\/secure.gravatar.com\/avatar\/?s=96&d=mm&r=g","contentUrl":"https:\/\/secure.gravatar.com\/avatar\/?s=96&d=mm&r=g","caption":"Irmao"},"url":"http:\/\/salmosbiblicos.com.br\/index.php\/author\/irmao\/"}]}},"_links":{"self":[{"href":"http:\/\/salmosbiblicos.com.br\/index.php\/wp-json\/wp\/v2\/posts\/5185","targetHints":{"allow":["GET"]}}],"collection":[{"href":"http:\/\/salmosbiblicos.com.br\/index.php\/wp-json\/wp\/v2\/posts"}],"about":[{"href":"http:\/\/salmosbiblicos.com.br\/index.php\/wp-json\/wp\/v2\/types\/post"}],"author":[{"embeddable":true,"href":"http:\/\/salmosbiblicos.com.br\/index.php\/wp-json\/wp\/v2\/users\/2"}],"replies":[{"embeddable":true,"href":"http:\/\/salmosbiblicos.com.br\/index.php\/wp-json\/wp\/v2\/comments?post=5185"}],"version-history":[{"count":0,"href":"http:\/\/salmosbiblicos.com.br\/index.php\/wp-json\/wp\/v2\/posts\/5185\/revisions"}],"wp:attachment":[{"href":"http:\/\/salmosbiblicos.com.br\/index.php\/wp-json\/wp\/v2\/media?parent=5185"}],"wp:term":[{"taxonomy":"category","embeddable":true,"href":"http:\/\/salmosbiblicos.com.br\/index.php\/wp-json\/wp\/v2\/categories?post=5185"},{"taxonomy":"post_tag","embeddable":true,"href":"http:\/\/salmosbiblicos.com.br\/index.php\/wp-json\/wp\/v2\/tags?post=5185"}],"curies":[{"name":"wp","href":"https:\/\/api.w.org\/{rel}","templated":true}]}}