{"id":5187,"date":"2025-05-16T05:53:53","date_gmt":"2025-05-16T08:53:53","guid":{"rendered":"https:\/\/salmosbiblicos.com.br\/?p=5187"},"modified":"2025-05-16T05:53:53","modified_gmt":"2025-05-16T08:53:53","slug":"a-importancia-da-gratidao-a-chave-para-uma-vida-plena-e-abencoada","status":"publish","type":"post","link":"http:\/\/salmosbiblicos.com.br\/index.php\/2025\/05\/16\/a-importancia-da-gratidao-a-chave-para-uma-vida-plena-e-abencoada\/","title":{"rendered":"A Import\u00e2ncia da Gratid\u00e3o: A Chave para uma Vida Plena e Aben\u00e7oada"},"content":{"rendered":"<p>Hoje, quero compartilhar com voc\u00ea uma reflex\u00e3o sobre a import\u00e2ncia da gratid\u00e3o em nossas vidas. Muitas vezes, nos deparamos com situa\u00e7\u00f5es dif\u00edceis e desafiadoras que nos fazem questionar o porqu\u00ea de estarmos passando por determinadas prova\u00e7\u00f5es. No entanto, \u00e9 justamente nestes momentos que a gratid\u00e3o se torna essencial para nos manter firmes e confiantes.<\/p>\n<p>A gratid\u00e3o \u00e9 como um b\u00e1lsamo para a alma, capaz de nos fazer enxergar a beleza e a bondade que nos rodeiam, mesmo em meio \u00e0 escurid\u00e3o. Quando somos gratos, abrimos espa\u00e7o em nosso cora\u00e7\u00e3o para acolher as b\u00ean\u00e7\u00e3os que recebemos diariamente, sejam elas grandes ou pequenas. Agradecer pelas coisas simples, como o sol que brilha no c\u00e9u, o sorriso de um amigo, ou a comida que temos \u00e0 mesa, nos conecta com a ess\u00eancia da vida e nos faz perceber que, apesar das dificuldades, ainda h\u00e1 motivos para sorrir.<\/p>\n<p>Quando nos permitimos ser gratos, tamb\u00e9m cultivamos a humildade e a compaix\u00e3o em nosso interior. Reconhecer que n\u00e3o estamos sozinhos neste mundo e que dependemos uns dos outros para crescer e evoluir nos torna mais humanos e sens\u00edveis \u00e0s dores e alegrias alheias. A gratid\u00e3o nos ensina a olhar para al\u00e9m de nossas pr\u00f3prias necessidades e a valorizar as pequenas gentilezas que recebemos de quem nos cerca.<\/p>\n<p>Al\u00e9m disso, a gratid\u00e3o \u00e9 uma forma de expressar nossa f\u00e9 e confian\u00e7a em Deus, independentemente de nossa cren\u00e7a religiosa. Ao agradecer pelas d\u00e1divas que recebemos, estamos reconhecendo a presen\u00e7a divina em nossas vidas e reafirmando nossa f\u00e9 na bondade e no amor que nos sustentam. A gratid\u00e3o nos aproxima de Deus e nos faz perceber que somos amados incondicionalmente, independentemente de nossas falhas e imperfei\u00e7\u00f5es.<\/p>\n<p>Portanto, hoje, convido voc\u00ea a cultivar a gratid\u00e3o em seu cora\u00e7\u00e3o e a enxergar as b\u00ean\u00e7\u00e3os que o cercam. Seja grato pela vida, pela sa\u00fade, pela fam\u00edlia, pelos amigos, pelo trabalho e por todas as pequenas alegrias que fazem parte de seu dia a dia. Agrade\u00e7a tamb\u00e9m pelas dificuldades, pois s\u00e3o elas que nos fortalecem e nos ensinam li\u00e7\u00f5es valiosas.<\/p>\n<p>Que a gratid\u00e3o seja a luz que ilumina seu caminho e o amor que aquece seu cora\u00e7\u00e3o. Que voc\u00ea possa enxergar a beleza da vida em cada pequeno gesto de bondade e generosidade. E lembre-se: a gratid\u00e3o transforma tudo ao nosso redor e nos faz viver em paz e harmonia com o universo.<\/p>\n<p>Que a gratid\u00e3o seja sua companheira constante, guiando seus passos e iluminando seu caminho. Agrade\u00e7a sempre, e ver\u00e1 como a vida se torna mais leve e cheia de significado. Que a gratid\u00e3o seja a chave para a sua felicidade e a porta para um cora\u00e7\u00e3o pleno de amor e paz. Agrade\u00e7a, sempre agrade\u00e7a.<\/p>\n","protected":false},"excerpt":{"rendered":"<p>Hoje, quero compartilhar com voc\u00ea uma reflex\u00e3o sobre a import\u00e2ncia da gratid\u00e3o em nossas vidas. Muitas vezes, nos deparamos com situa\u00e7\u00f5es dif\u00edceis e desafiadoras que nos fazem questionar o porqu\u00ea de estarmos passando por determinadas prova\u00e7\u00f5es. No entanto, \u00e9 justamente nestes momentos que a gratid\u00e3o se torna essencial para nos manter firmes e confiantes. A [&hellip;]<\/p>\n","protected":false},"author":2,"featured_media":0,"comment_status":"closed","ping_status":"open","sticky":false,"template":"","format":"standard","meta":{"footnotes":""},"categories":[6],"tags":[],"class_list":["post-5187","post","type-post","status-publish","format-standard","hentry","category-reflexao-do-dia"],"yoast_head":"<!-- This site is optimized with the Yoast SEO plugin v27.2 - https:\/\/yoast.com\/product\/yoast-seo-wordpress\/ -->\n<title>A Import\u00e2ncia da Gratid\u00e3o: A Chave para uma Vida Plena e Aben\u00e7oada - Salmos B\u00edblicos<\/title>\n<meta name=\"robots\" content=\"index, follow, max-snippet:-1, max-image-preview:large, max-video-preview:-1\" \/>\n<link rel=\"canonical\" href=\"http:\/\/salmosbiblicos.com.br\/index.php\/2025\/05\/16\/a-importancia-da-gratidao-a-chave-para-uma-vida-plena-e-abencoada\/\" \/>\n<meta property=\"og:locale\" content=\"pt_BR\" \/>\n<meta property=\"og:type\" content=\"article\" \/>\n<meta property=\"og:title\" content=\"A Import\u00e2ncia da Gratid\u00e3o: A Chave para uma Vida Plena e Aben\u00e7oada - Salmos B\u00edblicos\" \/>\n<meta property=\"og:description\" content=\"Hoje, quero compartilhar com voc\u00ea uma reflex\u00e3o sobre a import\u00e2ncia da gratid\u00e3o em nossas vidas. Muitas vezes, nos deparamos com situa\u00e7\u00f5es dif\u00edceis e desafiadoras que nos fazem questionar o porqu\u00ea de estarmos passando por determinadas prova\u00e7\u00f5es. No entanto, \u00e9 justamente nestes momentos que a gratid\u00e3o se torna essencial para nos manter firmes e confiantes. A [&hellip;]\" \/>\n<meta property=\"og:url\" content=\"http:\/\/salmosbiblicos.com.br\/index.php\/2025\/05\/16\/a-importancia-da-gratidao-a-chave-para-uma-vida-plena-e-abencoada\/\" \/>\n<meta property=\"og:site_name\" content=\"Salmos B\u00edblicos\" \/>\n<meta property=\"article:published_time\" content=\"2025-05-16T08:53:53+00:00\" \/>\n<meta name=\"author\" content=\"Irmao\" \/>\n<meta name=\"twitter:card\" content=\"summary_large_image\" \/>\n<meta name=\"twitter:label1\" content=\"Escrito por\" \/>\n\t<meta name=\"twitter:data1\" content=\"Irmao\" \/>\n\t<meta name=\"twitter:label2\" content=\"Est. tempo de leitura\" \/>\n\t<meta name=\"twitter:data2\" content=\"2 minutos\" \/>\n<script type=\"application\/ld+json\" class=\"yoast-schema-graph\">{\"@context\":\"https:\/\/schema.org\",\"@graph\":[{\"@type\":\"Article\",\"@id\":\"http:\/\/salmosbiblicos.com.br\/index.php\/2025\/05\/16\/a-importancia-da-gratidao-a-chave-para-uma-vida-plena-e-abencoada\/#article\",\"isPartOf\":{\"@id\":\"http:\/\/salmosbiblicos.com.br\/index.php\/2025\/05\/16\/a-importancia-da-gratidao-a-chave-para-uma-vida-plena-e-abencoada\/\"},\"author\":{\"name\":\"Irmao\",\"@id\":\"https:\/\/salmosbiblicos.com.br\/#\/schema\/person\/760735259ba35f1e44e89c71c72d79da\"},\"headline\":\"A Import\u00e2ncia da Gratid\u00e3o: A Chave para uma Vida Plena e Aben\u00e7oada\",\"datePublished\":\"2025-05-16T08:53:53+00:00\",\"mainEntityOfPage\":{\"@id\":\"http:\/\/salmosbiblicos.com.br\/index.php\/2025\/05\/16\/a-importancia-da-gratidao-a-chave-para-uma-vida-plena-e-abencoada\/\"},\"wordCount\":503,\"articleSection\":[\"Reflex\u00e3o do Dia\"],\"inLanguage\":\"pt-BR\"},{\"@type\":\"WebPage\",\"@id\":\"http:\/\/salmosbiblicos.com.br\/index.php\/2025\/05\/16\/a-importancia-da-gratidao-a-chave-para-uma-vida-plena-e-abencoada\/\",\"url\":\"http:\/\/salmosbiblicos.com.br\/index.php\/2025\/05\/16\/a-importancia-da-gratidao-a-chave-para-uma-vida-plena-e-abencoada\/\",\"name\":\"A Import\u00e2ncia da Gratid\u00e3o: A Chave para uma Vida Plena e Aben\u00e7oada - Salmos B\u00edblicos\",\"isPartOf\":{\"@id\":\"https:\/\/salmosbiblicos.com.br\/#website\"},\"datePublished\":\"2025-05-16T08:53:53+00:00\",\"author\":{\"@id\":\"https:\/\/salmosbiblicos.com.br\/#\/schema\/person\/760735259ba35f1e44e89c71c72d79da\"},\"breadcrumb\":{\"@id\":\"http:\/\/salmosbiblicos.com.br\/index.php\/2025\/05\/16\/a-importancia-da-gratidao-a-chave-para-uma-vida-plena-e-abencoada\/#breadcrumb\"},\"inLanguage\":\"pt-BR\",\"potentialAction\":[{\"@type\":\"ReadAction\",\"target\":[\"http:\/\/salmosbiblicos.com.br\/index.php\/2025\/05\/16\/a-importancia-da-gratidao-a-chave-para-uma-vida-plena-e-abencoada\/\"]}]},{\"@type\":\"BreadcrumbList\",\"@id\":\"http:\/\/salmosbiblicos.com.br\/index.php\/2025\/05\/16\/a-importancia-da-gratidao-a-chave-para-uma-vida-plena-e-abencoada\/#breadcrumb\",\"itemListElement\":[{\"@type\":\"ListItem\",\"position\":1,\"name\":\"Home\",\"item\":\"https:\/\/salmosbiblicos.com.br\/\"},{\"@type\":\"ListItem\",\"position\":2,\"name\":\"A Import\u00e2ncia da Gratid\u00e3o: A Chave para uma Vida Plena e Aben\u00e7oada\"}]},{\"@type\":\"WebSite\",\"@id\":\"https:\/\/salmosbiblicos.com.br\/#website\",\"url\":\"https:\/\/salmosbiblicos.com.br\/\",\"name\":\"Salmos B\u00edblicos\",\"description\":\"Uma e-Livraria com e-Books novos para voc\u00ea refletir.\",\"potentialAction\":[{\"@type\":\"SearchAction\",\"target\":{\"@type\":\"EntryPoint\",\"urlTemplate\":\"https:\/\/salmosbiblicos.com.br\/?s={search_term_string}\"},\"query-input\":{\"@type\":\"PropertyValueSpecification\",\"valueRequired\":true,\"valueName\":\"search_term_string\"}}],\"inLanguage\":\"pt-BR\"},{\"@type\":\"Person\",\"@id\":\"https:\/\/salmosbiblicos.com.br\/#\/schema\/person\/760735259ba35f1e44e89c71c72d79da\",\"name\":\"Irmao\",\"image\":{\"@type\":\"ImageObject\",\"inLanguage\":\"pt-BR\",\"@id\":\"https:\/\/secure.gravatar.com\/avatar\/?s=96&d=mm&r=g\",\"url\":\"https:\/\/secure.gravatar.com\/avatar\/?s=96&d=mm&r=g\",\"contentUrl\":\"https:\/\/secure.gravatar.com\/avatar\/?s=96&d=mm&r=g\",\"caption\":\"Irmao\"},\"url\":\"http:\/\/salmosbiblicos.com.br\/index.php\/author\/irmao\/\"}]}<\/script>\n<!-- \/ Yoast SEO plugin. -->","yoast_head_json":{"title":"A Import\u00e2ncia da Gratid\u00e3o: A Chave para uma Vida Plena e Aben\u00e7oada - Salmos B\u00edblicos","robots":{"index":"index","follow":"follow","max-snippet":"max-snippet:-1","max-image-preview":"max-image-preview:large","max-video-preview":"max-video-preview:-1"},"canonical":"http:\/\/salmosbiblicos.com.br\/index.php\/2025\/05\/16\/a-importancia-da-gratidao-a-chave-para-uma-vida-plena-e-abencoada\/","og_locale":"pt_BR","og_type":"article","og_title":"A Import\u00e2ncia da Gratid\u00e3o: A Chave para uma Vida Plena e Aben\u00e7oada - Salmos B\u00edblicos","og_description":"Hoje, quero compartilhar com voc\u00ea uma reflex\u00e3o sobre a import\u00e2ncia da gratid\u00e3o em nossas vidas. Muitas vezes, nos deparamos com situa\u00e7\u00f5es dif\u00edceis e desafiadoras que nos fazem questionar o porqu\u00ea de estarmos passando por determinadas prova\u00e7\u00f5es. No entanto, \u00e9 justamente nestes momentos que a gratid\u00e3o se torna essencial para nos manter firmes e confiantes. A [&hellip;]","og_url":"http:\/\/salmosbiblicos.com.br\/index.php\/2025\/05\/16\/a-importancia-da-gratidao-a-chave-para-uma-vida-plena-e-abencoada\/","og_site_name":"Salmos B\u00edblicos","article_published_time":"2025-05-16T08:53:53+00:00","author":"Irmao","twitter_card":"summary_large_image","twitter_misc":{"Escrito por":"Irmao","Est. tempo de leitura":"2 minutos"},"schema":{"@context":"https:\/\/schema.org","@graph":[{"@type":"Article","@id":"http:\/\/salmosbiblicos.com.br\/index.php\/2025\/05\/16\/a-importancia-da-gratidao-a-chave-para-uma-vida-plena-e-abencoada\/#article","isPartOf":{"@id":"http:\/\/salmosbiblicos.com.br\/index.php\/2025\/05\/16\/a-importancia-da-gratidao-a-chave-para-uma-vida-plena-e-abencoada\/"},"author":{"name":"Irmao","@id":"https:\/\/salmosbiblicos.com.br\/#\/schema\/person\/760735259ba35f1e44e89c71c72d79da"},"headline":"A Import\u00e2ncia da Gratid\u00e3o: A Chave para uma Vida Plena e Aben\u00e7oada","datePublished":"2025-05-16T08:53:53+00:00","mainEntityOfPage":{"@id":"http:\/\/salmosbiblicos.com.br\/index.php\/2025\/05\/16\/a-importancia-da-gratidao-a-chave-para-uma-vida-plena-e-abencoada\/"},"wordCount":503,"articleSection":["Reflex\u00e3o do Dia"],"inLanguage":"pt-BR"},{"@type":"WebPage","@id":"http:\/\/salmosbiblicos.com.br\/index.php\/2025\/05\/16\/a-importancia-da-gratidao-a-chave-para-uma-vida-plena-e-abencoada\/","url":"http:\/\/salmosbiblicos.com.br\/index.php\/2025\/05\/16\/a-importancia-da-gratidao-a-chave-para-uma-vida-plena-e-abencoada\/","name":"A Import\u00e2ncia da Gratid\u00e3o: A Chave para uma Vida Plena e Aben\u00e7oada - Salmos B\u00edblicos","isPartOf":{"@id":"https:\/\/salmosbiblicos.com.br\/#website"},"datePublished":"2025-05-16T08:53:53+00:00","author":{"@id":"https:\/\/salmosbiblicos.com.br\/#\/schema\/person\/760735259ba35f1e44e89c71c72d79da"},"breadcrumb":{"@id":"http:\/\/salmosbiblicos.com.br\/index.php\/2025\/05\/16\/a-importancia-da-gratidao-a-chave-para-uma-vida-plena-e-abencoada\/#breadcrumb"},"inLanguage":"pt-BR","potentialAction":[{"@type":"ReadAction","target":["http:\/\/salmosbiblicos.com.br\/index.php\/2025\/05\/16\/a-importancia-da-gratidao-a-chave-para-uma-vida-plena-e-abencoada\/"]}]},{"@type":"BreadcrumbList","@id":"http:\/\/salmosbiblicos.com.br\/index.php\/2025\/05\/16\/a-importancia-da-gratidao-a-chave-para-uma-vida-plena-e-abencoada\/#breadcrumb","itemListElement":[{"@type":"ListItem","position":1,"name":"Home","item":"https:\/\/salmosbiblicos.com.br\/"},{"@type":"ListItem","position":2,"name":"A Import\u00e2ncia da Gratid\u00e3o: A Chave para uma Vida Plena e Aben\u00e7oada"}]},{"@type":"WebSite","@id":"https:\/\/salmosbiblicos.com.br\/#website","url":"https:\/\/salmosbiblicos.com.br\/","name":"Salmos B\u00edblicos","description":"Uma e-Livraria com e-Books novos para voc\u00ea refletir.","potentialAction":[{"@type":"SearchAction","target":{"@type":"EntryPoint","urlTemplate":"https:\/\/salmosbiblicos.com.br\/?s={search_term_string}"},"query-input":{"@type":"PropertyValueSpecification","valueRequired":true,"valueName":"search_term_string"}}],"inLanguage":"pt-BR"},{"@type":"Person","@id":"https:\/\/salmosbiblicos.com.br\/#\/schema\/person\/760735259ba35f1e44e89c71c72d79da","name":"Irmao","image":{"@type":"ImageObject","inLanguage":"pt-BR","@id":"https:\/\/secure.gravatar.com\/avatar\/?s=96&d=mm&r=g","url":"https:\/\/secure.gravatar.com\/avatar\/?s=96&d=mm&r=g","contentUrl":"https:\/\/secure.gravatar.com\/avatar\/?s=96&d=mm&r=g","caption":"Irmao"},"url":"http:\/\/salmosbiblicos.com.br\/index.php\/author\/irmao\/"}]}},"_links":{"self":[{"href":"http:\/\/salmosbiblicos.com.br\/index.php\/wp-json\/wp\/v2\/posts\/5187","targetHints":{"allow":["GET"]}}],"collection":[{"href":"http:\/\/salmosbiblicos.com.br\/index.php\/wp-json\/wp\/v2\/posts"}],"about":[{"href":"http:\/\/salmosbiblicos.com.br\/index.php\/wp-json\/wp\/v2\/types\/post"}],"author":[{"embeddable":true,"href":"http:\/\/salmosbiblicos.com.br\/index.php\/wp-json\/wp\/v2\/users\/2"}],"replies":[{"embeddable":true,"href":"http:\/\/salmosbiblicos.com.br\/index.php\/wp-json\/wp\/v2\/comments?post=5187"}],"version-history":[{"count":0,"href":"http:\/\/salmosbiblicos.com.br\/index.php\/wp-json\/wp\/v2\/posts\/5187\/revisions"}],"wp:attachment":[{"href":"http:\/\/salmosbiblicos.com.br\/index.php\/wp-json\/wp\/v2\/media?parent=5187"}],"wp:term":[{"taxonomy":"category","embeddable":true,"href":"http:\/\/salmosbiblicos.com.br\/index.php\/wp-json\/wp\/v2\/categories?post=5187"},{"taxonomy":"post_tag","embeddable":true,"href":"http:\/\/salmosbiblicos.com.br\/index.php\/wp-json\/wp\/v2\/tags?post=5187"}],"curies":[{"name":"wp","href":"https:\/\/api.w.org\/{rel}","templated":true}]}}