{"id":5247,"date":"2025-05-23T15:12:59","date_gmt":"2025-05-23T18:12:59","guid":{"rendered":"https:\/\/salmosbiblicos.com.br\/?p=5247"},"modified":"2025-05-23T15:12:59","modified_gmt":"2025-05-23T18:12:59","slug":"a-transformadora-forca-da-gratidao-cultive-esse-sentimento-e-abra-espaco-para-mais-bencaos-em-sua-vida","status":"publish","type":"post","link":"http:\/\/salmosbiblicos.com.br\/index.php\/2025\/05\/23\/a-transformadora-forca-da-gratidao-cultive-esse-sentimento-e-abra-espaco-para-mais-bencaos-em-sua-vida\/","title":{"rendered":"A Transformadora For\u00e7a da Gratid\u00e3o: Cultive esse Sentimento e Abra Espa\u00e7o para Mais B\u00ean\u00e7\u00e3os em Sua Vida"},"content":{"rendered":"<p>Hoje quero falar sobre a import\u00e2ncia de cultivar a gratid\u00e3o em nossas vidas. Em meio a tantas preocupa\u00e7\u00f5es e desafios que enfrentamos diariamente, \u00e9 f\u00e1cil nos perdermos em pensamentos negativos e esquecermos de agradecer pelas b\u00ean\u00e7\u00e3os que recebemos.<\/p>\n<p>A gratid\u00e3o \u00e9 um sentimento poderoso que nos conecta com algo maior do que n\u00f3s mesmos. Quando reconhecemos e apreciamos as d\u00e1divas que nos s\u00e3o concedidas, abrimos espa\u00e7o para mais amor, paz e harmonia em nossas vidas.<\/p>\n<p>Mesmo nos momentos dif\u00edceis, \u00e9 importante lembrar que sempre h\u00e1 algo pelo qual podemos ser gratos. Pode ser a sa\u00fade que nos permite acordar todas as manh\u00e3s, a fam\u00edlia que nos apoia incondicionalmente, ou at\u00e9 mesmo um simples gesto de bondade de um estranho.<\/p>\n<p>Ao cultivarmos a gratid\u00e3o, mudamos nossa perspectiva e passamos a enxergar a vida com mais leveza e otimismo. Agradecer nos ajuda a valorizar o que realmente importa e a reconhecer a presen\u00e7a de Deus ou do universo em cada detalhe do nosso dia a dia.<\/p>\n<p>Por isso, que tal come\u00e7ar um novo h\u00e1bito de gratid\u00e3o? Ao acordar pela manh\u00e3, reserve alguns minutos para refletir sobre as coisas pelas quais voc\u00ea \u00e9 grato. Pode ser atrav\u00e9s de uma ora\u00e7\u00e3o, de um di\u00e1rio de gratid\u00e3o ou simplesmente mentalizando essas b\u00ean\u00e7\u00e3os.<\/p>\n<p>Lembre-se de que a gratid\u00e3o \u00e9 uma escolha que fazemos todos os dias. Mesmo nos momentos mais desafiadores, podemos encontrar motivos para agradecer. E ao praticarmos a gratid\u00e3o de forma constante, estamos fortalecendo nossa conex\u00e3o espiritual e nos abrindo para receber ainda mais b\u00ean\u00e7\u00e3os em nossas vidas.<\/p>\n<p>Que a gratid\u00e3o esteja sempre presente em seu cora\u00e7\u00e3o, iluminando seu caminho e trazendo paz e alegria. Agrade\u00e7a, respire fundo e siga em frente, confiante de que tudo acontece no tempo certo e conforme a vontade divina.<\/p>\n<p>Lembre-se: a gratid\u00e3o transforma o que temos em suficiente. Agrade\u00e7a e seja aben\u00e7oado!<\/p>\n","protected":false},"excerpt":{"rendered":"<p>Hoje quero falar sobre a import\u00e2ncia de cultivar a gratid\u00e3o em nossas vidas. Em meio a tantas preocupa\u00e7\u00f5es e desafios que enfrentamos diariamente, \u00e9 f\u00e1cil nos perdermos em pensamentos negativos e esquecermos de agradecer pelas b\u00ean\u00e7\u00e3os que recebemos. A gratid\u00e3o \u00e9 um sentimento poderoso que nos conecta com algo maior do que n\u00f3s mesmos. Quando [&hellip;]<\/p>\n","protected":false},"author":2,"featured_media":0,"comment_status":"closed","ping_status":"open","sticky":false,"template":"","format":"standard","meta":{"footnotes":""},"categories":[6],"tags":[],"class_list":["post-5247","post","type-post","status-publish","format-standard","hentry","category-reflexao-do-dia"],"yoast_head":"<!-- This site is optimized with the Yoast SEO plugin v27.2 - https:\/\/yoast.com\/product\/yoast-seo-wordpress\/ -->\n<title>A Transformadora For\u00e7a da Gratid\u00e3o: Cultive esse Sentimento e Abra Espa\u00e7o para Mais B\u00ean\u00e7\u00e3os em Sua Vida - Salmos B\u00edblicos<\/title>\n<meta name=\"robots\" content=\"index, follow, max-snippet:-1, max-image-preview:large, max-video-preview:-1\" \/>\n<link rel=\"canonical\" href=\"http:\/\/salmosbiblicos.com.br\/index.php\/2025\/05\/23\/a-transformadora-forca-da-gratidao-cultive-esse-sentimento-e-abra-espaco-para-mais-bencaos-em-sua-vida\/\" \/>\n<meta property=\"og:locale\" content=\"pt_BR\" \/>\n<meta property=\"og:type\" content=\"article\" \/>\n<meta property=\"og:title\" content=\"A Transformadora For\u00e7a da Gratid\u00e3o: Cultive esse Sentimento e Abra Espa\u00e7o para Mais B\u00ean\u00e7\u00e3os em Sua Vida - Salmos B\u00edblicos\" \/>\n<meta property=\"og:description\" content=\"Hoje quero falar sobre a import\u00e2ncia de cultivar a gratid\u00e3o em nossas vidas. Em meio a tantas preocupa\u00e7\u00f5es e desafios que enfrentamos diariamente, \u00e9 f\u00e1cil nos perdermos em pensamentos negativos e esquecermos de agradecer pelas b\u00ean\u00e7\u00e3os que recebemos. A gratid\u00e3o \u00e9 um sentimento poderoso que nos conecta com algo maior do que n\u00f3s mesmos. Quando [&hellip;]\" \/>\n<meta property=\"og:url\" content=\"http:\/\/salmosbiblicos.com.br\/index.php\/2025\/05\/23\/a-transformadora-forca-da-gratidao-cultive-esse-sentimento-e-abra-espaco-para-mais-bencaos-em-sua-vida\/\" \/>\n<meta property=\"og:site_name\" content=\"Salmos B\u00edblicos\" \/>\n<meta property=\"article:published_time\" content=\"2025-05-23T18:12:59+00:00\" \/>\n<meta name=\"author\" content=\"Irmao\" \/>\n<meta name=\"twitter:card\" content=\"summary_large_image\" \/>\n<meta name=\"twitter:label1\" content=\"Escrito por\" \/>\n\t<meta name=\"twitter:data1\" content=\"Irmao\" \/>\n\t<meta name=\"twitter:label2\" content=\"Est. tempo de leitura\" \/>\n\t<meta name=\"twitter:data2\" content=\"2 minutos\" \/>\n<script type=\"application\/ld+json\" class=\"yoast-schema-graph\">{\"@context\":\"https:\/\/schema.org\",\"@graph\":[{\"@type\":\"Article\",\"@id\":\"http:\/\/salmosbiblicos.com.br\/index.php\/2025\/05\/23\/a-transformadora-forca-da-gratidao-cultive-esse-sentimento-e-abra-espaco-para-mais-bencaos-em-sua-vida\/#article\",\"isPartOf\":{\"@id\":\"http:\/\/salmosbiblicos.com.br\/index.php\/2025\/05\/23\/a-transformadora-forca-da-gratidao-cultive-esse-sentimento-e-abra-espaco-para-mais-bencaos-em-sua-vida\/\"},\"author\":{\"name\":\"Irmao\",\"@id\":\"https:\/\/salmosbiblicos.com.br\/#\/schema\/person\/760735259ba35f1e44e89c71c72d79da\"},\"headline\":\"A Transformadora For\u00e7a da Gratid\u00e3o: Cultive esse Sentimento e Abra Espa\u00e7o para Mais B\u00ean\u00e7\u00e3os em Sua Vida\",\"datePublished\":\"2025-05-23T18:12:59+00:00\",\"mainEntityOfPage\":{\"@id\":\"http:\/\/salmosbiblicos.com.br\/index.php\/2025\/05\/23\/a-transformadora-forca-da-gratidao-cultive-esse-sentimento-e-abra-espaco-para-mais-bencaos-em-sua-vida\/\"},\"wordCount\":358,\"articleSection\":[\"Reflex\u00e3o do Dia\"],\"inLanguage\":\"pt-BR\"},{\"@type\":\"WebPage\",\"@id\":\"http:\/\/salmosbiblicos.com.br\/index.php\/2025\/05\/23\/a-transformadora-forca-da-gratidao-cultive-esse-sentimento-e-abra-espaco-para-mais-bencaos-em-sua-vida\/\",\"url\":\"http:\/\/salmosbiblicos.com.br\/index.php\/2025\/05\/23\/a-transformadora-forca-da-gratidao-cultive-esse-sentimento-e-abra-espaco-para-mais-bencaos-em-sua-vida\/\",\"name\":\"A Transformadora For\u00e7a da Gratid\u00e3o: Cultive esse Sentimento e Abra Espa\u00e7o para Mais B\u00ean\u00e7\u00e3os em Sua Vida - Salmos B\u00edblicos\",\"isPartOf\":{\"@id\":\"https:\/\/salmosbiblicos.com.br\/#website\"},\"datePublished\":\"2025-05-23T18:12:59+00:00\",\"author\":{\"@id\":\"https:\/\/salmosbiblicos.com.br\/#\/schema\/person\/760735259ba35f1e44e89c71c72d79da\"},\"breadcrumb\":{\"@id\":\"http:\/\/salmosbiblicos.com.br\/index.php\/2025\/05\/23\/a-transformadora-forca-da-gratidao-cultive-esse-sentimento-e-abra-espaco-para-mais-bencaos-em-sua-vida\/#breadcrumb\"},\"inLanguage\":\"pt-BR\",\"potentialAction\":[{\"@type\":\"ReadAction\",\"target\":[\"http:\/\/salmosbiblicos.com.br\/index.php\/2025\/05\/23\/a-transformadora-forca-da-gratidao-cultive-esse-sentimento-e-abra-espaco-para-mais-bencaos-em-sua-vida\/\"]}]},{\"@type\":\"BreadcrumbList\",\"@id\":\"http:\/\/salmosbiblicos.com.br\/index.php\/2025\/05\/23\/a-transformadora-forca-da-gratidao-cultive-esse-sentimento-e-abra-espaco-para-mais-bencaos-em-sua-vida\/#breadcrumb\",\"itemListElement\":[{\"@type\":\"ListItem\",\"position\":1,\"name\":\"Home\",\"item\":\"https:\/\/salmosbiblicos.com.br\/\"},{\"@type\":\"ListItem\",\"position\":2,\"name\":\"A Transformadora For\u00e7a da Gratid\u00e3o: Cultive esse Sentimento e Abra Espa\u00e7o para Mais B\u00ean\u00e7\u00e3os em Sua Vida\"}]},{\"@type\":\"WebSite\",\"@id\":\"https:\/\/salmosbiblicos.com.br\/#website\",\"url\":\"https:\/\/salmosbiblicos.com.br\/\",\"name\":\"Salmos B\u00edblicos\",\"description\":\"Uma e-Livraria com e-Books novos para voc\u00ea refletir.\",\"potentialAction\":[{\"@type\":\"SearchAction\",\"target\":{\"@type\":\"EntryPoint\",\"urlTemplate\":\"https:\/\/salmosbiblicos.com.br\/?s={search_term_string}\"},\"query-input\":{\"@type\":\"PropertyValueSpecification\",\"valueRequired\":true,\"valueName\":\"search_term_string\"}}],\"inLanguage\":\"pt-BR\"},{\"@type\":\"Person\",\"@id\":\"https:\/\/salmosbiblicos.com.br\/#\/schema\/person\/760735259ba35f1e44e89c71c72d79da\",\"name\":\"Irmao\",\"image\":{\"@type\":\"ImageObject\",\"inLanguage\":\"pt-BR\",\"@id\":\"https:\/\/secure.gravatar.com\/avatar\/?s=96&d=mm&r=g\",\"url\":\"https:\/\/secure.gravatar.com\/avatar\/?s=96&d=mm&r=g\",\"contentUrl\":\"https:\/\/secure.gravatar.com\/avatar\/?s=96&d=mm&r=g\",\"caption\":\"Irmao\"},\"url\":\"http:\/\/salmosbiblicos.com.br\/index.php\/author\/irmao\/\"}]}<\/script>\n<!-- \/ Yoast SEO plugin. -->","yoast_head_json":{"title":"A Transformadora For\u00e7a da Gratid\u00e3o: Cultive esse Sentimento e Abra Espa\u00e7o para Mais B\u00ean\u00e7\u00e3os em Sua Vida - Salmos B\u00edblicos","robots":{"index":"index","follow":"follow","max-snippet":"max-snippet:-1","max-image-preview":"max-image-preview:large","max-video-preview":"max-video-preview:-1"},"canonical":"http:\/\/salmosbiblicos.com.br\/index.php\/2025\/05\/23\/a-transformadora-forca-da-gratidao-cultive-esse-sentimento-e-abra-espaco-para-mais-bencaos-em-sua-vida\/","og_locale":"pt_BR","og_type":"article","og_title":"A Transformadora For\u00e7a da Gratid\u00e3o: Cultive esse Sentimento e Abra Espa\u00e7o para Mais B\u00ean\u00e7\u00e3os em Sua Vida - Salmos B\u00edblicos","og_description":"Hoje quero falar sobre a import\u00e2ncia de cultivar a gratid\u00e3o em nossas vidas. Em meio a tantas preocupa\u00e7\u00f5es e desafios que enfrentamos diariamente, \u00e9 f\u00e1cil nos perdermos em pensamentos negativos e esquecermos de agradecer pelas b\u00ean\u00e7\u00e3os que recebemos. A gratid\u00e3o \u00e9 um sentimento poderoso que nos conecta com algo maior do que n\u00f3s mesmos. Quando [&hellip;]","og_url":"http:\/\/salmosbiblicos.com.br\/index.php\/2025\/05\/23\/a-transformadora-forca-da-gratidao-cultive-esse-sentimento-e-abra-espaco-para-mais-bencaos-em-sua-vida\/","og_site_name":"Salmos B\u00edblicos","article_published_time":"2025-05-23T18:12:59+00:00","author":"Irmao","twitter_card":"summary_large_image","twitter_misc":{"Escrito por":"Irmao","Est. tempo de leitura":"2 minutos"},"schema":{"@context":"https:\/\/schema.org","@graph":[{"@type":"Article","@id":"http:\/\/salmosbiblicos.com.br\/index.php\/2025\/05\/23\/a-transformadora-forca-da-gratidao-cultive-esse-sentimento-e-abra-espaco-para-mais-bencaos-em-sua-vida\/#article","isPartOf":{"@id":"http:\/\/salmosbiblicos.com.br\/index.php\/2025\/05\/23\/a-transformadora-forca-da-gratidao-cultive-esse-sentimento-e-abra-espaco-para-mais-bencaos-em-sua-vida\/"},"author":{"name":"Irmao","@id":"https:\/\/salmosbiblicos.com.br\/#\/schema\/person\/760735259ba35f1e44e89c71c72d79da"},"headline":"A Transformadora For\u00e7a da Gratid\u00e3o: Cultive esse Sentimento e Abra Espa\u00e7o para Mais B\u00ean\u00e7\u00e3os em Sua Vida","datePublished":"2025-05-23T18:12:59+00:00","mainEntityOfPage":{"@id":"http:\/\/salmosbiblicos.com.br\/index.php\/2025\/05\/23\/a-transformadora-forca-da-gratidao-cultive-esse-sentimento-e-abra-espaco-para-mais-bencaos-em-sua-vida\/"},"wordCount":358,"articleSection":["Reflex\u00e3o do Dia"],"inLanguage":"pt-BR"},{"@type":"WebPage","@id":"http:\/\/salmosbiblicos.com.br\/index.php\/2025\/05\/23\/a-transformadora-forca-da-gratidao-cultive-esse-sentimento-e-abra-espaco-para-mais-bencaos-em-sua-vida\/","url":"http:\/\/salmosbiblicos.com.br\/index.php\/2025\/05\/23\/a-transformadora-forca-da-gratidao-cultive-esse-sentimento-e-abra-espaco-para-mais-bencaos-em-sua-vida\/","name":"A Transformadora For\u00e7a da Gratid\u00e3o: Cultive esse Sentimento e Abra Espa\u00e7o para Mais B\u00ean\u00e7\u00e3os em Sua Vida - Salmos B\u00edblicos","isPartOf":{"@id":"https:\/\/salmosbiblicos.com.br\/#website"},"datePublished":"2025-05-23T18:12:59+00:00","author":{"@id":"https:\/\/salmosbiblicos.com.br\/#\/schema\/person\/760735259ba35f1e44e89c71c72d79da"},"breadcrumb":{"@id":"http:\/\/salmosbiblicos.com.br\/index.php\/2025\/05\/23\/a-transformadora-forca-da-gratidao-cultive-esse-sentimento-e-abra-espaco-para-mais-bencaos-em-sua-vida\/#breadcrumb"},"inLanguage":"pt-BR","potentialAction":[{"@type":"ReadAction","target":["http:\/\/salmosbiblicos.com.br\/index.php\/2025\/05\/23\/a-transformadora-forca-da-gratidao-cultive-esse-sentimento-e-abra-espaco-para-mais-bencaos-em-sua-vida\/"]}]},{"@type":"BreadcrumbList","@id":"http:\/\/salmosbiblicos.com.br\/index.php\/2025\/05\/23\/a-transformadora-forca-da-gratidao-cultive-esse-sentimento-e-abra-espaco-para-mais-bencaos-em-sua-vida\/#breadcrumb","itemListElement":[{"@type":"ListItem","position":1,"name":"Home","item":"https:\/\/salmosbiblicos.com.br\/"},{"@type":"ListItem","position":2,"name":"A Transformadora For\u00e7a da Gratid\u00e3o: Cultive esse Sentimento e Abra Espa\u00e7o para Mais B\u00ean\u00e7\u00e3os em Sua Vida"}]},{"@type":"WebSite","@id":"https:\/\/salmosbiblicos.com.br\/#website","url":"https:\/\/salmosbiblicos.com.br\/","name":"Salmos B\u00edblicos","description":"Uma e-Livraria com e-Books novos para voc\u00ea refletir.","potentialAction":[{"@type":"SearchAction","target":{"@type":"EntryPoint","urlTemplate":"https:\/\/salmosbiblicos.com.br\/?s={search_term_string}"},"query-input":{"@type":"PropertyValueSpecification","valueRequired":true,"valueName":"search_term_string"}}],"inLanguage":"pt-BR"},{"@type":"Person","@id":"https:\/\/salmosbiblicos.com.br\/#\/schema\/person\/760735259ba35f1e44e89c71c72d79da","name":"Irmao","image":{"@type":"ImageObject","inLanguage":"pt-BR","@id":"https:\/\/secure.gravatar.com\/avatar\/?s=96&d=mm&r=g","url":"https:\/\/secure.gravatar.com\/avatar\/?s=96&d=mm&r=g","contentUrl":"https:\/\/secure.gravatar.com\/avatar\/?s=96&d=mm&r=g","caption":"Irmao"},"url":"http:\/\/salmosbiblicos.com.br\/index.php\/author\/irmao\/"}]}},"_links":{"self":[{"href":"http:\/\/salmosbiblicos.com.br\/index.php\/wp-json\/wp\/v2\/posts\/5247","targetHints":{"allow":["GET"]}}],"collection":[{"href":"http:\/\/salmosbiblicos.com.br\/index.php\/wp-json\/wp\/v2\/posts"}],"about":[{"href":"http:\/\/salmosbiblicos.com.br\/index.php\/wp-json\/wp\/v2\/types\/post"}],"author":[{"embeddable":true,"href":"http:\/\/salmosbiblicos.com.br\/index.php\/wp-json\/wp\/v2\/users\/2"}],"replies":[{"embeddable":true,"href":"http:\/\/salmosbiblicos.com.br\/index.php\/wp-json\/wp\/v2\/comments?post=5247"}],"version-history":[{"count":0,"href":"http:\/\/salmosbiblicos.com.br\/index.php\/wp-json\/wp\/v2\/posts\/5247\/revisions"}],"wp:attachment":[{"href":"http:\/\/salmosbiblicos.com.br\/index.php\/wp-json\/wp\/v2\/media?parent=5247"}],"wp:term":[{"taxonomy":"category","embeddable":true,"href":"http:\/\/salmosbiblicos.com.br\/index.php\/wp-json\/wp\/v2\/categories?post=5247"},{"taxonomy":"post_tag","embeddable":true,"href":"http:\/\/salmosbiblicos.com.br\/index.php\/wp-json\/wp\/v2\/tags?post=5247"}],"curies":[{"name":"wp","href":"https:\/\/api.w.org\/{rel}","templated":true}]}}