{"id":5253,"date":"2025-05-23T15:13:31","date_gmt":"2025-05-23T18:13:31","guid":{"rendered":"https:\/\/salmosbiblicos.com.br\/?p=5253"},"modified":"2025-05-23T15:13:31","modified_gmt":"2025-05-23T18:13:31","slug":"reflexao-sobre-a-importancia-da-gratidao-a-chave-para-a-felicidade-e-a-paz-interior","status":"publish","type":"post","link":"http:\/\/salmosbiblicos.com.br\/index.php\/2025\/05\/23\/reflexao-sobre-a-importancia-da-gratidao-a-chave-para-a-felicidade-e-a-paz-interior\/","title":{"rendered":"Reflex\u00e3o sobre a Import\u00e2ncia da Gratid\u00e3o: A Chave para a Felicidade e a Paz Interior"},"content":{"rendered":"<p>Hoje, meu amigo, quero compartilhar com voc\u00ea uma reflex\u00e3o sobre a import\u00e2ncia da gratid\u00e3o em nossas vidas. Em meio \u00e0s correrias do dia a dia, muitas vezes esquecemos de parar e agradecer pelas b\u00ean\u00e7\u00e3os que recebemos, grandes ou pequenas. A gratid\u00e3o \u00e9 um sentimento poderoso que nos conecta com algo maior do que n\u00f3s mesmos, nos trazendo paz e harmonia interior.<\/p>\n<p>Ao olhar ao nosso redor, percebemos quantos motivos temos para agradecer. A vida, a sa\u00fade, a fam\u00edlia, os amigos, as oportunidades que surgem, a natureza exuberante que nos cerca&#8230; Tudo isso \u00e9 um presente que muitas vezes damos como certo, sem reconhecer o valor e a import\u00e2ncia de cada detalhe. A gratid\u00e3o nos lembra de que somos parte de algo maior, de que estamos interligados uns aos outros e ao universo.<\/p>\n<p>Quando cultivamos a gratid\u00e3o em nosso cora\u00e7\u00e3o, abrimos espa\u00e7o para o amor, a compaix\u00e3o e a generosidade. Agradecer n\u00e3o significa ignorar os desafios e dificuldades que enfrentamos, mas sim reconhecer que mesmo nas adversidades h\u00e1 motivos para celebrar. Cada obst\u00e1culo superado nos torna mais fortes, mais resilientes e mais conscientes de nossa capacidade de crescimento e transforma\u00e7\u00e3o.<\/p>\n<p>A gratid\u00e3o tamb\u00e9m nos ajuda a enxergar a beleza nas coisas simples da vida, nos momentos cotidianos que muitas vezes passam despercebidos. Um sorriso sincero, um gesto de gentileza, um raio de sol que ilumina nosso caminho&#8230; S\u00e3o essas pequenas coisas que enchem nosso cora\u00e7\u00e3o de alegria e nos lembram de que a felicidade est\u00e1 presente em cada instante, basta saber apreci\u00e1-la.<\/p>\n<p>Ent\u00e3o, meu amigo, que tal hoje dedicarmos um tempo para agradecer? Pelas experi\u00eancias vividas, pelas li\u00e7\u00f5es aprendidas, pelas pessoas que fazem parte de nossa jornada. Que possamos expressar nossa gratid\u00e3o de maneira sincera e profunda, n\u00e3o apenas em palavras, mas tamb\u00e9m em atitudes que reflitam nosso reconhecimento e apre\u00e7o.<\/p>\n<p>Que a gratid\u00e3o seja a luz que guia nossos passos, a for\u00e7a que nos impulsiona a seguir em frente, mesmo nos momentos mais dif\u00edceis. Que possamos cultivar esse sentimento em nosso cora\u00e7\u00e3o todos os dias, nutrindo-o com amor, esperan\u00e7a e f\u00e9. Pois, quando somos gratos, somos verdadeiramente aben\u00e7oados.<\/p>\n<p>Lembre-se: a gratid\u00e3o transforma o que temos em suficiente, o caos em ordem, a confus\u00e3o em clareza. Agrade\u00e7a, sempre. Que a paz esteja contigo.<\/p>\n","protected":false},"excerpt":{"rendered":"<p>Hoje, meu amigo, quero compartilhar com voc\u00ea uma reflex\u00e3o sobre a import\u00e2ncia da gratid\u00e3o em nossas vidas. Em meio \u00e0s correrias do dia a dia, muitas vezes esquecemos de parar e agradecer pelas b\u00ean\u00e7\u00e3os que recebemos, grandes ou pequenas. A gratid\u00e3o \u00e9 um sentimento poderoso que nos conecta com algo maior do que n\u00f3s mesmos, [&hellip;]<\/p>\n","protected":false},"author":2,"featured_media":0,"comment_status":"closed","ping_status":"open","sticky":false,"template":"","format":"standard","meta":{"footnotes":""},"categories":[6],"tags":[],"class_list":["post-5253","post","type-post","status-publish","format-standard","hentry","category-reflexao-do-dia"],"yoast_head":"<!-- This site is optimized with the Yoast SEO plugin v27.2 - https:\/\/yoast.com\/product\/yoast-seo-wordpress\/ -->\n<title>Reflex\u00e3o sobre a Import\u00e2ncia da Gratid\u00e3o: A Chave para a Felicidade e a Paz Interior - Salmos B\u00edblicos<\/title>\n<meta name=\"robots\" content=\"index, follow, max-snippet:-1, max-image-preview:large, max-video-preview:-1\" \/>\n<link rel=\"canonical\" href=\"http:\/\/salmosbiblicos.com.br\/index.php\/2025\/05\/23\/reflexao-sobre-a-importancia-da-gratidao-a-chave-para-a-felicidade-e-a-paz-interior\/\" \/>\n<meta property=\"og:locale\" content=\"pt_BR\" \/>\n<meta property=\"og:type\" content=\"article\" \/>\n<meta property=\"og:title\" content=\"Reflex\u00e3o sobre a Import\u00e2ncia da Gratid\u00e3o: A Chave para a Felicidade e a Paz Interior - Salmos B\u00edblicos\" \/>\n<meta property=\"og:description\" content=\"Hoje, meu amigo, quero compartilhar com voc\u00ea uma reflex\u00e3o sobre a import\u00e2ncia da gratid\u00e3o em nossas vidas. Em meio \u00e0s correrias do dia a dia, muitas vezes esquecemos de parar e agradecer pelas b\u00ean\u00e7\u00e3os que recebemos, grandes ou pequenas. A gratid\u00e3o \u00e9 um sentimento poderoso que nos conecta com algo maior do que n\u00f3s mesmos, [&hellip;]\" \/>\n<meta property=\"og:url\" content=\"http:\/\/salmosbiblicos.com.br\/index.php\/2025\/05\/23\/reflexao-sobre-a-importancia-da-gratidao-a-chave-para-a-felicidade-e-a-paz-interior\/\" \/>\n<meta property=\"og:site_name\" content=\"Salmos B\u00edblicos\" \/>\n<meta property=\"article:published_time\" content=\"2025-05-23T18:13:31+00:00\" \/>\n<meta name=\"author\" content=\"Irmao\" \/>\n<meta name=\"twitter:card\" content=\"summary_large_image\" \/>\n<meta name=\"twitter:label1\" content=\"Escrito por\" \/>\n\t<meta name=\"twitter:data1\" content=\"Irmao\" \/>\n\t<meta name=\"twitter:label2\" content=\"Est. tempo de leitura\" \/>\n\t<meta name=\"twitter:data2\" content=\"2 minutos\" \/>\n<script type=\"application\/ld+json\" class=\"yoast-schema-graph\">{\"@context\":\"https:\/\/schema.org\",\"@graph\":[{\"@type\":\"Article\",\"@id\":\"http:\/\/salmosbiblicos.com.br\/index.php\/2025\/05\/23\/reflexao-sobre-a-importancia-da-gratidao-a-chave-para-a-felicidade-e-a-paz-interior\/#article\",\"isPartOf\":{\"@id\":\"http:\/\/salmosbiblicos.com.br\/index.php\/2025\/05\/23\/reflexao-sobre-a-importancia-da-gratidao-a-chave-para-a-felicidade-e-a-paz-interior\/\"},\"author\":{\"name\":\"Irmao\",\"@id\":\"https:\/\/salmosbiblicos.com.br\/#\/schema\/person\/760735259ba35f1e44e89c71c72d79da\"},\"headline\":\"Reflex\u00e3o sobre a Import\u00e2ncia da Gratid\u00e3o: A Chave para a Felicidade e a Paz Interior\",\"datePublished\":\"2025-05-23T18:13:31+00:00\",\"mainEntityOfPage\":{\"@id\":\"http:\/\/salmosbiblicos.com.br\/index.php\/2025\/05\/23\/reflexao-sobre-a-importancia-da-gratidao-a-chave-para-a-felicidade-e-a-paz-interior\/\"},\"wordCount\":427,\"articleSection\":[\"Reflex\u00e3o do Dia\"],\"inLanguage\":\"pt-BR\"},{\"@type\":\"WebPage\",\"@id\":\"http:\/\/salmosbiblicos.com.br\/index.php\/2025\/05\/23\/reflexao-sobre-a-importancia-da-gratidao-a-chave-para-a-felicidade-e-a-paz-interior\/\",\"url\":\"http:\/\/salmosbiblicos.com.br\/index.php\/2025\/05\/23\/reflexao-sobre-a-importancia-da-gratidao-a-chave-para-a-felicidade-e-a-paz-interior\/\",\"name\":\"Reflex\u00e3o sobre a Import\u00e2ncia da Gratid\u00e3o: A Chave para a Felicidade e a Paz Interior - Salmos B\u00edblicos\",\"isPartOf\":{\"@id\":\"https:\/\/salmosbiblicos.com.br\/#website\"},\"datePublished\":\"2025-05-23T18:13:31+00:00\",\"author\":{\"@id\":\"https:\/\/salmosbiblicos.com.br\/#\/schema\/person\/760735259ba35f1e44e89c71c72d79da\"},\"breadcrumb\":{\"@id\":\"http:\/\/salmosbiblicos.com.br\/index.php\/2025\/05\/23\/reflexao-sobre-a-importancia-da-gratidao-a-chave-para-a-felicidade-e-a-paz-interior\/#breadcrumb\"},\"inLanguage\":\"pt-BR\",\"potentialAction\":[{\"@type\":\"ReadAction\",\"target\":[\"http:\/\/salmosbiblicos.com.br\/index.php\/2025\/05\/23\/reflexao-sobre-a-importancia-da-gratidao-a-chave-para-a-felicidade-e-a-paz-interior\/\"]}]},{\"@type\":\"BreadcrumbList\",\"@id\":\"http:\/\/salmosbiblicos.com.br\/index.php\/2025\/05\/23\/reflexao-sobre-a-importancia-da-gratidao-a-chave-para-a-felicidade-e-a-paz-interior\/#breadcrumb\",\"itemListElement\":[{\"@type\":\"ListItem\",\"position\":1,\"name\":\"Home\",\"item\":\"https:\/\/salmosbiblicos.com.br\/\"},{\"@type\":\"ListItem\",\"position\":2,\"name\":\"Reflex\u00e3o sobre a Import\u00e2ncia da Gratid\u00e3o: A Chave para a Felicidade e a Paz Interior\"}]},{\"@type\":\"WebSite\",\"@id\":\"https:\/\/salmosbiblicos.com.br\/#website\",\"url\":\"https:\/\/salmosbiblicos.com.br\/\",\"name\":\"Salmos B\u00edblicos\",\"description\":\"Uma e-Livraria com e-Books novos para voc\u00ea refletir.\",\"potentialAction\":[{\"@type\":\"SearchAction\",\"target\":{\"@type\":\"EntryPoint\",\"urlTemplate\":\"https:\/\/salmosbiblicos.com.br\/?s={search_term_string}\"},\"query-input\":{\"@type\":\"PropertyValueSpecification\",\"valueRequired\":true,\"valueName\":\"search_term_string\"}}],\"inLanguage\":\"pt-BR\"},{\"@type\":\"Person\",\"@id\":\"https:\/\/salmosbiblicos.com.br\/#\/schema\/person\/760735259ba35f1e44e89c71c72d79da\",\"name\":\"Irmao\",\"image\":{\"@type\":\"ImageObject\",\"inLanguage\":\"pt-BR\",\"@id\":\"https:\/\/secure.gravatar.com\/avatar\/?s=96&d=mm&r=g\",\"url\":\"https:\/\/secure.gravatar.com\/avatar\/?s=96&d=mm&r=g\",\"contentUrl\":\"https:\/\/secure.gravatar.com\/avatar\/?s=96&d=mm&r=g\",\"caption\":\"Irmao\"},\"url\":\"http:\/\/salmosbiblicos.com.br\/index.php\/author\/irmao\/\"}]}<\/script>\n<!-- \/ Yoast SEO plugin. -->","yoast_head_json":{"title":"Reflex\u00e3o sobre a Import\u00e2ncia da Gratid\u00e3o: A Chave para a Felicidade e a Paz Interior - Salmos B\u00edblicos","robots":{"index":"index","follow":"follow","max-snippet":"max-snippet:-1","max-image-preview":"max-image-preview:large","max-video-preview":"max-video-preview:-1"},"canonical":"http:\/\/salmosbiblicos.com.br\/index.php\/2025\/05\/23\/reflexao-sobre-a-importancia-da-gratidao-a-chave-para-a-felicidade-e-a-paz-interior\/","og_locale":"pt_BR","og_type":"article","og_title":"Reflex\u00e3o sobre a Import\u00e2ncia da Gratid\u00e3o: A Chave para a Felicidade e a Paz Interior - Salmos B\u00edblicos","og_description":"Hoje, meu amigo, quero compartilhar com voc\u00ea uma reflex\u00e3o sobre a import\u00e2ncia da gratid\u00e3o em nossas vidas. Em meio \u00e0s correrias do dia a dia, muitas vezes esquecemos de parar e agradecer pelas b\u00ean\u00e7\u00e3os que recebemos, grandes ou pequenas. A gratid\u00e3o \u00e9 um sentimento poderoso que nos conecta com algo maior do que n\u00f3s mesmos, [&hellip;]","og_url":"http:\/\/salmosbiblicos.com.br\/index.php\/2025\/05\/23\/reflexao-sobre-a-importancia-da-gratidao-a-chave-para-a-felicidade-e-a-paz-interior\/","og_site_name":"Salmos B\u00edblicos","article_published_time":"2025-05-23T18:13:31+00:00","author":"Irmao","twitter_card":"summary_large_image","twitter_misc":{"Escrito por":"Irmao","Est. tempo de leitura":"2 minutos"},"schema":{"@context":"https:\/\/schema.org","@graph":[{"@type":"Article","@id":"http:\/\/salmosbiblicos.com.br\/index.php\/2025\/05\/23\/reflexao-sobre-a-importancia-da-gratidao-a-chave-para-a-felicidade-e-a-paz-interior\/#article","isPartOf":{"@id":"http:\/\/salmosbiblicos.com.br\/index.php\/2025\/05\/23\/reflexao-sobre-a-importancia-da-gratidao-a-chave-para-a-felicidade-e-a-paz-interior\/"},"author":{"name":"Irmao","@id":"https:\/\/salmosbiblicos.com.br\/#\/schema\/person\/760735259ba35f1e44e89c71c72d79da"},"headline":"Reflex\u00e3o sobre a Import\u00e2ncia da Gratid\u00e3o: A Chave para a Felicidade e a Paz Interior","datePublished":"2025-05-23T18:13:31+00:00","mainEntityOfPage":{"@id":"http:\/\/salmosbiblicos.com.br\/index.php\/2025\/05\/23\/reflexao-sobre-a-importancia-da-gratidao-a-chave-para-a-felicidade-e-a-paz-interior\/"},"wordCount":427,"articleSection":["Reflex\u00e3o do Dia"],"inLanguage":"pt-BR"},{"@type":"WebPage","@id":"http:\/\/salmosbiblicos.com.br\/index.php\/2025\/05\/23\/reflexao-sobre-a-importancia-da-gratidao-a-chave-para-a-felicidade-e-a-paz-interior\/","url":"http:\/\/salmosbiblicos.com.br\/index.php\/2025\/05\/23\/reflexao-sobre-a-importancia-da-gratidao-a-chave-para-a-felicidade-e-a-paz-interior\/","name":"Reflex\u00e3o sobre a Import\u00e2ncia da Gratid\u00e3o: A Chave para a Felicidade e a Paz Interior - Salmos B\u00edblicos","isPartOf":{"@id":"https:\/\/salmosbiblicos.com.br\/#website"},"datePublished":"2025-05-23T18:13:31+00:00","author":{"@id":"https:\/\/salmosbiblicos.com.br\/#\/schema\/person\/760735259ba35f1e44e89c71c72d79da"},"breadcrumb":{"@id":"http:\/\/salmosbiblicos.com.br\/index.php\/2025\/05\/23\/reflexao-sobre-a-importancia-da-gratidao-a-chave-para-a-felicidade-e-a-paz-interior\/#breadcrumb"},"inLanguage":"pt-BR","potentialAction":[{"@type":"ReadAction","target":["http:\/\/salmosbiblicos.com.br\/index.php\/2025\/05\/23\/reflexao-sobre-a-importancia-da-gratidao-a-chave-para-a-felicidade-e-a-paz-interior\/"]}]},{"@type":"BreadcrumbList","@id":"http:\/\/salmosbiblicos.com.br\/index.php\/2025\/05\/23\/reflexao-sobre-a-importancia-da-gratidao-a-chave-para-a-felicidade-e-a-paz-interior\/#breadcrumb","itemListElement":[{"@type":"ListItem","position":1,"name":"Home","item":"https:\/\/salmosbiblicos.com.br\/"},{"@type":"ListItem","position":2,"name":"Reflex\u00e3o sobre a Import\u00e2ncia da Gratid\u00e3o: A Chave para a Felicidade e a Paz Interior"}]},{"@type":"WebSite","@id":"https:\/\/salmosbiblicos.com.br\/#website","url":"https:\/\/salmosbiblicos.com.br\/","name":"Salmos B\u00edblicos","description":"Uma e-Livraria com e-Books novos para voc\u00ea refletir.","potentialAction":[{"@type":"SearchAction","target":{"@type":"EntryPoint","urlTemplate":"https:\/\/salmosbiblicos.com.br\/?s={search_term_string}"},"query-input":{"@type":"PropertyValueSpecification","valueRequired":true,"valueName":"search_term_string"}}],"inLanguage":"pt-BR"},{"@type":"Person","@id":"https:\/\/salmosbiblicos.com.br\/#\/schema\/person\/760735259ba35f1e44e89c71c72d79da","name":"Irmao","image":{"@type":"ImageObject","inLanguage":"pt-BR","@id":"https:\/\/secure.gravatar.com\/avatar\/?s=96&d=mm&r=g","url":"https:\/\/secure.gravatar.com\/avatar\/?s=96&d=mm&r=g","contentUrl":"https:\/\/secure.gravatar.com\/avatar\/?s=96&d=mm&r=g","caption":"Irmao"},"url":"http:\/\/salmosbiblicos.com.br\/index.php\/author\/irmao\/"}]}},"_links":{"self":[{"href":"http:\/\/salmosbiblicos.com.br\/index.php\/wp-json\/wp\/v2\/posts\/5253","targetHints":{"allow":["GET"]}}],"collection":[{"href":"http:\/\/salmosbiblicos.com.br\/index.php\/wp-json\/wp\/v2\/posts"}],"about":[{"href":"http:\/\/salmosbiblicos.com.br\/index.php\/wp-json\/wp\/v2\/types\/post"}],"author":[{"embeddable":true,"href":"http:\/\/salmosbiblicos.com.br\/index.php\/wp-json\/wp\/v2\/users\/2"}],"replies":[{"embeddable":true,"href":"http:\/\/salmosbiblicos.com.br\/index.php\/wp-json\/wp\/v2\/comments?post=5253"}],"version-history":[{"count":0,"href":"http:\/\/salmosbiblicos.com.br\/index.php\/wp-json\/wp\/v2\/posts\/5253\/revisions"}],"wp:attachment":[{"href":"http:\/\/salmosbiblicos.com.br\/index.php\/wp-json\/wp\/v2\/media?parent=5253"}],"wp:term":[{"taxonomy":"category","embeddable":true,"href":"http:\/\/salmosbiblicos.com.br\/index.php\/wp-json\/wp\/v2\/categories?post=5253"},{"taxonomy":"post_tag","embeddable":true,"href":"http:\/\/salmosbiblicos.com.br\/index.php\/wp-json\/wp\/v2\/tags?post=5253"}],"curies":[{"name":"wp","href":"https:\/\/api.w.org\/{rel}","templated":true}]}}