{"id":5255,"date":"2025-05-23T15:13:42","date_gmt":"2025-05-23T18:13:42","guid":{"rendered":"https:\/\/salmosbiblicos.com.br\/?p=5255"},"modified":"2025-05-23T15:13:42","modified_gmt":"2025-05-23T18:13:42","slug":"reflexoes-espirituais-encontre-a-paz-e-a-luz-divina-em-sua-jornada","status":"publish","type":"post","link":"http:\/\/salmosbiblicos.com.br\/index.php\/2025\/05\/23\/reflexoes-espirituais-encontre-a-paz-e-a-luz-divina-em-sua-jornada\/","title":{"rendered":"Reflex\u00f5es espirituais: encontre a paz e a luz divina em sua jornada"},"content":{"rendered":"<p>No sil\u00eancio da alma, encontro a paz divina<br \/>\nNa luz que brilha, a esperan\u00e7a se ilumina<br \/>\nEm cada passo, sinto a presen\u00e7a do Senhor<br \/>\nQue me guia, me protege com amor<\/p>\n<p>No jardim da vida, flores de f\u00e9 desabrocham<br \/>\nE a dor se transforma em gra\u00e7a que nos alcan\u00e7a<br \/>\nMaria, m\u00e3e de amor e compaix\u00e3o<br \/>\nNos ensina a seguir o caminho do perd\u00e3o<\/p>\n<p>Jesus, o mestre que nos ensina a amar<br \/>\nCom seu exemplo, nos mostra como perdoar<br \/>\nOs santos nos inspiram com sua f\u00e9 profunda<br \/>\nE nos lembram que a vida \u00e9 uma jornada fecunda<\/p>\n<p>Que a natureza divina nos ensine a ser luz<br \/>\nA espalhar amor, compaix\u00e3o e gratid\u00e3o<br \/>\nQue a espiritualidade nos guie e nos conduza<br \/>\nPara alcan\u00e7armos a verdadeira eleva\u00e7\u00e3o.<\/p>\n","protected":false},"excerpt":{"rendered":"<p>No sil\u00eancio da alma, encontro a paz divina Na luz que brilha, a esperan\u00e7a se ilumina Em cada passo, sinto a presen\u00e7a do Senhor Que me guia, me protege com amor No jardim da vida, flores de f\u00e9 desabrocham E a dor se transforma em gra\u00e7a que nos alcan\u00e7a Maria, m\u00e3e de amor e compaix\u00e3o [&hellip;]<\/p>\n","protected":false},"author":2,"featured_media":0,"comment_status":"closed","ping_status":"open","sticky":false,"template":"","format":"standard","meta":{"footnotes":""},"categories":[7],"tags":[],"class_list":["post-5255","post","type-post","status-publish","format-standard","hentry","category-estudo-religioso"],"yoast_head":"<!-- This site is optimized with the Yoast SEO plugin v27.2 - https:\/\/yoast.com\/product\/yoast-seo-wordpress\/ -->\n<title>Reflex\u00f5es espirituais: encontre a paz e a luz divina em sua jornada - Salmos B\u00edblicos<\/title>\n<meta name=\"robots\" content=\"index, follow, max-snippet:-1, max-image-preview:large, max-video-preview:-1\" \/>\n<link rel=\"canonical\" href=\"http:\/\/salmosbiblicos.com.br\/index.php\/2025\/05\/23\/reflexoes-espirituais-encontre-a-paz-e-a-luz-divina-em-sua-jornada\/\" \/>\n<meta property=\"og:locale\" content=\"pt_BR\" \/>\n<meta property=\"og:type\" content=\"article\" \/>\n<meta property=\"og:title\" content=\"Reflex\u00f5es espirituais: encontre a paz e a luz divina em sua jornada - Salmos B\u00edblicos\" \/>\n<meta property=\"og:description\" content=\"No sil\u00eancio da alma, encontro a paz divina Na luz que brilha, a esperan\u00e7a se ilumina Em cada passo, sinto a presen\u00e7a do Senhor Que me guia, me protege com amor No jardim da vida, flores de f\u00e9 desabrocham E a dor se transforma em gra\u00e7a que nos alcan\u00e7a Maria, m\u00e3e de amor e compaix\u00e3o [&hellip;]\" \/>\n<meta property=\"og:url\" content=\"http:\/\/salmosbiblicos.com.br\/index.php\/2025\/05\/23\/reflexoes-espirituais-encontre-a-paz-e-a-luz-divina-em-sua-jornada\/\" \/>\n<meta property=\"og:site_name\" content=\"Salmos B\u00edblicos\" \/>\n<meta property=\"article:published_time\" content=\"2025-05-23T18:13:42+00:00\" \/>\n<meta name=\"author\" content=\"Irmao\" \/>\n<meta name=\"twitter:card\" content=\"summary_large_image\" \/>\n<meta name=\"twitter:label1\" content=\"Escrito por\" \/>\n\t<meta name=\"twitter:data1\" content=\"Irmao\" \/>\n\t<meta name=\"twitter:label2\" content=\"Est. tempo de leitura\" \/>\n\t<meta name=\"twitter:data2\" content=\"1 minuto\" \/>\n<script type=\"application\/ld+json\" class=\"yoast-schema-graph\">{\"@context\":\"https:\/\/schema.org\",\"@graph\":[{\"@type\":\"Article\",\"@id\":\"http:\/\/salmosbiblicos.com.br\/index.php\/2025\/05\/23\/reflexoes-espirituais-encontre-a-paz-e-a-luz-divina-em-sua-jornada\/#article\",\"isPartOf\":{\"@id\":\"http:\/\/salmosbiblicos.com.br\/index.php\/2025\/05\/23\/reflexoes-espirituais-encontre-a-paz-e-a-luz-divina-em-sua-jornada\/\"},\"author\":{\"name\":\"Irmao\",\"@id\":\"https:\/\/salmosbiblicos.com.br\/#\/schema\/person\/760735259ba35f1e44e89c71c72d79da\"},\"headline\":\"Reflex\u00f5es espirituais: encontre a paz e a luz divina em sua jornada\",\"datePublished\":\"2025-05-23T18:13:42+00:00\",\"mainEntityOfPage\":{\"@id\":\"http:\/\/salmosbiblicos.com.br\/index.php\/2025\/05\/23\/reflexoes-espirituais-encontre-a-paz-e-a-luz-divina-em-sua-jornada\/\"},\"wordCount\":148,\"articleSection\":[\"Poesias Religiosas\"],\"inLanguage\":\"pt-BR\"},{\"@type\":\"WebPage\",\"@id\":\"http:\/\/salmosbiblicos.com.br\/index.php\/2025\/05\/23\/reflexoes-espirituais-encontre-a-paz-e-a-luz-divina-em-sua-jornada\/\",\"url\":\"http:\/\/salmosbiblicos.com.br\/index.php\/2025\/05\/23\/reflexoes-espirituais-encontre-a-paz-e-a-luz-divina-em-sua-jornada\/\",\"name\":\"Reflex\u00f5es espirituais: encontre a paz e a luz divina em sua jornada - Salmos B\u00edblicos\",\"isPartOf\":{\"@id\":\"https:\/\/salmosbiblicos.com.br\/#website\"},\"datePublished\":\"2025-05-23T18:13:42+00:00\",\"author\":{\"@id\":\"https:\/\/salmosbiblicos.com.br\/#\/schema\/person\/760735259ba35f1e44e89c71c72d79da\"},\"breadcrumb\":{\"@id\":\"http:\/\/salmosbiblicos.com.br\/index.php\/2025\/05\/23\/reflexoes-espirituais-encontre-a-paz-e-a-luz-divina-em-sua-jornada\/#breadcrumb\"},\"inLanguage\":\"pt-BR\",\"potentialAction\":[{\"@type\":\"ReadAction\",\"target\":[\"http:\/\/salmosbiblicos.com.br\/index.php\/2025\/05\/23\/reflexoes-espirituais-encontre-a-paz-e-a-luz-divina-em-sua-jornada\/\"]}]},{\"@type\":\"BreadcrumbList\",\"@id\":\"http:\/\/salmosbiblicos.com.br\/index.php\/2025\/05\/23\/reflexoes-espirituais-encontre-a-paz-e-a-luz-divina-em-sua-jornada\/#breadcrumb\",\"itemListElement\":[{\"@type\":\"ListItem\",\"position\":1,\"name\":\"Home\",\"item\":\"https:\/\/salmosbiblicos.com.br\/\"},{\"@type\":\"ListItem\",\"position\":2,\"name\":\"Reflex\u00f5es espirituais: encontre a paz e a luz divina em sua jornada\"}]},{\"@type\":\"WebSite\",\"@id\":\"https:\/\/salmosbiblicos.com.br\/#website\",\"url\":\"https:\/\/salmosbiblicos.com.br\/\",\"name\":\"Salmos B\u00edblicos\",\"description\":\"Uma e-Livraria com e-Books novos para voc\u00ea refletir.\",\"potentialAction\":[{\"@type\":\"SearchAction\",\"target\":{\"@type\":\"EntryPoint\",\"urlTemplate\":\"https:\/\/salmosbiblicos.com.br\/?s={search_term_string}\"},\"query-input\":{\"@type\":\"PropertyValueSpecification\",\"valueRequired\":true,\"valueName\":\"search_term_string\"}}],\"inLanguage\":\"pt-BR\"},{\"@type\":\"Person\",\"@id\":\"https:\/\/salmosbiblicos.com.br\/#\/schema\/person\/760735259ba35f1e44e89c71c72d79da\",\"name\":\"Irmao\",\"image\":{\"@type\":\"ImageObject\",\"inLanguage\":\"pt-BR\",\"@id\":\"https:\/\/secure.gravatar.com\/avatar\/?s=96&d=mm&r=g\",\"url\":\"https:\/\/secure.gravatar.com\/avatar\/?s=96&d=mm&r=g\",\"contentUrl\":\"https:\/\/secure.gravatar.com\/avatar\/?s=96&d=mm&r=g\",\"caption\":\"Irmao\"},\"url\":\"http:\/\/salmosbiblicos.com.br\/index.php\/author\/irmao\/\"}]}<\/script>\n<!-- \/ Yoast SEO plugin. -->","yoast_head_json":{"title":"Reflex\u00f5es espirituais: encontre a paz e a luz divina em sua jornada - Salmos B\u00edblicos","robots":{"index":"index","follow":"follow","max-snippet":"max-snippet:-1","max-image-preview":"max-image-preview:large","max-video-preview":"max-video-preview:-1"},"canonical":"http:\/\/salmosbiblicos.com.br\/index.php\/2025\/05\/23\/reflexoes-espirituais-encontre-a-paz-e-a-luz-divina-em-sua-jornada\/","og_locale":"pt_BR","og_type":"article","og_title":"Reflex\u00f5es espirituais: encontre a paz e a luz divina em sua jornada - Salmos B\u00edblicos","og_description":"No sil\u00eancio da alma, encontro a paz divina Na luz que brilha, a esperan\u00e7a se ilumina Em cada passo, sinto a presen\u00e7a do Senhor Que me guia, me protege com amor No jardim da vida, flores de f\u00e9 desabrocham E a dor se transforma em gra\u00e7a que nos alcan\u00e7a Maria, m\u00e3e de amor e compaix\u00e3o [&hellip;]","og_url":"http:\/\/salmosbiblicos.com.br\/index.php\/2025\/05\/23\/reflexoes-espirituais-encontre-a-paz-e-a-luz-divina-em-sua-jornada\/","og_site_name":"Salmos B\u00edblicos","article_published_time":"2025-05-23T18:13:42+00:00","author":"Irmao","twitter_card":"summary_large_image","twitter_misc":{"Escrito por":"Irmao","Est. tempo de leitura":"1 minuto"},"schema":{"@context":"https:\/\/schema.org","@graph":[{"@type":"Article","@id":"http:\/\/salmosbiblicos.com.br\/index.php\/2025\/05\/23\/reflexoes-espirituais-encontre-a-paz-e-a-luz-divina-em-sua-jornada\/#article","isPartOf":{"@id":"http:\/\/salmosbiblicos.com.br\/index.php\/2025\/05\/23\/reflexoes-espirituais-encontre-a-paz-e-a-luz-divina-em-sua-jornada\/"},"author":{"name":"Irmao","@id":"https:\/\/salmosbiblicos.com.br\/#\/schema\/person\/760735259ba35f1e44e89c71c72d79da"},"headline":"Reflex\u00f5es espirituais: encontre a paz e a luz divina em sua jornada","datePublished":"2025-05-23T18:13:42+00:00","mainEntityOfPage":{"@id":"http:\/\/salmosbiblicos.com.br\/index.php\/2025\/05\/23\/reflexoes-espirituais-encontre-a-paz-e-a-luz-divina-em-sua-jornada\/"},"wordCount":148,"articleSection":["Poesias Religiosas"],"inLanguage":"pt-BR"},{"@type":"WebPage","@id":"http:\/\/salmosbiblicos.com.br\/index.php\/2025\/05\/23\/reflexoes-espirituais-encontre-a-paz-e-a-luz-divina-em-sua-jornada\/","url":"http:\/\/salmosbiblicos.com.br\/index.php\/2025\/05\/23\/reflexoes-espirituais-encontre-a-paz-e-a-luz-divina-em-sua-jornada\/","name":"Reflex\u00f5es espirituais: encontre a paz e a luz divina em sua jornada - Salmos B\u00edblicos","isPartOf":{"@id":"https:\/\/salmosbiblicos.com.br\/#website"},"datePublished":"2025-05-23T18:13:42+00:00","author":{"@id":"https:\/\/salmosbiblicos.com.br\/#\/schema\/person\/760735259ba35f1e44e89c71c72d79da"},"breadcrumb":{"@id":"http:\/\/salmosbiblicos.com.br\/index.php\/2025\/05\/23\/reflexoes-espirituais-encontre-a-paz-e-a-luz-divina-em-sua-jornada\/#breadcrumb"},"inLanguage":"pt-BR","potentialAction":[{"@type":"ReadAction","target":["http:\/\/salmosbiblicos.com.br\/index.php\/2025\/05\/23\/reflexoes-espirituais-encontre-a-paz-e-a-luz-divina-em-sua-jornada\/"]}]},{"@type":"BreadcrumbList","@id":"http:\/\/salmosbiblicos.com.br\/index.php\/2025\/05\/23\/reflexoes-espirituais-encontre-a-paz-e-a-luz-divina-em-sua-jornada\/#breadcrumb","itemListElement":[{"@type":"ListItem","position":1,"name":"Home","item":"https:\/\/salmosbiblicos.com.br\/"},{"@type":"ListItem","position":2,"name":"Reflex\u00f5es espirituais: encontre a paz e a luz divina em sua jornada"}]},{"@type":"WebSite","@id":"https:\/\/salmosbiblicos.com.br\/#website","url":"https:\/\/salmosbiblicos.com.br\/","name":"Salmos B\u00edblicos","description":"Uma e-Livraria com e-Books novos para voc\u00ea refletir.","potentialAction":[{"@type":"SearchAction","target":{"@type":"EntryPoint","urlTemplate":"https:\/\/salmosbiblicos.com.br\/?s={search_term_string}"},"query-input":{"@type":"PropertyValueSpecification","valueRequired":true,"valueName":"search_term_string"}}],"inLanguage":"pt-BR"},{"@type":"Person","@id":"https:\/\/salmosbiblicos.com.br\/#\/schema\/person\/760735259ba35f1e44e89c71c72d79da","name":"Irmao","image":{"@type":"ImageObject","inLanguage":"pt-BR","@id":"https:\/\/secure.gravatar.com\/avatar\/?s=96&d=mm&r=g","url":"https:\/\/secure.gravatar.com\/avatar\/?s=96&d=mm&r=g","contentUrl":"https:\/\/secure.gravatar.com\/avatar\/?s=96&d=mm&r=g","caption":"Irmao"},"url":"http:\/\/salmosbiblicos.com.br\/index.php\/author\/irmao\/"}]}},"_links":{"self":[{"href":"http:\/\/salmosbiblicos.com.br\/index.php\/wp-json\/wp\/v2\/posts\/5255","targetHints":{"allow":["GET"]}}],"collection":[{"href":"http:\/\/salmosbiblicos.com.br\/index.php\/wp-json\/wp\/v2\/posts"}],"about":[{"href":"http:\/\/salmosbiblicos.com.br\/index.php\/wp-json\/wp\/v2\/types\/post"}],"author":[{"embeddable":true,"href":"http:\/\/salmosbiblicos.com.br\/index.php\/wp-json\/wp\/v2\/users\/2"}],"replies":[{"embeddable":true,"href":"http:\/\/salmosbiblicos.com.br\/index.php\/wp-json\/wp\/v2\/comments?post=5255"}],"version-history":[{"count":0,"href":"http:\/\/salmosbiblicos.com.br\/index.php\/wp-json\/wp\/v2\/posts\/5255\/revisions"}],"wp:attachment":[{"href":"http:\/\/salmosbiblicos.com.br\/index.php\/wp-json\/wp\/v2\/media?parent=5255"}],"wp:term":[{"taxonomy":"category","embeddable":true,"href":"http:\/\/salmosbiblicos.com.br\/index.php\/wp-json\/wp\/v2\/categories?post=5255"},{"taxonomy":"post_tag","embeddable":true,"href":"http:\/\/salmosbiblicos.com.br\/index.php\/wp-json\/wp\/v2\/tags?post=5255"}],"curies":[{"name":"wp","href":"https:\/\/api.w.org\/{rel}","templated":true}]}}